{"id":251816,"date":"2024-10-06T17:30:25","date_gmt":"2024-10-06T15:30:25","guid":{"rendered":"https:\/\/tuzlainfo.ba\/?p=251816"},"modified":"2024-10-06T17:33:52","modified_gmt":"2024-10-06T15:33:52","slug":"na-pitanje-zasto-nije-pozvao-pse-za-potragu-sluzbenik-fuzc-fizicki-nasrnuo-na-reportera-i-clana-gss-a","status":"publish","type":"post","link":"https:\/\/tuzlainfo.ba\/index.php\/bosna-i-hercegovina\/item\/251816-na-pitanje-zasto-nije-pozvao-pse-za-potragu-sluzbenik-fuzc-fizicki-nasrnuo-na-reportera-i-clana-gss-a\/","title":{"rendered":"Na pitanje za\u0161to nije pozvao pse za potragu, slu\u017ebenik FUZC fizi\u010dki nasrnuo na reportera i \u010dlana GSS-a"},"content":{"rendered":"<p>Sabahudin Spahovi\u0107 iz Federalne uprave CZ, koji je u programu N1 BiH iznio \u0161okantne tvrdnje kazav\u0161i da &#8220;niko u Bosni i Hercegovini nema potra\u017enog psa koji je istreniran, obu\u010den i certificiran za traganje za mrtvim tijelima&#8221;, napao je fizi\u010dki Davorina Sekuli\u0107a, fotoreportera portala Klix.ba i \u010dlana GSS-a koji ima potra\u017enog psa u K9 timu. Incident se dogodio tokom razgovora i rasprave o tome za\u0161to nakon poplava FUCZ odmah nije pozvao pse za potragu, pi\u0161e N1.<\/p>\n<p>Za\u0161to nisu potra\u017eni psi bili anga\u017eovani prvi dan?, pitao je Davorin Sekuli\u0107 Sabahudina Spahovi\u0107a.<\/p>\n<p>\u201cSva pomo\u0107 koja je do\u0161la sa psima do\u0161la je posredstvom mehanizma civilne za\u0161tite EU. To nije jednostavna procedura. Mogli smo mi privatno zvati nekog, ali \u017eelimo da se uspostavi jedan sistem i da to sve ide kroz sistem\u201d, kazao je Spahovi\u0107 i potom dodao:<\/p>\n<p>\u201c<strong>Psi jesu dobrodo\u0161li, ali nije toliko neophodno bilo u prvim momentima da oni budu na terenu. Da smo ih imali u BiH mi bismo ih anga\u017eovali<\/strong>\u201c.<\/p>\n<p>Na konstataciju Sekuli\u0107a da BiH ima pse za potragu, ta\u010dnije GSS Sarajevo njih nekoliko Spahovi\u0107 je ponovio raniju tvrdnju da BiH nema licencirane pse za potragu mrtvih i konstatovao da \u201cNiko \u017eiv nije bio u ku\u0107ama!\u201d.<\/p>\n<p>\u201c<strong>Imamo pse licencirane za potrage u ru\u0161evinama, nemamo licencirane za potragu mrtvih. Niko \u017eiv nije bio u ku\u0107ama!\u00a0 Nemojte sad da se sva\u0111amo. Nemojte mi o \u0160mekiju pri\u010dati, nemaju licencu!<\/strong>\u201c.<\/p>\n<p>Na konstataciju da to zna\u010di da psi koji su i\u0161li u Tursku i spa\u0161avali \u017eivote nisu dovoljno dobri, Spahovi\u0107 se unio u lice fotoreporteru i poru\u010dio:<\/p>\n<p>\u201c<strong>Ho\u0107e\u0161 se sva\u0111ati sa mnom ovdje? Razguli odavde!<\/strong>\u201d te je nasrnuo na fotoreportera Davorina Sekuli\u0107a i udario ga.<\/p>\n<p><iframe style=\"border: none; overflow: hidden;\" src=\"https:\/\/www.facebook.com\/plugins\/video.php?height=315&amp;href=https%3A%2F%2Fwww.facebook.com%2Fbportal.ba%2Fvideos%2F1480527649273713%2F&amp;show_text=false&amp;width=560&amp;t=0\" width=\"560\" height=\"315\" frameborder=\"0\" scrolling=\"no\" allowfullscreen=\"allowfullscreen\"><\/iframe><\/p>\n<p>N1 redakcija je kontaktirala i fotoreportera portala Klix.ba Davorina Sekuli\u0107a koji je dodatno pojasnio \u0161ta je uzrokovalo napetost i ispad Spahovi\u0107a.<\/p>\n<p>\u201c<strong>Do\u0161li smo da uzmemo izjavu. On je ranije izrekao la\u017ei da u BiH ne postoje potra\u017eni psi i htio sam ga pitati za\u0161to psi nisu izvedeni odmah na teren i reagovali, jer BiH ima te pse<\/strong>\u201c, ispri\u010dao je Sekuli\u0107 za N1 i dodao:<\/p>\n<p>\u201c<strong>Igraju se sa ljudskim \u017eivotima. Kako je mogao proglasiti odmah sve ljude mrtvim? To nije ljudski niti profesionalno!<\/strong>\u201c.<\/p>\n<p>Sekuli\u0107 je poru\u010dio da je sre\u0107om pro\u0161ao bez posljedica i zaklju\u010dio:<\/p>\n<p>\u201c\u017dao mi je samo \u0161to nisam snimio na kraju kada je rekao \u201cJa sam ovdje Bog\u201d\u201d.<a href=\"https:\/\/n1info.ba\/vijesti\/spahovic-nasrnuo-na-fotoreportera-zbog-pitanja-o-potraznim-psima-i-tvrdio-da-niko-nije-bio-ziv-u-kucama-video\/\"><strong>\/N1\/<\/strong><\/a><\/p>\n","protected":false},"excerpt":{"rendered":"<p>Sabahudin Spahovi\u0107 iz Federalne uprave CZ, koji je u programu N1 BiH iznio \u0161okantne tvrdnje kazav\u0161i da &#8220;niko u Bosni i Hercegovini nema potra\u017enog psa koji je istreniran, obu\u010den i certificiran za traganje za mrtvim tijelima&#8221;, napao je fizi\u010dki Davorina Sekuli\u0107a, fotoreportera portala Klix.ba i \u010dlana GSS-a koji ima potra\u017enog psa u K9 timu. Incident [&hellip;]<\/p>\n","protected":false},"author":2,"featured_media":251817,"comment_status":"closed","ping_status":"closed","sticky":false,"template":"","format":"standard","meta":{"footnotes":""},"categories":[291],"tags":[1508],"class_list":["post-251816","post","type-post","status-publish","format-standard","has-post-thumbnail","hentry","category-bosna-i-hercegovina","tag-poplave"],"yoast_head":"<!-- This site is optimized with the Yoast SEO plugin v28.4 - https:\/\/yoast.com\/product\/yoast-seo-wordpress\/ -->\n<title>Na pitanje za\u0161to nije pozvao pse za potragu, slu\u017ebenik FUZC fizi\u010dki nasrnuo na reportera i \u010dlana GSS-a<\/title>\n<meta name=\"robots\" content=\"index, follow, max-snippet:-1, max-image-preview:large, max-video-preview:-1\" \/>\n<link rel=\"canonical\" href=\"https:\/\/tuzlainfo.ba\/index.php\/bosna-i-hercegovina\/item\/251816-na-pitanje-zasto-nije-pozvao-pse-za-potragu-sluzbenik-fuzc-fizicki-nasrnuo-na-reportera-i-clana-gss-a\/\" \/>\n<meta property=\"og:locale\" content=\"bs_BA\" \/>\n<meta property=\"og:type\" content=\"article\" \/>\n<meta property=\"og:title\" content=\"Na pitanje za\u0161to nije pozvao pse za potragu, slu\u017ebenik FUZC fizi\u010dki nasrnuo na reportera i \u010dlana GSS-a\" \/>\n<meta property=\"og:description\" content=\"Sabahudin Spahovi\u0107 iz Federalne uprave CZ, koji je u programu N1 BiH iznio \u0161okantne tvrdnje kazav\u0161i da &#8220;niko u Bosni i Hercegovini nema potra\u017enog psa koji je istreniran, obu\u010den i certificiran za traganje za mrtvim tijelima&#8221;, napao je fizi\u010dki Davorina Sekuli\u0107a, fotoreportera portala Klix.ba i \u010dlana GSS-a koji ima potra\u017enog psa u K9 timu. Incident [&hellip;]\" \/>\n<meta property=\"og:url\" content=\"https:\/\/tuzlainfo.ba\/index.php\/bosna-i-hercegovina\/item\/251816-na-pitanje-zasto-nije-pozvao-pse-za-potragu-sluzbenik-fuzc-fizicki-nasrnuo-na-reportera-i-clana-gss-a\/\" \/>\n<meta property=\"og:site_name\" content=\"TuzlaInfo.ba\" \/>\n<meta property=\"article:publisher\" content=\"https:\/\/www.facebook.com\/tuzlainfo.ba\/\" \/>\n<meta property=\"article:published_time\" content=\"2024-10-06T15:30:25+00:00\" \/>\n<meta property=\"article:modified_time\" content=\"2024-10-06T15:33:52+00:00\" \/>\n<meta property=\"og:image\" content=\"https:\/\/tuzlainfo.ba\/wp-content\/uploads\/2024\/10\/0610_spahovic.jpg\" \/>\n\t<meta property=\"og:image:width\" content=\"900\" \/>\n\t<meta property=\"og:image:height\" content=\"433\" \/>\n\t<meta property=\"og:image:type\" content=\"image\/jpeg\" \/>\n<meta name=\"author\" content=\"nedim\" \/>\n<meta name=\"twitter:card\" content=\"summary_large_image\" \/>\n<meta name=\"twitter:label1\" content=\"Written by\" \/>\n\t<meta name=\"twitter:data1\" content=\"nedim\" \/>\n\t<meta name=\"twitter:label2\" content=\"Est. reading time\" \/>\n\t<meta name=\"twitter:data2\" content=\"3 minute\" \/>\n<script type=\"application\/ld+json\" class=\"yoast-schema-graph\">{\"@context\":\"https:\\\/\\\/schema.org\",\"@graph\":[{\"@type\":\"Article\",\"@id\":\"https:\\\/\\\/tuzlainfo.ba\\\/index.php\\\/bosna-i-hercegovina\\\/item\\\/251816-na-pitanje-zasto-nije-pozvao-pse-za-potragu-sluzbenik-fuzc-fizicki-nasrnuo-na-reportera-i-clana-gss-a\\\/#article\",\"isPartOf\":{\"@id\":\"https:\\\/\\\/tuzlainfo.ba\\\/index.php\\\/bosna-i-hercegovina\\\/item\\\/251816-na-pitanje-zasto-nije-pozvao-pse-za-potragu-sluzbenik-fuzc-fizicki-nasrnuo-na-reportera-i-clana-gss-a\\\/\"},\"author\":{\"name\":\"nedim\",\"@id\":\"https:\\\/\\\/tuzlainfo.ba\\\/#\\\/schema\\\/person\\\/f434e20dc27ea133923aab08451b7f7f\"},\"headline\":\"Na pitanje za\u0161to nije pozvao pse za potragu, slu\u017ebenik FUZC fizi\u010dki nasrnuo na reportera i \u010dlana GSS-a\",\"datePublished\":\"2024-10-06T15:30:25+00:00\",\"dateModified\":\"2024-10-06T15:33:52+00:00\",\"mainEntityOfPage\":{\"@id\":\"https:\\\/\\\/tuzlainfo.ba\\\/index.php\\\/bosna-i-hercegovina\\\/item\\\/251816-na-pitanje-zasto-nije-pozvao-pse-za-potragu-sluzbenik-fuzc-fizicki-nasrnuo-na-reportera-i-clana-gss-a\\\/\"},\"wordCount\":443,\"publisher\":{\"@id\":\"https:\\\/\\\/tuzlainfo.ba\\\/#organization\"},\"image\":{\"@id\":\"https:\\\/\\\/tuzlainfo.ba\\\/index.php\\\/bosna-i-hercegovina\\\/item\\\/251816-na-pitanje-zasto-nije-pozvao-pse-za-potragu-sluzbenik-fuzc-fizicki-nasrnuo-na-reportera-i-clana-gss-a\\\/#primaryimage\"},\"thumbnailUrl\":\"https:\\\/\\\/tuzlainfo.ba\\\/wp-content\\\/uploads\\\/2024\\\/10\\\/0610_spahovic.jpg\",\"keywords\":[\"poplave\"],\"articleSection\":[\"Bosna i Hercegovina\"],\"inLanguage\":\"bs-BA\",\"copyrightYear\":\"2024\",\"copyrightHolder\":{\"@id\":\"https:\\\/\\\/tuzlainfo.ba\\\/#organization\"}},{\"@type\":\"WebPage\",\"@id\":\"https:\\\/\\\/tuzlainfo.ba\\\/index.php\\\/bosna-i-hercegovina\\\/item\\\/251816-na-pitanje-zasto-nije-pozvao-pse-za-potragu-sluzbenik-fuzc-fizicki-nasrnuo-na-reportera-i-clana-gss-a\\\/\",\"url\":\"https:\\\/\\\/tuzlainfo.ba\\\/index.php\\\/bosna-i-hercegovina\\\/item\\\/251816-na-pitanje-zasto-nije-pozvao-pse-za-potragu-sluzbenik-fuzc-fizicki-nasrnuo-na-reportera-i-clana-gss-a\\\/\",\"name\":\"Na pitanje za\u0161to nije pozvao pse za potragu, slu\u017ebenik FUZC fizi\u010dki nasrnuo na reportera i \u010dlana GSS-a\",\"isPartOf\":{\"@id\":\"https:\\\/\\\/tuzlainfo.ba\\\/#website\"},\"primaryImageOfPage\":{\"@id\":\"https:\\\/\\\/tuzlainfo.ba\\\/index.php\\\/bosna-i-hercegovina\\\/item\\\/251816-na-pitanje-zasto-nije-pozvao-pse-za-potragu-sluzbenik-fuzc-fizicki-nasrnuo-na-reportera-i-clana-gss-a\\\/#primaryimage\"},\"image\":{\"@id\":\"https:\\\/\\\/tuzlainfo.ba\\\/index.php\\\/bosna-i-hercegovina\\\/item\\\/251816-na-pitanje-zasto-nije-pozvao-pse-za-potragu-sluzbenik-fuzc-fizicki-nasrnuo-na-reportera-i-clana-gss-a\\\/#primaryimage\"},\"thumbnailUrl\":\"https:\\\/\\\/tuzlainfo.ba\\\/wp-content\\\/uploads\\\/2024\\\/10\\\/0610_spahovic.jpg\",\"datePublished\":\"2024-10-06T15:30:25+00:00\",\"dateModified\":\"2024-10-06T15:33:52+00:00\",\"breadcrumb\":{\"@id\":\"https:\\\/\\\/tuzlainfo.ba\\\/index.php\\\/bosna-i-hercegovina\\\/item\\\/251816-na-pitanje-zasto-nije-pozvao-pse-za-potragu-sluzbenik-fuzc-fizicki-nasrnuo-na-reportera-i-clana-gss-a\\\/#breadcrumb\"},\"inLanguage\":\"bs-BA\",\"potentialAction\":[{\"@type\":\"ReadAction\",\"target\":[\"https:\\\/\\\/tuzlainfo.ba\\\/index.php\\\/bosna-i-hercegovina\\\/item\\\/251816-na-pitanje-zasto-nije-pozvao-pse-za-potragu-sluzbenik-fuzc-fizicki-nasrnuo-na-reportera-i-clana-gss-a\\\/\"]}]},{\"@type\":\"ImageObject\",\"inLanguage\":\"bs-BA\",\"@id\":\"https:\\\/\\\/tuzlainfo.ba\\\/index.php\\\/bosna-i-hercegovina\\\/item\\\/251816-na-pitanje-zasto-nije-pozvao-pse-za-potragu-sluzbenik-fuzc-fizicki-nasrnuo-na-reportera-i-clana-gss-a\\\/#primaryimage\",\"url\":\"https:\\\/\\\/tuzlainfo.ba\\\/wp-content\\\/uploads\\\/2024\\\/10\\\/0610_spahovic.jpg\",\"contentUrl\":\"https:\\\/\\\/tuzlainfo.ba\\\/wp-content\\\/uploads\\\/2024\\\/10\\\/0610_spahovic.jpg\",\"width\":900,\"height\":433},{\"@type\":\"BreadcrumbList\",\"@id\":\"https:\\\/\\\/tuzlainfo.ba\\\/index.php\\\/bosna-i-hercegovina\\\/item\\\/251816-na-pitanje-zasto-nije-pozvao-pse-za-potragu-sluzbenik-fuzc-fizicki-nasrnuo-na-reportera-i-clana-gss-a\\\/#breadcrumb\",\"itemListElement\":[{\"@type\":\"ListItem\",\"position\":1,\"name\":\"Home\",\"item\":\"https:\\\/\\\/tuzlainfo.ba\\\/\"},{\"@type\":\"ListItem\",\"position\":2,\"name\":\"Na pitanje za\u0161to nije pozvao pse za potragu, slu\u017ebenik FUZC fizi\u010dki nasrnuo na reportera i \u010dlana GSS-a\"}]},{\"@type\":\"WebSite\",\"@id\":\"https:\\\/\\\/tuzlainfo.ba\\\/#website\",\"url\":\"https:\\\/\\\/tuzlainfo.ba\\\/\",\"name\":\"TuzlaInfo.ba\",\"description\":\"Tuzla info, gradski informator - Tuzla na dlanu\",\"publisher\":{\"@id\":\"https:\\\/\\\/tuzlainfo.ba\\\/#organization\"},\"potentialAction\":[{\"@type\":\"SearchAction\",\"target\":{\"@type\":\"EntryPoint\",\"urlTemplate\":\"https:\\\/\\\/tuzlainfo.ba\\\/?s={search_term_string}\"},\"query-input\":{\"@type\":\"PropertyValueSpecification\",\"valueRequired\":true,\"valueName\":\"search_term_string\"}}],\"inLanguage\":\"bs-BA\"},{\"@type\":\"Organization\",\"@id\":\"https:\\\/\\\/tuzlainfo.ba\\\/#organization\",\"name\":\"TuzlaInfo.ba\",\"url\":\"https:\\\/\\\/tuzlainfo.ba\\\/\",\"logo\":{\"@type\":\"ImageObject\",\"inLanguage\":\"bs-BA\",\"@id\":\"https:\\\/\\\/tuzlainfo.ba\\\/#\\\/schema\\\/logo\\\/image\\\/\",\"url\":\"https:\\\/\\\/tuzlainfo.ba\\\/wp-content\\\/uploads\\\/2021\\\/03\\\/logo-ver-3-1.png\",\"contentUrl\":\"https:\\\/\\\/tuzlainfo.ba\\\/wp-content\\\/uploads\\\/2021\\\/03\\\/logo-ver-3-1.png\",\"width\":350,\"height\":95,\"caption\":\"TuzlaInfo.ba\"},\"image\":{\"@id\":\"https:\\\/\\\/tuzlainfo.ba\\\/#\\\/schema\\\/logo\\\/image\\\/\"},\"sameAs\":[\"https:\\\/\\\/www.facebook.com\\\/tuzlainfo.ba\\\/\"]},{\"@type\":\"Person\",\"@id\":\"https:\\\/\\\/tuzlainfo.ba\\\/#\\\/schema\\\/person\\\/f434e20dc27ea133923aab08451b7f7f\",\"name\":\"nedim\",\"image\":{\"@type\":\"ImageObject\",\"inLanguage\":\"bs-BA\",\"@id\":\"https:\\\/\\\/secure.gravatar.com\\\/avatar\\\/5b928a2e7e70a54208d2eb6c1edcb75a5350d6ae97d5f0a701203d456823f6f3?s=96&d=mm&r=g\",\"url\":\"https:\\\/\\\/secure.gravatar.com\\\/avatar\\\/5b928a2e7e70a54208d2eb6c1edcb75a5350d6ae97d5f0a701203d456823f6f3?s=96&d=mm&r=g\",\"contentUrl\":\"https:\\\/\\\/secure.gravatar.com\\\/avatar\\\/5b928a2e7e70a54208d2eb6c1edcb75a5350d6ae97d5f0a701203d456823f6f3?s=96&d=mm&r=g\",\"caption\":\"nedim\"},\"description\":\"Tuzlainfo.ba pratite na dru\u0161tvenim mre\u017eama: Facebook, Instagram i Youtube. Svoje pri\u010de, upite i fotografije \u0161aljite na na\u0161u e-mail adresu.\"}]}<\/script>\n<!-- \/ Yoast SEO plugin. -->","yoast_head_json":{"title":"Na pitanje za\u0161to nije pozvao pse za potragu, slu\u017ebenik FUZC fizi\u010dki nasrnuo na reportera i \u010dlana GSS-a","robots":{"index":"index","follow":"follow","max-snippet":"max-snippet:-1","max-image-preview":"max-image-preview:large","max-video-preview":"max-video-preview:-1"},"canonical":"https:\/\/tuzlainfo.ba\/index.php\/bosna-i-hercegovina\/item\/251816-na-pitanje-zasto-nije-pozvao-pse-za-potragu-sluzbenik-fuzc-fizicki-nasrnuo-na-reportera-i-clana-gss-a\/","og_locale":"bs_BA","og_type":"article","og_title":"Na pitanje za\u0161to nije pozvao pse za potragu, slu\u017ebenik FUZC fizi\u010dki nasrnuo na reportera i \u010dlana GSS-a","og_description":"Sabahudin Spahovi\u0107 iz Federalne uprave CZ, koji je u programu N1 BiH iznio \u0161okantne tvrdnje kazav\u0161i da &#8220;niko u Bosni i Hercegovini nema potra\u017enog psa koji je istreniran, obu\u010den i certificiran za traganje za mrtvim tijelima&#8221;, napao je fizi\u010dki Davorina Sekuli\u0107a, fotoreportera portala Klix.ba i \u010dlana GSS-a koji ima potra\u017enog psa u K9 timu. Incident [&hellip;]","og_url":"https:\/\/tuzlainfo.ba\/index.php\/bosna-i-hercegovina\/item\/251816-na-pitanje-zasto-nije-pozvao-pse-za-potragu-sluzbenik-fuzc-fizicki-nasrnuo-na-reportera-i-clana-gss-a\/","og_site_name":"TuzlaInfo.ba","article_publisher":"https:\/\/www.facebook.com\/tuzlainfo.ba\/","article_published_time":"2024-10-06T15:30:25+00:00","article_modified_time":"2024-10-06T15:33:52+00:00","og_image":[{"width":900,"height":433,"url":"https:\/\/tuzlainfo.ba\/wp-content\/uploads\/2024\/10\/0610_spahovic.jpg","type":"image\/jpeg"}],"author":"nedim","twitter_card":"summary_large_image","twitter_misc":{"Written by":"nedim","Est. reading time":"3 minute"},"schema":{"@context":"https:\/\/schema.org","@graph":[{"@type":"Article","@id":"https:\/\/tuzlainfo.ba\/index.php\/bosna-i-hercegovina\/item\/251816-na-pitanje-zasto-nije-pozvao-pse-za-potragu-sluzbenik-fuzc-fizicki-nasrnuo-na-reportera-i-clana-gss-a\/#article","isPartOf":{"@id":"https:\/\/tuzlainfo.ba\/index.php\/bosna-i-hercegovina\/item\/251816-na-pitanje-zasto-nije-pozvao-pse-za-potragu-sluzbenik-fuzc-fizicki-nasrnuo-na-reportera-i-clana-gss-a\/"},"author":{"name":"nedim","@id":"https:\/\/tuzlainfo.ba\/#\/schema\/person\/f434e20dc27ea133923aab08451b7f7f"},"headline":"Na pitanje za\u0161to nije pozvao pse za potragu, slu\u017ebenik FUZC fizi\u010dki nasrnuo na reportera i \u010dlana GSS-a","datePublished":"2024-10-06T15:30:25+00:00","dateModified":"2024-10-06T15:33:52+00:00","mainEntityOfPage":{"@id":"https:\/\/tuzlainfo.ba\/index.php\/bosna-i-hercegovina\/item\/251816-na-pitanje-zasto-nije-pozvao-pse-za-potragu-sluzbenik-fuzc-fizicki-nasrnuo-na-reportera-i-clana-gss-a\/"},"wordCount":443,"publisher":{"@id":"https:\/\/tuzlainfo.ba\/#organization"},"image":{"@id":"https:\/\/tuzlainfo.ba\/index.php\/bosna-i-hercegovina\/item\/251816-na-pitanje-zasto-nije-pozvao-pse-za-potragu-sluzbenik-fuzc-fizicki-nasrnuo-na-reportera-i-clana-gss-a\/#primaryimage"},"thumbnailUrl":"https:\/\/tuzlainfo.ba\/wp-content\/uploads\/2024\/10\/0610_spahovic.jpg","keywords":["poplave"],"articleSection":["Bosna i Hercegovina"],"inLanguage":"bs-BA","copyrightYear":"2024","copyrightHolder":{"@id":"https:\/\/tuzlainfo.ba\/#organization"}},{"@type":"WebPage","@id":"https:\/\/tuzlainfo.ba\/index.php\/bosna-i-hercegovina\/item\/251816-na-pitanje-zasto-nije-pozvao-pse-za-potragu-sluzbenik-fuzc-fizicki-nasrnuo-na-reportera-i-clana-gss-a\/","url":"https:\/\/tuzlainfo.ba\/index.php\/bosna-i-hercegovina\/item\/251816-na-pitanje-zasto-nije-pozvao-pse-za-potragu-sluzbenik-fuzc-fizicki-nasrnuo-na-reportera-i-clana-gss-a\/","name":"Na pitanje za\u0161to nije pozvao pse za potragu, slu\u017ebenik FUZC fizi\u010dki nasrnuo na reportera i \u010dlana GSS-a","isPartOf":{"@id":"https:\/\/tuzlainfo.ba\/#website"},"primaryImageOfPage":{"@id":"https:\/\/tuzlainfo.ba\/index.php\/bosna-i-hercegovina\/item\/251816-na-pitanje-zasto-nije-pozvao-pse-za-potragu-sluzbenik-fuzc-fizicki-nasrnuo-na-reportera-i-clana-gss-a\/#primaryimage"},"image":{"@id":"https:\/\/tuzlainfo.ba\/index.php\/bosna-i-hercegovina\/item\/251816-na-pitanje-zasto-nije-pozvao-pse-za-potragu-sluzbenik-fuzc-fizicki-nasrnuo-na-reportera-i-clana-gss-a\/#primaryimage"},"thumbnailUrl":"https:\/\/tuzlainfo.ba\/wp-content\/uploads\/2024\/10\/0610_spahovic.jpg","datePublished":"2024-10-06T15:30:25+00:00","dateModified":"2024-10-06T15:33:52+00:00","breadcrumb":{"@id":"https:\/\/tuzlainfo.ba\/index.php\/bosna-i-hercegovina\/item\/251816-na-pitanje-zasto-nije-pozvao-pse-za-potragu-sluzbenik-fuzc-fizicki-nasrnuo-na-reportera-i-clana-gss-a\/#breadcrumb"},"inLanguage":"bs-BA","potentialAction":[{"@type":"ReadAction","target":["https:\/\/tuzlainfo.ba\/index.php\/bosna-i-hercegovina\/item\/251816-na-pitanje-zasto-nije-pozvao-pse-za-potragu-sluzbenik-fuzc-fizicki-nasrnuo-na-reportera-i-clana-gss-a\/"]}]},{"@type":"ImageObject","inLanguage":"bs-BA","@id":"https:\/\/tuzlainfo.ba\/index.php\/bosna-i-hercegovina\/item\/251816-na-pitanje-zasto-nije-pozvao-pse-za-potragu-sluzbenik-fuzc-fizicki-nasrnuo-na-reportera-i-clana-gss-a\/#primaryimage","url":"https:\/\/tuzlainfo.ba\/wp-content\/uploads\/2024\/10\/0610_spahovic.jpg","contentUrl":"https:\/\/tuzlainfo.ba\/wp-content\/uploads\/2024\/10\/0610_spahovic.jpg","width":900,"height":433},{"@type":"BreadcrumbList","@id":"https:\/\/tuzlainfo.ba\/index.php\/bosna-i-hercegovina\/item\/251816-na-pitanje-zasto-nije-pozvao-pse-za-potragu-sluzbenik-fuzc-fizicki-nasrnuo-na-reportera-i-clana-gss-a\/#breadcrumb","itemListElement":[{"@type":"ListItem","position":1,"name":"Home","item":"https:\/\/tuzlainfo.ba\/"},{"@type":"ListItem","position":2,"name":"Na pitanje za\u0161to nije pozvao pse za potragu, slu\u017ebenik FUZC fizi\u010dki nasrnuo na reportera i \u010dlana GSS-a"}]},{"@type":"WebSite","@id":"https:\/\/tuzlainfo.ba\/#website","url":"https:\/\/tuzlainfo.ba\/","name":"TuzlaInfo.ba","description":"Tuzla info, gradski informator - Tuzla na dlanu","publisher":{"@id":"https:\/\/tuzlainfo.ba\/#organization"},"potentialAction":[{"@type":"SearchAction","target":{"@type":"EntryPoint","urlTemplate":"https:\/\/tuzlainfo.ba\/?s={search_term_string}"},"query-input":{"@type":"PropertyValueSpecification","valueRequired":true,"valueName":"search_term_string"}}],"inLanguage":"bs-BA"},{"@type":"Organization","@id":"https:\/\/tuzlainfo.ba\/#organization","name":"TuzlaInfo.ba","url":"https:\/\/tuzlainfo.ba\/","logo":{"@type":"ImageObject","inLanguage":"bs-BA","@id":"https:\/\/tuzlainfo.ba\/#\/schema\/logo\/image\/","url":"https:\/\/tuzlainfo.ba\/wp-content\/uploads\/2021\/03\/logo-ver-3-1.png","contentUrl":"https:\/\/tuzlainfo.ba\/wp-content\/uploads\/2021\/03\/logo-ver-3-1.png","width":350,"height":95,"caption":"TuzlaInfo.ba"},"image":{"@id":"https:\/\/tuzlainfo.ba\/#\/schema\/logo\/image\/"},"sameAs":["https:\/\/www.facebook.com\/tuzlainfo.ba\/"]},{"@type":"Person","@id":"https:\/\/tuzlainfo.ba\/#\/schema\/person\/f434e20dc27ea133923aab08451b7f7f","name":"nedim","image":{"@type":"ImageObject","inLanguage":"bs-BA","@id":"https:\/\/secure.gravatar.com\/avatar\/5b928a2e7e70a54208d2eb6c1edcb75a5350d6ae97d5f0a701203d456823f6f3?s=96&d=mm&r=g","url":"https:\/\/secure.gravatar.com\/avatar\/5b928a2e7e70a54208d2eb6c1edcb75a5350d6ae97d5f0a701203d456823f6f3?s=96&d=mm&r=g","contentUrl":"https:\/\/secure.gravatar.com\/avatar\/5b928a2e7e70a54208d2eb6c1edcb75a5350d6ae97d5f0a701203d456823f6f3?s=96&d=mm&r=g","caption":"nedim"},"description":"Tuzlainfo.ba pratite na dru\u0161tvenim mre\u017eama: Facebook, Instagram i Youtube. Svoje pri\u010de, upite i fotografije \u0161aljite na na\u0161u e-mail adresu."}]}},"_links":{"self":[{"href":"https:\/\/tuzlainfo.ba\/index.php\/wp-json\/wp\/v2\/posts\/251816","targetHints":{"allow":["GET"]}}],"collection":[{"href":"https:\/\/tuzlainfo.ba\/index.php\/wp-json\/wp\/v2\/posts"}],"about":[{"href":"https:\/\/tuzlainfo.ba\/index.php\/wp-json\/wp\/v2\/types\/post"}],"author":[{"embeddable":true,"href":"https:\/\/tuzlainfo.ba\/index.php\/wp-json\/wp\/v2\/users\/2"}],"replies":[{"embeddable":true,"href":"https:\/\/tuzlainfo.ba\/index.php\/wp-json\/wp\/v2\/comments?post=251816"}],"version-history":[{"count":2,"href":"https:\/\/tuzlainfo.ba\/index.php\/wp-json\/wp\/v2\/posts\/251816\/revisions"}],"predecessor-version":[{"id":251819,"href":"https:\/\/tuzlainfo.ba\/index.php\/wp-json\/wp\/v2\/posts\/251816\/revisions\/251819"}],"wp:featuredmedia":[{"embeddable":true,"href":"https:\/\/tuzlainfo.ba\/index.php\/wp-json\/wp\/v2\/media\/251817"}],"wp:attachment":[{"href":"https:\/\/tuzlainfo.ba\/index.php\/wp-json\/wp\/v2\/media?parent=251816"}],"wp:term":[{"taxonomy":"category","embeddable":true,"href":"https:\/\/tuzlainfo.ba\/index.php\/wp-json\/wp\/v2\/categories?post=251816"},{"taxonomy":"post_tag","embeddable":true,"href":"https:\/\/tuzlainfo.ba\/index.php\/wp-json\/wp\/v2\/tags?post=251816"}],"curies":[{"name":"wp","href":"https:\/\/api.w.org\/{rel}","templated":true}]}}