{"id":251615,"date":"2024-10-04T11:51:35","date_gmt":"2024-10-04T09:51:35","guid":{"rendered":"https:\/\/tuzlainfo.ba\/?p=251615"},"modified":"2024-10-04T14:18:24","modified_gmt":"2024-10-04T12:18:24","slug":"svjetski-dan-ucitelja-priznanja-za-zivotno-djelo-dobilo-20-prosvjetnih-radnika-iz-tk","status":"publish","type":"post","link":"https:\/\/tuzlainfo.ba\/index.php\/novosti\/item\/251615-svjetski-dan-ucitelja-priznanja-za-zivotno-djelo-dobilo-20-prosvjetnih-radnika-iz-tk\/","title":{"rendered":"Svjetski dan u\u010ditelja: Priznanja za \u017eivotno djelo dobilo 20 prosvjetnih radnika iz TK"},"content":{"rendered":"<p>U povodu 5. oktobra, Svjetskog dana u\u010ditelja, danas je u Bosanskom kulturnom centru u Tuzli uprili\u010dena Sve\u010dana akademija, na kojoj su uru\u010dene nagrade i priznanja za \u017eivotno djelo nastavnicima osnovnih i srednjih \u0161kola i pred\u0161kolskih ustanova.<\/p>\n<p>Na skupu su govorili i prosvjetnim radnicima \u010destitali Dan u\u010ditelja, ministar obrazovanja i nauke TK Ahmed Omerovi\u0107, v.d. direktor Pedago\u0161kog zavoda TK Izet Numanovi\u0107 i Mensur Glavi\u0107, dopredsjednik Kantonalnog odobra Samostalnog sindikata radnika osvnovnog odgoja i obrazovanja TK, a akademiju su organizirali Ministarstvo obrazovanja i nauke Tuzlanskog kantona, Pedago\u0161ki zavod TK te samostalni sindikati radnika osnovnog i srednjeg obrazovanja i odgoja TK.<\/p>\n<p>U\u00a0 muzi\u010dkom dijelu programu su u\u010destvovali Darija Kadri\u0107, Jasmina Kasumovi\u0107 i Sla\u0111ana Dedi\u0107, profesori u Srednjoj muzi\u010dkoj \u0161koli \u201c\u010cestmi Mirko Du\u0161ek Tuzla<\/p>\n<p>U ime lauerata obratila se Mara Grbi\u0107 iz Srednje ekonomsko-trgovisnke \u0161kole Tuzla.<\/p>\n<p>Na sve\u010danoj akademijje dodjeljeno i 20 nagrada za \u017eivotno djelo u\u010diteljima\/nastavnicima\/profesorima iz pred\u0161kolskih ustanova te osnovnih i srednjih \u0161kola, \u010dija imena donosimo u nastavku:<\/p>\n<p><img fetchpriority=\"high\" decoding=\"async\" class=\"alignnone wp-image-251620 size-full\" src=\"https:\/\/tuzlainfo.ba\/wp-content\/uploads\/2024\/10\/imena_2.jpg\" alt=\"\" width=\"1000\" height=\"702\" srcset=\"https:\/\/tuzlainfo.ba\/wp-content\/uploads\/2024\/10\/imena_2.jpg 1000w, https:\/\/tuzlainfo.ba\/wp-content\/uploads\/2024\/10\/imena_2-300x211.jpg 300w, https:\/\/tuzlainfo.ba\/wp-content\/uploads\/2024\/10\/imena_2-768x539.jpg 768w, https:\/\/tuzlainfo.ba\/wp-content\/uploads\/2024\/10\/imena_2-585x411.jpg 585w, https:\/\/tuzlainfo.ba\/wp-content\/uploads\/2024\/10\/imena_2-150x105.jpg 150w, https:\/\/tuzlainfo.ba\/wp-content\/uploads\/2024\/10\/imena_2-500x351.jpg 500w\" sizes=\"(max-width: 1000px) 100vw, 1000px\" \/><\/p>\n<p>\u010cestitav\u0161i svim zaposlenim u oblasti obrazovanja Dan u\u010ditelja, ministar obrazovanja i nauke Tuzlanskog kantona Ahmed Omerovi\u0107 je naglasio da je biti prosvjetni radnik \u010dasno i plemenito zanimanje.<\/p>\n<p>\u201eObaveza svih nas, cijelog dru\u0161tva da radimo na vra\u0107anju i ja\u010danju uloge prosvjetnog radnika u dru\u0161tvu. Mi \u0107emo danas nagraditi jedan dio na\u0161ih zaposlenih u obrazovanju, me\u0111utim treba svi da znamo i da budemo zahvalni onim ljudima koji u\u010de i odgajaju na\u0161u djecu. Me\u0111u na\u0161im prosvjetnim radnicima su ljudi koji svakodnevno brinu o na\u0161oj djeci\u201c, kazao je ovom prilikom ministar Omerovi\u0107.<\/p>\n<p>Prema rije\u010dima v.d. direktora Pedago\u0161kog zavoda TK Izeta Numanovi\u0107a ovaj je datum UNESCO i proglasio me\u0111unarodnim da bi se slavio i njegovao kao dan nastavni\u010dke posebnosti.<\/p>\n<p>\u201eNastavni\u010dkih umije\u0107a i nastavni\u010dke strpljivosti, da rade sa na\u0161om djecom odn. da ih kroz njihovo odrastanje u\u010de, pou\u010davaju kako bi oni stekli mnogo bolje vje\u0161tine za dalje \u0161kolovanje. Potrebno je da roditelji u nastavnicima prepoznaju prave, istinske prijatelje i im pomognu u njihovom radu jer \u0107e tako pomo\u0107i i svojoj djeci\u201c, kazao je direktor Numanovi\u0107.<\/p>\n<p>Predstavnica Sindikata srednjeg obrazovanja TK Amila Husi\u0107 uz \u010destitke kolegama naglasila je potrebu ukazivanja na te\u0161ku situaciju u obrazovanju.<\/p>\n<p>\u201eSvi znamo da materijalno stanje prosvjetnih radnika nije ba\u0161 na zadovoljavaju\u0107em nivou. Znate i da je sigurnosna situacija u obrazovanju prili\u010dno lo\u0161a ali i ono \u0161to mene vi\u0161e zabrinjava je njegovanje pogre\u0161nih dru\u0161tvenih normi i vrijednosti\u201c, ukazala je profesorica Husi\u0107.<\/p>\n<div id=\"penci-post-gallery__17615\" class=\"penci-post-gallery-container masonry grid column-3\" data-height=\"150\" data-margin=\"3\"><div class=\"inner-gallery-masonry-container\"><div class=\"item-gallery-masonry grid\"><a class=\"\" href=\"https:\/\/tuzlainfo.ba\/wp-content\/uploads\/2024\/10\/0410_dan_ucitelja-2.jpg\"><div class=\"inner-item-masonry-gallery\"><img decoding=\"async\" src=\"https:\/\/tuzlainfo.ba\/wp-content\/uploads\/2024\/10\/0410_dan_ucitelja-2-585x390.jpg\" alt=\"\" title=\"0410_dan_ucitelja (2)\"><\/div><\/a><\/div><div class=\"item-gallery-masonry grid\"><a class=\"\" href=\"https:\/\/tuzlainfo.ba\/wp-content\/uploads\/2024\/10\/0410_dan_ucitelja-3.jpg\"><div class=\"inner-item-masonry-gallery\"><img decoding=\"async\" src=\"https:\/\/tuzlainfo.ba\/wp-content\/uploads\/2024\/10\/0410_dan_ucitelja-3-585x390.jpg\" alt=\"\" title=\"0410_dan_ucitelja (3)\"><\/div><\/a><\/div><div class=\"item-gallery-masonry grid\"><a class=\"\" href=\"https:\/\/tuzlainfo.ba\/wp-content\/uploads\/2024\/10\/0410_dan_ucitelja-4.jpg\"><div class=\"inner-item-masonry-gallery\"><img decoding=\"async\" src=\"https:\/\/tuzlainfo.ba\/wp-content\/uploads\/2024\/10\/0410_dan_ucitelja-4-585x390.jpg\" alt=\"\" title=\"0410_dan_ucitelja (4)\"><\/div><\/a><\/div><div class=\"item-gallery-masonry grid\"><a class=\"\" href=\"https:\/\/tuzlainfo.ba\/wp-content\/uploads\/2024\/10\/0410_dan_ucitelja-5.jpg\"><div class=\"inner-item-masonry-gallery\"><img decoding=\"async\" src=\"https:\/\/tuzlainfo.ba\/wp-content\/uploads\/2024\/10\/0410_dan_ucitelja-5-585x390.jpg\" alt=\"\" title=\"0410_dan_ucitelja (5)\"><\/div><\/a><\/div><div class=\"item-gallery-masonry grid\"><a class=\"\" href=\"https:\/\/tuzlainfo.ba\/wp-content\/uploads\/2024\/10\/0410_dan_ucitelja-1.jpg\"><div class=\"inner-item-masonry-gallery\"><img decoding=\"async\" src=\"https:\/\/tuzlainfo.ba\/wp-content\/uploads\/2024\/10\/0410_dan_ucitelja-1-585x390.jpg\" alt=\"\" title=\"0410_dan_ucitelja (1)\"><\/div><\/a><\/div><div class=\"item-gallery-masonry grid\"><a class=\"\" href=\"https:\/\/tuzlainfo.ba\/wp-content\/uploads\/2024\/10\/0410_dan_ucitelja-6.jpg\"><div class=\"inner-item-masonry-gallery\"><img decoding=\"async\" src=\"https:\/\/tuzlainfo.ba\/wp-content\/uploads\/2024\/10\/0410_dan_ucitelja-6-585x390.jpg\" alt=\"\" title=\"0410_dan_ucitelja (6)\"><\/div><\/a><\/div><\/div><\/div>\n<p>Jedna od laureatkinja, dobitnica nagrade za \u017eivotno djelo, je profesorica\u00a0 Srednje ekonomsko-trgovinske \u0161kole u Tuzli Mara Grbi\u0107. Bogatog radnog vijeka sa po\u010detcima u privredi, ova pjesnikinja po vokaciji, u nastavi je provela vi\u0161e od 20 godina.<\/p>\n<p>\u201eU\u010destvovala sam na raznim takmi\u010denjima i projektima, osvajala zavidna priznanja i bila dio svih aktivnosti koje se ina\u010de de\u0161avaju u obrazovanju\u201c, ka\u017ee profesorica Grbi\u0107.<\/p>\n<p>Velida Mehmedovi\u0107 nastavnica bosanskog jezika i knji\u017eevnosti koja je ve\u0107 30 godina u obrazovanju, tako\u0111er je dobitnica nagrade za \u017eivotno djelo.<\/p>\n<p>\u201eSvi mi zaslu\u017eujemo ovu nagradu. Ali eto meni je jo\u0161 dra\u017ea zato \u0161to su me kolege podr\u017eale u ovoj kandidaturi. To zna\u010di da sam ja za ovih 30 godina rada u obrazovanju ne\u0161to i postigla. Dana\u0161nje vrijeme kada su nam djeca jako pametna, usudim se da ka\u017eem da su korak ispred nas, mi smo njima vodilja na njihovom putovanju ka njihovoj budu\u0107nosti. Ja mislim da svaki prosvjetni radnik to radi izuzetno dobro i zbog toga sam i rekla da svi zaslu\u017eujemo ovu nagradu\u201c kazala je nastavnica Mehmedovi\u0107 nagla\u0161avaju\u0107i da je ponosna na svoj poziv.<\/p>\n","protected":false},"excerpt":{"rendered":"<p>U povodu 5. oktobra, Svjetskog dana u\u010ditelja, danas je u Bosanskom kulturnom centru u Tuzli&hellip;<\/p>\n","protected":false},"author":2,"featured_media":251622,"comment_status":"closed","ping_status":"closed","sticky":false,"template":"","format":"standard","meta":{"_acf_changed":false,"footnotes":""},"categories":[304,12,306],"tags":[8405,360],"acf":[],"yoast_head":"<!-- This site is optimized with the Yoast SEO plugin v23.5 - https:\/\/yoast.com\/wordpress\/plugins\/seo\/ -->\n<title>Svjetski dan u\u010ditelja: Priznanja za \u017eivotno djelo dobilo 20 prosvjetnih radnika iz TK - TuzlaInfo.ba<\/title>\n<meta name=\"robots\" content=\"index, follow, max-snippet:-1, max-image-preview:large, max-video-preview:-1\" \/>\n<link rel=\"canonical\" href=\"https:\/\/tuzlainfo.ba\/index.php\/novosti\/item\/251615-svjetski-dan-ucitelja-priznanja-za-zivotno-djelo-dobilo-20-prosvjetnih-radnika-iz-tk\/\" \/>\n<meta property=\"og:locale\" content=\"bs_BA\" \/>\n<meta property=\"og:type\" content=\"article\" \/>\n<meta property=\"og:title\" content=\"Svjetski dan u\u010ditelja: Priznanja za \u017eivotno djelo dobilo 20 prosvjetnih radnika iz TK - TuzlaInfo.ba\" \/>\n<meta property=\"og:description\" content=\"U povodu 5. oktobra, Svjetskog dana u\u010ditelja, danas je u Bosanskom kulturnom centru u Tuzli&hellip;\" \/>\n<meta property=\"og:url\" content=\"https:\/\/tuzlainfo.ba\/index.php\/novosti\/item\/251615-svjetski-dan-ucitelja-priznanja-za-zivotno-djelo-dobilo-20-prosvjetnih-radnika-iz-tk\/\" \/>\n<meta property=\"og:site_name\" content=\"TuzlaInfo.ba\" \/>\n<meta property=\"article:publisher\" content=\"https:\/\/www.facebook.com\/tuzlainfo.ba\/\" \/>\n<meta property=\"article:published_time\" content=\"2024-10-04T09:51:35+00:00\" \/>\n<meta property=\"article:modified_time\" content=\"2024-10-04T12:18:24+00:00\" \/>\n<meta property=\"og:image\" content=\"https:\/\/tuzlainfo.ba\/wp-content\/uploads\/2024\/10\/0410_ucitelji.jpg\" \/>\n\t<meta property=\"og:image:width\" content=\"1000\" \/>\n\t<meta property=\"og:image:height\" content=\"516\" \/>\n\t<meta property=\"og:image:type\" content=\"image\/jpeg\" \/>\n<meta name=\"author\" content=\"nedim\" \/>\n<meta name=\"twitter:card\" content=\"summary_large_image\" \/>\n<meta name=\"twitter:label1\" content=\"Written by\" \/>\n\t<meta name=\"twitter:data1\" content=\"nedim\" \/>\n\t<meta name=\"twitter:label2\" content=\"Est. reading time\" \/>\n\t<meta name=\"twitter:data2\" content=\"4 minute\" \/>\n<script type=\"application\/ld+json\" class=\"yoast-schema-graph\">{\"@context\":\"https:\/\/schema.org\",\"@graph\":[{\"@type\":\"Article\",\"@id\":\"https:\/\/tuzlainfo.ba\/index.php\/novosti\/item\/251615-svjetski-dan-ucitelja-priznanja-za-zivotno-djelo-dobilo-20-prosvjetnih-radnika-iz-tk\/#article\",\"isPartOf\":{\"@id\":\"https:\/\/tuzlainfo.ba\/index.php\/novosti\/item\/251615-svjetski-dan-ucitelja-priznanja-za-zivotno-djelo-dobilo-20-prosvjetnih-radnika-iz-tk\/\"},\"author\":{\"name\":\"nedim\",\"@id\":\"https:\/\/tuzlainfo.ba\/#\/schema\/person\/f434e20dc27ea133923aab08451b7f7f\"},\"headline\":\"Svjetski dan u\u010ditelja: Priznanja za \u017eivotno djelo dobilo 20 prosvjetnih radnika iz TK\",\"datePublished\":\"2024-10-04T09:51:35+00:00\",\"dateModified\":\"2024-10-04T12:18:24+00:00\",\"mainEntityOfPage\":{\"@id\":\"https:\/\/tuzlainfo.ba\/index.php\/novosti\/item\/251615-svjetski-dan-ucitelja-priznanja-za-zivotno-djelo-dobilo-20-prosvjetnih-radnika-iz-tk\/\"},\"wordCount\":646,\"publisher\":{\"@id\":\"https:\/\/tuzlainfo.ba\/#organization\"},\"image\":{\"@id\":\"https:\/\/tuzlainfo.ba\/index.php\/novosti\/item\/251615-svjetski-dan-ucitelja-priznanja-za-zivotno-djelo-dobilo-20-prosvjetnih-radnika-iz-tk\/#primaryimage\"},\"thumbnailUrl\":\"https:\/\/tuzlainfo.ba\/wp-content\/uploads\/2024\/10\/0410_ucitelji.jpg\",\"keywords\":[\"dan u\u010ditelja\",\"tuzlanski kanton\"],\"articleSection\":[\"Istaknuto\",\"Novosti\",\"Preporu\u010dujemo\"],\"inLanguage\":\"bs-BA\"},{\"@type\":\"WebPage\",\"@id\":\"https:\/\/tuzlainfo.ba\/index.php\/novosti\/item\/251615-svjetski-dan-ucitelja-priznanja-za-zivotno-djelo-dobilo-20-prosvjetnih-radnika-iz-tk\/\",\"url\":\"https:\/\/tuzlainfo.ba\/index.php\/novosti\/item\/251615-svjetski-dan-ucitelja-priznanja-za-zivotno-djelo-dobilo-20-prosvjetnih-radnika-iz-tk\/\",\"name\":\"Svjetski dan u\u010ditelja: Priznanja za \u017eivotno djelo dobilo 20 prosvjetnih radnika iz TK - TuzlaInfo.ba\",\"isPartOf\":{\"@id\":\"https:\/\/tuzlainfo.ba\/#website\"},\"primaryImageOfPage\":{\"@id\":\"https:\/\/tuzlainfo.ba\/index.php\/novosti\/item\/251615-svjetski-dan-ucitelja-priznanja-za-zivotno-djelo-dobilo-20-prosvjetnih-radnika-iz-tk\/#primaryimage\"},\"image\":{\"@id\":\"https:\/\/tuzlainfo.ba\/index.php\/novosti\/item\/251615-svjetski-dan-ucitelja-priznanja-za-zivotno-djelo-dobilo-20-prosvjetnih-radnika-iz-tk\/#primaryimage\"},\"thumbnailUrl\":\"https:\/\/tuzlainfo.ba\/wp-content\/uploads\/2024\/10\/0410_ucitelji.jpg\",\"datePublished\":\"2024-10-04T09:51:35+00:00\",\"dateModified\":\"2024-10-04T12:18:24+00:00\",\"breadcrumb\":{\"@id\":\"https:\/\/tuzlainfo.ba\/index.php\/novosti\/item\/251615-svjetski-dan-ucitelja-priznanja-za-zivotno-djelo-dobilo-20-prosvjetnih-radnika-iz-tk\/#breadcrumb\"},\"inLanguage\":\"bs-BA\",\"potentialAction\":[{\"@type\":\"ReadAction\",\"target\":[\"https:\/\/tuzlainfo.ba\/index.php\/novosti\/item\/251615-svjetski-dan-ucitelja-priznanja-za-zivotno-djelo-dobilo-20-prosvjetnih-radnika-iz-tk\/\"]}]},{\"@type\":\"ImageObject\",\"inLanguage\":\"bs-BA\",\"@id\":\"https:\/\/tuzlainfo.ba\/index.php\/novosti\/item\/251615-svjetski-dan-ucitelja-priznanja-za-zivotno-djelo-dobilo-20-prosvjetnih-radnika-iz-tk\/#primaryimage\",\"url\":\"https:\/\/tuzlainfo.ba\/wp-content\/uploads\/2024\/10\/0410_ucitelji.jpg\",\"contentUrl\":\"https:\/\/tuzlainfo.ba\/wp-content\/uploads\/2024\/10\/0410_ucitelji.jpg\",\"width\":1000,\"height\":516},{\"@type\":\"BreadcrumbList\",\"@id\":\"https:\/\/tuzlainfo.ba\/index.php\/novosti\/item\/251615-svjetski-dan-ucitelja-priznanja-za-zivotno-djelo-dobilo-20-prosvjetnih-radnika-iz-tk\/#breadcrumb\",\"itemListElement\":[{\"@type\":\"ListItem\",\"position\":1,\"name\":\"Home\",\"item\":\"https:\/\/tuzlainfo.ba\/\"},{\"@type\":\"ListItem\",\"position\":2,\"name\":\"Svjetski dan u\u010ditelja: Priznanja za \u017eivotno djelo dobilo 20 prosvjetnih radnika iz TK\"}]},{\"@type\":\"WebSite\",\"@id\":\"https:\/\/tuzlainfo.ba\/#website\",\"url\":\"https:\/\/tuzlainfo.ba\/\",\"name\":\"TuzlaInfo.ba\",\"description\":\"Tuzla info, gradski informator - Tuzla na dlanu\",\"publisher\":{\"@id\":\"https:\/\/tuzlainfo.ba\/#organization\"},\"potentialAction\":[{\"@type\":\"SearchAction\",\"target\":{\"@type\":\"EntryPoint\",\"urlTemplate\":\"https:\/\/tuzlainfo.ba\/?s={search_term_string}\"},\"query-input\":{\"@type\":\"PropertyValueSpecification\",\"valueRequired\":true,\"valueName\":\"search_term_string\"}}],\"inLanguage\":\"bs-BA\"},{\"@type\":\"Organization\",\"@id\":\"https:\/\/tuzlainfo.ba\/#organization\",\"name\":\"TuzlaInfo.ba\",\"url\":\"https:\/\/tuzlainfo.ba\/\",\"logo\":{\"@type\":\"ImageObject\",\"inLanguage\":\"bs-BA\",\"@id\":\"https:\/\/tuzlainfo.ba\/#\/schema\/logo\/image\/\",\"url\":\"https:\/\/tuzlainfo.ba\/wp-content\/uploads\/2021\/03\/logo-ver-3-1.png\",\"contentUrl\":\"https:\/\/tuzlainfo.ba\/wp-content\/uploads\/2021\/03\/logo-ver-3-1.png\",\"width\":350,\"height\":95,\"caption\":\"TuzlaInfo.ba\"},\"image\":{\"@id\":\"https:\/\/tuzlainfo.ba\/#\/schema\/logo\/image\/\"},\"sameAs\":[\"https:\/\/www.facebook.com\/tuzlainfo.ba\/\"]},{\"@type\":\"Person\",\"@id\":\"https:\/\/tuzlainfo.ba\/#\/schema\/person\/f434e20dc27ea133923aab08451b7f7f\",\"name\":\"nedim\",\"image\":{\"@type\":\"ImageObject\",\"inLanguage\":\"bs-BA\",\"@id\":\"https:\/\/tuzlainfo.ba\/#\/schema\/person\/image\/\",\"url\":\"https:\/\/tuzlainfo.ba\/wp-content\/litespeed\/avatar\/aabad687af24844af817603ac1cbdc4f.jpg?ver=1776702173\",\"contentUrl\":\"https:\/\/tuzlainfo.ba\/wp-content\/litespeed\/avatar\/aabad687af24844af817603ac1cbdc4f.jpg?ver=1776702173\",\"caption\":\"nedim\"},\"description\":\"Tuzlainfo.ba pratite na dru\u0161tvenim mre\u017eama: Facebook, Instagram i Youtube. Svoje pri\u010de, upite i fotografije \u0161aljite na na\u0161u e-mail adresu.\"}]}<\/script>\n<!-- \/ Yoast SEO plugin. -->","yoast_head_json":{"title":"Svjetski dan u\u010ditelja: Priznanja za \u017eivotno djelo dobilo 20 prosvjetnih radnika iz TK - TuzlaInfo.ba","robots":{"index":"index","follow":"follow","max-snippet":"max-snippet:-1","max-image-preview":"max-image-preview:large","max-video-preview":"max-video-preview:-1"},"canonical":"https:\/\/tuzlainfo.ba\/index.php\/novosti\/item\/251615-svjetski-dan-ucitelja-priznanja-za-zivotno-djelo-dobilo-20-prosvjetnih-radnika-iz-tk\/","og_locale":"bs_BA","og_type":"article","og_title":"Svjetski dan u\u010ditelja: Priznanja za \u017eivotno djelo dobilo 20 prosvjetnih radnika iz TK - TuzlaInfo.ba","og_description":"U povodu 5. oktobra, Svjetskog dana u\u010ditelja, danas je u Bosanskom kulturnom centru u Tuzli&hellip;","og_url":"https:\/\/tuzlainfo.ba\/index.php\/novosti\/item\/251615-svjetski-dan-ucitelja-priznanja-za-zivotno-djelo-dobilo-20-prosvjetnih-radnika-iz-tk\/","og_site_name":"TuzlaInfo.ba","article_publisher":"https:\/\/www.facebook.com\/tuzlainfo.ba\/","article_published_time":"2024-10-04T09:51:35+00:00","article_modified_time":"2024-10-04T12:18:24+00:00","og_image":[{"width":1000,"height":516,"url":"https:\/\/tuzlainfo.ba\/wp-content\/uploads\/2024\/10\/0410_ucitelji.jpg","type":"image\/jpeg"}],"author":"nedim","twitter_card":"summary_large_image","twitter_misc":{"Written by":"nedim","Est. reading time":"4 minute"},"schema":{"@context":"https:\/\/schema.org","@graph":[{"@type":"Article","@id":"https:\/\/tuzlainfo.ba\/index.php\/novosti\/item\/251615-svjetski-dan-ucitelja-priznanja-za-zivotno-djelo-dobilo-20-prosvjetnih-radnika-iz-tk\/#article","isPartOf":{"@id":"https:\/\/tuzlainfo.ba\/index.php\/novosti\/item\/251615-svjetski-dan-ucitelja-priznanja-za-zivotno-djelo-dobilo-20-prosvjetnih-radnika-iz-tk\/"},"author":{"name":"nedim","@id":"https:\/\/tuzlainfo.ba\/#\/schema\/person\/f434e20dc27ea133923aab08451b7f7f"},"headline":"Svjetski dan u\u010ditelja: Priznanja za \u017eivotno djelo dobilo 20 prosvjetnih radnika iz TK","datePublished":"2024-10-04T09:51:35+00:00","dateModified":"2024-10-04T12:18:24+00:00","mainEntityOfPage":{"@id":"https:\/\/tuzlainfo.ba\/index.php\/novosti\/item\/251615-svjetski-dan-ucitelja-priznanja-za-zivotno-djelo-dobilo-20-prosvjetnih-radnika-iz-tk\/"},"wordCount":646,"publisher":{"@id":"https:\/\/tuzlainfo.ba\/#organization"},"image":{"@id":"https:\/\/tuzlainfo.ba\/index.php\/novosti\/item\/251615-svjetski-dan-ucitelja-priznanja-za-zivotno-djelo-dobilo-20-prosvjetnih-radnika-iz-tk\/#primaryimage"},"thumbnailUrl":"https:\/\/tuzlainfo.ba\/wp-content\/uploads\/2024\/10\/0410_ucitelji.jpg","keywords":["dan u\u010ditelja","tuzlanski kanton"],"articleSection":["Istaknuto","Novosti","Preporu\u010dujemo"],"inLanguage":"bs-BA"},{"@type":"WebPage","@id":"https:\/\/tuzlainfo.ba\/index.php\/novosti\/item\/251615-svjetski-dan-ucitelja-priznanja-za-zivotno-djelo-dobilo-20-prosvjetnih-radnika-iz-tk\/","url":"https:\/\/tuzlainfo.ba\/index.php\/novosti\/item\/251615-svjetski-dan-ucitelja-priznanja-za-zivotno-djelo-dobilo-20-prosvjetnih-radnika-iz-tk\/","name":"Svjetski dan u\u010ditelja: Priznanja za \u017eivotno djelo dobilo 20 prosvjetnih radnika iz TK - TuzlaInfo.ba","isPartOf":{"@id":"https:\/\/tuzlainfo.ba\/#website"},"primaryImageOfPage":{"@id":"https:\/\/tuzlainfo.ba\/index.php\/novosti\/item\/251615-svjetski-dan-ucitelja-priznanja-za-zivotno-djelo-dobilo-20-prosvjetnih-radnika-iz-tk\/#primaryimage"},"image":{"@id":"https:\/\/tuzlainfo.ba\/index.php\/novosti\/item\/251615-svjetski-dan-ucitelja-priznanja-za-zivotno-djelo-dobilo-20-prosvjetnih-radnika-iz-tk\/#primaryimage"},"thumbnailUrl":"https:\/\/tuzlainfo.ba\/wp-content\/uploads\/2024\/10\/0410_ucitelji.jpg","datePublished":"2024-10-04T09:51:35+00:00","dateModified":"2024-10-04T12:18:24+00:00","breadcrumb":{"@id":"https:\/\/tuzlainfo.ba\/index.php\/novosti\/item\/251615-svjetski-dan-ucitelja-priznanja-za-zivotno-djelo-dobilo-20-prosvjetnih-radnika-iz-tk\/#breadcrumb"},"inLanguage":"bs-BA","potentialAction":[{"@type":"ReadAction","target":["https:\/\/tuzlainfo.ba\/index.php\/novosti\/item\/251615-svjetski-dan-ucitelja-priznanja-za-zivotno-djelo-dobilo-20-prosvjetnih-radnika-iz-tk\/"]}]},{"@type":"ImageObject","inLanguage":"bs-BA","@id":"https:\/\/tuzlainfo.ba\/index.php\/novosti\/item\/251615-svjetski-dan-ucitelja-priznanja-za-zivotno-djelo-dobilo-20-prosvjetnih-radnika-iz-tk\/#primaryimage","url":"https:\/\/tuzlainfo.ba\/wp-content\/uploads\/2024\/10\/0410_ucitelji.jpg","contentUrl":"https:\/\/tuzlainfo.ba\/wp-content\/uploads\/2024\/10\/0410_ucitelji.jpg","width":1000,"height":516},{"@type":"BreadcrumbList","@id":"https:\/\/tuzlainfo.ba\/index.php\/novosti\/item\/251615-svjetski-dan-ucitelja-priznanja-za-zivotno-djelo-dobilo-20-prosvjetnih-radnika-iz-tk\/#breadcrumb","itemListElement":[{"@type":"ListItem","position":1,"name":"Home","item":"https:\/\/tuzlainfo.ba\/"},{"@type":"ListItem","position":2,"name":"Svjetski dan u\u010ditelja: Priznanja za \u017eivotno djelo dobilo 20 prosvjetnih radnika iz TK"}]},{"@type":"WebSite","@id":"https:\/\/tuzlainfo.ba\/#website","url":"https:\/\/tuzlainfo.ba\/","name":"TuzlaInfo.ba","description":"Tuzla info, gradski informator - Tuzla na dlanu","publisher":{"@id":"https:\/\/tuzlainfo.ba\/#organization"},"potentialAction":[{"@type":"SearchAction","target":{"@type":"EntryPoint","urlTemplate":"https:\/\/tuzlainfo.ba\/?s={search_term_string}"},"query-input":{"@type":"PropertyValueSpecification","valueRequired":true,"valueName":"search_term_string"}}],"inLanguage":"bs-BA"},{"@type":"Organization","@id":"https:\/\/tuzlainfo.ba\/#organization","name":"TuzlaInfo.ba","url":"https:\/\/tuzlainfo.ba\/","logo":{"@type":"ImageObject","inLanguage":"bs-BA","@id":"https:\/\/tuzlainfo.ba\/#\/schema\/logo\/image\/","url":"https:\/\/tuzlainfo.ba\/wp-content\/uploads\/2021\/03\/logo-ver-3-1.png","contentUrl":"https:\/\/tuzlainfo.ba\/wp-content\/uploads\/2021\/03\/logo-ver-3-1.png","width":350,"height":95,"caption":"TuzlaInfo.ba"},"image":{"@id":"https:\/\/tuzlainfo.ba\/#\/schema\/logo\/image\/"},"sameAs":["https:\/\/www.facebook.com\/tuzlainfo.ba\/"]},{"@type":"Person","@id":"https:\/\/tuzlainfo.ba\/#\/schema\/person\/f434e20dc27ea133923aab08451b7f7f","name":"nedim","image":{"@type":"ImageObject","inLanguage":"bs-BA","@id":"https:\/\/tuzlainfo.ba\/#\/schema\/person\/image\/","url":"https:\/\/tuzlainfo.ba\/wp-content\/litespeed\/avatar\/aabad687af24844af817603ac1cbdc4f.jpg?ver=1776702173","contentUrl":"https:\/\/tuzlainfo.ba\/wp-content\/litespeed\/avatar\/aabad687af24844af817603ac1cbdc4f.jpg?ver=1776702173","caption":"nedim"},"description":"Tuzlainfo.ba pratite na dru\u0161tvenim mre\u017eama: Facebook, Instagram i Youtube. Svoje pri\u010de, upite i fotografije \u0161aljite na na\u0161u e-mail adresu."}]}},"_links":{"self":[{"href":"https:\/\/tuzlainfo.ba\/index.php\/wp-json\/wp\/v2\/posts\/251615"}],"collection":[{"href":"https:\/\/tuzlainfo.ba\/index.php\/wp-json\/wp\/v2\/posts"}],"about":[{"href":"https:\/\/tuzlainfo.ba\/index.php\/wp-json\/wp\/v2\/types\/post"}],"author":[{"embeddable":true,"href":"https:\/\/tuzlainfo.ba\/index.php\/wp-json\/wp\/v2\/users\/2"}],"replies":[{"embeddable":true,"href":"https:\/\/tuzlainfo.ba\/index.php\/wp-json\/wp\/v2\/comments?post=251615"}],"version-history":[{"count":3,"href":"https:\/\/tuzlainfo.ba\/index.php\/wp-json\/wp\/v2\/posts\/251615\/revisions"}],"predecessor-version":[{"id":251642,"href":"https:\/\/tuzlainfo.ba\/index.php\/wp-json\/wp\/v2\/posts\/251615\/revisions\/251642"}],"wp:featuredmedia":[{"embeddable":true,"href":"https:\/\/tuzlainfo.ba\/index.php\/wp-json\/wp\/v2\/media\/251622"}],"wp:attachment":[{"href":"https:\/\/tuzlainfo.ba\/index.php\/wp-json\/wp\/v2\/media?parent=251615"}],"wp:term":[{"taxonomy":"category","embeddable":true,"href":"https:\/\/tuzlainfo.ba\/index.php\/wp-json\/wp\/v2\/categories?post=251615"},{"taxonomy":"post_tag","embeddable":true,"href":"https:\/\/tuzlainfo.ba\/index.php\/wp-json\/wp\/v2\/tags?post=251615"}],"curies":[{"name":"wp","href":"https:\/\/api.w.org\/{rel}","templated":true}]}}