{"id":251432,"date":"2024-10-02T20:40:33","date_gmt":"2024-10-02T18:40:33","guid":{"rendered":"https:\/\/tuzlainfo.ba\/?p=251432"},"modified":"2024-10-02T20:49:18","modified_gmt":"2024-10-02T18:49:18","slug":"raste-cijena-psenice-poznato-za-koliko-ce-poskupiti-vreca-brasna-u-bih","status":"publish","type":"post","link":"https:\/\/tuzlainfo.ba\/index.php\/bosna-i-hercegovina\/item\/251432-raste-cijena-psenice-poznato-za-koliko-ce-poskupiti-vreca-brasna-u-bih\/","title":{"rendered":"Raste cijena p\u0161enice: Poznato za koliko \u0107e poskupiti vre\u0107a bra\u0161na u BiH"},"content":{"rendered":"<p>Unato\u010d \u010dinjenici da\u00a0<strong>inflacija\u00a0<\/strong>i na svjetskoj i regionalnoj razini pokazuje zna\u010dajne trendove usporavanja, kao i podatku da je do\u0161lo do stabilizacije stanja na svjetskim tr\u017ei\u0161tima hrane, pitanje nabave \u017eitarica za proizvodnju pekarskih proizvoda, ali i u kontekstu sto\u010dne hrane i dalje je prili\u010dno otvoreno.<\/p>\n<p>Razlog su najave o porastu cijena p\u0161enice ne berzama, a \u0161to bi moglo imati posljedice za BiH uslijed \u010dinjenice da se p\u0161enica u znatnoj mjeri uvozi iz drugih zemalja, i to unato\u010d ogromnim potencijalima <strong>Bosne i Hercegovine<\/strong>. Zoran Kos, predsjednik<strong>\u00a0Udruge mlinara\u00a0<\/strong>Republike Srpske, isti\u010de za Nezavisne novine da je na berzama do\u0161lo do rasta cijene p\u0161enice te da se tona p\u0161enice, ovisno o kvaliteti, kre\u0107e od 190 do 270 eura.<\/p>\n<p>&#8211; Tako bi cijene bra\u0161na u idu\u0107em razdoblju trebale biti vi\u0161e za 10 posto nego \u0161to su sada &#8211; kazao je Kos osvrnuv\u0161i se potom na cijenu\u00a0<strong>vre\u0107e bra\u0161na<\/strong>\u00a0od 25 kilograma, koja bi trebala poskupjeti za dvije marke.<\/p>\n<p>Naveo i kako je do porasta cijena do\u0161lo uslijed \u010dinjenice da smo ove godine imali jako lo\u0161 urod, jako lo\u0161u kvalitetu ove \u017eitarice na doma\u0107em tr\u017ei\u0161tu, tako da kvalitetniju p\u0161enicu moramo uvoziti. No, pekari uvjeravaju kako za sada ne\u0107e do\u0107i do poskupljenja pekarskih proizvoda.<\/p>\n<p>Me\u0111utim, predsjednik\u00a0<strong>Udu\u017eenja poljoprivrednika<\/strong> Federacije Bosne i Hercegovine Ned\u017ead Bi\u0107o nije uvjeren da do poskupljenja kruha ne\u0107e do\u0107i. Ka\u017ee kako ga iskustvo iz prethodnih godina u\u010di da, u pravilu, nakon poskupljenja repromaterijala, a to je u ovom slu\u010daju p\u0161enica, a onda i bra\u0161no, dolazi i do poskupljenja finalnog proizvoda, odnosno hljeba i ostalih pekarskih proizvoda kada govorimo konkretno o ovoj temi.<\/p>\n<p>Me\u0111utim, Bi\u0107o je uvjeren da uop\u0107e nema razloga ni da bra\u0161no poskupljuje s obzirom na to da je p\u0161enica koju su otkupljiva\u010di kupovali pla\u0107ena od 30 do u najboljem slu\u010daju 40 feninga po kilogramu. A u kona\u010dnici, poljoprivrednici su stava kako je tematika proizvodnje \u017eitarica, ali i drugih poljoprivrednih kultura u Bosni i Hercegovini, ne\u0161to \u0161to treba promatrati na strate\u0161ki na\u010din, a klju\u010dno je pobolj\u0161ati odnos prema proizvo\u0111a\u010dima kroz rast poticaja, odnosno ukupnog izdvajanja za poljoprivredu. Takvo \u0161to pak tra\u017ei i aktivnije u\u010de\u0161\u0107e u europskim fondovima koji su namijenjeni zemljama kandidatkinjama, pri \u010demu je financijski najizda\u0161niji Instrument pretpristupne pomo\u0107i za ruralni razvoj (IPARD).<\/p>\n<p>Instrument IPARD je, kao \u0161to je poznato, usmjeren na ruralna podru\u010dja i poljoprivredno-prehrambene sektore zemalja koje su u procesu pristupanja Europskoj uniji (EU) te donosi velike prilike razvoja.\u00a0 Zemlje koje trenutno primaju potporu iz IPARD-a III su Albanija, Crna Gora, Sjeverna Makedonija, Srbija i Turska, ali Bosna i Hercegovina, uslijed politi\u010dkih previranja, jo\u0161 uvijek nije u ovom dru\u0161tvu za koje je, podsje\u0107amo, osigurano 990 milijuna eura sredstava Europske unije.<\/p>\n","protected":false},"excerpt":{"rendered":"<p>Unato\u010d \u010dinjenici da\u00a0inflacija\u00a0i na svjetskoj i regionalnoj razini pokazuje zna\u010dajne trendove usporavanja, kao i podatku&hellip;<\/p>\n","protected":false},"author":2,"featured_media":251453,"comment_status":"closed","ping_status":"closed","sticky":false,"template":"","format":"standard","meta":{"_acf_changed":false,"footnotes":""},"categories":[291],"tags":[5874,1866],"acf":[],"yoast_head":"<!-- This site is optimized with the Yoast SEO plugin v23.5 - https:\/\/yoast.com\/wordpress\/plugins\/seo\/ -->\n<title>Raste cijena p\u0161enice: Poznato za koliko \u0107e poskupiti vre\u0107a bra\u0161na u BiH - TuzlaInfo.ba<\/title>\n<meta name=\"robots\" content=\"index, follow, max-snippet:-1, max-image-preview:large, max-video-preview:-1\" \/>\n<link rel=\"canonical\" href=\"https:\/\/tuzlainfo.ba\/index.php\/bosna-i-hercegovina\/item\/251432-raste-cijena-psenice-poznato-za-koliko-ce-poskupiti-vreca-brasna-u-bih\/\" \/>\n<meta property=\"og:locale\" content=\"bs_BA\" \/>\n<meta property=\"og:type\" content=\"article\" \/>\n<meta property=\"og:title\" content=\"Raste cijena p\u0161enice: Poznato za koliko \u0107e poskupiti vre\u0107a bra\u0161na u BiH - TuzlaInfo.ba\" \/>\n<meta property=\"og:description\" content=\"Unato\u010d \u010dinjenici da\u00a0inflacija\u00a0i na svjetskoj i regionalnoj razini pokazuje zna\u010dajne trendove usporavanja, kao i podatku&hellip;\" \/>\n<meta property=\"og:url\" content=\"https:\/\/tuzlainfo.ba\/index.php\/bosna-i-hercegovina\/item\/251432-raste-cijena-psenice-poznato-za-koliko-ce-poskupiti-vreca-brasna-u-bih\/\" \/>\n<meta property=\"og:site_name\" content=\"TuzlaInfo.ba\" \/>\n<meta property=\"article:publisher\" content=\"https:\/\/www.facebook.com\/tuzlainfo.ba\/\" \/>\n<meta property=\"article:published_time\" content=\"2024-10-02T18:40:33+00:00\" \/>\n<meta property=\"article:modified_time\" content=\"2024-10-02T18:49:18+00:00\" \/>\n<meta property=\"og:image\" content=\"https:\/\/tuzlainfo.ba\/wp-content\/uploads\/2024\/10\/0210_brasno.jpg\" \/>\n\t<meta property=\"og:image:width\" content=\"1000\" \/>\n\t<meta property=\"og:image:height\" content=\"560\" \/>\n\t<meta property=\"og:image:type\" content=\"image\/jpeg\" \/>\n<meta name=\"author\" content=\"nedim\" \/>\n<meta name=\"twitter:card\" content=\"summary_large_image\" \/>\n<meta name=\"twitter:label1\" content=\"Written by\" \/>\n\t<meta name=\"twitter:data1\" content=\"nedim\" \/>\n\t<meta name=\"twitter:label2\" content=\"Est. reading time\" \/>\n\t<meta name=\"twitter:data2\" content=\"3 minute\" \/>\n<script type=\"application\/ld+json\" class=\"yoast-schema-graph\">{\"@context\":\"https:\/\/schema.org\",\"@graph\":[{\"@type\":\"Article\",\"@id\":\"https:\/\/tuzlainfo.ba\/index.php\/bosna-i-hercegovina\/item\/251432-raste-cijena-psenice-poznato-za-koliko-ce-poskupiti-vreca-brasna-u-bih\/#article\",\"isPartOf\":{\"@id\":\"https:\/\/tuzlainfo.ba\/index.php\/bosna-i-hercegovina\/item\/251432-raste-cijena-psenice-poznato-za-koliko-ce-poskupiti-vreca-brasna-u-bih\/\"},\"author\":{\"name\":\"nedim\",\"@id\":\"https:\/\/tuzlainfo.ba\/#\/schema\/person\/f434e20dc27ea133923aab08451b7f7f\"},\"headline\":\"Raste cijena p\u0161enice: Poznato za koliko \u0107e poskupiti vre\u0107a bra\u0161na u BiH\",\"datePublished\":\"2024-10-02T18:40:33+00:00\",\"dateModified\":\"2024-10-02T18:49:18+00:00\",\"mainEntityOfPage\":{\"@id\":\"https:\/\/tuzlainfo.ba\/index.php\/bosna-i-hercegovina\/item\/251432-raste-cijena-psenice-poznato-za-koliko-ce-poskupiti-vreca-brasna-u-bih\/\"},\"wordCount\":503,\"publisher\":{\"@id\":\"https:\/\/tuzlainfo.ba\/#organization\"},\"image\":{\"@id\":\"https:\/\/tuzlainfo.ba\/index.php\/bosna-i-hercegovina\/item\/251432-raste-cijena-psenice-poznato-za-koliko-ce-poskupiti-vreca-brasna-u-bih\/#primaryimage\"},\"thumbnailUrl\":\"https:\/\/tuzlainfo.ba\/wp-content\/uploads\/2024\/10\/0210_brasno.jpg\",\"keywords\":[\"cijene bra\u0161na\",\"poskupljenje\"],\"articleSection\":[\"Bosna i Hercegovina\"],\"inLanguage\":\"bs-BA\"},{\"@type\":\"WebPage\",\"@id\":\"https:\/\/tuzlainfo.ba\/index.php\/bosna-i-hercegovina\/item\/251432-raste-cijena-psenice-poznato-za-koliko-ce-poskupiti-vreca-brasna-u-bih\/\",\"url\":\"https:\/\/tuzlainfo.ba\/index.php\/bosna-i-hercegovina\/item\/251432-raste-cijena-psenice-poznato-za-koliko-ce-poskupiti-vreca-brasna-u-bih\/\",\"name\":\"Raste cijena p\u0161enice: Poznato za koliko \u0107e poskupiti vre\u0107a bra\u0161na u BiH - TuzlaInfo.ba\",\"isPartOf\":{\"@id\":\"https:\/\/tuzlainfo.ba\/#website\"},\"primaryImageOfPage\":{\"@id\":\"https:\/\/tuzlainfo.ba\/index.php\/bosna-i-hercegovina\/item\/251432-raste-cijena-psenice-poznato-za-koliko-ce-poskupiti-vreca-brasna-u-bih\/#primaryimage\"},\"image\":{\"@id\":\"https:\/\/tuzlainfo.ba\/index.php\/bosna-i-hercegovina\/item\/251432-raste-cijena-psenice-poznato-za-koliko-ce-poskupiti-vreca-brasna-u-bih\/#primaryimage\"},\"thumbnailUrl\":\"https:\/\/tuzlainfo.ba\/wp-content\/uploads\/2024\/10\/0210_brasno.jpg\",\"datePublished\":\"2024-10-02T18:40:33+00:00\",\"dateModified\":\"2024-10-02T18:49:18+00:00\",\"breadcrumb\":{\"@id\":\"https:\/\/tuzlainfo.ba\/index.php\/bosna-i-hercegovina\/item\/251432-raste-cijena-psenice-poznato-za-koliko-ce-poskupiti-vreca-brasna-u-bih\/#breadcrumb\"},\"inLanguage\":\"bs-BA\",\"potentialAction\":[{\"@type\":\"ReadAction\",\"target\":[\"https:\/\/tuzlainfo.ba\/index.php\/bosna-i-hercegovina\/item\/251432-raste-cijena-psenice-poznato-za-koliko-ce-poskupiti-vreca-brasna-u-bih\/\"]}]},{\"@type\":\"ImageObject\",\"inLanguage\":\"bs-BA\",\"@id\":\"https:\/\/tuzlainfo.ba\/index.php\/bosna-i-hercegovina\/item\/251432-raste-cijena-psenice-poznato-za-koliko-ce-poskupiti-vreca-brasna-u-bih\/#primaryimage\",\"url\":\"https:\/\/tuzlainfo.ba\/wp-content\/uploads\/2024\/10\/0210_brasno.jpg\",\"contentUrl\":\"https:\/\/tuzlainfo.ba\/wp-content\/uploads\/2024\/10\/0210_brasno.jpg\",\"width\":1000,\"height\":560},{\"@type\":\"BreadcrumbList\",\"@id\":\"https:\/\/tuzlainfo.ba\/index.php\/bosna-i-hercegovina\/item\/251432-raste-cijena-psenice-poznato-za-koliko-ce-poskupiti-vreca-brasna-u-bih\/#breadcrumb\",\"itemListElement\":[{\"@type\":\"ListItem\",\"position\":1,\"name\":\"Home\",\"item\":\"https:\/\/tuzlainfo.ba\/\"},{\"@type\":\"ListItem\",\"position\":2,\"name\":\"Raste cijena p\u0161enice: Poznato za koliko \u0107e poskupiti vre\u0107a bra\u0161na u BiH\"}]},{\"@type\":\"WebSite\",\"@id\":\"https:\/\/tuzlainfo.ba\/#website\",\"url\":\"https:\/\/tuzlainfo.ba\/\",\"name\":\"TuzlaInfo.ba\",\"description\":\"Tuzla info, gradski informator - Tuzla na dlanu\",\"publisher\":{\"@id\":\"https:\/\/tuzlainfo.ba\/#organization\"},\"potentialAction\":[{\"@type\":\"SearchAction\",\"target\":{\"@type\":\"EntryPoint\",\"urlTemplate\":\"https:\/\/tuzlainfo.ba\/?s={search_term_string}\"},\"query-input\":{\"@type\":\"PropertyValueSpecification\",\"valueRequired\":true,\"valueName\":\"search_term_string\"}}],\"inLanguage\":\"bs-BA\"},{\"@type\":\"Organization\",\"@id\":\"https:\/\/tuzlainfo.ba\/#organization\",\"name\":\"TuzlaInfo.ba\",\"url\":\"https:\/\/tuzlainfo.ba\/\",\"logo\":{\"@type\":\"ImageObject\",\"inLanguage\":\"bs-BA\",\"@id\":\"https:\/\/tuzlainfo.ba\/#\/schema\/logo\/image\/\",\"url\":\"https:\/\/tuzlainfo.ba\/wp-content\/uploads\/2021\/03\/logo-ver-3-1.png\",\"contentUrl\":\"https:\/\/tuzlainfo.ba\/wp-content\/uploads\/2021\/03\/logo-ver-3-1.png\",\"width\":350,\"height\":95,\"caption\":\"TuzlaInfo.ba\"},\"image\":{\"@id\":\"https:\/\/tuzlainfo.ba\/#\/schema\/logo\/image\/\"},\"sameAs\":[\"https:\/\/www.facebook.com\/tuzlainfo.ba\/\"]},{\"@type\":\"Person\",\"@id\":\"https:\/\/tuzlainfo.ba\/#\/schema\/person\/f434e20dc27ea133923aab08451b7f7f\",\"name\":\"nedim\",\"image\":{\"@type\":\"ImageObject\",\"inLanguage\":\"bs-BA\",\"@id\":\"https:\/\/tuzlainfo.ba\/#\/schema\/person\/image\/\",\"url\":\"https:\/\/tuzlainfo.ba\/wp-content\/litespeed\/avatar\/aabad687af24844af817603ac1cbdc4f.jpg?ver=1777306975\",\"contentUrl\":\"https:\/\/tuzlainfo.ba\/wp-content\/litespeed\/avatar\/aabad687af24844af817603ac1cbdc4f.jpg?ver=1777306975\",\"caption\":\"nedim\"},\"description\":\"Tuzlainfo.ba pratite na dru\u0161tvenim mre\u017eama: Facebook, Instagram i Youtube. Svoje pri\u010de, upite i fotografije \u0161aljite na na\u0161u e-mail adresu.\"}]}<\/script>\n<!-- \/ Yoast SEO plugin. -->","yoast_head_json":{"title":"Raste cijena p\u0161enice: Poznato za koliko \u0107e poskupiti vre\u0107a bra\u0161na u BiH - TuzlaInfo.ba","robots":{"index":"index","follow":"follow","max-snippet":"max-snippet:-1","max-image-preview":"max-image-preview:large","max-video-preview":"max-video-preview:-1"},"canonical":"https:\/\/tuzlainfo.ba\/index.php\/bosna-i-hercegovina\/item\/251432-raste-cijena-psenice-poznato-za-koliko-ce-poskupiti-vreca-brasna-u-bih\/","og_locale":"bs_BA","og_type":"article","og_title":"Raste cijena p\u0161enice: Poznato za koliko \u0107e poskupiti vre\u0107a bra\u0161na u BiH - TuzlaInfo.ba","og_description":"Unato\u010d \u010dinjenici da\u00a0inflacija\u00a0i na svjetskoj i regionalnoj razini pokazuje zna\u010dajne trendove usporavanja, kao i podatku&hellip;","og_url":"https:\/\/tuzlainfo.ba\/index.php\/bosna-i-hercegovina\/item\/251432-raste-cijena-psenice-poznato-za-koliko-ce-poskupiti-vreca-brasna-u-bih\/","og_site_name":"TuzlaInfo.ba","article_publisher":"https:\/\/www.facebook.com\/tuzlainfo.ba\/","article_published_time":"2024-10-02T18:40:33+00:00","article_modified_time":"2024-10-02T18:49:18+00:00","og_image":[{"width":1000,"height":560,"url":"https:\/\/tuzlainfo.ba\/wp-content\/uploads\/2024\/10\/0210_brasno.jpg","type":"image\/jpeg"}],"author":"nedim","twitter_card":"summary_large_image","twitter_misc":{"Written by":"nedim","Est. reading time":"3 minute"},"schema":{"@context":"https:\/\/schema.org","@graph":[{"@type":"Article","@id":"https:\/\/tuzlainfo.ba\/index.php\/bosna-i-hercegovina\/item\/251432-raste-cijena-psenice-poznato-za-koliko-ce-poskupiti-vreca-brasna-u-bih\/#article","isPartOf":{"@id":"https:\/\/tuzlainfo.ba\/index.php\/bosna-i-hercegovina\/item\/251432-raste-cijena-psenice-poznato-za-koliko-ce-poskupiti-vreca-brasna-u-bih\/"},"author":{"name":"nedim","@id":"https:\/\/tuzlainfo.ba\/#\/schema\/person\/f434e20dc27ea133923aab08451b7f7f"},"headline":"Raste cijena p\u0161enice: Poznato za koliko \u0107e poskupiti vre\u0107a bra\u0161na u BiH","datePublished":"2024-10-02T18:40:33+00:00","dateModified":"2024-10-02T18:49:18+00:00","mainEntityOfPage":{"@id":"https:\/\/tuzlainfo.ba\/index.php\/bosna-i-hercegovina\/item\/251432-raste-cijena-psenice-poznato-za-koliko-ce-poskupiti-vreca-brasna-u-bih\/"},"wordCount":503,"publisher":{"@id":"https:\/\/tuzlainfo.ba\/#organization"},"image":{"@id":"https:\/\/tuzlainfo.ba\/index.php\/bosna-i-hercegovina\/item\/251432-raste-cijena-psenice-poznato-za-koliko-ce-poskupiti-vreca-brasna-u-bih\/#primaryimage"},"thumbnailUrl":"https:\/\/tuzlainfo.ba\/wp-content\/uploads\/2024\/10\/0210_brasno.jpg","keywords":["cijene bra\u0161na","poskupljenje"],"articleSection":["Bosna i Hercegovina"],"inLanguage":"bs-BA"},{"@type":"WebPage","@id":"https:\/\/tuzlainfo.ba\/index.php\/bosna-i-hercegovina\/item\/251432-raste-cijena-psenice-poznato-za-koliko-ce-poskupiti-vreca-brasna-u-bih\/","url":"https:\/\/tuzlainfo.ba\/index.php\/bosna-i-hercegovina\/item\/251432-raste-cijena-psenice-poznato-za-koliko-ce-poskupiti-vreca-brasna-u-bih\/","name":"Raste cijena p\u0161enice: Poznato za koliko \u0107e poskupiti vre\u0107a bra\u0161na u BiH - TuzlaInfo.ba","isPartOf":{"@id":"https:\/\/tuzlainfo.ba\/#website"},"primaryImageOfPage":{"@id":"https:\/\/tuzlainfo.ba\/index.php\/bosna-i-hercegovina\/item\/251432-raste-cijena-psenice-poznato-za-koliko-ce-poskupiti-vreca-brasna-u-bih\/#primaryimage"},"image":{"@id":"https:\/\/tuzlainfo.ba\/index.php\/bosna-i-hercegovina\/item\/251432-raste-cijena-psenice-poznato-za-koliko-ce-poskupiti-vreca-brasna-u-bih\/#primaryimage"},"thumbnailUrl":"https:\/\/tuzlainfo.ba\/wp-content\/uploads\/2024\/10\/0210_brasno.jpg","datePublished":"2024-10-02T18:40:33+00:00","dateModified":"2024-10-02T18:49:18+00:00","breadcrumb":{"@id":"https:\/\/tuzlainfo.ba\/index.php\/bosna-i-hercegovina\/item\/251432-raste-cijena-psenice-poznato-za-koliko-ce-poskupiti-vreca-brasna-u-bih\/#breadcrumb"},"inLanguage":"bs-BA","potentialAction":[{"@type":"ReadAction","target":["https:\/\/tuzlainfo.ba\/index.php\/bosna-i-hercegovina\/item\/251432-raste-cijena-psenice-poznato-za-koliko-ce-poskupiti-vreca-brasna-u-bih\/"]}]},{"@type":"ImageObject","inLanguage":"bs-BA","@id":"https:\/\/tuzlainfo.ba\/index.php\/bosna-i-hercegovina\/item\/251432-raste-cijena-psenice-poznato-za-koliko-ce-poskupiti-vreca-brasna-u-bih\/#primaryimage","url":"https:\/\/tuzlainfo.ba\/wp-content\/uploads\/2024\/10\/0210_brasno.jpg","contentUrl":"https:\/\/tuzlainfo.ba\/wp-content\/uploads\/2024\/10\/0210_brasno.jpg","width":1000,"height":560},{"@type":"BreadcrumbList","@id":"https:\/\/tuzlainfo.ba\/index.php\/bosna-i-hercegovina\/item\/251432-raste-cijena-psenice-poznato-za-koliko-ce-poskupiti-vreca-brasna-u-bih\/#breadcrumb","itemListElement":[{"@type":"ListItem","position":1,"name":"Home","item":"https:\/\/tuzlainfo.ba\/"},{"@type":"ListItem","position":2,"name":"Raste cijena p\u0161enice: Poznato za koliko \u0107e poskupiti vre\u0107a bra\u0161na u BiH"}]},{"@type":"WebSite","@id":"https:\/\/tuzlainfo.ba\/#website","url":"https:\/\/tuzlainfo.ba\/","name":"TuzlaInfo.ba","description":"Tuzla info, gradski informator - Tuzla na dlanu","publisher":{"@id":"https:\/\/tuzlainfo.ba\/#organization"},"potentialAction":[{"@type":"SearchAction","target":{"@type":"EntryPoint","urlTemplate":"https:\/\/tuzlainfo.ba\/?s={search_term_string}"},"query-input":{"@type":"PropertyValueSpecification","valueRequired":true,"valueName":"search_term_string"}}],"inLanguage":"bs-BA"},{"@type":"Organization","@id":"https:\/\/tuzlainfo.ba\/#organization","name":"TuzlaInfo.ba","url":"https:\/\/tuzlainfo.ba\/","logo":{"@type":"ImageObject","inLanguage":"bs-BA","@id":"https:\/\/tuzlainfo.ba\/#\/schema\/logo\/image\/","url":"https:\/\/tuzlainfo.ba\/wp-content\/uploads\/2021\/03\/logo-ver-3-1.png","contentUrl":"https:\/\/tuzlainfo.ba\/wp-content\/uploads\/2021\/03\/logo-ver-3-1.png","width":350,"height":95,"caption":"TuzlaInfo.ba"},"image":{"@id":"https:\/\/tuzlainfo.ba\/#\/schema\/logo\/image\/"},"sameAs":["https:\/\/www.facebook.com\/tuzlainfo.ba\/"]},{"@type":"Person","@id":"https:\/\/tuzlainfo.ba\/#\/schema\/person\/f434e20dc27ea133923aab08451b7f7f","name":"nedim","image":{"@type":"ImageObject","inLanguage":"bs-BA","@id":"https:\/\/tuzlainfo.ba\/#\/schema\/person\/image\/","url":"https:\/\/tuzlainfo.ba\/wp-content\/litespeed\/avatar\/aabad687af24844af817603ac1cbdc4f.jpg?ver=1777306975","contentUrl":"https:\/\/tuzlainfo.ba\/wp-content\/litespeed\/avatar\/aabad687af24844af817603ac1cbdc4f.jpg?ver=1777306975","caption":"nedim"},"description":"Tuzlainfo.ba pratite na dru\u0161tvenim mre\u017eama: Facebook, Instagram i Youtube. Svoje pri\u010de, upite i fotografije \u0161aljite na na\u0161u e-mail adresu."}]}},"_links":{"self":[{"href":"https:\/\/tuzlainfo.ba\/index.php\/wp-json\/wp\/v2\/posts\/251432"}],"collection":[{"href":"https:\/\/tuzlainfo.ba\/index.php\/wp-json\/wp\/v2\/posts"}],"about":[{"href":"https:\/\/tuzlainfo.ba\/index.php\/wp-json\/wp\/v2\/types\/post"}],"author":[{"embeddable":true,"href":"https:\/\/tuzlainfo.ba\/index.php\/wp-json\/wp\/v2\/users\/2"}],"replies":[{"embeddable":true,"href":"https:\/\/tuzlainfo.ba\/index.php\/wp-json\/wp\/v2\/comments?post=251432"}],"version-history":[{"count":1,"href":"https:\/\/tuzlainfo.ba\/index.php\/wp-json\/wp\/v2\/posts\/251432\/revisions"}],"predecessor-version":[{"id":251438,"href":"https:\/\/tuzlainfo.ba\/index.php\/wp-json\/wp\/v2\/posts\/251432\/revisions\/251438"}],"wp:featuredmedia":[{"embeddable":true,"href":"https:\/\/tuzlainfo.ba\/index.php\/wp-json\/wp\/v2\/media\/251453"}],"wp:attachment":[{"href":"https:\/\/tuzlainfo.ba\/index.php\/wp-json\/wp\/v2\/media?parent=251432"}],"wp:term":[{"taxonomy":"category","embeddable":true,"href":"https:\/\/tuzlainfo.ba\/index.php\/wp-json\/wp\/v2\/categories?post=251432"},{"taxonomy":"post_tag","embeddable":true,"href":"https:\/\/tuzlainfo.ba\/index.php\/wp-json\/wp\/v2\/tags?post=251432"}],"curies":[{"name":"wp","href":"https:\/\/api.w.org\/{rel}","templated":true}]}}