{"id":251280,"date":"2024-10-02T08:01:13","date_gmt":"2024-10-02T06:01:13","guid":{"rendered":"https:\/\/tuzlainfo.ba\/?p=251280"},"modified":"2024-10-02T07:40:52","modified_gmt":"2024-10-02T05:40:52","slug":"tuzla-danas-obiljezava-81-godisnjicu-od-oslobodjenja-u-ii-svjetskom-ratu","status":"publish","type":"post","link":"https:\/\/tuzlainfo.ba\/index.php\/novosti\/item\/251280-tuzla-danas-obiljezava-81-godisnjicu-od-oslobodjenja-u-ii-svjetskom-ratu\/","title":{"rendered":"Tuzla danas obilje\u017eava 81. godi\u0161njicu od oslobo\u0111enja u II svjetskom ratu"},"content":{"rendered":"<p>Grad Tuzla \u0107e danas 2.oktobra, sve\u010dano obilje\u017eiti 81. godi\u0161njicu od oslobo\u0111enja u II svjetskom ratu. Tim povodom, Grad Tuzla \u0107e biti doma\u0107in brojnim gostima iz Bosne i Hercegovine i gradova prijatelja iz inostranstva, za koje je pripremljen prigodan sve\u010dani program.<\/p>\n<p>Centralni dio obilje\u017eavanja zapo\u010det \u0107e polaganjem cvije\u0107a i odavanjem po\u010dasti braniocima Tuzle i Bosne i Hercegovine, kao i civilnim \u017ertvama rata,\u00a0<strong>na spomen-obilje\u017ejima na Slanoj Banji u 11.30 sati.<\/strong>\u00a0Delegacije Grada Tuzle, bora\u010dkih organizacija, vi\u0161ih nivoa vlasti, brojni gosti i gra\u0111ani zajedno \u0107e odati po\u010dast onima koji su dali svoj doprinos u borbi za slobodu.<\/p>\n<p>Nakon toga,\u00a0<strong>u 13.00 sati, u JU Narodno pozori\u0161te Tuzla bit \u0107e odr\u017eana sve\u010dana sjednica Gradskog vije\u0107a Tuzle,<\/strong>\u00a0kojom \u0107e se dodatno obilje\u017eiti ovaj zna\u010dajan datum u historiji grada.<\/p>\n<p>Za sve gra\u0111anke i gra\u0111ane Tuzle, kao i goste koji \u0107e svojim prisustvom uveli\u010dati obilje\u017eavanje Dana oslobo\u0111enja, u ve\u010dernjim satima\u00a0<strong>na Trgu slobode bit \u0107e organizovan koncert Halida<\/strong>\u00a0<strong>Be\u0161li\u0107a.\u00a0<\/strong>\u00a0Koncert \u0107e po\u010deti<strong>\u00a0u 20.00 sati<\/strong>, a prije Halida Be\u0161li\u0107a publici \u0107e se predstaviti na\u0161i sugra\u0111ani,\u00a0<strong>Nesib Delibegovi\u0107<\/strong>\u00a0<strong>Nesko i Mirza Hamzi\u0107<\/strong>, sa posebnim muzi\u010dkim numerama posve\u0107enim Tuzli.<\/p>\n<p>&#8211; Pozivamo sve Tuzlanke i Tuzlake, kao i sve one koji vole na\u0161 grad, da\u00a0 u srijedu, 2. oktobra 2024. godine,\u00a0 zajedno proslavimo i obilje\u017eimo Dan oslobo\u0111enja Tuzle &#8211; navode iz uprave Grada Tuzle.<\/p>\n","protected":false},"excerpt":{"rendered":"<p>Grad Tuzla \u0107e danas 2.oktobra, sve\u010dano obilje\u017eiti 81. godi\u0161njicu od oslobo\u0111enja u II svjetskom ratu. Tim povodom, Grad Tuzla \u0107e biti doma\u0107in brojnim gostima iz Bosne i Hercegovine i gradova prijatelja iz inostranstva, za koje je pripremljen prigodan sve\u010dani program. Centralni dio obilje\u017eavanja zapo\u010det \u0107e polaganjem cvije\u0107a i odavanjem po\u010dasti braniocima Tuzle i Bosne i [&hellip;]<\/p>\n","protected":false},"author":2,"featured_media":251281,"comment_status":"closed","ping_status":"closed","sticky":false,"template":"","format":"standard","meta":{"footnotes":""},"categories":[12],"tags":[2826,331],"class_list":["post-251280","post","type-post","status-publish","format-standard","has-post-thumbnail","hentry","category-novosti","tag-2-oktobar","tag-grad-tuzla"],"yoast_head":"<!-- This site is optimized with the Yoast SEO plugin v28.4 - https:\/\/yoast.com\/product\/yoast-seo-wordpress\/ -->\n<title>Tuzla danas obilje\u017eava 81. godi\u0161njicu od oslobo\u0111enja u II svjetskom ratu<\/title>\n<meta name=\"robots\" content=\"index, follow, max-snippet:-1, max-image-preview:large, max-video-preview:-1\" \/>\n<link rel=\"canonical\" href=\"https:\/\/tuzlainfo.ba\/index.php\/novosti\/item\/251280-tuzla-danas-obiljezava-81-godisnjicu-od-oslobodjenja-u-ii-svjetskom-ratu\/\" \/>\n<meta property=\"og:locale\" content=\"bs_BA\" \/>\n<meta property=\"og:type\" content=\"article\" \/>\n<meta property=\"og:title\" content=\"Tuzla danas obilje\u017eava 81. godi\u0161njicu od oslobo\u0111enja u II svjetskom ratu\" \/>\n<meta property=\"og:description\" content=\"Grad Tuzla \u0107e danas 2.oktobra, sve\u010dano obilje\u017eiti 81. godi\u0161njicu od oslobo\u0111enja u II svjetskom ratu. Tim povodom, Grad Tuzla \u0107e biti doma\u0107in brojnim gostima iz Bosne i Hercegovine i gradova prijatelja iz inostranstva, za koje je pripremljen prigodan sve\u010dani program. Centralni dio obilje\u017eavanja zapo\u010det \u0107e polaganjem cvije\u0107a i odavanjem po\u010dasti braniocima Tuzle i Bosne i [&hellip;]\" \/>\n<meta property=\"og:url\" content=\"https:\/\/tuzlainfo.ba\/index.php\/novosti\/item\/251280-tuzla-danas-obiljezava-81-godisnjicu-od-oslobodjenja-u-ii-svjetskom-ratu\/\" \/>\n<meta property=\"og:site_name\" content=\"TuzlaInfo.ba\" \/>\n<meta property=\"article:publisher\" content=\"https:\/\/www.facebook.com\/tuzlainfo.ba\/\" \/>\n<meta property=\"article:published_time\" content=\"2024-10-02T06:01:13+00:00\" \/>\n<meta property=\"og:image\" content=\"https:\/\/tuzlainfo.ba\/wp-content\/uploads\/2024\/10\/dan_oslobodjenja.jpg\" \/>\n\t<meta property=\"og:image:width\" content=\"800\" \/>\n\t<meta property=\"og:image:height\" content=\"270\" \/>\n\t<meta property=\"og:image:type\" content=\"image\/jpeg\" \/>\n<meta name=\"author\" content=\"nedim\" \/>\n<meta name=\"twitter:card\" content=\"summary_large_image\" \/>\n<meta name=\"twitter:label1\" content=\"Written by\" \/>\n\t<meta name=\"twitter:data1\" content=\"nedim\" \/>\n\t<meta name=\"twitter:label2\" content=\"Est. reading time\" \/>\n\t<meta name=\"twitter:data2\" content=\"2 minute\" \/>\n<script type=\"application\/ld+json\" class=\"yoast-schema-graph\">{\"@context\":\"https:\\\/\\\/schema.org\",\"@graph\":[{\"@type\":\"Article\",\"@id\":\"https:\\\/\\\/tuzlainfo.ba\\\/index.php\\\/novosti\\\/item\\\/251280-tuzla-danas-obiljezava-81-godisnjicu-od-oslobodjenja-u-ii-svjetskom-ratu\\\/#article\",\"isPartOf\":{\"@id\":\"https:\\\/\\\/tuzlainfo.ba\\\/index.php\\\/novosti\\\/item\\\/251280-tuzla-danas-obiljezava-81-godisnjicu-od-oslobodjenja-u-ii-svjetskom-ratu\\\/\"},\"author\":{\"name\":\"nedim\",\"@id\":\"https:\\\/\\\/tuzlainfo.ba\\\/#\\\/schema\\\/person\\\/f434e20dc27ea133923aab08451b7f7f\"},\"headline\":\"Tuzla danas obilje\u017eava 81. godi\u0161njicu od oslobo\u0111enja u II svjetskom ratu\",\"datePublished\":\"2024-10-02T06:01:13+00:00\",\"mainEntityOfPage\":{\"@id\":\"https:\\\/\\\/tuzlainfo.ba\\\/index.php\\\/novosti\\\/item\\\/251280-tuzla-danas-obiljezava-81-godisnjicu-od-oslobodjenja-u-ii-svjetskom-ratu\\\/\"},\"wordCount\":260,\"publisher\":{\"@id\":\"https:\\\/\\\/tuzlainfo.ba\\\/#organization\"},\"image\":{\"@id\":\"https:\\\/\\\/tuzlainfo.ba\\\/index.php\\\/novosti\\\/item\\\/251280-tuzla-danas-obiljezava-81-godisnjicu-od-oslobodjenja-u-ii-svjetskom-ratu\\\/#primaryimage\"},\"thumbnailUrl\":\"https:\\\/\\\/tuzlainfo.ba\\\/wp-content\\\/uploads\\\/2024\\\/10\\\/dan_oslobodjenja.jpg\",\"keywords\":[\"2. Oktobar\",\"grad tuzla\"],\"articleSection\":[\"Novosti\"],\"inLanguage\":\"bs-BA\",\"copyrightYear\":\"2024\",\"copyrightHolder\":{\"@id\":\"https:\\\/\\\/tuzlainfo.ba\\\/#organization\"}},{\"@type\":\"WebPage\",\"@id\":\"https:\\\/\\\/tuzlainfo.ba\\\/index.php\\\/novosti\\\/item\\\/251280-tuzla-danas-obiljezava-81-godisnjicu-od-oslobodjenja-u-ii-svjetskom-ratu\\\/\",\"url\":\"https:\\\/\\\/tuzlainfo.ba\\\/index.php\\\/novosti\\\/item\\\/251280-tuzla-danas-obiljezava-81-godisnjicu-od-oslobodjenja-u-ii-svjetskom-ratu\\\/\",\"name\":\"Tuzla danas obilje\u017eava 81. godi\u0161njicu od oslobo\u0111enja u II svjetskom ratu\",\"isPartOf\":{\"@id\":\"https:\\\/\\\/tuzlainfo.ba\\\/#website\"},\"primaryImageOfPage\":{\"@id\":\"https:\\\/\\\/tuzlainfo.ba\\\/index.php\\\/novosti\\\/item\\\/251280-tuzla-danas-obiljezava-81-godisnjicu-od-oslobodjenja-u-ii-svjetskom-ratu\\\/#primaryimage\"},\"image\":{\"@id\":\"https:\\\/\\\/tuzlainfo.ba\\\/index.php\\\/novosti\\\/item\\\/251280-tuzla-danas-obiljezava-81-godisnjicu-od-oslobodjenja-u-ii-svjetskom-ratu\\\/#primaryimage\"},\"thumbnailUrl\":\"https:\\\/\\\/tuzlainfo.ba\\\/wp-content\\\/uploads\\\/2024\\\/10\\\/dan_oslobodjenja.jpg\",\"datePublished\":\"2024-10-02T06:01:13+00:00\",\"breadcrumb\":{\"@id\":\"https:\\\/\\\/tuzlainfo.ba\\\/index.php\\\/novosti\\\/item\\\/251280-tuzla-danas-obiljezava-81-godisnjicu-od-oslobodjenja-u-ii-svjetskom-ratu\\\/#breadcrumb\"},\"inLanguage\":\"bs-BA\",\"potentialAction\":[{\"@type\":\"ReadAction\",\"target\":[\"https:\\\/\\\/tuzlainfo.ba\\\/index.php\\\/novosti\\\/item\\\/251280-tuzla-danas-obiljezava-81-godisnjicu-od-oslobodjenja-u-ii-svjetskom-ratu\\\/\"]}]},{\"@type\":\"ImageObject\",\"inLanguage\":\"bs-BA\",\"@id\":\"https:\\\/\\\/tuzlainfo.ba\\\/index.php\\\/novosti\\\/item\\\/251280-tuzla-danas-obiljezava-81-godisnjicu-od-oslobodjenja-u-ii-svjetskom-ratu\\\/#primaryimage\",\"url\":\"https:\\\/\\\/tuzlainfo.ba\\\/wp-content\\\/uploads\\\/2024\\\/10\\\/dan_oslobodjenja.jpg\",\"contentUrl\":\"https:\\\/\\\/tuzlainfo.ba\\\/wp-content\\\/uploads\\\/2024\\\/10\\\/dan_oslobodjenja.jpg\",\"width\":800,\"height\":270},{\"@type\":\"BreadcrumbList\",\"@id\":\"https:\\\/\\\/tuzlainfo.ba\\\/index.php\\\/novosti\\\/item\\\/251280-tuzla-danas-obiljezava-81-godisnjicu-od-oslobodjenja-u-ii-svjetskom-ratu\\\/#breadcrumb\",\"itemListElement\":[{\"@type\":\"ListItem\",\"position\":1,\"name\":\"Home\",\"item\":\"https:\\\/\\\/tuzlainfo.ba\\\/\"},{\"@type\":\"ListItem\",\"position\":2,\"name\":\"Tuzla danas obilje\u017eava 81. godi\u0161njicu od oslobo\u0111enja u II svjetskom ratu\"}]},{\"@type\":\"WebSite\",\"@id\":\"https:\\\/\\\/tuzlainfo.ba\\\/#website\",\"url\":\"https:\\\/\\\/tuzlainfo.ba\\\/\",\"name\":\"TuzlaInfo.ba\",\"description\":\"Tuzla info, gradski informator - Tuzla na dlanu\",\"publisher\":{\"@id\":\"https:\\\/\\\/tuzlainfo.ba\\\/#organization\"},\"potentialAction\":[{\"@type\":\"SearchAction\",\"target\":{\"@type\":\"EntryPoint\",\"urlTemplate\":\"https:\\\/\\\/tuzlainfo.ba\\\/?s={search_term_string}\"},\"query-input\":{\"@type\":\"PropertyValueSpecification\",\"valueRequired\":true,\"valueName\":\"search_term_string\"}}],\"inLanguage\":\"bs-BA\"},{\"@type\":\"Organization\",\"@id\":\"https:\\\/\\\/tuzlainfo.ba\\\/#organization\",\"name\":\"TuzlaInfo.ba\",\"url\":\"https:\\\/\\\/tuzlainfo.ba\\\/\",\"logo\":{\"@type\":\"ImageObject\",\"inLanguage\":\"bs-BA\",\"@id\":\"https:\\\/\\\/tuzlainfo.ba\\\/#\\\/schema\\\/logo\\\/image\\\/\",\"url\":\"https:\\\/\\\/tuzlainfo.ba\\\/wp-content\\\/uploads\\\/2021\\\/03\\\/logo-ver-3-1.png\",\"contentUrl\":\"https:\\\/\\\/tuzlainfo.ba\\\/wp-content\\\/uploads\\\/2021\\\/03\\\/logo-ver-3-1.png\",\"width\":350,\"height\":95,\"caption\":\"TuzlaInfo.ba\"},\"image\":{\"@id\":\"https:\\\/\\\/tuzlainfo.ba\\\/#\\\/schema\\\/logo\\\/image\\\/\"},\"sameAs\":[\"https:\\\/\\\/www.facebook.com\\\/tuzlainfo.ba\\\/\"]},{\"@type\":\"Person\",\"@id\":\"https:\\\/\\\/tuzlainfo.ba\\\/#\\\/schema\\\/person\\\/f434e20dc27ea133923aab08451b7f7f\",\"name\":\"nedim\",\"image\":{\"@type\":\"ImageObject\",\"inLanguage\":\"bs-BA\",\"@id\":\"https:\\\/\\\/secure.gravatar.com\\\/avatar\\\/5b928a2e7e70a54208d2eb6c1edcb75a5350d6ae97d5f0a701203d456823f6f3?s=96&d=mm&r=g\",\"url\":\"https:\\\/\\\/secure.gravatar.com\\\/avatar\\\/5b928a2e7e70a54208d2eb6c1edcb75a5350d6ae97d5f0a701203d456823f6f3?s=96&d=mm&r=g\",\"contentUrl\":\"https:\\\/\\\/secure.gravatar.com\\\/avatar\\\/5b928a2e7e70a54208d2eb6c1edcb75a5350d6ae97d5f0a701203d456823f6f3?s=96&d=mm&r=g\",\"caption\":\"nedim\"},\"description\":\"Tuzlainfo.ba pratite na dru\u0161tvenim mre\u017eama: Facebook, Instagram i Youtube. Svoje pri\u010de, upite i fotografije \u0161aljite na na\u0161u e-mail adresu.\"}]}<\/script>\n<!-- \/ Yoast SEO plugin. -->","yoast_head_json":{"title":"Tuzla danas obilje\u017eava 81. godi\u0161njicu od oslobo\u0111enja u II svjetskom ratu","robots":{"index":"index","follow":"follow","max-snippet":"max-snippet:-1","max-image-preview":"max-image-preview:large","max-video-preview":"max-video-preview:-1"},"canonical":"https:\/\/tuzlainfo.ba\/index.php\/novosti\/item\/251280-tuzla-danas-obiljezava-81-godisnjicu-od-oslobodjenja-u-ii-svjetskom-ratu\/","og_locale":"bs_BA","og_type":"article","og_title":"Tuzla danas obilje\u017eava 81. godi\u0161njicu od oslobo\u0111enja u II svjetskom ratu","og_description":"Grad Tuzla \u0107e danas 2.oktobra, sve\u010dano obilje\u017eiti 81. godi\u0161njicu od oslobo\u0111enja u II svjetskom ratu. Tim povodom, Grad Tuzla \u0107e biti doma\u0107in brojnim gostima iz Bosne i Hercegovine i gradova prijatelja iz inostranstva, za koje je pripremljen prigodan sve\u010dani program. Centralni dio obilje\u017eavanja zapo\u010det \u0107e polaganjem cvije\u0107a i odavanjem po\u010dasti braniocima Tuzle i Bosne i [&hellip;]","og_url":"https:\/\/tuzlainfo.ba\/index.php\/novosti\/item\/251280-tuzla-danas-obiljezava-81-godisnjicu-od-oslobodjenja-u-ii-svjetskom-ratu\/","og_site_name":"TuzlaInfo.ba","article_publisher":"https:\/\/www.facebook.com\/tuzlainfo.ba\/","article_published_time":"2024-10-02T06:01:13+00:00","og_image":[{"width":800,"height":270,"url":"https:\/\/tuzlainfo.ba\/wp-content\/uploads\/2024\/10\/dan_oslobodjenja.jpg","type":"image\/jpeg"}],"author":"nedim","twitter_card":"summary_large_image","twitter_misc":{"Written by":"nedim","Est. reading time":"2 minute"},"schema":{"@context":"https:\/\/schema.org","@graph":[{"@type":"Article","@id":"https:\/\/tuzlainfo.ba\/index.php\/novosti\/item\/251280-tuzla-danas-obiljezava-81-godisnjicu-od-oslobodjenja-u-ii-svjetskom-ratu\/#article","isPartOf":{"@id":"https:\/\/tuzlainfo.ba\/index.php\/novosti\/item\/251280-tuzla-danas-obiljezava-81-godisnjicu-od-oslobodjenja-u-ii-svjetskom-ratu\/"},"author":{"name":"nedim","@id":"https:\/\/tuzlainfo.ba\/#\/schema\/person\/f434e20dc27ea133923aab08451b7f7f"},"headline":"Tuzla danas obilje\u017eava 81. godi\u0161njicu od oslobo\u0111enja u II svjetskom ratu","datePublished":"2024-10-02T06:01:13+00:00","mainEntityOfPage":{"@id":"https:\/\/tuzlainfo.ba\/index.php\/novosti\/item\/251280-tuzla-danas-obiljezava-81-godisnjicu-od-oslobodjenja-u-ii-svjetskom-ratu\/"},"wordCount":260,"publisher":{"@id":"https:\/\/tuzlainfo.ba\/#organization"},"image":{"@id":"https:\/\/tuzlainfo.ba\/index.php\/novosti\/item\/251280-tuzla-danas-obiljezava-81-godisnjicu-od-oslobodjenja-u-ii-svjetskom-ratu\/#primaryimage"},"thumbnailUrl":"https:\/\/tuzlainfo.ba\/wp-content\/uploads\/2024\/10\/dan_oslobodjenja.jpg","keywords":["2. Oktobar","grad tuzla"],"articleSection":["Novosti"],"inLanguage":"bs-BA","copyrightYear":"2024","copyrightHolder":{"@id":"https:\/\/tuzlainfo.ba\/#organization"}},{"@type":"WebPage","@id":"https:\/\/tuzlainfo.ba\/index.php\/novosti\/item\/251280-tuzla-danas-obiljezava-81-godisnjicu-od-oslobodjenja-u-ii-svjetskom-ratu\/","url":"https:\/\/tuzlainfo.ba\/index.php\/novosti\/item\/251280-tuzla-danas-obiljezava-81-godisnjicu-od-oslobodjenja-u-ii-svjetskom-ratu\/","name":"Tuzla danas obilje\u017eava 81. godi\u0161njicu od oslobo\u0111enja u II svjetskom ratu","isPartOf":{"@id":"https:\/\/tuzlainfo.ba\/#website"},"primaryImageOfPage":{"@id":"https:\/\/tuzlainfo.ba\/index.php\/novosti\/item\/251280-tuzla-danas-obiljezava-81-godisnjicu-od-oslobodjenja-u-ii-svjetskom-ratu\/#primaryimage"},"image":{"@id":"https:\/\/tuzlainfo.ba\/index.php\/novosti\/item\/251280-tuzla-danas-obiljezava-81-godisnjicu-od-oslobodjenja-u-ii-svjetskom-ratu\/#primaryimage"},"thumbnailUrl":"https:\/\/tuzlainfo.ba\/wp-content\/uploads\/2024\/10\/dan_oslobodjenja.jpg","datePublished":"2024-10-02T06:01:13+00:00","breadcrumb":{"@id":"https:\/\/tuzlainfo.ba\/index.php\/novosti\/item\/251280-tuzla-danas-obiljezava-81-godisnjicu-od-oslobodjenja-u-ii-svjetskom-ratu\/#breadcrumb"},"inLanguage":"bs-BA","potentialAction":[{"@type":"ReadAction","target":["https:\/\/tuzlainfo.ba\/index.php\/novosti\/item\/251280-tuzla-danas-obiljezava-81-godisnjicu-od-oslobodjenja-u-ii-svjetskom-ratu\/"]}]},{"@type":"ImageObject","inLanguage":"bs-BA","@id":"https:\/\/tuzlainfo.ba\/index.php\/novosti\/item\/251280-tuzla-danas-obiljezava-81-godisnjicu-od-oslobodjenja-u-ii-svjetskom-ratu\/#primaryimage","url":"https:\/\/tuzlainfo.ba\/wp-content\/uploads\/2024\/10\/dan_oslobodjenja.jpg","contentUrl":"https:\/\/tuzlainfo.ba\/wp-content\/uploads\/2024\/10\/dan_oslobodjenja.jpg","width":800,"height":270},{"@type":"BreadcrumbList","@id":"https:\/\/tuzlainfo.ba\/index.php\/novosti\/item\/251280-tuzla-danas-obiljezava-81-godisnjicu-od-oslobodjenja-u-ii-svjetskom-ratu\/#breadcrumb","itemListElement":[{"@type":"ListItem","position":1,"name":"Home","item":"https:\/\/tuzlainfo.ba\/"},{"@type":"ListItem","position":2,"name":"Tuzla danas obilje\u017eava 81. godi\u0161njicu od oslobo\u0111enja u II svjetskom ratu"}]},{"@type":"WebSite","@id":"https:\/\/tuzlainfo.ba\/#website","url":"https:\/\/tuzlainfo.ba\/","name":"TuzlaInfo.ba","description":"Tuzla info, gradski informator - Tuzla na dlanu","publisher":{"@id":"https:\/\/tuzlainfo.ba\/#organization"},"potentialAction":[{"@type":"SearchAction","target":{"@type":"EntryPoint","urlTemplate":"https:\/\/tuzlainfo.ba\/?s={search_term_string}"},"query-input":{"@type":"PropertyValueSpecification","valueRequired":true,"valueName":"search_term_string"}}],"inLanguage":"bs-BA"},{"@type":"Organization","@id":"https:\/\/tuzlainfo.ba\/#organization","name":"TuzlaInfo.ba","url":"https:\/\/tuzlainfo.ba\/","logo":{"@type":"ImageObject","inLanguage":"bs-BA","@id":"https:\/\/tuzlainfo.ba\/#\/schema\/logo\/image\/","url":"https:\/\/tuzlainfo.ba\/wp-content\/uploads\/2021\/03\/logo-ver-3-1.png","contentUrl":"https:\/\/tuzlainfo.ba\/wp-content\/uploads\/2021\/03\/logo-ver-3-1.png","width":350,"height":95,"caption":"TuzlaInfo.ba"},"image":{"@id":"https:\/\/tuzlainfo.ba\/#\/schema\/logo\/image\/"},"sameAs":["https:\/\/www.facebook.com\/tuzlainfo.ba\/"]},{"@type":"Person","@id":"https:\/\/tuzlainfo.ba\/#\/schema\/person\/f434e20dc27ea133923aab08451b7f7f","name":"nedim","image":{"@type":"ImageObject","inLanguage":"bs-BA","@id":"https:\/\/secure.gravatar.com\/avatar\/5b928a2e7e70a54208d2eb6c1edcb75a5350d6ae97d5f0a701203d456823f6f3?s=96&d=mm&r=g","url":"https:\/\/secure.gravatar.com\/avatar\/5b928a2e7e70a54208d2eb6c1edcb75a5350d6ae97d5f0a701203d456823f6f3?s=96&d=mm&r=g","contentUrl":"https:\/\/secure.gravatar.com\/avatar\/5b928a2e7e70a54208d2eb6c1edcb75a5350d6ae97d5f0a701203d456823f6f3?s=96&d=mm&r=g","caption":"nedim"},"description":"Tuzlainfo.ba pratite na dru\u0161tvenim mre\u017eama: Facebook, Instagram i Youtube. Svoje pri\u010de, upite i fotografije \u0161aljite na na\u0161u e-mail adresu."}]}},"_links":{"self":[{"href":"https:\/\/tuzlainfo.ba\/index.php\/wp-json\/wp\/v2\/posts\/251280","targetHints":{"allow":["GET"]}}],"collection":[{"href":"https:\/\/tuzlainfo.ba\/index.php\/wp-json\/wp\/v2\/posts"}],"about":[{"href":"https:\/\/tuzlainfo.ba\/index.php\/wp-json\/wp\/v2\/types\/post"}],"author":[{"embeddable":true,"href":"https:\/\/tuzlainfo.ba\/index.php\/wp-json\/wp\/v2\/users\/2"}],"replies":[{"embeddable":true,"href":"https:\/\/tuzlainfo.ba\/index.php\/wp-json\/wp\/v2\/comments?post=251280"}],"version-history":[{"count":1,"href":"https:\/\/tuzlainfo.ba\/index.php\/wp-json\/wp\/v2\/posts\/251280\/revisions"}],"predecessor-version":[{"id":251282,"href":"https:\/\/tuzlainfo.ba\/index.php\/wp-json\/wp\/v2\/posts\/251280\/revisions\/251282"}],"wp:featuredmedia":[{"embeddable":true,"href":"https:\/\/tuzlainfo.ba\/index.php\/wp-json\/wp\/v2\/media\/251281"}],"wp:attachment":[{"href":"https:\/\/tuzlainfo.ba\/index.php\/wp-json\/wp\/v2\/media?parent=251280"}],"wp:term":[{"taxonomy":"category","embeddable":true,"href":"https:\/\/tuzlainfo.ba\/index.php\/wp-json\/wp\/v2\/categories?post=251280"},{"taxonomy":"post_tag","embeddable":true,"href":"https:\/\/tuzlainfo.ba\/index.php\/wp-json\/wp\/v2\/tags?post=251280"}],"curies":[{"name":"wp","href":"https:\/\/api.w.org\/{rel}","templated":true}]}}