{"id":251264,"date":"2024-10-01T14:26:12","date_gmt":"2024-10-01T12:26:12","guid":{"rendered":"https:\/\/tuzlainfo.ba\/?p=251264"},"modified":"2024-10-01T10:17:51","modified_gmt":"2024-10-01T08:17:51","slug":"magazinovic-i-cudic-sprijecili-smo-lobiranja-vijece-evrope-ce-podrzati-rezoluciju-o-srebrenici","status":"publish","type":"post","link":"https:\/\/tuzlainfo.ba\/index.php\/bosna-i-hercegovina\/item\/251264-magazinovic-i-cudic-sprijecili-smo-lobiranja-vijece-evrope-ce-podrzati-rezoluciju-o-srebrenici\/","title":{"rendered":"Magazinovi\u0107 i \u0106udi\u0107: Sprije\u010dili smo lobiranja, Vije\u0107e Evrope \u0107e podr\u017eati Rezoluciju o Srebrenici"},"content":{"rendered":"<p>U povodu predstoje\u0107eg usvajanja Rezolucije o Bosni i Hercegovini u Parlamentarnoj skup\u0161tini Vije\u0107a Evrope (PSVE) u Strasbourgu, predsjedavaju\u0107i delegacije Parlamenta BiH u PSVE Sa\u0161a Magazinovi\u0107\u00a0 i \u010dlanica delegacije Sabina \u0106udi\u0107 danas su, 1. oktobra, dali zajedni\u010dku izjavu za javnost:<\/p>\n<p>&#8220;U proteklim mjesecima smo u ti\u0161ini i sa posve\u0107eno\u0161\u0107u istini radili na tekstu Rezolucije o BiH koji \u0107e autenti\u010dno i objektivno prikazati realnost na\u0161e zemlje u odnosu na posmatrana i pra\u0107ena podru\u010dja. Rezultat je usvajanje prijedloga Rezolucije o kojoj \u0107e se ove sedmice izjasniti i Parlamentarna skup\u0161tina Vije\u0107a Evrope. Danas mo\u017eemo re\u0107i da smo sprije\u010dili brojna lobiranja i poku\u0161aje da se su\u0161tinski promijene klju\u010dne poruke Rezolucije.<\/p>\n<p>Zadovoljstvo nam je da su izvjestioci Zsolt Nemeth (Ma\u0111arska) i Aleksandar Nikoloski (Makedonija), predstavnici evropskih konzervativaca i narodnja\u010dkih stranaka, prihvatili i jasno adresirali opstrukcije koje provode vlasti RS te naglasili podr\u0161ku Bosni i Hercegovini pozivaju\u0107i sve zemlje \u010dlanice Vije\u0107a Evrope, uklju\u010duju\u0107i i na\u0161e susjede, na po\u0161tivanje ustavnog i pravnog poretka, suvereniteta i teritorijalnog integriteta na\u0161e dr\u017eave.<\/p>\n<p>Posebno je va\u017eno da \u0107e Parlamentarna skup\u0161tina Vije\u0107a Evrope usvajanjem Rezolucije o BiH jasno podr\u017eati i Rezoluciju o Srebrenici koju je usvojila Generalna skup\u0161tina UN-a. Tako \u0107e poslije New Yorka i u Strasbourgu biti prepoznat i podr\u017ean dokument historijske va\u017enosti kojim se pozivaju dr\u017eave da o\u010duvaju utvr\u0111ene \u010dinjenice o genocidu u Srebrenici kroz obrazovne i druge programe u znak sje\u0107anja, sprje\u010davanja negiranja, te ponavljanja genocida u budu\u0107nosti. Tako\u0111er \u0107e biti ponovljeno da se prema me\u0111unarodnom pravu zlo\u010din genocida ne mo\u017ee pripisati nijednoj etni\u010dkoj, vjerskoj ili drugoj grupi nego onima koji su ga po\u010dinili&#8221;, navodi se u zajedni\u010dkoj izjavi.<\/p>\n<p>\u0106udi\u0107 i Magazinovi\u0107 smatraju va\u017enim da je prepoznat i napredak na evropskom putu i da Parlamentarna skup\u0161tina Vije\u0107a Evrope ovom Rezolucijom \u010destita vlastima na\u0161e dr\u017eave na tempu reformi u prvom dijelu mandata, jasno navode\u0107i da je napredak oslabljen nepovjerenjem, govorom mr\u017enje, negiranjem genocida i namjernim aktivnostima na sprje\u010davanju funkcionisanja institucija, vladavine prava i za\u0161tite ljudskih prava.<\/p>\n<p>&#8220;Ovom rezolucijom Vije\u0107e Evrope jasno adresira odgovornost klju\u010dnih politi\u010dara iz RS zbog, kako se eksplicitno navodi, namjernog neprovo\u0111enja odluka Ustavnog suda BiH, kao i zbog namjernog ometanja rada Ustavnog suda \u0161to potkopava tri osnovna principa Vije\u0107a Evrope: demokratiju, ljudska prava i vladavinu prava. Tako\u0111er se pozivaju politi\u010dari u BiH da osiguraju jednakost i nediskriminaciju gra\u0111ana, te elimini\u0161u diskriminaciju zasnovanu na etni\u010dkoj pripadnosti u izbornom procesu, o \u010demu je Evropski sud za ljudska prava vi\u0161e puta dao svoj sud i na \u010demu kontinuirano insistiraju i stranke koje predstavljamo&#8221;, isti\u010du \u0106udi\u0107 i Magazinovi\u0107.<\/p>\n<p>Pored ostaloga, Rezolucijom se poziva i na intenziviranje borbe protiv korupcije, osiguranje stalnog finansiranja tri javna emitera, a posebno se nagla\u0161ava obaveza Bosne i Hercegovine da provede reforme u oblasti obrazovanja kako bi se eliminisali svi oblici diskriminacije i segregacije u obrazovanju.<\/p>\n<p>Magazinovi\u0107 i \u0106udi\u0107, koji su i potpredsjednici parlamentarnih grupa &#8220;Socijalista, demokrata i zelenih&#8221; i &#8220;Evropskih liberala&#8221;, nagla\u0161avaju da \u0107e i dalje nastaviti sa intenzivnim aktivnostima u Strasbourgu sa ciljem adekvatnog pozicioniranja Bosne i Hercegovine u ovoj multilateralnoj organizaciji, dodaju\u0107i da je svaki konkretan rad koji polu\u010di rezultat mnogostruko korisniji od pri\u010de i velikih rije\u010di kojima obiluje bosanskohercegova\u010dka politi\u010dka scena, a od kojih nema nikakve koristi.<\/p>\n","protected":false},"excerpt":{"rendered":"<p>U povodu predstoje\u0107eg usvajanja Rezolucije o Bosni i Hercegovini u Parlamentarnoj skup\u0161tini Vije\u0107a Evrope (PSVE) u Strasbourgu, predsjedavaju\u0107i delegacije Parlamenta BiH u PSVE Sa\u0161a Magazinovi\u0107\u00a0 i \u010dlanica delegacije Sabina \u0106udi\u0107 danas su, 1. oktobra, dali zajedni\u010dku izjavu za javnost: &#8220;U proteklim mjesecima smo u ti\u0161ini i sa posve\u0107eno\u0161\u0107u istini radili na tekstu Rezolucije o BiH [&hellip;]<\/p>\n","protected":false},"author":3,"featured_media":206856,"comment_status":"closed","ping_status":"closed","sticky":false,"template":"","format":"standard","meta":{"footnotes":""},"categories":[291],"tags":[3115,5958,3057],"class_list":["post-251264","post","type-post","status-publish","format-standard","has-post-thumbnail","hentry","category-bosna-i-hercegovina","tag-sabina-cudic","tag-sasa-magazinovic","tag-vijece-evrope"],"yoast_head":"<!-- This site is optimized with the Yoast SEO plugin v28.3 - https:\/\/yoast.com\/product\/yoast-seo-wordpress\/ -->\n<title>Magazinovi\u0107 i \u0106udi\u0107: Sprije\u010dili smo lobiranja, Vije\u0107e Evrope \u0107e podr\u017eati Rezoluciju o Srebrenici<\/title>\n<meta name=\"robots\" content=\"index, follow, max-snippet:-1, max-image-preview:large, max-video-preview:-1\" \/>\n<link rel=\"canonical\" href=\"https:\/\/tuzlainfo.ba\/index.php\/bosna-i-hercegovina\/item\/251264-magazinovic-i-cudic-sprijecili-smo-lobiranja-vijece-evrope-ce-podrzati-rezoluciju-o-srebrenici\/\" \/>\n<meta property=\"og:locale\" content=\"bs_BA\" \/>\n<meta property=\"og:type\" content=\"article\" \/>\n<meta property=\"og:title\" content=\"Magazinovi\u0107 i \u0106udi\u0107: Sprije\u010dili smo lobiranja, Vije\u0107e Evrope \u0107e podr\u017eati Rezoluciju o Srebrenici\" \/>\n<meta property=\"og:description\" content=\"U povodu predstoje\u0107eg usvajanja Rezolucije o Bosni i Hercegovini u Parlamentarnoj skup\u0161tini Vije\u0107a Evrope (PSVE) u Strasbourgu, predsjedavaju\u0107i delegacije Parlamenta BiH u PSVE Sa\u0161a Magazinovi\u0107\u00a0 i \u010dlanica delegacije Sabina \u0106udi\u0107 danas su, 1. oktobra, dali zajedni\u010dku izjavu za javnost: &#8220;U proteklim mjesecima smo u ti\u0161ini i sa posve\u0107eno\u0161\u0107u istini radili na tekstu Rezolucije o BiH [&hellip;]\" \/>\n<meta property=\"og:url\" content=\"https:\/\/tuzlainfo.ba\/index.php\/bosna-i-hercegovina\/item\/251264-magazinovic-i-cudic-sprijecili-smo-lobiranja-vijece-evrope-ce-podrzati-rezoluciju-o-srebrenici\/\" \/>\n<meta property=\"og:site_name\" content=\"TuzlaInfo.ba\" \/>\n<meta property=\"article:publisher\" content=\"https:\/\/www.facebook.com\/tuzlainfo.ba\/\" \/>\n<meta property=\"article:published_time\" content=\"2024-10-01T12:26:12+00:00\" \/>\n<meta property=\"og:image\" content=\"https:\/\/tuzlainfo.ba\/wp-content\/uploads\/2023\/06\/0806_vijece_evrope.jpg\" \/>\n\t<meta property=\"og:image:width\" content=\"1000\" \/>\n\t<meta property=\"og:image:height\" content=\"488\" \/>\n\t<meta property=\"og:image:type\" content=\"image\/jpeg\" \/>\n<meta name=\"author\" content=\"admin2\" \/>\n<meta name=\"twitter:card\" content=\"summary_large_image\" \/>\n<meta name=\"twitter:label1\" content=\"Written by\" \/>\n\t<meta name=\"twitter:data1\" content=\"admin2\" \/>\n\t<meta name=\"twitter:label2\" content=\"Est. reading time\" \/>\n\t<meta name=\"twitter:data2\" content=\"4 minute\" \/>\n<script type=\"application\/ld+json\" class=\"yoast-schema-graph\">{\"@context\":\"https:\\\/\\\/schema.org\",\"@graph\":[{\"@type\":\"Article\",\"@id\":\"https:\\\/\\\/tuzlainfo.ba\\\/index.php\\\/bosna-i-hercegovina\\\/item\\\/251264-magazinovic-i-cudic-sprijecili-smo-lobiranja-vijece-evrope-ce-podrzati-rezoluciju-o-srebrenici\\\/#article\",\"isPartOf\":{\"@id\":\"https:\\\/\\\/tuzlainfo.ba\\\/index.php\\\/bosna-i-hercegovina\\\/item\\\/251264-magazinovic-i-cudic-sprijecili-smo-lobiranja-vijece-evrope-ce-podrzati-rezoluciju-o-srebrenici\\\/\"},\"author\":{\"name\":\"admin2\",\"@id\":\"https:\\\/\\\/tuzlainfo.ba\\\/#\\\/schema\\\/person\\\/f4ebe4fff27e68efb65fa7e18f8af372\"},\"headline\":\"Magazinovi\u0107 i \u0106udi\u0107: Sprije\u010dili smo lobiranja, Vije\u0107e Evrope \u0107e podr\u017eati Rezoluciju o Srebrenici\",\"datePublished\":\"2024-10-01T12:26:12+00:00\",\"mainEntityOfPage\":{\"@id\":\"https:\\\/\\\/tuzlainfo.ba\\\/index.php\\\/bosna-i-hercegovina\\\/item\\\/251264-magazinovic-i-cudic-sprijecili-smo-lobiranja-vijece-evrope-ce-podrzati-rezoluciju-o-srebrenici\\\/\"},\"wordCount\":609,\"publisher\":{\"@id\":\"https:\\\/\\\/tuzlainfo.ba\\\/#organization\"},\"image\":{\"@id\":\"https:\\\/\\\/tuzlainfo.ba\\\/index.php\\\/bosna-i-hercegovina\\\/item\\\/251264-magazinovic-i-cudic-sprijecili-smo-lobiranja-vijece-evrope-ce-podrzati-rezoluciju-o-srebrenici\\\/#primaryimage\"},\"thumbnailUrl\":\"https:\\\/\\\/tuzlainfo.ba\\\/wp-content\\\/uploads\\\/2023\\\/06\\\/0806_vijece_evrope.jpg\",\"keywords\":[\"Sabina \u0107udi\u0107\",\"sa\u0161a magazinovi\u0107\",\"Vije\u0107e evrope\"],\"articleSection\":[\"Bosna i Hercegovina\"],\"inLanguage\":\"bs-BA\",\"copyrightYear\":\"2024\",\"copyrightHolder\":{\"@id\":\"https:\\\/\\\/tuzlainfo.ba\\\/#organization\"}},{\"@type\":\"WebPage\",\"@id\":\"https:\\\/\\\/tuzlainfo.ba\\\/index.php\\\/bosna-i-hercegovina\\\/item\\\/251264-magazinovic-i-cudic-sprijecili-smo-lobiranja-vijece-evrope-ce-podrzati-rezoluciju-o-srebrenici\\\/\",\"url\":\"https:\\\/\\\/tuzlainfo.ba\\\/index.php\\\/bosna-i-hercegovina\\\/item\\\/251264-magazinovic-i-cudic-sprijecili-smo-lobiranja-vijece-evrope-ce-podrzati-rezoluciju-o-srebrenici\\\/\",\"name\":\"Magazinovi\u0107 i \u0106udi\u0107: Sprije\u010dili smo lobiranja, Vije\u0107e Evrope \u0107e podr\u017eati Rezoluciju o Srebrenici\",\"isPartOf\":{\"@id\":\"https:\\\/\\\/tuzlainfo.ba\\\/#website\"},\"primaryImageOfPage\":{\"@id\":\"https:\\\/\\\/tuzlainfo.ba\\\/index.php\\\/bosna-i-hercegovina\\\/item\\\/251264-magazinovic-i-cudic-sprijecili-smo-lobiranja-vijece-evrope-ce-podrzati-rezoluciju-o-srebrenici\\\/#primaryimage\"},\"image\":{\"@id\":\"https:\\\/\\\/tuzlainfo.ba\\\/index.php\\\/bosna-i-hercegovina\\\/item\\\/251264-magazinovic-i-cudic-sprijecili-smo-lobiranja-vijece-evrope-ce-podrzati-rezoluciju-o-srebrenici\\\/#primaryimage\"},\"thumbnailUrl\":\"https:\\\/\\\/tuzlainfo.ba\\\/wp-content\\\/uploads\\\/2023\\\/06\\\/0806_vijece_evrope.jpg\",\"datePublished\":\"2024-10-01T12:26:12+00:00\",\"breadcrumb\":{\"@id\":\"https:\\\/\\\/tuzlainfo.ba\\\/index.php\\\/bosna-i-hercegovina\\\/item\\\/251264-magazinovic-i-cudic-sprijecili-smo-lobiranja-vijece-evrope-ce-podrzati-rezoluciju-o-srebrenici\\\/#breadcrumb\"},\"inLanguage\":\"bs-BA\",\"potentialAction\":[{\"@type\":\"ReadAction\",\"target\":[\"https:\\\/\\\/tuzlainfo.ba\\\/index.php\\\/bosna-i-hercegovina\\\/item\\\/251264-magazinovic-i-cudic-sprijecili-smo-lobiranja-vijece-evrope-ce-podrzati-rezoluciju-o-srebrenici\\\/\"]}]},{\"@type\":\"ImageObject\",\"inLanguage\":\"bs-BA\",\"@id\":\"https:\\\/\\\/tuzlainfo.ba\\\/index.php\\\/bosna-i-hercegovina\\\/item\\\/251264-magazinovic-i-cudic-sprijecili-smo-lobiranja-vijece-evrope-ce-podrzati-rezoluciju-o-srebrenici\\\/#primaryimage\",\"url\":\"https:\\\/\\\/tuzlainfo.ba\\\/wp-content\\\/uploads\\\/2023\\\/06\\\/0806_vijece_evrope.jpg\",\"contentUrl\":\"https:\\\/\\\/tuzlainfo.ba\\\/wp-content\\\/uploads\\\/2023\\\/06\\\/0806_vijece_evrope.jpg\",\"width\":1000,\"height\":488},{\"@type\":\"BreadcrumbList\",\"@id\":\"https:\\\/\\\/tuzlainfo.ba\\\/index.php\\\/bosna-i-hercegovina\\\/item\\\/251264-magazinovic-i-cudic-sprijecili-smo-lobiranja-vijece-evrope-ce-podrzati-rezoluciju-o-srebrenici\\\/#breadcrumb\",\"itemListElement\":[{\"@type\":\"ListItem\",\"position\":1,\"name\":\"Home\",\"item\":\"https:\\\/\\\/tuzlainfo.ba\\\/\"},{\"@type\":\"ListItem\",\"position\":2,\"name\":\"Magazinovi\u0107 i \u0106udi\u0107: Sprije\u010dili smo lobiranja, Vije\u0107e Evrope \u0107e podr\u017eati Rezoluciju o Srebrenici\"}]},{\"@type\":\"WebSite\",\"@id\":\"https:\\\/\\\/tuzlainfo.ba\\\/#website\",\"url\":\"https:\\\/\\\/tuzlainfo.ba\\\/\",\"name\":\"TuzlaInfo.ba\",\"description\":\"Tuzla info, gradski informator - Tuzla na dlanu\",\"publisher\":{\"@id\":\"https:\\\/\\\/tuzlainfo.ba\\\/#organization\"},\"potentialAction\":[{\"@type\":\"SearchAction\",\"target\":{\"@type\":\"EntryPoint\",\"urlTemplate\":\"https:\\\/\\\/tuzlainfo.ba\\\/?s={search_term_string}\"},\"query-input\":{\"@type\":\"PropertyValueSpecification\",\"valueRequired\":true,\"valueName\":\"search_term_string\"}}],\"inLanguage\":\"bs-BA\"},{\"@type\":\"Organization\",\"@id\":\"https:\\\/\\\/tuzlainfo.ba\\\/#organization\",\"name\":\"TuzlaInfo.ba\",\"url\":\"https:\\\/\\\/tuzlainfo.ba\\\/\",\"logo\":{\"@type\":\"ImageObject\",\"inLanguage\":\"bs-BA\",\"@id\":\"https:\\\/\\\/tuzlainfo.ba\\\/#\\\/schema\\\/logo\\\/image\\\/\",\"url\":\"https:\\\/\\\/tuzlainfo.ba\\\/wp-content\\\/uploads\\\/2021\\\/03\\\/logo-ver-3-1.png\",\"contentUrl\":\"https:\\\/\\\/tuzlainfo.ba\\\/wp-content\\\/uploads\\\/2021\\\/03\\\/logo-ver-3-1.png\",\"width\":350,\"height\":95,\"caption\":\"TuzlaInfo.ba\"},\"image\":{\"@id\":\"https:\\\/\\\/tuzlainfo.ba\\\/#\\\/schema\\\/logo\\\/image\\\/\"},\"sameAs\":[\"https:\\\/\\\/www.facebook.com\\\/tuzlainfo.ba\\\/\"]},{\"@type\":\"Person\",\"@id\":\"https:\\\/\\\/tuzlainfo.ba\\\/#\\\/schema\\\/person\\\/f4ebe4fff27e68efb65fa7e18f8af372\",\"name\":\"admin2\",\"image\":{\"@type\":\"ImageObject\",\"inLanguage\":\"bs-BA\",\"@id\":\"https:\\\/\\\/secure.gravatar.com\\\/avatar\\\/6474d9b45292367fa11d981175d83642ccdae059a6b7eabe5fed313d54ead5cb?s=96&d=mm&r=g\",\"url\":\"https:\\\/\\\/secure.gravatar.com\\\/avatar\\\/6474d9b45292367fa11d981175d83642ccdae059a6b7eabe5fed313d54ead5cb?s=96&d=mm&r=g\",\"contentUrl\":\"https:\\\/\\\/secure.gravatar.com\\\/avatar\\\/6474d9b45292367fa11d981175d83642ccdae059a6b7eabe5fed313d54ead5cb?s=96&d=mm&r=g\",\"caption\":\"admin2\"},\"description\":\"Tuzlainfo.ba pratite na dru\u0161tvenim mre\u017eama: Facebook, Instagram i Youtube. Svoje pri\u010de, upite i fotografije \u0161aljite na na\u0161u e-mail adresu.\",\"sameAs\":[\"admin\"]}]}<\/script>\n<!-- \/ Yoast SEO plugin. -->","yoast_head_json":{"title":"Magazinovi\u0107 i \u0106udi\u0107: Sprije\u010dili smo lobiranja, Vije\u0107e Evrope \u0107e podr\u017eati Rezoluciju o Srebrenici","robots":{"index":"index","follow":"follow","max-snippet":"max-snippet:-1","max-image-preview":"max-image-preview:large","max-video-preview":"max-video-preview:-1"},"canonical":"https:\/\/tuzlainfo.ba\/index.php\/bosna-i-hercegovina\/item\/251264-magazinovic-i-cudic-sprijecili-smo-lobiranja-vijece-evrope-ce-podrzati-rezoluciju-o-srebrenici\/","og_locale":"bs_BA","og_type":"article","og_title":"Magazinovi\u0107 i \u0106udi\u0107: Sprije\u010dili smo lobiranja, Vije\u0107e Evrope \u0107e podr\u017eati Rezoluciju o Srebrenici","og_description":"U povodu predstoje\u0107eg usvajanja Rezolucije o Bosni i Hercegovini u Parlamentarnoj skup\u0161tini Vije\u0107a Evrope (PSVE) u Strasbourgu, predsjedavaju\u0107i delegacije Parlamenta BiH u PSVE Sa\u0161a Magazinovi\u0107\u00a0 i \u010dlanica delegacije Sabina \u0106udi\u0107 danas su, 1. oktobra, dali zajedni\u010dku izjavu za javnost: &#8220;U proteklim mjesecima smo u ti\u0161ini i sa posve\u0107eno\u0161\u0107u istini radili na tekstu Rezolucije o BiH [&hellip;]","og_url":"https:\/\/tuzlainfo.ba\/index.php\/bosna-i-hercegovina\/item\/251264-magazinovic-i-cudic-sprijecili-smo-lobiranja-vijece-evrope-ce-podrzati-rezoluciju-o-srebrenici\/","og_site_name":"TuzlaInfo.ba","article_publisher":"https:\/\/www.facebook.com\/tuzlainfo.ba\/","article_published_time":"2024-10-01T12:26:12+00:00","og_image":[{"width":1000,"height":488,"url":"https:\/\/tuzlainfo.ba\/wp-content\/uploads\/2023\/06\/0806_vijece_evrope.jpg","type":"image\/jpeg"}],"author":"admin2","twitter_card":"summary_large_image","twitter_misc":{"Written by":"admin2","Est. reading time":"4 minute"},"schema":{"@context":"https:\/\/schema.org","@graph":[{"@type":"Article","@id":"https:\/\/tuzlainfo.ba\/index.php\/bosna-i-hercegovina\/item\/251264-magazinovic-i-cudic-sprijecili-smo-lobiranja-vijece-evrope-ce-podrzati-rezoluciju-o-srebrenici\/#article","isPartOf":{"@id":"https:\/\/tuzlainfo.ba\/index.php\/bosna-i-hercegovina\/item\/251264-magazinovic-i-cudic-sprijecili-smo-lobiranja-vijece-evrope-ce-podrzati-rezoluciju-o-srebrenici\/"},"author":{"name":"admin2","@id":"https:\/\/tuzlainfo.ba\/#\/schema\/person\/f4ebe4fff27e68efb65fa7e18f8af372"},"headline":"Magazinovi\u0107 i \u0106udi\u0107: Sprije\u010dili smo lobiranja, Vije\u0107e Evrope \u0107e podr\u017eati Rezoluciju o Srebrenici","datePublished":"2024-10-01T12:26:12+00:00","mainEntityOfPage":{"@id":"https:\/\/tuzlainfo.ba\/index.php\/bosna-i-hercegovina\/item\/251264-magazinovic-i-cudic-sprijecili-smo-lobiranja-vijece-evrope-ce-podrzati-rezoluciju-o-srebrenici\/"},"wordCount":609,"publisher":{"@id":"https:\/\/tuzlainfo.ba\/#organization"},"image":{"@id":"https:\/\/tuzlainfo.ba\/index.php\/bosna-i-hercegovina\/item\/251264-magazinovic-i-cudic-sprijecili-smo-lobiranja-vijece-evrope-ce-podrzati-rezoluciju-o-srebrenici\/#primaryimage"},"thumbnailUrl":"https:\/\/tuzlainfo.ba\/wp-content\/uploads\/2023\/06\/0806_vijece_evrope.jpg","keywords":["Sabina \u0107udi\u0107","sa\u0161a magazinovi\u0107","Vije\u0107e evrope"],"articleSection":["Bosna i Hercegovina"],"inLanguage":"bs-BA","copyrightYear":"2024","copyrightHolder":{"@id":"https:\/\/tuzlainfo.ba\/#organization"}},{"@type":"WebPage","@id":"https:\/\/tuzlainfo.ba\/index.php\/bosna-i-hercegovina\/item\/251264-magazinovic-i-cudic-sprijecili-smo-lobiranja-vijece-evrope-ce-podrzati-rezoluciju-o-srebrenici\/","url":"https:\/\/tuzlainfo.ba\/index.php\/bosna-i-hercegovina\/item\/251264-magazinovic-i-cudic-sprijecili-smo-lobiranja-vijece-evrope-ce-podrzati-rezoluciju-o-srebrenici\/","name":"Magazinovi\u0107 i \u0106udi\u0107: Sprije\u010dili smo lobiranja, Vije\u0107e Evrope \u0107e podr\u017eati Rezoluciju o Srebrenici","isPartOf":{"@id":"https:\/\/tuzlainfo.ba\/#website"},"primaryImageOfPage":{"@id":"https:\/\/tuzlainfo.ba\/index.php\/bosna-i-hercegovina\/item\/251264-magazinovic-i-cudic-sprijecili-smo-lobiranja-vijece-evrope-ce-podrzati-rezoluciju-o-srebrenici\/#primaryimage"},"image":{"@id":"https:\/\/tuzlainfo.ba\/index.php\/bosna-i-hercegovina\/item\/251264-magazinovic-i-cudic-sprijecili-smo-lobiranja-vijece-evrope-ce-podrzati-rezoluciju-o-srebrenici\/#primaryimage"},"thumbnailUrl":"https:\/\/tuzlainfo.ba\/wp-content\/uploads\/2023\/06\/0806_vijece_evrope.jpg","datePublished":"2024-10-01T12:26:12+00:00","breadcrumb":{"@id":"https:\/\/tuzlainfo.ba\/index.php\/bosna-i-hercegovina\/item\/251264-magazinovic-i-cudic-sprijecili-smo-lobiranja-vijece-evrope-ce-podrzati-rezoluciju-o-srebrenici\/#breadcrumb"},"inLanguage":"bs-BA","potentialAction":[{"@type":"ReadAction","target":["https:\/\/tuzlainfo.ba\/index.php\/bosna-i-hercegovina\/item\/251264-magazinovic-i-cudic-sprijecili-smo-lobiranja-vijece-evrope-ce-podrzati-rezoluciju-o-srebrenici\/"]}]},{"@type":"ImageObject","inLanguage":"bs-BA","@id":"https:\/\/tuzlainfo.ba\/index.php\/bosna-i-hercegovina\/item\/251264-magazinovic-i-cudic-sprijecili-smo-lobiranja-vijece-evrope-ce-podrzati-rezoluciju-o-srebrenici\/#primaryimage","url":"https:\/\/tuzlainfo.ba\/wp-content\/uploads\/2023\/06\/0806_vijece_evrope.jpg","contentUrl":"https:\/\/tuzlainfo.ba\/wp-content\/uploads\/2023\/06\/0806_vijece_evrope.jpg","width":1000,"height":488},{"@type":"BreadcrumbList","@id":"https:\/\/tuzlainfo.ba\/index.php\/bosna-i-hercegovina\/item\/251264-magazinovic-i-cudic-sprijecili-smo-lobiranja-vijece-evrope-ce-podrzati-rezoluciju-o-srebrenici\/#breadcrumb","itemListElement":[{"@type":"ListItem","position":1,"name":"Home","item":"https:\/\/tuzlainfo.ba\/"},{"@type":"ListItem","position":2,"name":"Magazinovi\u0107 i \u0106udi\u0107: Sprije\u010dili smo lobiranja, Vije\u0107e Evrope \u0107e podr\u017eati Rezoluciju o Srebrenici"}]},{"@type":"WebSite","@id":"https:\/\/tuzlainfo.ba\/#website","url":"https:\/\/tuzlainfo.ba\/","name":"TuzlaInfo.ba","description":"Tuzla info, gradski informator - Tuzla na dlanu","publisher":{"@id":"https:\/\/tuzlainfo.ba\/#organization"},"potentialAction":[{"@type":"SearchAction","target":{"@type":"EntryPoint","urlTemplate":"https:\/\/tuzlainfo.ba\/?s={search_term_string}"},"query-input":{"@type":"PropertyValueSpecification","valueRequired":true,"valueName":"search_term_string"}}],"inLanguage":"bs-BA"},{"@type":"Organization","@id":"https:\/\/tuzlainfo.ba\/#organization","name":"TuzlaInfo.ba","url":"https:\/\/tuzlainfo.ba\/","logo":{"@type":"ImageObject","inLanguage":"bs-BA","@id":"https:\/\/tuzlainfo.ba\/#\/schema\/logo\/image\/","url":"https:\/\/tuzlainfo.ba\/wp-content\/uploads\/2021\/03\/logo-ver-3-1.png","contentUrl":"https:\/\/tuzlainfo.ba\/wp-content\/uploads\/2021\/03\/logo-ver-3-1.png","width":350,"height":95,"caption":"TuzlaInfo.ba"},"image":{"@id":"https:\/\/tuzlainfo.ba\/#\/schema\/logo\/image\/"},"sameAs":["https:\/\/www.facebook.com\/tuzlainfo.ba\/"]},{"@type":"Person","@id":"https:\/\/tuzlainfo.ba\/#\/schema\/person\/f4ebe4fff27e68efb65fa7e18f8af372","name":"admin2","image":{"@type":"ImageObject","inLanguage":"bs-BA","@id":"https:\/\/secure.gravatar.com\/avatar\/6474d9b45292367fa11d981175d83642ccdae059a6b7eabe5fed313d54ead5cb?s=96&d=mm&r=g","url":"https:\/\/secure.gravatar.com\/avatar\/6474d9b45292367fa11d981175d83642ccdae059a6b7eabe5fed313d54ead5cb?s=96&d=mm&r=g","contentUrl":"https:\/\/secure.gravatar.com\/avatar\/6474d9b45292367fa11d981175d83642ccdae059a6b7eabe5fed313d54ead5cb?s=96&d=mm&r=g","caption":"admin2"},"description":"Tuzlainfo.ba pratite na dru\u0161tvenim mre\u017eama: Facebook, Instagram i Youtube. Svoje pri\u010de, upite i fotografije \u0161aljite na na\u0161u e-mail adresu.","sameAs":["admin"]}]}},"_links":{"self":[{"href":"https:\/\/tuzlainfo.ba\/index.php\/wp-json\/wp\/v2\/posts\/251264","targetHints":{"allow":["GET"]}}],"collection":[{"href":"https:\/\/tuzlainfo.ba\/index.php\/wp-json\/wp\/v2\/posts"}],"about":[{"href":"https:\/\/tuzlainfo.ba\/index.php\/wp-json\/wp\/v2\/types\/post"}],"author":[{"embeddable":true,"href":"https:\/\/tuzlainfo.ba\/index.php\/wp-json\/wp\/v2\/users\/3"}],"replies":[{"embeddable":true,"href":"https:\/\/tuzlainfo.ba\/index.php\/wp-json\/wp\/v2\/comments?post=251264"}],"version-history":[{"count":1,"href":"https:\/\/tuzlainfo.ba\/index.php\/wp-json\/wp\/v2\/posts\/251264\/revisions"}],"predecessor-version":[{"id":251265,"href":"https:\/\/tuzlainfo.ba\/index.php\/wp-json\/wp\/v2\/posts\/251264\/revisions\/251265"}],"wp:featuredmedia":[{"embeddable":true,"href":"https:\/\/tuzlainfo.ba\/index.php\/wp-json\/wp\/v2\/media\/206856"}],"wp:attachment":[{"href":"https:\/\/tuzlainfo.ba\/index.php\/wp-json\/wp\/v2\/media?parent=251264"}],"wp:term":[{"taxonomy":"category","embeddable":true,"href":"https:\/\/tuzlainfo.ba\/index.php\/wp-json\/wp\/v2\/categories?post=251264"},{"taxonomy":"post_tag","embeddable":true,"href":"https:\/\/tuzlainfo.ba\/index.php\/wp-json\/wp\/v2\/tags?post=251264"}],"curies":[{"name":"wp","href":"https:\/\/api.w.org\/{rel}","templated":true}]}}