{"id":251029,"date":"2024-09-28T08:56:57","date_gmt":"2024-09-28T06:56:57","guid":{"rendered":"https:\/\/tuzlainfo.ba\/?p=251029"},"modified":"2024-09-28T08:56:57","modified_gmt":"2024-09-28T06:56:57","slug":"sta-se-sprema-biden-naredio-pentagonu-da-prilagodi-polozaje-americke-vojske-na-bliskom-istoku","status":"publish","type":"post","link":"https:\/\/tuzlainfo.ba\/index.php\/clanci\/sa-svih-strana\/item\/251029-sta-se-sprema-biden-naredio-pentagonu-da-prilagodi-polozaje-americke-vojske-na-bliskom-istoku\/","title":{"rendered":"\u0160ta se sprema: Biden naredio Pentagonu da prilagodi polo\u017eaje ameri\u010dke vojske na Bliskom istoku"},"content":{"rendered":"<p>Ameri\u010dki predsjednik Joe Biden naredio je Pentagonu da &#8220;procijeni i prilagodi polo\u017eaj ameri\u010dkih snaga&#8221; na Bliskom istoku, navodi Bijela ku\u0107a poslije izraelskih napada na Bejrut.<\/p>\n<p>U saop\u0161tenju se navodi da je Bidena njegov tim za nacionalnu sigurnost obavijestio o najnovijim de\u0161avanjima na Bliskom istoku.<\/p>\n<p>&#8220;Biden je Pentagonu naredio da procijeni i prilagodi polo\u017eaj ameri\u010dkih snaga u regiji kako bi se pobolj\u0161alo odvra\u0107anje, osigurala za\u0161tita snaga i podr\u017eao niz ameri\u010dkih ciljeva&#8221;, navodi se u saop\u0161tenju iz Bijele ku\u0107e.<\/p>\n<p>Izraelski avioni izveli su vi\u0161e od 40 te\u0161kih zra\u010dnih napada na ju\u017ena predgra\u0111a Bejruta tokom protekle no\u0107i, tvrde\u0107i da su pogodili glavni \u0161tab libanske grupe Hezbollah.<\/p>\n<p>Ministarstvo zdravlja Libana saop\u0161tilo je da je \u0161est osoba poginulo, a 91 je povrije\u0111ena u napadima.<\/p>\n","protected":false},"excerpt":{"rendered":"<p>Ameri\u010dki predsjednik Joe Biden naredio je Pentagonu da &#8220;procijeni i prilagodi polo\u017eaj ameri\u010dkih snaga&#8221; na&hellip;<\/p>\n","protected":false},"author":2,"featured_media":219217,"comment_status":"closed","ping_status":"closed","sticky":false,"template":"","format":"standard","meta":{"_acf_changed":false,"footnotes":""},"categories":[16],"tags":[1533,11132],"acf":[],"yoast_head":"<!-- This site is optimized with the Yoast SEO plugin v23.5 - https:\/\/yoast.com\/wordpress\/plugins\/seo\/ -->\n<title>\u0160ta se sprema: Biden naredio Pentagonu da prilagodi polo\u017eaje ameri\u010dke vojske na Bliskom istoku - TuzlaInfo.ba<\/title>\n<meta name=\"robots\" content=\"index, follow, max-snippet:-1, max-image-preview:large, max-video-preview:-1\" \/>\n<link rel=\"canonical\" href=\"https:\/\/tuzlainfo.ba\/index.php\/clanci\/sa-svih-strana\/item\/251029-sta-se-sprema-biden-naredio-pentagonu-da-prilagodi-polozaje-americke-vojske-na-bliskom-istoku\/\" \/>\n<meta property=\"og:locale\" content=\"bs_BA\" \/>\n<meta property=\"og:type\" content=\"article\" \/>\n<meta property=\"og:title\" content=\"\u0160ta se sprema: Biden naredio Pentagonu da prilagodi polo\u017eaje ameri\u010dke vojske na Bliskom istoku - TuzlaInfo.ba\" \/>\n<meta property=\"og:description\" content=\"Ameri\u010dki predsjednik Joe Biden naredio je Pentagonu da &#8220;procijeni i prilagodi polo\u017eaj ameri\u010dkih snaga&#8221; na&hellip;\" \/>\n<meta property=\"og:url\" content=\"https:\/\/tuzlainfo.ba\/index.php\/clanci\/sa-svih-strana\/item\/251029-sta-se-sprema-biden-naredio-pentagonu-da-prilagodi-polozaje-americke-vojske-na-bliskom-istoku\/\" \/>\n<meta property=\"og:site_name\" content=\"TuzlaInfo.ba\" \/>\n<meta property=\"article:publisher\" content=\"https:\/\/www.facebook.com\/tuzlainfo.ba\/\" \/>\n<meta property=\"article:published_time\" content=\"2024-09-28T06:56:57+00:00\" \/>\n<meta property=\"og:image\" content=\"https:\/\/tuzlainfo.ba\/wp-content\/uploads\/2023\/10\/0810_nosac_aviona.jpg\" \/>\n\t<meta property=\"og:image:width\" content=\"1897\" \/>\n\t<meta property=\"og:image:height\" content=\"931\" \/>\n\t<meta property=\"og:image:type\" content=\"image\/jpeg\" \/>\n<meta name=\"author\" content=\"nedim\" \/>\n<meta name=\"twitter:card\" content=\"summary_large_image\" \/>\n<meta name=\"twitter:label1\" content=\"Written by\" \/>\n\t<meta name=\"twitter:data1\" content=\"nedim\" \/>\n\t<meta name=\"twitter:label2\" content=\"Est. reading time\" \/>\n\t<meta name=\"twitter:data2\" content=\"1 minuta\" \/>\n<script type=\"application\/ld+json\" class=\"yoast-schema-graph\">{\"@context\":\"https:\/\/schema.org\",\"@graph\":[{\"@type\":\"Article\",\"@id\":\"https:\/\/tuzlainfo.ba\/index.php\/clanci\/sa-svih-strana\/item\/251029-sta-se-sprema-biden-naredio-pentagonu-da-prilagodi-polozaje-americke-vojske-na-bliskom-istoku\/#article\",\"isPartOf\":{\"@id\":\"https:\/\/tuzlainfo.ba\/index.php\/clanci\/sa-svih-strana\/item\/251029-sta-se-sprema-biden-naredio-pentagonu-da-prilagodi-polozaje-americke-vojske-na-bliskom-istoku\/\"},\"author\":{\"name\":\"nedim\",\"@id\":\"https:\/\/tuzlainfo.ba\/#\/schema\/person\/f434e20dc27ea133923aab08451b7f7f\"},\"headline\":\"\u0160ta se sprema: Biden naredio Pentagonu da prilagodi polo\u017eaje ameri\u010dke vojske na Bliskom istoku\",\"datePublished\":\"2024-09-28T06:56:57+00:00\",\"dateModified\":\"2024-09-28T06:56:57+00:00\",\"mainEntityOfPage\":{\"@id\":\"https:\/\/tuzlainfo.ba\/index.php\/clanci\/sa-svih-strana\/item\/251029-sta-se-sprema-biden-naredio-pentagonu-da-prilagodi-polozaje-americke-vojske-na-bliskom-istoku\/\"},\"wordCount\":157,\"publisher\":{\"@id\":\"https:\/\/tuzlainfo.ba\/#organization\"},\"image\":{\"@id\":\"https:\/\/tuzlainfo.ba\/index.php\/clanci\/sa-svih-strana\/item\/251029-sta-se-sprema-biden-naredio-pentagonu-da-prilagodi-polozaje-americke-vojske-na-bliskom-istoku\/#primaryimage\"},\"thumbnailUrl\":\"https:\/\/tuzlainfo.ba\/wp-content\/uploads\/2023\/10\/0810_nosac_aviona.jpg\",\"keywords\":[\"joe biden\",\"prentagon\"],\"articleSection\":[\"Sa svih strana\"],\"inLanguage\":\"bs-BA\"},{\"@type\":\"WebPage\",\"@id\":\"https:\/\/tuzlainfo.ba\/index.php\/clanci\/sa-svih-strana\/item\/251029-sta-se-sprema-biden-naredio-pentagonu-da-prilagodi-polozaje-americke-vojske-na-bliskom-istoku\/\",\"url\":\"https:\/\/tuzlainfo.ba\/index.php\/clanci\/sa-svih-strana\/item\/251029-sta-se-sprema-biden-naredio-pentagonu-da-prilagodi-polozaje-americke-vojske-na-bliskom-istoku\/\",\"name\":\"\u0160ta se sprema: Biden naredio Pentagonu da prilagodi polo\u017eaje ameri\u010dke vojske na Bliskom istoku - TuzlaInfo.ba\",\"isPartOf\":{\"@id\":\"https:\/\/tuzlainfo.ba\/#website\"},\"primaryImageOfPage\":{\"@id\":\"https:\/\/tuzlainfo.ba\/index.php\/clanci\/sa-svih-strana\/item\/251029-sta-se-sprema-biden-naredio-pentagonu-da-prilagodi-polozaje-americke-vojske-na-bliskom-istoku\/#primaryimage\"},\"image\":{\"@id\":\"https:\/\/tuzlainfo.ba\/index.php\/clanci\/sa-svih-strana\/item\/251029-sta-se-sprema-biden-naredio-pentagonu-da-prilagodi-polozaje-americke-vojske-na-bliskom-istoku\/#primaryimage\"},\"thumbnailUrl\":\"https:\/\/tuzlainfo.ba\/wp-content\/uploads\/2023\/10\/0810_nosac_aviona.jpg\",\"datePublished\":\"2024-09-28T06:56:57+00:00\",\"dateModified\":\"2024-09-28T06:56:57+00:00\",\"breadcrumb\":{\"@id\":\"https:\/\/tuzlainfo.ba\/index.php\/clanci\/sa-svih-strana\/item\/251029-sta-se-sprema-biden-naredio-pentagonu-da-prilagodi-polozaje-americke-vojske-na-bliskom-istoku\/#breadcrumb\"},\"inLanguage\":\"bs-BA\",\"potentialAction\":[{\"@type\":\"ReadAction\",\"target\":[\"https:\/\/tuzlainfo.ba\/index.php\/clanci\/sa-svih-strana\/item\/251029-sta-se-sprema-biden-naredio-pentagonu-da-prilagodi-polozaje-americke-vojske-na-bliskom-istoku\/\"]}]},{\"@type\":\"ImageObject\",\"inLanguage\":\"bs-BA\",\"@id\":\"https:\/\/tuzlainfo.ba\/index.php\/clanci\/sa-svih-strana\/item\/251029-sta-se-sprema-biden-naredio-pentagonu-da-prilagodi-polozaje-americke-vojske-na-bliskom-istoku\/#primaryimage\",\"url\":\"https:\/\/tuzlainfo.ba\/wp-content\/uploads\/2023\/10\/0810_nosac_aviona.jpg\",\"contentUrl\":\"https:\/\/tuzlainfo.ba\/wp-content\/uploads\/2023\/10\/0810_nosac_aviona.jpg\",\"width\":1897,\"height\":931,\"caption\":\"USS Gerald R. Ford \/ Foto: NATO\"},{\"@type\":\"BreadcrumbList\",\"@id\":\"https:\/\/tuzlainfo.ba\/index.php\/clanci\/sa-svih-strana\/item\/251029-sta-se-sprema-biden-naredio-pentagonu-da-prilagodi-polozaje-americke-vojske-na-bliskom-istoku\/#breadcrumb\",\"itemListElement\":[{\"@type\":\"ListItem\",\"position\":1,\"name\":\"Home\",\"item\":\"https:\/\/tuzlainfo.ba\/\"},{\"@type\":\"ListItem\",\"position\":2,\"name\":\"\u0160ta se sprema: Biden naredio Pentagonu da prilagodi polo\u017eaje ameri\u010dke vojske na Bliskom istoku\"}]},{\"@type\":\"WebSite\",\"@id\":\"https:\/\/tuzlainfo.ba\/#website\",\"url\":\"https:\/\/tuzlainfo.ba\/\",\"name\":\"TuzlaInfo.ba\",\"description\":\"Tuzla info, gradski informator - Tuzla na dlanu\",\"publisher\":{\"@id\":\"https:\/\/tuzlainfo.ba\/#organization\"},\"potentialAction\":[{\"@type\":\"SearchAction\",\"target\":{\"@type\":\"EntryPoint\",\"urlTemplate\":\"https:\/\/tuzlainfo.ba\/?s={search_term_string}\"},\"query-input\":{\"@type\":\"PropertyValueSpecification\",\"valueRequired\":true,\"valueName\":\"search_term_string\"}}],\"inLanguage\":\"bs-BA\"},{\"@type\":\"Organization\",\"@id\":\"https:\/\/tuzlainfo.ba\/#organization\",\"name\":\"TuzlaInfo.ba\",\"url\":\"https:\/\/tuzlainfo.ba\/\",\"logo\":{\"@type\":\"ImageObject\",\"inLanguage\":\"bs-BA\",\"@id\":\"https:\/\/tuzlainfo.ba\/#\/schema\/logo\/image\/\",\"url\":\"https:\/\/tuzlainfo.ba\/wp-content\/uploads\/2021\/03\/logo-ver-3-1.png\",\"contentUrl\":\"https:\/\/tuzlainfo.ba\/wp-content\/uploads\/2021\/03\/logo-ver-3-1.png\",\"width\":350,\"height\":95,\"caption\":\"TuzlaInfo.ba\"},\"image\":{\"@id\":\"https:\/\/tuzlainfo.ba\/#\/schema\/logo\/image\/\"},\"sameAs\":[\"https:\/\/www.facebook.com\/tuzlainfo.ba\/\"]},{\"@type\":\"Person\",\"@id\":\"https:\/\/tuzlainfo.ba\/#\/schema\/person\/f434e20dc27ea133923aab08451b7f7f\",\"name\":\"nedim\",\"image\":{\"@type\":\"ImageObject\",\"inLanguage\":\"bs-BA\",\"@id\":\"https:\/\/tuzlainfo.ba\/#\/schema\/person\/image\/\",\"url\":\"https:\/\/tuzlainfo.ba\/wp-content\/litespeed\/avatar\/aabad687af24844af817603ac1cbdc4f.jpg?ver=1777306975\",\"contentUrl\":\"https:\/\/tuzlainfo.ba\/wp-content\/litespeed\/avatar\/aabad687af24844af817603ac1cbdc4f.jpg?ver=1777306975\",\"caption\":\"nedim\"},\"description\":\"Tuzlainfo.ba pratite na dru\u0161tvenim mre\u017eama: Facebook, Instagram i Youtube. Svoje pri\u010de, upite i fotografije \u0161aljite na na\u0161u e-mail adresu.\"}]}<\/script>\n<!-- \/ Yoast SEO plugin. -->","yoast_head_json":{"title":"\u0160ta se sprema: Biden naredio Pentagonu da prilagodi polo\u017eaje ameri\u010dke vojske na Bliskom istoku - TuzlaInfo.ba","robots":{"index":"index","follow":"follow","max-snippet":"max-snippet:-1","max-image-preview":"max-image-preview:large","max-video-preview":"max-video-preview:-1"},"canonical":"https:\/\/tuzlainfo.ba\/index.php\/clanci\/sa-svih-strana\/item\/251029-sta-se-sprema-biden-naredio-pentagonu-da-prilagodi-polozaje-americke-vojske-na-bliskom-istoku\/","og_locale":"bs_BA","og_type":"article","og_title":"\u0160ta se sprema: Biden naredio Pentagonu da prilagodi polo\u017eaje ameri\u010dke vojske na Bliskom istoku - TuzlaInfo.ba","og_description":"Ameri\u010dki predsjednik Joe Biden naredio je Pentagonu da &#8220;procijeni i prilagodi polo\u017eaj ameri\u010dkih snaga&#8221; na&hellip;","og_url":"https:\/\/tuzlainfo.ba\/index.php\/clanci\/sa-svih-strana\/item\/251029-sta-se-sprema-biden-naredio-pentagonu-da-prilagodi-polozaje-americke-vojske-na-bliskom-istoku\/","og_site_name":"TuzlaInfo.ba","article_publisher":"https:\/\/www.facebook.com\/tuzlainfo.ba\/","article_published_time":"2024-09-28T06:56:57+00:00","og_image":[{"width":1897,"height":931,"url":"https:\/\/tuzlainfo.ba\/wp-content\/uploads\/2023\/10\/0810_nosac_aviona.jpg","type":"image\/jpeg"}],"author":"nedim","twitter_card":"summary_large_image","twitter_misc":{"Written by":"nedim","Est. reading time":"1 minuta"},"schema":{"@context":"https:\/\/schema.org","@graph":[{"@type":"Article","@id":"https:\/\/tuzlainfo.ba\/index.php\/clanci\/sa-svih-strana\/item\/251029-sta-se-sprema-biden-naredio-pentagonu-da-prilagodi-polozaje-americke-vojske-na-bliskom-istoku\/#article","isPartOf":{"@id":"https:\/\/tuzlainfo.ba\/index.php\/clanci\/sa-svih-strana\/item\/251029-sta-se-sprema-biden-naredio-pentagonu-da-prilagodi-polozaje-americke-vojske-na-bliskom-istoku\/"},"author":{"name":"nedim","@id":"https:\/\/tuzlainfo.ba\/#\/schema\/person\/f434e20dc27ea133923aab08451b7f7f"},"headline":"\u0160ta se sprema: Biden naredio Pentagonu da prilagodi polo\u017eaje ameri\u010dke vojske na Bliskom istoku","datePublished":"2024-09-28T06:56:57+00:00","dateModified":"2024-09-28T06:56:57+00:00","mainEntityOfPage":{"@id":"https:\/\/tuzlainfo.ba\/index.php\/clanci\/sa-svih-strana\/item\/251029-sta-se-sprema-biden-naredio-pentagonu-da-prilagodi-polozaje-americke-vojske-na-bliskom-istoku\/"},"wordCount":157,"publisher":{"@id":"https:\/\/tuzlainfo.ba\/#organization"},"image":{"@id":"https:\/\/tuzlainfo.ba\/index.php\/clanci\/sa-svih-strana\/item\/251029-sta-se-sprema-biden-naredio-pentagonu-da-prilagodi-polozaje-americke-vojske-na-bliskom-istoku\/#primaryimage"},"thumbnailUrl":"https:\/\/tuzlainfo.ba\/wp-content\/uploads\/2023\/10\/0810_nosac_aviona.jpg","keywords":["joe biden","prentagon"],"articleSection":["Sa svih strana"],"inLanguage":"bs-BA"},{"@type":"WebPage","@id":"https:\/\/tuzlainfo.ba\/index.php\/clanci\/sa-svih-strana\/item\/251029-sta-se-sprema-biden-naredio-pentagonu-da-prilagodi-polozaje-americke-vojske-na-bliskom-istoku\/","url":"https:\/\/tuzlainfo.ba\/index.php\/clanci\/sa-svih-strana\/item\/251029-sta-se-sprema-biden-naredio-pentagonu-da-prilagodi-polozaje-americke-vojske-na-bliskom-istoku\/","name":"\u0160ta se sprema: Biden naredio Pentagonu da prilagodi polo\u017eaje ameri\u010dke vojske na Bliskom istoku - TuzlaInfo.ba","isPartOf":{"@id":"https:\/\/tuzlainfo.ba\/#website"},"primaryImageOfPage":{"@id":"https:\/\/tuzlainfo.ba\/index.php\/clanci\/sa-svih-strana\/item\/251029-sta-se-sprema-biden-naredio-pentagonu-da-prilagodi-polozaje-americke-vojske-na-bliskom-istoku\/#primaryimage"},"image":{"@id":"https:\/\/tuzlainfo.ba\/index.php\/clanci\/sa-svih-strana\/item\/251029-sta-se-sprema-biden-naredio-pentagonu-da-prilagodi-polozaje-americke-vojske-na-bliskom-istoku\/#primaryimage"},"thumbnailUrl":"https:\/\/tuzlainfo.ba\/wp-content\/uploads\/2023\/10\/0810_nosac_aviona.jpg","datePublished":"2024-09-28T06:56:57+00:00","dateModified":"2024-09-28T06:56:57+00:00","breadcrumb":{"@id":"https:\/\/tuzlainfo.ba\/index.php\/clanci\/sa-svih-strana\/item\/251029-sta-se-sprema-biden-naredio-pentagonu-da-prilagodi-polozaje-americke-vojske-na-bliskom-istoku\/#breadcrumb"},"inLanguage":"bs-BA","potentialAction":[{"@type":"ReadAction","target":["https:\/\/tuzlainfo.ba\/index.php\/clanci\/sa-svih-strana\/item\/251029-sta-se-sprema-biden-naredio-pentagonu-da-prilagodi-polozaje-americke-vojske-na-bliskom-istoku\/"]}]},{"@type":"ImageObject","inLanguage":"bs-BA","@id":"https:\/\/tuzlainfo.ba\/index.php\/clanci\/sa-svih-strana\/item\/251029-sta-se-sprema-biden-naredio-pentagonu-da-prilagodi-polozaje-americke-vojske-na-bliskom-istoku\/#primaryimage","url":"https:\/\/tuzlainfo.ba\/wp-content\/uploads\/2023\/10\/0810_nosac_aviona.jpg","contentUrl":"https:\/\/tuzlainfo.ba\/wp-content\/uploads\/2023\/10\/0810_nosac_aviona.jpg","width":1897,"height":931,"caption":"USS Gerald R. Ford \/ Foto: NATO"},{"@type":"BreadcrumbList","@id":"https:\/\/tuzlainfo.ba\/index.php\/clanci\/sa-svih-strana\/item\/251029-sta-se-sprema-biden-naredio-pentagonu-da-prilagodi-polozaje-americke-vojske-na-bliskom-istoku\/#breadcrumb","itemListElement":[{"@type":"ListItem","position":1,"name":"Home","item":"https:\/\/tuzlainfo.ba\/"},{"@type":"ListItem","position":2,"name":"\u0160ta se sprema: Biden naredio Pentagonu da prilagodi polo\u017eaje ameri\u010dke vojske na Bliskom istoku"}]},{"@type":"WebSite","@id":"https:\/\/tuzlainfo.ba\/#website","url":"https:\/\/tuzlainfo.ba\/","name":"TuzlaInfo.ba","description":"Tuzla info, gradski informator - Tuzla na dlanu","publisher":{"@id":"https:\/\/tuzlainfo.ba\/#organization"},"potentialAction":[{"@type":"SearchAction","target":{"@type":"EntryPoint","urlTemplate":"https:\/\/tuzlainfo.ba\/?s={search_term_string}"},"query-input":{"@type":"PropertyValueSpecification","valueRequired":true,"valueName":"search_term_string"}}],"inLanguage":"bs-BA"},{"@type":"Organization","@id":"https:\/\/tuzlainfo.ba\/#organization","name":"TuzlaInfo.ba","url":"https:\/\/tuzlainfo.ba\/","logo":{"@type":"ImageObject","inLanguage":"bs-BA","@id":"https:\/\/tuzlainfo.ba\/#\/schema\/logo\/image\/","url":"https:\/\/tuzlainfo.ba\/wp-content\/uploads\/2021\/03\/logo-ver-3-1.png","contentUrl":"https:\/\/tuzlainfo.ba\/wp-content\/uploads\/2021\/03\/logo-ver-3-1.png","width":350,"height":95,"caption":"TuzlaInfo.ba"},"image":{"@id":"https:\/\/tuzlainfo.ba\/#\/schema\/logo\/image\/"},"sameAs":["https:\/\/www.facebook.com\/tuzlainfo.ba\/"]},{"@type":"Person","@id":"https:\/\/tuzlainfo.ba\/#\/schema\/person\/f434e20dc27ea133923aab08451b7f7f","name":"nedim","image":{"@type":"ImageObject","inLanguage":"bs-BA","@id":"https:\/\/tuzlainfo.ba\/#\/schema\/person\/image\/","url":"https:\/\/tuzlainfo.ba\/wp-content\/litespeed\/avatar\/aabad687af24844af817603ac1cbdc4f.jpg?ver=1777306975","contentUrl":"https:\/\/tuzlainfo.ba\/wp-content\/litespeed\/avatar\/aabad687af24844af817603ac1cbdc4f.jpg?ver=1777306975","caption":"nedim"},"description":"Tuzlainfo.ba pratite na dru\u0161tvenim mre\u017eama: Facebook, Instagram i Youtube. Svoje pri\u010de, upite i fotografije \u0161aljite na na\u0161u e-mail adresu."}]}},"_links":{"self":[{"href":"https:\/\/tuzlainfo.ba\/index.php\/wp-json\/wp\/v2\/posts\/251029"}],"collection":[{"href":"https:\/\/tuzlainfo.ba\/index.php\/wp-json\/wp\/v2\/posts"}],"about":[{"href":"https:\/\/tuzlainfo.ba\/index.php\/wp-json\/wp\/v2\/types\/post"}],"author":[{"embeddable":true,"href":"https:\/\/tuzlainfo.ba\/index.php\/wp-json\/wp\/v2\/users\/2"}],"replies":[{"embeddable":true,"href":"https:\/\/tuzlainfo.ba\/index.php\/wp-json\/wp\/v2\/comments?post=251029"}],"version-history":[{"count":1,"href":"https:\/\/tuzlainfo.ba\/index.php\/wp-json\/wp\/v2\/posts\/251029\/revisions"}],"predecessor-version":[{"id":251030,"href":"https:\/\/tuzlainfo.ba\/index.php\/wp-json\/wp\/v2\/posts\/251029\/revisions\/251030"}],"wp:featuredmedia":[{"embeddable":true,"href":"https:\/\/tuzlainfo.ba\/index.php\/wp-json\/wp\/v2\/media\/219217"}],"wp:attachment":[{"href":"https:\/\/tuzlainfo.ba\/index.php\/wp-json\/wp\/v2\/media?parent=251029"}],"wp:term":[{"taxonomy":"category","embeddable":true,"href":"https:\/\/tuzlainfo.ba\/index.php\/wp-json\/wp\/v2\/categories?post=251029"},{"taxonomy":"post_tag","embeddable":true,"href":"https:\/\/tuzlainfo.ba\/index.php\/wp-json\/wp\/v2\/tags?post=251029"}],"curies":[{"name":"wp","href":"https:\/\/api.w.org\/{rel}","templated":true}]}}