{"id":250776,"date":"2024-09-25T20:15:11","date_gmt":"2024-09-25T18:15:11","guid":{"rendered":"https:\/\/tuzlainfo.ba\/?p=250776"},"modified":"2024-09-25T20:17:32","modified_gmt":"2024-09-25T18:17:32","slug":"sutra-pocinje-sajam-knjiga-u-tuzli","status":"publish","type":"post","link":"https:\/\/tuzlainfo.ba\/index.php\/najava-dogadaja-2\/item\/250776-sutra-pocinje-sajam-knjiga-u-tuzli\/","title":{"rendered":"Sutra po\u010dinje Sajam knjiga u Tuzli"},"content":{"rendered":"<p><span data-contrast=\"auto\">Organizatori Sajma iz<\/span> <b><span data-contrast=\"auto\">Udru\u017eenja Gra\u0111ana ACTIVUS<\/span><\/b><span data-contrast=\"auto\"> najavljuju mno\u0161tvo zanimljivih aktivnosti.<\/span><span data-ccp-props=\"{&quot;201341983&quot;:0,&quot;335559739&quot;:160,&quot;335559740&quot;:259}\">\u00a0<\/span><\/p>\n<p><span data-contrast=\"auto\">Vi\u0161e od 20 izdava\u010dkih ku\u0107a na Sajmu \u0107e predstaviti svoja nova ali i sva ostala izdanja. Organizovano je i vi\u0161e od 40 pojedina\u010dnih promocija knji\u017eevnih dijela uz dru\u017eenje sa autorima.<\/span><span data-ccp-props=\"{&quot;201341983&quot;:0,&quot;335559739&quot;:160,&quot;335559740&quot;:259}\">\u00a0<\/span><\/p>\n<p><span data-contrast=\"auto\">Sajam knjiga u Tuzli se odr\u017eava od 26. do 29. septembra u <\/span><b><span data-contrast=\"auto\">Hrvatskom kulturnom centru \u201cSveti Franjo\u201d<\/span><\/b><span data-contrast=\"auto\"> pod <\/span><span data-contrast=\"auto\">generalnim pokroviteljstvom firme <\/span><b><span data-contrast=\"auto\">NIPEX<\/span><\/b><span data-contrast=\"auto\">, te u saradnji sa <\/span><b><span data-contrast=\"auto\">NUB Dervi\u0161 Su\u0161i\u0107<\/span><\/b><span data-contrast=\"auto\">, <\/span><b><span data-contrast=\"auto\">Dru\u0161tvom pisaca BiH<\/span><\/b><span data-contrast=\"auto\">, <\/span><b><span data-contrast=\"auto\">Pozori\u0161tem mladih Tuzla<\/span><\/b><span data-contrast=\"auto\"> i <\/span><b><span data-contrast=\"auto\">Urbanpointom. <\/span><\/b><span data-contrast=\"auto\">Organizatori se posebno zahvaljuju<\/span> <span data-contrast=\"auto\">gvardijanu <\/span><b><span data-contrast=\"auto\">fra. \u017deljku Nikoli\u0107u<\/span><\/b><span data-contrast=\"auto\">, kao i predsjedniku Med\u017elisa Islamske zajednice Tuzla prof.dr. <\/span><b><span data-contrast=\"auto\">Amiru Kari\u0107u<\/span><\/b><span data-contrast=\"auto\"> i glavnom Imamu hfz<\/span><b><span data-contrast=\"auto\">. Ahmed ef. Huskanovi\u0107u<\/span><\/b><span data-contrast=\"auto\"> za pomo\u0107 pri organizaciji Sajma knjiga u Tuzli.<\/span><span data-ccp-props=\"{&quot;201341983&quot;:0,&quot;335559739&quot;:160,&quot;335559740&quot;:259}\">\u00a0<\/span><\/p>\n<p><span data-contrast=\"auto\">Za posjetioce Sajma posebno je zanimljiv <\/span><b><span data-contrast=\"auto\">Book market<\/span><\/b><span data-contrast=\"auto\"> na kojem \u0107ete svaki dan od 12 do 19h mo\u0107i kupiti, prodati, razmjeniti ili pokloniti svoje stare knjige, stripove ili LP plo\u010de.<\/span><span data-ccp-props=\"{&quot;201341983&quot;:0,&quot;335559739&quot;:160,&quot;335559740&quot;:259}\">\u00a0<\/span><\/p>\n<p><span data-contrast=\"auto\">Sve\u010dano otvaranje Sajma je u \u010detvrtak u 11 sati i 55 minuta u HKC \u201eSveti Franjo\u201c Tuzla.<\/span><\/p>\n<p><span data-contrast=\"auto\">Ovu manifestaciju posebno su podr\u017eali: <\/span><b><span data-contrast=\"auto\">grad TUZLA,\u00a0 NIPEX, <\/span><\/b><b><span data-contrast=\"auto\">Medical Institute Bayer Tuzla<\/span><\/b><b><span data-contrast=\"auto\">, Telefunken &#8211; Sonra d.o.o., FINconsult doo, Golden Star Hotel Tuzla, SU-AD proizvodnja vatrogasnih vozila, IPI Akademija Tuzla te\u00a0 MAX LED Media.<\/span><\/b><span data-ccp-props=\"{&quot;201341983&quot;:0,&quot;335559739&quot;:160,&quot;335559740&quot;:259}\">\u00a0<\/span><\/p>\n<p><span data-contrast=\"auto\">Radno vrijeme Sajama je svaki dan od 11 do 20 sati <\/span><b><span data-contrast=\"auto\">ULAZ JE SLOBODAN<\/span><\/b> <span data-contrast=\"auto\">a nakon 20 sati nastavljaju se zanimljiva dru\u017eenja i postsajamske aktivnosti na platou HKC-a. U okviru ovih, postsajamskih aktivnosti organizovana su muzi\u010dka dru\u017eenja uz \u010ditanja poezije i proze.\u00a0<\/span><span data-ccp-props=\"{&quot;201341983&quot;:0,&quot;335559739&quot;:160,&quot;335559740&quot;:259}\">\u00a0<\/span><\/p>\n<p><span data-contrast=\"auto\">Dragi roditelji i mali \u010ditatelji, s velikim zadovoljstvom vas pozivamo da se priklju\u010dite, posjetite Sajam i date svoj li\u010dni doprinos na\u0161oj posebnoj kampanji &#8220;Moj prvi Sajam Knjige sa roditeljima&#8221; \u2013 napomenuli su organizatori, jer kako ka\u017eu: Ovo je jedinstvena prilika kako bi potaknuli ljubav prema \u010ditanju i zajedni\u010dko u\u017eivanje u knjigama, svim generacijama.<\/span><span data-ccp-props=\"{&quot;201341983&quot;:0,&quot;335559739&quot;:160,&quot;335559740&quot;:259}\">\u00a0<\/span><\/p>\n<p><span class=\"TextRun SCXW239131009 BCX0\" lang=\"HR-BA\" xml:lang=\"HR-BA\" data-contrast=\"auto\"><span class=\"NormalTextRun SCXW239131009 BCX0\">V<\/span><span class=\"NormalTextRun SCXW239131009 BCX0\">i\u0161e o samoj satnici i rasporedu doga\u0111aja mo\u017eete saznati <\/span><span class=\"NormalTextRun SCXW239131009 BCX0\">i <\/span><span class=\"NormalTextRun SCXW239131009 BCX0\">na zvani\u010dnoj Facebook stranici sajma<\/span><\/span><a class=\"Hyperlink SCXW239131009 BCX0\" href=\"https:\/\/www.facebook.com\/sajamknjigetuzla\" target=\"_blank\" rel=\"noreferrer noopener\"> <span class=\"TextRun Underlined SCXW239131009 BCX0\" lang=\"HR-BA\" xml:lang=\"HR-BA\" data-contrast=\"none\"><span class=\"NormalTextRun SCXW239131009 BCX0\" data-ccp-charstyle=\"Hyperlink\">OVDJE<\/span><\/span><\/a><span class=\"EOP SCXW239131009 BCX0\" data-ccp-props=\"{&quot;201341983&quot;:0,&quot;335559739&quot;:160,&quot;335559740&quot;:259}\">\u00a0<\/span><\/p>\n","protected":false},"excerpt":{"rendered":"<p>Organizatori Sajma iz Udru\u017eenja Gra\u0111ana ACTIVUS najavljuju mno\u0161tvo zanimljivih aktivnosti.\u00a0 Vi\u0161e od 20 izdava\u010dkih ku\u0107a&hellip;<\/p>\n","protected":false},"author":4,"featured_media":250777,"comment_status":"closed","ping_status":"closed","sticky":false,"template":"","format":"standard","meta":{"_acf_changed":false,"footnotes":""},"categories":[11],"tags":[11108,10989,42],"acf":[],"yoast_head":"<!-- This site is optimized with the Yoast SEO plugin v23.5 - https:\/\/yoast.com\/wordpress\/plugins\/seo\/ -->\n<title>Sutra po\u010dinje Sajam knjiga u Tuzli - TuzlaInfo.ba<\/title>\n<meta name=\"robots\" content=\"index, follow, max-snippet:-1, max-image-preview:large, max-video-preview:-1\" \/>\n<link rel=\"canonical\" href=\"https:\/\/tuzlainfo.ba\/index.php\/najava-dogadaja-2\/item\/250776-sutra-pocinje-sajam-knjiga-u-tuzli\/\" \/>\n<meta property=\"og:locale\" content=\"bs_BA\" \/>\n<meta property=\"og:type\" content=\"article\" \/>\n<meta property=\"og:title\" content=\"Sutra po\u010dinje Sajam knjiga u Tuzli - TuzlaInfo.ba\" \/>\n<meta property=\"og:description\" content=\"Organizatori Sajma iz Udru\u017eenja Gra\u0111ana ACTIVUS najavljuju mno\u0161tvo zanimljivih aktivnosti.\u00a0 Vi\u0161e od 20 izdava\u010dkih ku\u0107a&hellip;\" \/>\n<meta property=\"og:url\" content=\"https:\/\/tuzlainfo.ba\/index.php\/najava-dogadaja-2\/item\/250776-sutra-pocinje-sajam-knjiga-u-tuzli\/\" \/>\n<meta property=\"og:site_name\" content=\"TuzlaInfo.ba\" \/>\n<meta property=\"article:publisher\" content=\"https:\/\/www.facebook.com\/tuzlainfo.ba\/\" \/>\n<meta property=\"article:published_time\" content=\"2024-09-25T18:15:11+00:00\" \/>\n<meta property=\"article:modified_time\" content=\"2024-09-25T18:17:32+00:00\" \/>\n<meta property=\"og:image\" content=\"https:\/\/tuzlainfo.ba\/wp-content\/uploads\/2024\/09\/thumbnail_sajam.jpg\" \/>\n\t<meta property=\"og:image:width\" content=\"1920\" \/>\n\t<meta property=\"og:image:height\" content=\"730\" \/>\n\t<meta property=\"og:image:type\" content=\"image\/jpeg\" \/>\n<meta name=\"author\" content=\"Tuzla Info\" \/>\n<meta name=\"twitter:card\" content=\"summary_large_image\" \/>\n<meta name=\"twitter:label1\" content=\"Written by\" \/>\n\t<meta name=\"twitter:data1\" content=\"Tuzla Info\" \/>\n\t<meta name=\"twitter:label2\" content=\"Est. reading time\" \/>\n\t<meta name=\"twitter:data2\" content=\"2 minute\" \/>\n<script type=\"application\/ld+json\" class=\"yoast-schema-graph\">{\"@context\":\"https:\/\/schema.org\",\"@graph\":[{\"@type\":\"Article\",\"@id\":\"https:\/\/tuzlainfo.ba\/index.php\/najava-dogadaja-2\/item\/250776-sutra-pocinje-sajam-knjiga-u-tuzli\/#article\",\"isPartOf\":{\"@id\":\"https:\/\/tuzlainfo.ba\/index.php\/najava-dogadaja-2\/item\/250776-sutra-pocinje-sajam-knjiga-u-tuzli\/\"},\"author\":{\"name\":\"Tuzla Info\",\"@id\":\"https:\/\/tuzlainfo.ba\/#\/schema\/person\/46cad4c57790cbc50781edd14870825a\"},\"headline\":\"Sutra po\u010dinje Sajam knjiga u Tuzli\",\"datePublished\":\"2024-09-25T18:15:11+00:00\",\"dateModified\":\"2024-09-25T18:17:32+00:00\",\"mainEntityOfPage\":{\"@id\":\"https:\/\/tuzlainfo.ba\/index.php\/najava-dogadaja-2\/item\/250776-sutra-pocinje-sajam-knjiga-u-tuzli\/\"},\"wordCount\":336,\"publisher\":{\"@id\":\"https:\/\/tuzlainfo.ba\/#organization\"},\"image\":{\"@id\":\"https:\/\/tuzlainfo.ba\/index.php\/najava-dogadaja-2\/item\/250776-sutra-pocinje-sajam-knjiga-u-tuzli\/#primaryimage\"},\"thumbnailUrl\":\"https:\/\/tuzlainfo.ba\/wp-content\/uploads\/2024\/09\/thumbnail_sajam.jpg\",\"keywords\":[\"sajam knjige\",\"sajam knjige tuzla\",\"tuzla\"],\"articleSection\":[\"Najave i doga\u0111aji\"],\"inLanguage\":\"bs-BA\"},{\"@type\":\"WebPage\",\"@id\":\"https:\/\/tuzlainfo.ba\/index.php\/najava-dogadaja-2\/item\/250776-sutra-pocinje-sajam-knjiga-u-tuzli\/\",\"url\":\"https:\/\/tuzlainfo.ba\/index.php\/najava-dogadaja-2\/item\/250776-sutra-pocinje-sajam-knjiga-u-tuzli\/\",\"name\":\"Sutra po\u010dinje Sajam knjiga u Tuzli - TuzlaInfo.ba\",\"isPartOf\":{\"@id\":\"https:\/\/tuzlainfo.ba\/#website\"},\"primaryImageOfPage\":{\"@id\":\"https:\/\/tuzlainfo.ba\/index.php\/najava-dogadaja-2\/item\/250776-sutra-pocinje-sajam-knjiga-u-tuzli\/#primaryimage\"},\"image\":{\"@id\":\"https:\/\/tuzlainfo.ba\/index.php\/najava-dogadaja-2\/item\/250776-sutra-pocinje-sajam-knjiga-u-tuzli\/#primaryimage\"},\"thumbnailUrl\":\"https:\/\/tuzlainfo.ba\/wp-content\/uploads\/2024\/09\/thumbnail_sajam.jpg\",\"datePublished\":\"2024-09-25T18:15:11+00:00\",\"dateModified\":\"2024-09-25T18:17:32+00:00\",\"breadcrumb\":{\"@id\":\"https:\/\/tuzlainfo.ba\/index.php\/najava-dogadaja-2\/item\/250776-sutra-pocinje-sajam-knjiga-u-tuzli\/#breadcrumb\"},\"inLanguage\":\"bs-BA\",\"potentialAction\":[{\"@type\":\"ReadAction\",\"target\":[\"https:\/\/tuzlainfo.ba\/index.php\/najava-dogadaja-2\/item\/250776-sutra-pocinje-sajam-knjiga-u-tuzli\/\"]}]},{\"@type\":\"ImageObject\",\"inLanguage\":\"bs-BA\",\"@id\":\"https:\/\/tuzlainfo.ba\/index.php\/najava-dogadaja-2\/item\/250776-sutra-pocinje-sajam-knjiga-u-tuzli\/#primaryimage\",\"url\":\"https:\/\/tuzlainfo.ba\/wp-content\/uploads\/2024\/09\/thumbnail_sajam.jpg\",\"contentUrl\":\"https:\/\/tuzlainfo.ba\/wp-content\/uploads\/2024\/09\/thumbnail_sajam.jpg\",\"width\":1920,\"height\":730},{\"@type\":\"BreadcrumbList\",\"@id\":\"https:\/\/tuzlainfo.ba\/index.php\/najava-dogadaja-2\/item\/250776-sutra-pocinje-sajam-knjiga-u-tuzli\/#breadcrumb\",\"itemListElement\":[{\"@type\":\"ListItem\",\"position\":1,\"name\":\"Home\",\"item\":\"https:\/\/tuzlainfo.ba\/\"},{\"@type\":\"ListItem\",\"position\":2,\"name\":\"Sutra po\u010dinje Sajam knjiga u Tuzli\"}]},{\"@type\":\"WebSite\",\"@id\":\"https:\/\/tuzlainfo.ba\/#website\",\"url\":\"https:\/\/tuzlainfo.ba\/\",\"name\":\"TuzlaInfo.ba\",\"description\":\"Tuzla info, gradski informator - Tuzla na dlanu\",\"publisher\":{\"@id\":\"https:\/\/tuzlainfo.ba\/#organization\"},\"potentialAction\":[{\"@type\":\"SearchAction\",\"target\":{\"@type\":\"EntryPoint\",\"urlTemplate\":\"https:\/\/tuzlainfo.ba\/?s={search_term_string}\"},\"query-input\":{\"@type\":\"PropertyValueSpecification\",\"valueRequired\":true,\"valueName\":\"search_term_string\"}}],\"inLanguage\":\"bs-BA\"},{\"@type\":\"Organization\",\"@id\":\"https:\/\/tuzlainfo.ba\/#organization\",\"name\":\"TuzlaInfo.ba\",\"url\":\"https:\/\/tuzlainfo.ba\/\",\"logo\":{\"@type\":\"ImageObject\",\"inLanguage\":\"bs-BA\",\"@id\":\"https:\/\/tuzlainfo.ba\/#\/schema\/logo\/image\/\",\"url\":\"https:\/\/tuzlainfo.ba\/wp-content\/uploads\/2021\/03\/logo-ver-3-1.png\",\"contentUrl\":\"https:\/\/tuzlainfo.ba\/wp-content\/uploads\/2021\/03\/logo-ver-3-1.png\",\"width\":350,\"height\":95,\"caption\":\"TuzlaInfo.ba\"},\"image\":{\"@id\":\"https:\/\/tuzlainfo.ba\/#\/schema\/logo\/image\/\"},\"sameAs\":[\"https:\/\/www.facebook.com\/tuzlainfo.ba\/\"]},{\"@type\":\"Person\",\"@id\":\"https:\/\/tuzlainfo.ba\/#\/schema\/person\/46cad4c57790cbc50781edd14870825a\",\"name\":\"Tuzla Info\",\"image\":{\"@type\":\"ImageObject\",\"inLanguage\":\"bs-BA\",\"@id\":\"https:\/\/tuzlainfo.ba\/#\/schema\/person\/image\/\",\"url\":\"https:\/\/tuzlainfo.ba\/wp-content\/litespeed\/avatar\/b6c453a6c38e3654f2e4416c643fc25c.jpg?ver=1777051911\",\"contentUrl\":\"https:\/\/tuzlainfo.ba\/wp-content\/litespeed\/avatar\/b6c453a6c38e3654f2e4416c643fc25c.jpg?ver=1777051911\",\"caption\":\"Tuzla Info\"}}]}<\/script>\n<!-- \/ Yoast SEO plugin. -->","yoast_head_json":{"title":"Sutra po\u010dinje Sajam knjiga u Tuzli - TuzlaInfo.ba","robots":{"index":"index","follow":"follow","max-snippet":"max-snippet:-1","max-image-preview":"max-image-preview:large","max-video-preview":"max-video-preview:-1"},"canonical":"https:\/\/tuzlainfo.ba\/index.php\/najava-dogadaja-2\/item\/250776-sutra-pocinje-sajam-knjiga-u-tuzli\/","og_locale":"bs_BA","og_type":"article","og_title":"Sutra po\u010dinje Sajam knjiga u Tuzli - TuzlaInfo.ba","og_description":"Organizatori Sajma iz Udru\u017eenja Gra\u0111ana ACTIVUS najavljuju mno\u0161tvo zanimljivih aktivnosti.\u00a0 Vi\u0161e od 20 izdava\u010dkih ku\u0107a&hellip;","og_url":"https:\/\/tuzlainfo.ba\/index.php\/najava-dogadaja-2\/item\/250776-sutra-pocinje-sajam-knjiga-u-tuzli\/","og_site_name":"TuzlaInfo.ba","article_publisher":"https:\/\/www.facebook.com\/tuzlainfo.ba\/","article_published_time":"2024-09-25T18:15:11+00:00","article_modified_time":"2024-09-25T18:17:32+00:00","og_image":[{"width":1920,"height":730,"url":"https:\/\/tuzlainfo.ba\/wp-content\/uploads\/2024\/09\/thumbnail_sajam.jpg","type":"image\/jpeg"}],"author":"Tuzla Info","twitter_card":"summary_large_image","twitter_misc":{"Written by":"Tuzla Info","Est. reading time":"2 minute"},"schema":{"@context":"https:\/\/schema.org","@graph":[{"@type":"Article","@id":"https:\/\/tuzlainfo.ba\/index.php\/najava-dogadaja-2\/item\/250776-sutra-pocinje-sajam-knjiga-u-tuzli\/#article","isPartOf":{"@id":"https:\/\/tuzlainfo.ba\/index.php\/najava-dogadaja-2\/item\/250776-sutra-pocinje-sajam-knjiga-u-tuzli\/"},"author":{"name":"Tuzla Info","@id":"https:\/\/tuzlainfo.ba\/#\/schema\/person\/46cad4c57790cbc50781edd14870825a"},"headline":"Sutra po\u010dinje Sajam knjiga u Tuzli","datePublished":"2024-09-25T18:15:11+00:00","dateModified":"2024-09-25T18:17:32+00:00","mainEntityOfPage":{"@id":"https:\/\/tuzlainfo.ba\/index.php\/najava-dogadaja-2\/item\/250776-sutra-pocinje-sajam-knjiga-u-tuzli\/"},"wordCount":336,"publisher":{"@id":"https:\/\/tuzlainfo.ba\/#organization"},"image":{"@id":"https:\/\/tuzlainfo.ba\/index.php\/najava-dogadaja-2\/item\/250776-sutra-pocinje-sajam-knjiga-u-tuzli\/#primaryimage"},"thumbnailUrl":"https:\/\/tuzlainfo.ba\/wp-content\/uploads\/2024\/09\/thumbnail_sajam.jpg","keywords":["sajam knjige","sajam knjige tuzla","tuzla"],"articleSection":["Najave i doga\u0111aji"],"inLanguage":"bs-BA"},{"@type":"WebPage","@id":"https:\/\/tuzlainfo.ba\/index.php\/najava-dogadaja-2\/item\/250776-sutra-pocinje-sajam-knjiga-u-tuzli\/","url":"https:\/\/tuzlainfo.ba\/index.php\/najava-dogadaja-2\/item\/250776-sutra-pocinje-sajam-knjiga-u-tuzli\/","name":"Sutra po\u010dinje Sajam knjiga u Tuzli - TuzlaInfo.ba","isPartOf":{"@id":"https:\/\/tuzlainfo.ba\/#website"},"primaryImageOfPage":{"@id":"https:\/\/tuzlainfo.ba\/index.php\/najava-dogadaja-2\/item\/250776-sutra-pocinje-sajam-knjiga-u-tuzli\/#primaryimage"},"image":{"@id":"https:\/\/tuzlainfo.ba\/index.php\/najava-dogadaja-2\/item\/250776-sutra-pocinje-sajam-knjiga-u-tuzli\/#primaryimage"},"thumbnailUrl":"https:\/\/tuzlainfo.ba\/wp-content\/uploads\/2024\/09\/thumbnail_sajam.jpg","datePublished":"2024-09-25T18:15:11+00:00","dateModified":"2024-09-25T18:17:32+00:00","breadcrumb":{"@id":"https:\/\/tuzlainfo.ba\/index.php\/najava-dogadaja-2\/item\/250776-sutra-pocinje-sajam-knjiga-u-tuzli\/#breadcrumb"},"inLanguage":"bs-BA","potentialAction":[{"@type":"ReadAction","target":["https:\/\/tuzlainfo.ba\/index.php\/najava-dogadaja-2\/item\/250776-sutra-pocinje-sajam-knjiga-u-tuzli\/"]}]},{"@type":"ImageObject","inLanguage":"bs-BA","@id":"https:\/\/tuzlainfo.ba\/index.php\/najava-dogadaja-2\/item\/250776-sutra-pocinje-sajam-knjiga-u-tuzli\/#primaryimage","url":"https:\/\/tuzlainfo.ba\/wp-content\/uploads\/2024\/09\/thumbnail_sajam.jpg","contentUrl":"https:\/\/tuzlainfo.ba\/wp-content\/uploads\/2024\/09\/thumbnail_sajam.jpg","width":1920,"height":730},{"@type":"BreadcrumbList","@id":"https:\/\/tuzlainfo.ba\/index.php\/najava-dogadaja-2\/item\/250776-sutra-pocinje-sajam-knjiga-u-tuzli\/#breadcrumb","itemListElement":[{"@type":"ListItem","position":1,"name":"Home","item":"https:\/\/tuzlainfo.ba\/"},{"@type":"ListItem","position":2,"name":"Sutra po\u010dinje Sajam knjiga u Tuzli"}]},{"@type":"WebSite","@id":"https:\/\/tuzlainfo.ba\/#website","url":"https:\/\/tuzlainfo.ba\/","name":"TuzlaInfo.ba","description":"Tuzla info, gradski informator - Tuzla na dlanu","publisher":{"@id":"https:\/\/tuzlainfo.ba\/#organization"},"potentialAction":[{"@type":"SearchAction","target":{"@type":"EntryPoint","urlTemplate":"https:\/\/tuzlainfo.ba\/?s={search_term_string}"},"query-input":{"@type":"PropertyValueSpecification","valueRequired":true,"valueName":"search_term_string"}}],"inLanguage":"bs-BA"},{"@type":"Organization","@id":"https:\/\/tuzlainfo.ba\/#organization","name":"TuzlaInfo.ba","url":"https:\/\/tuzlainfo.ba\/","logo":{"@type":"ImageObject","inLanguage":"bs-BA","@id":"https:\/\/tuzlainfo.ba\/#\/schema\/logo\/image\/","url":"https:\/\/tuzlainfo.ba\/wp-content\/uploads\/2021\/03\/logo-ver-3-1.png","contentUrl":"https:\/\/tuzlainfo.ba\/wp-content\/uploads\/2021\/03\/logo-ver-3-1.png","width":350,"height":95,"caption":"TuzlaInfo.ba"},"image":{"@id":"https:\/\/tuzlainfo.ba\/#\/schema\/logo\/image\/"},"sameAs":["https:\/\/www.facebook.com\/tuzlainfo.ba\/"]},{"@type":"Person","@id":"https:\/\/tuzlainfo.ba\/#\/schema\/person\/46cad4c57790cbc50781edd14870825a","name":"Tuzla Info","image":{"@type":"ImageObject","inLanguage":"bs-BA","@id":"https:\/\/tuzlainfo.ba\/#\/schema\/person\/image\/","url":"https:\/\/tuzlainfo.ba\/wp-content\/litespeed\/avatar\/b6c453a6c38e3654f2e4416c643fc25c.jpg?ver=1777051911","contentUrl":"https:\/\/tuzlainfo.ba\/wp-content\/litespeed\/avatar\/b6c453a6c38e3654f2e4416c643fc25c.jpg?ver=1777051911","caption":"Tuzla Info"}}]}},"_links":{"self":[{"href":"https:\/\/tuzlainfo.ba\/index.php\/wp-json\/wp\/v2\/posts\/250776"}],"collection":[{"href":"https:\/\/tuzlainfo.ba\/index.php\/wp-json\/wp\/v2\/posts"}],"about":[{"href":"https:\/\/tuzlainfo.ba\/index.php\/wp-json\/wp\/v2\/types\/post"}],"author":[{"embeddable":true,"href":"https:\/\/tuzlainfo.ba\/index.php\/wp-json\/wp\/v2\/users\/4"}],"replies":[{"embeddable":true,"href":"https:\/\/tuzlainfo.ba\/index.php\/wp-json\/wp\/v2\/comments?post=250776"}],"version-history":[{"count":1,"href":"https:\/\/tuzlainfo.ba\/index.php\/wp-json\/wp\/v2\/posts\/250776\/revisions"}],"predecessor-version":[{"id":250778,"href":"https:\/\/tuzlainfo.ba\/index.php\/wp-json\/wp\/v2\/posts\/250776\/revisions\/250778"}],"wp:featuredmedia":[{"embeddable":true,"href":"https:\/\/tuzlainfo.ba\/index.php\/wp-json\/wp\/v2\/media\/250777"}],"wp:attachment":[{"href":"https:\/\/tuzlainfo.ba\/index.php\/wp-json\/wp\/v2\/media?parent=250776"}],"wp:term":[{"taxonomy":"category","embeddable":true,"href":"https:\/\/tuzlainfo.ba\/index.php\/wp-json\/wp\/v2\/categories?post=250776"},{"taxonomy":"post_tag","embeddable":true,"href":"https:\/\/tuzlainfo.ba\/index.php\/wp-json\/wp\/v2\/tags?post=250776"}],"curies":[{"name":"wp","href":"https:\/\/api.w.org\/{rel}","templated":true}]}}