{"id":250690,"date":"2024-09-24T22:01:21","date_gmt":"2024-09-24T20:01:21","guid":{"rendered":"https:\/\/tuzlainfo.ba\/?p=250690"},"modified":"2024-09-24T21:42:09","modified_gmt":"2024-09-24T19:42:09","slug":"u-tuzli-promovisana-druga-knjiga-sanje-hajdukov-pohvala-hrabrosti","status":"publish","type":"post","link":"https:\/\/tuzlainfo.ba\/index.php\/novosti\/item\/250690-u-tuzli-promovisana-druga-knjiga-sanje-hajdukov-pohvala-hrabrosti\/","title":{"rendered":"U Tuzli promovisana druga knjiga Sanje Hajdukov &#8220;Pohvala hrabrosti&#8221;"},"content":{"rendered":"<p>U sali Narodne i univerzitetske biblioteke \u201eDervi\u0161 Su\u0161i\u0107\u201c Tuzla u ponedjeljak nave\u010de se tra\u017eilo mjesto vi\u0161e. Razlog je bila promocija druge knjige autorice Sanje Hajdukov \u201ePohvala hrabrosti\u201c.<\/p>\n<p>O knjizi su govorile promotorice prof. dr. Marica Petrovi\u0107 i knji\u017eevnica Mara Grbi\u0107, a moderatorica Barbara Pavlja\u0161evi\u0107 je na samom po\u010detku promocije dala rije\u010d direktorici Biblioteke, Sanji Duki\u0107 koja je iskazala izuzetno zadovoljstvo odzivom na ovu promociju, najavila brojne promocije koje predstoje u Mjesecu knjige i pozvala sugra\u0111ane da se odazovu i na te doga\u0111aje.<\/p>\n<p>Sanja pi\u0161e pitkim, dopadljivim i svima razumljivim rje\u010dnikom. Ona nas jednostavno i lako uvodi u pri\u010du, u likove, u razli\u010dite \u017eivotne situacije u kojima neminovno svako od nas bar na trenutak prepozna sebe, svoje roditelje, porodicu, ro\u0111ake, kolege, kom\u0161ije, prijatelje\u2026 Spretno nas vodi kroz doga\u0111aje, specifi\u010dne okolnosti, emocije, strahove i borbe glavne junakinje i istovremeno u nama budi jake emocije, navodi nas da i sami zajedno sa glavnom junakinjom pro\u017eivljavamo te trenutke i radujemo se njenom uspjehu.<\/p>\n<p>Knjiga \u201ePohvala hrabrosti\u201c nam mo\u017ee poslu\u017eiti kao svojevrstan \u201eputokaz\u201c ili uputstvo na putu ka uspjehu jer potvr\u0111uje da je on mogu\u0107 i u najte\u017eim situacijama, da se do njega te\u0161ko dolazi, ali da ne treba odustajati jer pobjeda je najsla\u0111a kada pobijedite sami sebe.<\/p>\n<p><img fetchpriority=\"high\" decoding=\"async\" class=\"alignnone wp-image-250692 size-full\" src=\"https:\/\/tuzlainfo.ba\/wp-content\/uploads\/2024\/09\/2409_hajdukov_2.jpg\" alt=\"\" width=\"800\" height=\"476\" srcset=\"https:\/\/tuzlainfo.ba\/wp-content\/uploads\/2024\/09\/2409_hajdukov_2.jpg 800w, https:\/\/tuzlainfo.ba\/wp-content\/uploads\/2024\/09\/2409_hajdukov_2-300x179.jpg 300w, https:\/\/tuzlainfo.ba\/wp-content\/uploads\/2024\/09\/2409_hajdukov_2-768x457.jpg 768w, https:\/\/tuzlainfo.ba\/wp-content\/uploads\/2024\/09\/2409_hajdukov_2-585x348.jpg 585w, https:\/\/tuzlainfo.ba\/wp-content\/uploads\/2024\/09\/2409_hajdukov_2-150x89.jpg 150w, https:\/\/tuzlainfo.ba\/wp-content\/uploads\/2024\/09\/2409_hajdukov_2-500x298.jpg 500w\" sizes=\"(max-width: 800px) 100vw, 800px\" \/><\/p>\n<p>&#8220;Te\u0161ko mi je izraziti svoje ushi\u0107enje i zahvalnost svima koji su sino\u0107 do\u0161li na promociju moje druge zbirke pri\u010da. Ja sam znala da imam puno \u010ditalacke podr\u0161ke, ali sva radost, ljubav i emocije koje su donijeli moji posjetioci se ipak nije mogla predvidjeti i neizmijerno sam sretna zbog toga. Meni je drago \u0161to je NUB \u201eDervi\u0161 Su\u0161i\u0107\u201c Tuzla ponovo ukazao gostoprimstvo mojim gostima i meni, jer ja smatram da je knjigama mjesto u bibliotekama i cijenim dugogodi\u0161nju tradiciju koju na\u0161a biblioteka ima. Mislim da zaslu\u017eujemo jedni druge. Moje sjajne promotorke, zabavni program koji smo pripremili, ma sve je bilo odli\u010dno i kako ja zelim. Velika sala biblioteke je bila prepuna i ja se jo\u0161 jednom svima zahvaljujem i \u0161aljem izraze dubokog po\u0161tovanja svakom ponaosob. Hvala mom gradu!\u201c \u2013 u svojoj izjavi nakon promocije ka\u017ee autorica Hajdukov.<\/p>\n<p>Organizacija ove promocije bila je dio manifestacije \u201eLjeto u Tuzli\u201c i uvod u jesenje aktivnosti u biblioteci, koje se planiraju u Mjesecu knjige.<\/p>\n","protected":false},"excerpt":{"rendered":"<p>U sali Narodne i univerzitetske biblioteke \u201eDervi\u0161 Su\u0161i\u0107\u201c Tuzla u ponedjeljak nave\u010de se tra\u017eilo mjesto&hellip;<\/p>\n","protected":false},"author":2,"featured_media":250691,"comment_status":"closed","ping_status":"closed","sticky":false,"template":"","format":"standard","meta":{"_acf_changed":false,"footnotes":""},"categories":[304,12],"tags":[7999,3139,1883],"acf":[],"yoast_head":"<!-- This site is optimized with the Yoast SEO plugin v23.5 - https:\/\/yoast.com\/wordpress\/plugins\/seo\/ -->\n<title>U Tuzli promovisana druga knjiga Sanje Hajdukov &quot;Pohvala hrabrosti&quot; - TuzlaInfo.ba<\/title>\n<meta name=\"robots\" content=\"index, follow, max-snippet:-1, max-image-preview:large, max-video-preview:-1\" \/>\n<link rel=\"canonical\" href=\"https:\/\/tuzlainfo.ba\/index.php\/novosti\/item\/250690-u-tuzli-promovisana-druga-knjiga-sanje-hajdukov-pohvala-hrabrosti\/\" \/>\n<meta property=\"og:locale\" content=\"bs_BA\" \/>\n<meta property=\"og:type\" content=\"article\" \/>\n<meta property=\"og:title\" content=\"U Tuzli promovisana druga knjiga Sanje Hajdukov &quot;Pohvala hrabrosti&quot; - TuzlaInfo.ba\" \/>\n<meta property=\"og:description\" content=\"U sali Narodne i univerzitetske biblioteke \u201eDervi\u0161 Su\u0161i\u0107\u201c Tuzla u ponedjeljak nave\u010de se tra\u017eilo mjesto&hellip;\" \/>\n<meta property=\"og:url\" content=\"https:\/\/tuzlainfo.ba\/index.php\/novosti\/item\/250690-u-tuzli-promovisana-druga-knjiga-sanje-hajdukov-pohvala-hrabrosti\/\" \/>\n<meta property=\"og:site_name\" content=\"TuzlaInfo.ba\" \/>\n<meta property=\"article:publisher\" content=\"https:\/\/www.facebook.com\/tuzlainfo.ba\/\" \/>\n<meta property=\"article:published_time\" content=\"2024-09-24T20:01:21+00:00\" \/>\n<meta property=\"article:modified_time\" content=\"2024-09-24T19:42:09+00:00\" \/>\n<meta property=\"og:image\" content=\"https:\/\/tuzlainfo.ba\/wp-content\/uploads\/2024\/09\/2409_hajdukov.jpg\" \/>\n\t<meta property=\"og:image:width\" content=\"800\" \/>\n\t<meta property=\"og:image:height\" content=\"519\" \/>\n\t<meta property=\"og:image:type\" content=\"image\/jpeg\" \/>\n<meta name=\"author\" content=\"nedim\" \/>\n<meta name=\"twitter:card\" content=\"summary_large_image\" \/>\n<meta name=\"twitter:label1\" content=\"Written by\" \/>\n\t<meta name=\"twitter:data1\" content=\"nedim\" \/>\n\t<meta name=\"twitter:label2\" content=\"Est. reading time\" \/>\n\t<meta name=\"twitter:data2\" content=\"3 minute\" \/>\n<script type=\"application\/ld+json\" class=\"yoast-schema-graph\">{\"@context\":\"https:\/\/schema.org\",\"@graph\":[{\"@type\":\"Article\",\"@id\":\"https:\/\/tuzlainfo.ba\/index.php\/novosti\/item\/250690-u-tuzli-promovisana-druga-knjiga-sanje-hajdukov-pohvala-hrabrosti\/#article\",\"isPartOf\":{\"@id\":\"https:\/\/tuzlainfo.ba\/index.php\/novosti\/item\/250690-u-tuzli-promovisana-druga-knjiga-sanje-hajdukov-pohvala-hrabrosti\/\"},\"author\":{\"name\":\"nedim\",\"@id\":\"https:\/\/tuzlainfo.ba\/#\/schema\/person\/f434e20dc27ea133923aab08451b7f7f\"},\"headline\":\"U Tuzli promovisana druga knjiga Sanje Hajdukov &#8220;Pohvala hrabrosti&#8221;\",\"datePublished\":\"2024-09-24T20:01:21+00:00\",\"dateModified\":\"2024-09-24T19:42:09+00:00\",\"mainEntityOfPage\":{\"@id\":\"https:\/\/tuzlainfo.ba\/index.php\/novosti\/item\/250690-u-tuzli-promovisana-druga-knjiga-sanje-hajdukov-pohvala-hrabrosti\/\"},\"wordCount\":406,\"publisher\":{\"@id\":\"https:\/\/tuzlainfo.ba\/#organization\"},\"image\":{\"@id\":\"https:\/\/tuzlainfo.ba\/index.php\/novosti\/item\/250690-u-tuzli-promovisana-druga-knjiga-sanje-hajdukov-pohvala-hrabrosti\/#primaryimage\"},\"thumbnailUrl\":\"https:\/\/tuzlainfo.ba\/wp-content\/uploads\/2024\/09\/2409_hajdukov.jpg\",\"keywords\":[\"biblioteka tuzla\",\"Narodna biblioteka Dervi\u0161 Su\u0161i\u0107\",\"sanja hajdukov\"],\"articleSection\":[\"Istaknuto\",\"Novosti\"],\"inLanguage\":\"bs-BA\"},{\"@type\":\"WebPage\",\"@id\":\"https:\/\/tuzlainfo.ba\/index.php\/novosti\/item\/250690-u-tuzli-promovisana-druga-knjiga-sanje-hajdukov-pohvala-hrabrosti\/\",\"url\":\"https:\/\/tuzlainfo.ba\/index.php\/novosti\/item\/250690-u-tuzli-promovisana-druga-knjiga-sanje-hajdukov-pohvala-hrabrosti\/\",\"name\":\"U Tuzli promovisana druga knjiga Sanje Hajdukov \\\"Pohvala hrabrosti\\\" - TuzlaInfo.ba\",\"isPartOf\":{\"@id\":\"https:\/\/tuzlainfo.ba\/#website\"},\"primaryImageOfPage\":{\"@id\":\"https:\/\/tuzlainfo.ba\/index.php\/novosti\/item\/250690-u-tuzli-promovisana-druga-knjiga-sanje-hajdukov-pohvala-hrabrosti\/#primaryimage\"},\"image\":{\"@id\":\"https:\/\/tuzlainfo.ba\/index.php\/novosti\/item\/250690-u-tuzli-promovisana-druga-knjiga-sanje-hajdukov-pohvala-hrabrosti\/#primaryimage\"},\"thumbnailUrl\":\"https:\/\/tuzlainfo.ba\/wp-content\/uploads\/2024\/09\/2409_hajdukov.jpg\",\"datePublished\":\"2024-09-24T20:01:21+00:00\",\"dateModified\":\"2024-09-24T19:42:09+00:00\",\"breadcrumb\":{\"@id\":\"https:\/\/tuzlainfo.ba\/index.php\/novosti\/item\/250690-u-tuzli-promovisana-druga-knjiga-sanje-hajdukov-pohvala-hrabrosti\/#breadcrumb\"},\"inLanguage\":\"bs-BA\",\"potentialAction\":[{\"@type\":\"ReadAction\",\"target\":[\"https:\/\/tuzlainfo.ba\/index.php\/novosti\/item\/250690-u-tuzli-promovisana-druga-knjiga-sanje-hajdukov-pohvala-hrabrosti\/\"]}]},{\"@type\":\"ImageObject\",\"inLanguage\":\"bs-BA\",\"@id\":\"https:\/\/tuzlainfo.ba\/index.php\/novosti\/item\/250690-u-tuzli-promovisana-druga-knjiga-sanje-hajdukov-pohvala-hrabrosti\/#primaryimage\",\"url\":\"https:\/\/tuzlainfo.ba\/wp-content\/uploads\/2024\/09\/2409_hajdukov.jpg\",\"contentUrl\":\"https:\/\/tuzlainfo.ba\/wp-content\/uploads\/2024\/09\/2409_hajdukov.jpg\",\"width\":800,\"height\":519},{\"@type\":\"BreadcrumbList\",\"@id\":\"https:\/\/tuzlainfo.ba\/index.php\/novosti\/item\/250690-u-tuzli-promovisana-druga-knjiga-sanje-hajdukov-pohvala-hrabrosti\/#breadcrumb\",\"itemListElement\":[{\"@type\":\"ListItem\",\"position\":1,\"name\":\"Home\",\"item\":\"https:\/\/tuzlainfo.ba\/\"},{\"@type\":\"ListItem\",\"position\":2,\"name\":\"U Tuzli promovisana druga knjiga Sanje Hajdukov &#8220;Pohvala hrabrosti&#8221;\"}]},{\"@type\":\"WebSite\",\"@id\":\"https:\/\/tuzlainfo.ba\/#website\",\"url\":\"https:\/\/tuzlainfo.ba\/\",\"name\":\"TuzlaInfo.ba\",\"description\":\"Tuzla info, gradski informator - Tuzla na dlanu\",\"publisher\":{\"@id\":\"https:\/\/tuzlainfo.ba\/#organization\"},\"potentialAction\":[{\"@type\":\"SearchAction\",\"target\":{\"@type\":\"EntryPoint\",\"urlTemplate\":\"https:\/\/tuzlainfo.ba\/?s={search_term_string}\"},\"query-input\":{\"@type\":\"PropertyValueSpecification\",\"valueRequired\":true,\"valueName\":\"search_term_string\"}}],\"inLanguage\":\"bs-BA\"},{\"@type\":\"Organization\",\"@id\":\"https:\/\/tuzlainfo.ba\/#organization\",\"name\":\"TuzlaInfo.ba\",\"url\":\"https:\/\/tuzlainfo.ba\/\",\"logo\":{\"@type\":\"ImageObject\",\"inLanguage\":\"bs-BA\",\"@id\":\"https:\/\/tuzlainfo.ba\/#\/schema\/logo\/image\/\",\"url\":\"https:\/\/tuzlainfo.ba\/wp-content\/uploads\/2021\/03\/logo-ver-3-1.png\",\"contentUrl\":\"https:\/\/tuzlainfo.ba\/wp-content\/uploads\/2021\/03\/logo-ver-3-1.png\",\"width\":350,\"height\":95,\"caption\":\"TuzlaInfo.ba\"},\"image\":{\"@id\":\"https:\/\/tuzlainfo.ba\/#\/schema\/logo\/image\/\"},\"sameAs\":[\"https:\/\/www.facebook.com\/tuzlainfo.ba\/\"]},{\"@type\":\"Person\",\"@id\":\"https:\/\/tuzlainfo.ba\/#\/schema\/person\/f434e20dc27ea133923aab08451b7f7f\",\"name\":\"nedim\",\"image\":{\"@type\":\"ImageObject\",\"inLanguage\":\"bs-BA\",\"@id\":\"https:\/\/tuzlainfo.ba\/#\/schema\/person\/image\/\",\"url\":\"https:\/\/tuzlainfo.ba\/wp-content\/litespeed\/avatar\/aabad687af24844af817603ac1cbdc4f.jpg?ver=1777306975\",\"contentUrl\":\"https:\/\/tuzlainfo.ba\/wp-content\/litespeed\/avatar\/aabad687af24844af817603ac1cbdc4f.jpg?ver=1777306975\",\"caption\":\"nedim\"},\"description\":\"Tuzlainfo.ba pratite na dru\u0161tvenim mre\u017eama: Facebook, Instagram i Youtube. Svoje pri\u010de, upite i fotografije \u0161aljite na na\u0161u e-mail adresu.\"}]}<\/script>\n<!-- \/ Yoast SEO plugin. -->","yoast_head_json":{"title":"U Tuzli promovisana druga knjiga Sanje Hajdukov \"Pohvala hrabrosti\" - TuzlaInfo.ba","robots":{"index":"index","follow":"follow","max-snippet":"max-snippet:-1","max-image-preview":"max-image-preview:large","max-video-preview":"max-video-preview:-1"},"canonical":"https:\/\/tuzlainfo.ba\/index.php\/novosti\/item\/250690-u-tuzli-promovisana-druga-knjiga-sanje-hajdukov-pohvala-hrabrosti\/","og_locale":"bs_BA","og_type":"article","og_title":"U Tuzli promovisana druga knjiga Sanje Hajdukov \"Pohvala hrabrosti\" - TuzlaInfo.ba","og_description":"U sali Narodne i univerzitetske biblioteke \u201eDervi\u0161 Su\u0161i\u0107\u201c Tuzla u ponedjeljak nave\u010de se tra\u017eilo mjesto&hellip;","og_url":"https:\/\/tuzlainfo.ba\/index.php\/novosti\/item\/250690-u-tuzli-promovisana-druga-knjiga-sanje-hajdukov-pohvala-hrabrosti\/","og_site_name":"TuzlaInfo.ba","article_publisher":"https:\/\/www.facebook.com\/tuzlainfo.ba\/","article_published_time":"2024-09-24T20:01:21+00:00","article_modified_time":"2024-09-24T19:42:09+00:00","og_image":[{"width":800,"height":519,"url":"https:\/\/tuzlainfo.ba\/wp-content\/uploads\/2024\/09\/2409_hajdukov.jpg","type":"image\/jpeg"}],"author":"nedim","twitter_card":"summary_large_image","twitter_misc":{"Written by":"nedim","Est. reading time":"3 minute"},"schema":{"@context":"https:\/\/schema.org","@graph":[{"@type":"Article","@id":"https:\/\/tuzlainfo.ba\/index.php\/novosti\/item\/250690-u-tuzli-promovisana-druga-knjiga-sanje-hajdukov-pohvala-hrabrosti\/#article","isPartOf":{"@id":"https:\/\/tuzlainfo.ba\/index.php\/novosti\/item\/250690-u-tuzli-promovisana-druga-knjiga-sanje-hajdukov-pohvala-hrabrosti\/"},"author":{"name":"nedim","@id":"https:\/\/tuzlainfo.ba\/#\/schema\/person\/f434e20dc27ea133923aab08451b7f7f"},"headline":"U Tuzli promovisana druga knjiga Sanje Hajdukov &#8220;Pohvala hrabrosti&#8221;","datePublished":"2024-09-24T20:01:21+00:00","dateModified":"2024-09-24T19:42:09+00:00","mainEntityOfPage":{"@id":"https:\/\/tuzlainfo.ba\/index.php\/novosti\/item\/250690-u-tuzli-promovisana-druga-knjiga-sanje-hajdukov-pohvala-hrabrosti\/"},"wordCount":406,"publisher":{"@id":"https:\/\/tuzlainfo.ba\/#organization"},"image":{"@id":"https:\/\/tuzlainfo.ba\/index.php\/novosti\/item\/250690-u-tuzli-promovisana-druga-knjiga-sanje-hajdukov-pohvala-hrabrosti\/#primaryimage"},"thumbnailUrl":"https:\/\/tuzlainfo.ba\/wp-content\/uploads\/2024\/09\/2409_hajdukov.jpg","keywords":["biblioteka tuzla","Narodna biblioteka Dervi\u0161 Su\u0161i\u0107","sanja hajdukov"],"articleSection":["Istaknuto","Novosti"],"inLanguage":"bs-BA"},{"@type":"WebPage","@id":"https:\/\/tuzlainfo.ba\/index.php\/novosti\/item\/250690-u-tuzli-promovisana-druga-knjiga-sanje-hajdukov-pohvala-hrabrosti\/","url":"https:\/\/tuzlainfo.ba\/index.php\/novosti\/item\/250690-u-tuzli-promovisana-druga-knjiga-sanje-hajdukov-pohvala-hrabrosti\/","name":"U Tuzli promovisana druga knjiga Sanje Hajdukov \"Pohvala hrabrosti\" - TuzlaInfo.ba","isPartOf":{"@id":"https:\/\/tuzlainfo.ba\/#website"},"primaryImageOfPage":{"@id":"https:\/\/tuzlainfo.ba\/index.php\/novosti\/item\/250690-u-tuzli-promovisana-druga-knjiga-sanje-hajdukov-pohvala-hrabrosti\/#primaryimage"},"image":{"@id":"https:\/\/tuzlainfo.ba\/index.php\/novosti\/item\/250690-u-tuzli-promovisana-druga-knjiga-sanje-hajdukov-pohvala-hrabrosti\/#primaryimage"},"thumbnailUrl":"https:\/\/tuzlainfo.ba\/wp-content\/uploads\/2024\/09\/2409_hajdukov.jpg","datePublished":"2024-09-24T20:01:21+00:00","dateModified":"2024-09-24T19:42:09+00:00","breadcrumb":{"@id":"https:\/\/tuzlainfo.ba\/index.php\/novosti\/item\/250690-u-tuzli-promovisana-druga-knjiga-sanje-hajdukov-pohvala-hrabrosti\/#breadcrumb"},"inLanguage":"bs-BA","potentialAction":[{"@type":"ReadAction","target":["https:\/\/tuzlainfo.ba\/index.php\/novosti\/item\/250690-u-tuzli-promovisana-druga-knjiga-sanje-hajdukov-pohvala-hrabrosti\/"]}]},{"@type":"ImageObject","inLanguage":"bs-BA","@id":"https:\/\/tuzlainfo.ba\/index.php\/novosti\/item\/250690-u-tuzli-promovisana-druga-knjiga-sanje-hajdukov-pohvala-hrabrosti\/#primaryimage","url":"https:\/\/tuzlainfo.ba\/wp-content\/uploads\/2024\/09\/2409_hajdukov.jpg","contentUrl":"https:\/\/tuzlainfo.ba\/wp-content\/uploads\/2024\/09\/2409_hajdukov.jpg","width":800,"height":519},{"@type":"BreadcrumbList","@id":"https:\/\/tuzlainfo.ba\/index.php\/novosti\/item\/250690-u-tuzli-promovisana-druga-knjiga-sanje-hajdukov-pohvala-hrabrosti\/#breadcrumb","itemListElement":[{"@type":"ListItem","position":1,"name":"Home","item":"https:\/\/tuzlainfo.ba\/"},{"@type":"ListItem","position":2,"name":"U Tuzli promovisana druga knjiga Sanje Hajdukov &#8220;Pohvala hrabrosti&#8221;"}]},{"@type":"WebSite","@id":"https:\/\/tuzlainfo.ba\/#website","url":"https:\/\/tuzlainfo.ba\/","name":"TuzlaInfo.ba","description":"Tuzla info, gradski informator - Tuzla na dlanu","publisher":{"@id":"https:\/\/tuzlainfo.ba\/#organization"},"potentialAction":[{"@type":"SearchAction","target":{"@type":"EntryPoint","urlTemplate":"https:\/\/tuzlainfo.ba\/?s={search_term_string}"},"query-input":{"@type":"PropertyValueSpecification","valueRequired":true,"valueName":"search_term_string"}}],"inLanguage":"bs-BA"},{"@type":"Organization","@id":"https:\/\/tuzlainfo.ba\/#organization","name":"TuzlaInfo.ba","url":"https:\/\/tuzlainfo.ba\/","logo":{"@type":"ImageObject","inLanguage":"bs-BA","@id":"https:\/\/tuzlainfo.ba\/#\/schema\/logo\/image\/","url":"https:\/\/tuzlainfo.ba\/wp-content\/uploads\/2021\/03\/logo-ver-3-1.png","contentUrl":"https:\/\/tuzlainfo.ba\/wp-content\/uploads\/2021\/03\/logo-ver-3-1.png","width":350,"height":95,"caption":"TuzlaInfo.ba"},"image":{"@id":"https:\/\/tuzlainfo.ba\/#\/schema\/logo\/image\/"},"sameAs":["https:\/\/www.facebook.com\/tuzlainfo.ba\/"]},{"@type":"Person","@id":"https:\/\/tuzlainfo.ba\/#\/schema\/person\/f434e20dc27ea133923aab08451b7f7f","name":"nedim","image":{"@type":"ImageObject","inLanguage":"bs-BA","@id":"https:\/\/tuzlainfo.ba\/#\/schema\/person\/image\/","url":"https:\/\/tuzlainfo.ba\/wp-content\/litespeed\/avatar\/aabad687af24844af817603ac1cbdc4f.jpg?ver=1777306975","contentUrl":"https:\/\/tuzlainfo.ba\/wp-content\/litespeed\/avatar\/aabad687af24844af817603ac1cbdc4f.jpg?ver=1777306975","caption":"nedim"},"description":"Tuzlainfo.ba pratite na dru\u0161tvenim mre\u017eama: Facebook, Instagram i Youtube. Svoje pri\u010de, upite i fotografije \u0161aljite na na\u0161u e-mail adresu."}]}},"_links":{"self":[{"href":"https:\/\/tuzlainfo.ba\/index.php\/wp-json\/wp\/v2\/posts\/250690"}],"collection":[{"href":"https:\/\/tuzlainfo.ba\/index.php\/wp-json\/wp\/v2\/posts"}],"about":[{"href":"https:\/\/tuzlainfo.ba\/index.php\/wp-json\/wp\/v2\/types\/post"}],"author":[{"embeddable":true,"href":"https:\/\/tuzlainfo.ba\/index.php\/wp-json\/wp\/v2\/users\/2"}],"replies":[{"embeddable":true,"href":"https:\/\/tuzlainfo.ba\/index.php\/wp-json\/wp\/v2\/comments?post=250690"}],"version-history":[{"count":1,"href":"https:\/\/tuzlainfo.ba\/index.php\/wp-json\/wp\/v2\/posts\/250690\/revisions"}],"predecessor-version":[{"id":250693,"href":"https:\/\/tuzlainfo.ba\/index.php\/wp-json\/wp\/v2\/posts\/250690\/revisions\/250693"}],"wp:featuredmedia":[{"embeddable":true,"href":"https:\/\/tuzlainfo.ba\/index.php\/wp-json\/wp\/v2\/media\/250691"}],"wp:attachment":[{"href":"https:\/\/tuzlainfo.ba\/index.php\/wp-json\/wp\/v2\/media?parent=250690"}],"wp:term":[{"taxonomy":"category","embeddable":true,"href":"https:\/\/tuzlainfo.ba\/index.php\/wp-json\/wp\/v2\/categories?post=250690"},{"taxonomy":"post_tag","embeddable":true,"href":"https:\/\/tuzlainfo.ba\/index.php\/wp-json\/wp\/v2\/tags?post=250690"}],"curies":[{"name":"wp","href":"https:\/\/api.w.org\/{rel}","templated":true}]}}