{"id":250676,"date":"2024-09-24T19:13:18","date_gmt":"2024-09-24T17:13:18","guid":{"rendered":"https:\/\/tuzlainfo.ba\/?p=250676"},"modified":"2024-09-24T19:14:15","modified_gmt":"2024-09-24T17:14:15","slug":"borba-za-glasove-na-neprimjeren-nacin-nacelnik-celica-u-kampanji-koristi-i-slike-sa-djecom","status":"publish","type":"post","link":"https:\/\/tuzlainfo.ba\/index.php\/novosti\/item\/250676-borba-za-glasove-na-neprimjeren-nacin-nacelnik-celica-u-kampanji-koristi-i-slike-sa-djecom\/","title":{"rendered":"Borba za glasove na neprimjeren na\u010din: Na\u010delnik \u010celi\u0107a u kampanji koristi i slike sa djecom"},"content":{"rendered":"<p>Uo\u010di lokalnih izbora, na politi\u010dkoj sceni Bosne i Hercegovine pojavila se zabrinjavaju\u0107a praksa koja zahtijeva hitnu reakciju. Na\u010delnik op\u0107ine \u010celi\u0107, Admir Hrustanovi\u0107, kandidat Stranke za BiH, koristi slike djece iz vrti\u0107a i \u0161kola u svojoj predizbornoj kampanji.<\/p>\n<p>Ova praksa ne samo da je eti\u010dki sporna, ve\u0107 mo\u017ee imati i dugoro\u010dne posljedice po percepciju djece i njihovu privatnost.<\/p>\n<p>Hrustanovi\u0107 se u svojim objavama na dru\u0161tvenim mre\u017eama predstavlja kao predanik obrazovanju, ali pravi problem le\u017ei u na\u010dinu na koji se koristi dje\u010dija nevinost za vlastitu promociju.<\/p>\n<p>Iskori\u0161tavanje slika najmla\u0111ih kao alat za sticanje politi\u010dkih poena naru\u0161ava integritet ne samo samog kandidata, ve\u0107 i cjelokupnog izbornog procesa. Takve akcije \u0161alju jasnu poruku: politi\u010dka borba mo\u017ee biti va\u017enija od dostojanstva djece.<\/p>\n<p>&#8211; Centralnoj izbornoj komisiji (CIK) kao nadle\u017enoj instituciji u BiH je imperativ reagirati na ovu situaciju. CIK ima klju\u010dnu ulogu u osiguravanju da izborni proces bude vo\u0111en transparentno i eti\u010dki. Ovaj slu\u010daj ukazuje na potrebu za jasno definiranim pravilima koja \u0107e sprije\u010diti kori\u0161tenje dje\u010dijih slika u politi\u010dke svrhe. Djeca, koja su najranjivija u dru\u0161tvu, ne bi trebala biti sredstvo u politi\u010dkim igrama.&#8221; &#8211; Isti\u010du zabrinuti gra\u0111ani Op\u0107ine \u010celi\u0107.<\/p>\n<p><img fetchpriority=\"high\" decoding=\"async\" class=\"aligncenter wp-image-250678 size-full\" src=\"https:\/\/tuzlainfo.ba\/wp-content\/uploads\/2024\/09\/admir_hrustanovi9e17260v_5jpg.jpeg\" alt=\"\" width=\"738\" height=\"1599\" srcset=\"https:\/\/tuzlainfo.ba\/wp-content\/uploads\/2024\/09\/admir_hrustanovi9e17260v_5jpg.jpeg 738w, https:\/\/tuzlainfo.ba\/wp-content\/uploads\/2024\/09\/admir_hrustanovi9e17260v_5jpg-138x300.jpeg 138w, https:\/\/tuzlainfo.ba\/wp-content\/uploads\/2024\/09\/admir_hrustanovi9e17260v_5jpg-473x1024.jpeg 473w, https:\/\/tuzlainfo.ba\/wp-content\/uploads\/2024\/09\/admir_hrustanovi9e17260v_5jpg-709x1536.jpeg 709w, https:\/\/tuzlainfo.ba\/wp-content\/uploads\/2024\/09\/admir_hrustanovi9e17260v_5jpg-585x1268.jpeg 585w, https:\/\/tuzlainfo.ba\/wp-content\/uploads\/2024\/09\/admir_hrustanovi9e17260v_5jpg-150x325.jpeg 150w, https:\/\/tuzlainfo.ba\/wp-content\/uploads\/2024\/09\/admir_hrustanovi9e17260v_5jpg-231x500.jpeg 231w\" sizes=\"(max-width: 738px) 100vw, 738px\" \/><\/p>\n<p>U svijetu u kojem su etika i odgovornost u politici \u010desto na ku\u0161nji, nu\u017eno je postaviti standarde koji \u0107e osigurati da se za\u0161tite prava djece.<\/p>\n<div class=\"text ng-star-inserted\">\n<p>Sva dosada\u0161nja iskustva pokazuju da je neophodno obezbijediti za\u0161titu najmla\u0111ih od manipulacije, bilo u obliku fotografija, bilo kroz druge na\u010dine iskori\u0161tavanja.<\/p>\n<p>Ova situacija nije samo pitanje pojedina\u010dne odgovornosti, ve\u0107 i kolektivnog stava dru\u0161tva. Gra\u0111ani, mediji i institucije trebaju zajedno raditi na stvaranju okru\u017eenja gdje se po\u0161tuju prava i dostojanstvo svakog pojedinca, a posebno onih najranjivijih &#8211; djece. O\u010dekujemo od CIK-a da brzo reagira i donese mjere koje \u0107e sprije\u010diti ovakve prakse u budu\u0107nosti, pi\u0161e <a href=\"https:\/\/www.hayat.ba\/article\/krivim-putem-do-glasova-iskoristavanje-djecijih-slika-u-kampanji-hrustanovica\/66f1a940495e64d47f6ed653\"><strong>Hayat.ba<\/strong><\/a>.<\/p>\n<\/div>\n","protected":false},"excerpt":{"rendered":"<p>Uo\u010di lokalnih izbora, na politi\u010dkoj sceni Bosne i Hercegovine pojavila se zabrinjavaju\u0107a praksa koja zahtijeva hitnu reakciju. Na\u010delnik op\u0107ine \u010celi\u0107, Admir Hrustanovi\u0107, kandidat Stranke za BiH, koristi slike djece iz vrti\u0107a i \u0161kola u svojoj predizbornoj kampanji. Ova praksa ne samo da je eti\u010dki sporna, ve\u0107 mo\u017ee imati i dugoro\u010dne posljedice po percepciju djece i [&hellip;]<\/p>\n","protected":false},"author":2,"featured_media":250677,"comment_status":"closed","ping_status":"closed","sticky":false,"template":"","format":"standard","meta":{"footnotes":""},"categories":[12],"tags":[6930,401],"class_list":["post-250676","post","type-post","status-publish","format-standard","has-post-thumbnail","hentry","category-novosti","tag-admir-hrustanovic","tag-celic"],"yoast_head":"<!-- This site is optimized with the Yoast SEO plugin v28.4 - https:\/\/yoast.com\/product\/yoast-seo-wordpress\/ -->\n<title>Borba za glasove na neprimjeren na\u010din: Na\u010delnik \u010celi\u0107a u kampanji koristi i slike sa djecom<\/title>\n<meta name=\"robots\" content=\"index, follow, max-snippet:-1, max-image-preview:large, max-video-preview:-1\" \/>\n<link rel=\"canonical\" href=\"https:\/\/tuzlainfo.ba\/index.php\/novosti\/item\/250676-borba-za-glasove-na-neprimjeren-nacin-nacelnik-celica-u-kampanji-koristi-i-slike-sa-djecom\/\" \/>\n<meta property=\"og:locale\" content=\"bs_BA\" \/>\n<meta property=\"og:type\" content=\"article\" \/>\n<meta property=\"og:title\" content=\"Borba za glasove na neprimjeren na\u010din: Na\u010delnik \u010celi\u0107a u kampanji koristi i slike sa djecom\" \/>\n<meta property=\"og:description\" content=\"Uo\u010di lokalnih izbora, na politi\u010dkoj sceni Bosne i Hercegovine pojavila se zabrinjavaju\u0107a praksa koja zahtijeva hitnu reakciju. Na\u010delnik op\u0107ine \u010celi\u0107, Admir Hrustanovi\u0107, kandidat Stranke za BiH, koristi slike djece iz vrti\u0107a i \u0161kola u svojoj predizbornoj kampanji. Ova praksa ne samo da je eti\u010dki sporna, ve\u0107 mo\u017ee imati i dugoro\u010dne posljedice po percepciju djece i [&hellip;]\" \/>\n<meta property=\"og:url\" content=\"https:\/\/tuzlainfo.ba\/index.php\/novosti\/item\/250676-borba-za-glasove-na-neprimjeren-nacin-nacelnik-celica-u-kampanji-koristi-i-slike-sa-djecom\/\" \/>\n<meta property=\"og:site_name\" content=\"TuzlaInfo.ba\" \/>\n<meta property=\"article:publisher\" content=\"https:\/\/www.facebook.com\/tuzlainfo.ba\/\" \/>\n<meta property=\"article:published_time\" content=\"2024-09-24T17:13:18+00:00\" \/>\n<meta property=\"article:modified_time\" content=\"2024-09-24T17:14:15+00:00\" \/>\n<meta property=\"og:image\" content=\"https:\/\/tuzlainfo.ba\/wp-content\/uploads\/2024\/09\/2409_hrust_djeca.jpg\" \/>\n\t<meta property=\"og:image:width\" content=\"1000\" \/>\n\t<meta property=\"og:image:height\" content=\"574\" \/>\n\t<meta property=\"og:image:type\" content=\"image\/jpeg\" \/>\n<meta name=\"author\" content=\"nedim\" \/>\n<meta name=\"twitter:card\" content=\"summary_large_image\" \/>\n<meta name=\"twitter:label1\" content=\"Written by\" \/>\n\t<meta name=\"twitter:data1\" content=\"nedim\" \/>\n\t<meta name=\"twitter:label2\" content=\"Est. reading time\" \/>\n\t<meta name=\"twitter:data2\" content=\"2 minute\" \/>\n<script type=\"application\/ld+json\" class=\"yoast-schema-graph\">{\"@context\":\"https:\\\/\\\/schema.org\",\"@graph\":[{\"@type\":\"Article\",\"@id\":\"https:\\\/\\\/tuzlainfo.ba\\\/index.php\\\/novosti\\\/item\\\/250676-borba-za-glasove-na-neprimjeren-nacin-nacelnik-celica-u-kampanji-koristi-i-slike-sa-djecom\\\/#article\",\"isPartOf\":{\"@id\":\"https:\\\/\\\/tuzlainfo.ba\\\/index.php\\\/novosti\\\/item\\\/250676-borba-za-glasove-na-neprimjeren-nacin-nacelnik-celica-u-kampanji-koristi-i-slike-sa-djecom\\\/\"},\"author\":{\"name\":\"nedim\",\"@id\":\"https:\\\/\\\/tuzlainfo.ba\\\/#\\\/schema\\\/person\\\/f434e20dc27ea133923aab08451b7f7f\"},\"headline\":\"Borba za glasove na neprimjeren na\u010din: Na\u010delnik \u010celi\u0107a u kampanji koristi i slike sa djecom\",\"datePublished\":\"2024-09-24T17:13:18+00:00\",\"dateModified\":\"2024-09-24T17:14:15+00:00\",\"mainEntityOfPage\":{\"@id\":\"https:\\\/\\\/tuzlainfo.ba\\\/index.php\\\/novosti\\\/item\\\/250676-borba-za-glasove-na-neprimjeren-nacin-nacelnik-celica-u-kampanji-koristi-i-slike-sa-djecom\\\/\"},\"wordCount\":356,\"publisher\":{\"@id\":\"https:\\\/\\\/tuzlainfo.ba\\\/#organization\"},\"image\":{\"@id\":\"https:\\\/\\\/tuzlainfo.ba\\\/index.php\\\/novosti\\\/item\\\/250676-borba-za-glasove-na-neprimjeren-nacin-nacelnik-celica-u-kampanji-koristi-i-slike-sa-djecom\\\/#primaryimage\"},\"thumbnailUrl\":\"https:\\\/\\\/tuzlainfo.ba\\\/wp-content\\\/uploads\\\/2024\\\/09\\\/2409_hrust_djeca.jpg\",\"keywords\":[\"admir hrustanovi\u0107\",\"\u010deli\u0107\"],\"articleSection\":[\"Novosti\"],\"inLanguage\":\"bs-BA\",\"copyrightYear\":\"2024\",\"copyrightHolder\":{\"@id\":\"https:\\\/\\\/tuzlainfo.ba\\\/#organization\"}},{\"@type\":\"WebPage\",\"@id\":\"https:\\\/\\\/tuzlainfo.ba\\\/index.php\\\/novosti\\\/item\\\/250676-borba-za-glasove-na-neprimjeren-nacin-nacelnik-celica-u-kampanji-koristi-i-slike-sa-djecom\\\/\",\"url\":\"https:\\\/\\\/tuzlainfo.ba\\\/index.php\\\/novosti\\\/item\\\/250676-borba-za-glasove-na-neprimjeren-nacin-nacelnik-celica-u-kampanji-koristi-i-slike-sa-djecom\\\/\",\"name\":\"Borba za glasove na neprimjeren na\u010din: Na\u010delnik \u010celi\u0107a u kampanji koristi i slike sa djecom\",\"isPartOf\":{\"@id\":\"https:\\\/\\\/tuzlainfo.ba\\\/#website\"},\"primaryImageOfPage\":{\"@id\":\"https:\\\/\\\/tuzlainfo.ba\\\/index.php\\\/novosti\\\/item\\\/250676-borba-za-glasove-na-neprimjeren-nacin-nacelnik-celica-u-kampanji-koristi-i-slike-sa-djecom\\\/#primaryimage\"},\"image\":{\"@id\":\"https:\\\/\\\/tuzlainfo.ba\\\/index.php\\\/novosti\\\/item\\\/250676-borba-za-glasove-na-neprimjeren-nacin-nacelnik-celica-u-kampanji-koristi-i-slike-sa-djecom\\\/#primaryimage\"},\"thumbnailUrl\":\"https:\\\/\\\/tuzlainfo.ba\\\/wp-content\\\/uploads\\\/2024\\\/09\\\/2409_hrust_djeca.jpg\",\"datePublished\":\"2024-09-24T17:13:18+00:00\",\"dateModified\":\"2024-09-24T17:14:15+00:00\",\"breadcrumb\":{\"@id\":\"https:\\\/\\\/tuzlainfo.ba\\\/index.php\\\/novosti\\\/item\\\/250676-borba-za-glasove-na-neprimjeren-nacin-nacelnik-celica-u-kampanji-koristi-i-slike-sa-djecom\\\/#breadcrumb\"},\"inLanguage\":\"bs-BA\",\"potentialAction\":[{\"@type\":\"ReadAction\",\"target\":[\"https:\\\/\\\/tuzlainfo.ba\\\/index.php\\\/novosti\\\/item\\\/250676-borba-za-glasove-na-neprimjeren-nacin-nacelnik-celica-u-kampanji-koristi-i-slike-sa-djecom\\\/\"]}]},{\"@type\":\"ImageObject\",\"inLanguage\":\"bs-BA\",\"@id\":\"https:\\\/\\\/tuzlainfo.ba\\\/index.php\\\/novosti\\\/item\\\/250676-borba-za-glasove-na-neprimjeren-nacin-nacelnik-celica-u-kampanji-koristi-i-slike-sa-djecom\\\/#primaryimage\",\"url\":\"https:\\\/\\\/tuzlainfo.ba\\\/wp-content\\\/uploads\\\/2024\\\/09\\\/2409_hrust_djeca.jpg\",\"contentUrl\":\"https:\\\/\\\/tuzlainfo.ba\\\/wp-content\\\/uploads\\\/2024\\\/09\\\/2409_hrust_djeca.jpg\",\"width\":1000,\"height\":574},{\"@type\":\"BreadcrumbList\",\"@id\":\"https:\\\/\\\/tuzlainfo.ba\\\/index.php\\\/novosti\\\/item\\\/250676-borba-za-glasove-na-neprimjeren-nacin-nacelnik-celica-u-kampanji-koristi-i-slike-sa-djecom\\\/#breadcrumb\",\"itemListElement\":[{\"@type\":\"ListItem\",\"position\":1,\"name\":\"Home\",\"item\":\"https:\\\/\\\/tuzlainfo.ba\\\/\"},{\"@type\":\"ListItem\",\"position\":2,\"name\":\"Borba za glasove na neprimjeren na\u010din: Na\u010delnik \u010celi\u0107a u kampanji koristi i slike sa djecom\"}]},{\"@type\":\"WebSite\",\"@id\":\"https:\\\/\\\/tuzlainfo.ba\\\/#website\",\"url\":\"https:\\\/\\\/tuzlainfo.ba\\\/\",\"name\":\"TuzlaInfo.ba\",\"description\":\"Tuzla info, gradski informator - Tuzla na dlanu\",\"publisher\":{\"@id\":\"https:\\\/\\\/tuzlainfo.ba\\\/#organization\"},\"potentialAction\":[{\"@type\":\"SearchAction\",\"target\":{\"@type\":\"EntryPoint\",\"urlTemplate\":\"https:\\\/\\\/tuzlainfo.ba\\\/?s={search_term_string}\"},\"query-input\":{\"@type\":\"PropertyValueSpecification\",\"valueRequired\":true,\"valueName\":\"search_term_string\"}}],\"inLanguage\":\"bs-BA\"},{\"@type\":\"Organization\",\"@id\":\"https:\\\/\\\/tuzlainfo.ba\\\/#organization\",\"name\":\"TuzlaInfo.ba\",\"url\":\"https:\\\/\\\/tuzlainfo.ba\\\/\",\"logo\":{\"@type\":\"ImageObject\",\"inLanguage\":\"bs-BA\",\"@id\":\"https:\\\/\\\/tuzlainfo.ba\\\/#\\\/schema\\\/logo\\\/image\\\/\",\"url\":\"https:\\\/\\\/tuzlainfo.ba\\\/wp-content\\\/uploads\\\/2021\\\/03\\\/logo-ver-3-1.png\",\"contentUrl\":\"https:\\\/\\\/tuzlainfo.ba\\\/wp-content\\\/uploads\\\/2021\\\/03\\\/logo-ver-3-1.png\",\"width\":350,\"height\":95,\"caption\":\"TuzlaInfo.ba\"},\"image\":{\"@id\":\"https:\\\/\\\/tuzlainfo.ba\\\/#\\\/schema\\\/logo\\\/image\\\/\"},\"sameAs\":[\"https:\\\/\\\/www.facebook.com\\\/tuzlainfo.ba\\\/\"]},{\"@type\":\"Person\",\"@id\":\"https:\\\/\\\/tuzlainfo.ba\\\/#\\\/schema\\\/person\\\/f434e20dc27ea133923aab08451b7f7f\",\"name\":\"nedim\",\"image\":{\"@type\":\"ImageObject\",\"inLanguage\":\"bs-BA\",\"@id\":\"https:\\\/\\\/secure.gravatar.com\\\/avatar\\\/5b928a2e7e70a54208d2eb6c1edcb75a5350d6ae97d5f0a701203d456823f6f3?s=96&d=mm&r=g\",\"url\":\"https:\\\/\\\/secure.gravatar.com\\\/avatar\\\/5b928a2e7e70a54208d2eb6c1edcb75a5350d6ae97d5f0a701203d456823f6f3?s=96&d=mm&r=g\",\"contentUrl\":\"https:\\\/\\\/secure.gravatar.com\\\/avatar\\\/5b928a2e7e70a54208d2eb6c1edcb75a5350d6ae97d5f0a701203d456823f6f3?s=96&d=mm&r=g\",\"caption\":\"nedim\"},\"description\":\"Tuzlainfo.ba pratite na dru\u0161tvenim mre\u017eama: Facebook, Instagram i Youtube. Svoje pri\u010de, upite i fotografije \u0161aljite na na\u0161u e-mail adresu.\"}]}<\/script>\n<!-- \/ Yoast SEO plugin. -->","yoast_head_json":{"title":"Borba za glasove na neprimjeren na\u010din: Na\u010delnik \u010celi\u0107a u kampanji koristi i slike sa djecom","robots":{"index":"index","follow":"follow","max-snippet":"max-snippet:-1","max-image-preview":"max-image-preview:large","max-video-preview":"max-video-preview:-1"},"canonical":"https:\/\/tuzlainfo.ba\/index.php\/novosti\/item\/250676-borba-za-glasove-na-neprimjeren-nacin-nacelnik-celica-u-kampanji-koristi-i-slike-sa-djecom\/","og_locale":"bs_BA","og_type":"article","og_title":"Borba za glasove na neprimjeren na\u010din: Na\u010delnik \u010celi\u0107a u kampanji koristi i slike sa djecom","og_description":"Uo\u010di lokalnih izbora, na politi\u010dkoj sceni Bosne i Hercegovine pojavila se zabrinjavaju\u0107a praksa koja zahtijeva hitnu reakciju. Na\u010delnik op\u0107ine \u010celi\u0107, Admir Hrustanovi\u0107, kandidat Stranke za BiH, koristi slike djece iz vrti\u0107a i \u0161kola u svojoj predizbornoj kampanji. Ova praksa ne samo da je eti\u010dki sporna, ve\u0107 mo\u017ee imati i dugoro\u010dne posljedice po percepciju djece i [&hellip;]","og_url":"https:\/\/tuzlainfo.ba\/index.php\/novosti\/item\/250676-borba-za-glasove-na-neprimjeren-nacin-nacelnik-celica-u-kampanji-koristi-i-slike-sa-djecom\/","og_site_name":"TuzlaInfo.ba","article_publisher":"https:\/\/www.facebook.com\/tuzlainfo.ba\/","article_published_time":"2024-09-24T17:13:18+00:00","article_modified_time":"2024-09-24T17:14:15+00:00","og_image":[{"width":1000,"height":574,"url":"https:\/\/tuzlainfo.ba\/wp-content\/uploads\/2024\/09\/2409_hrust_djeca.jpg","type":"image\/jpeg"}],"author":"nedim","twitter_card":"summary_large_image","twitter_misc":{"Written by":"nedim","Est. reading time":"2 minute"},"schema":{"@context":"https:\/\/schema.org","@graph":[{"@type":"Article","@id":"https:\/\/tuzlainfo.ba\/index.php\/novosti\/item\/250676-borba-za-glasove-na-neprimjeren-nacin-nacelnik-celica-u-kampanji-koristi-i-slike-sa-djecom\/#article","isPartOf":{"@id":"https:\/\/tuzlainfo.ba\/index.php\/novosti\/item\/250676-borba-za-glasove-na-neprimjeren-nacin-nacelnik-celica-u-kampanji-koristi-i-slike-sa-djecom\/"},"author":{"name":"nedim","@id":"https:\/\/tuzlainfo.ba\/#\/schema\/person\/f434e20dc27ea133923aab08451b7f7f"},"headline":"Borba za glasove na neprimjeren na\u010din: Na\u010delnik \u010celi\u0107a u kampanji koristi i slike sa djecom","datePublished":"2024-09-24T17:13:18+00:00","dateModified":"2024-09-24T17:14:15+00:00","mainEntityOfPage":{"@id":"https:\/\/tuzlainfo.ba\/index.php\/novosti\/item\/250676-borba-za-glasove-na-neprimjeren-nacin-nacelnik-celica-u-kampanji-koristi-i-slike-sa-djecom\/"},"wordCount":356,"publisher":{"@id":"https:\/\/tuzlainfo.ba\/#organization"},"image":{"@id":"https:\/\/tuzlainfo.ba\/index.php\/novosti\/item\/250676-borba-za-glasove-na-neprimjeren-nacin-nacelnik-celica-u-kampanji-koristi-i-slike-sa-djecom\/#primaryimage"},"thumbnailUrl":"https:\/\/tuzlainfo.ba\/wp-content\/uploads\/2024\/09\/2409_hrust_djeca.jpg","keywords":["admir hrustanovi\u0107","\u010deli\u0107"],"articleSection":["Novosti"],"inLanguage":"bs-BA","copyrightYear":"2024","copyrightHolder":{"@id":"https:\/\/tuzlainfo.ba\/#organization"}},{"@type":"WebPage","@id":"https:\/\/tuzlainfo.ba\/index.php\/novosti\/item\/250676-borba-za-glasove-na-neprimjeren-nacin-nacelnik-celica-u-kampanji-koristi-i-slike-sa-djecom\/","url":"https:\/\/tuzlainfo.ba\/index.php\/novosti\/item\/250676-borba-za-glasove-na-neprimjeren-nacin-nacelnik-celica-u-kampanji-koristi-i-slike-sa-djecom\/","name":"Borba za glasove na neprimjeren na\u010din: Na\u010delnik \u010celi\u0107a u kampanji koristi i slike sa djecom","isPartOf":{"@id":"https:\/\/tuzlainfo.ba\/#website"},"primaryImageOfPage":{"@id":"https:\/\/tuzlainfo.ba\/index.php\/novosti\/item\/250676-borba-za-glasove-na-neprimjeren-nacin-nacelnik-celica-u-kampanji-koristi-i-slike-sa-djecom\/#primaryimage"},"image":{"@id":"https:\/\/tuzlainfo.ba\/index.php\/novosti\/item\/250676-borba-za-glasove-na-neprimjeren-nacin-nacelnik-celica-u-kampanji-koristi-i-slike-sa-djecom\/#primaryimage"},"thumbnailUrl":"https:\/\/tuzlainfo.ba\/wp-content\/uploads\/2024\/09\/2409_hrust_djeca.jpg","datePublished":"2024-09-24T17:13:18+00:00","dateModified":"2024-09-24T17:14:15+00:00","breadcrumb":{"@id":"https:\/\/tuzlainfo.ba\/index.php\/novosti\/item\/250676-borba-za-glasove-na-neprimjeren-nacin-nacelnik-celica-u-kampanji-koristi-i-slike-sa-djecom\/#breadcrumb"},"inLanguage":"bs-BA","potentialAction":[{"@type":"ReadAction","target":["https:\/\/tuzlainfo.ba\/index.php\/novosti\/item\/250676-borba-za-glasove-na-neprimjeren-nacin-nacelnik-celica-u-kampanji-koristi-i-slike-sa-djecom\/"]}]},{"@type":"ImageObject","inLanguage":"bs-BA","@id":"https:\/\/tuzlainfo.ba\/index.php\/novosti\/item\/250676-borba-za-glasove-na-neprimjeren-nacin-nacelnik-celica-u-kampanji-koristi-i-slike-sa-djecom\/#primaryimage","url":"https:\/\/tuzlainfo.ba\/wp-content\/uploads\/2024\/09\/2409_hrust_djeca.jpg","contentUrl":"https:\/\/tuzlainfo.ba\/wp-content\/uploads\/2024\/09\/2409_hrust_djeca.jpg","width":1000,"height":574},{"@type":"BreadcrumbList","@id":"https:\/\/tuzlainfo.ba\/index.php\/novosti\/item\/250676-borba-za-glasove-na-neprimjeren-nacin-nacelnik-celica-u-kampanji-koristi-i-slike-sa-djecom\/#breadcrumb","itemListElement":[{"@type":"ListItem","position":1,"name":"Home","item":"https:\/\/tuzlainfo.ba\/"},{"@type":"ListItem","position":2,"name":"Borba za glasove na neprimjeren na\u010din: Na\u010delnik \u010celi\u0107a u kampanji koristi i slike sa djecom"}]},{"@type":"WebSite","@id":"https:\/\/tuzlainfo.ba\/#website","url":"https:\/\/tuzlainfo.ba\/","name":"TuzlaInfo.ba","description":"Tuzla info, gradski informator - Tuzla na dlanu","publisher":{"@id":"https:\/\/tuzlainfo.ba\/#organization"},"potentialAction":[{"@type":"SearchAction","target":{"@type":"EntryPoint","urlTemplate":"https:\/\/tuzlainfo.ba\/?s={search_term_string}"},"query-input":{"@type":"PropertyValueSpecification","valueRequired":true,"valueName":"search_term_string"}}],"inLanguage":"bs-BA"},{"@type":"Organization","@id":"https:\/\/tuzlainfo.ba\/#organization","name":"TuzlaInfo.ba","url":"https:\/\/tuzlainfo.ba\/","logo":{"@type":"ImageObject","inLanguage":"bs-BA","@id":"https:\/\/tuzlainfo.ba\/#\/schema\/logo\/image\/","url":"https:\/\/tuzlainfo.ba\/wp-content\/uploads\/2021\/03\/logo-ver-3-1.png","contentUrl":"https:\/\/tuzlainfo.ba\/wp-content\/uploads\/2021\/03\/logo-ver-3-1.png","width":350,"height":95,"caption":"TuzlaInfo.ba"},"image":{"@id":"https:\/\/tuzlainfo.ba\/#\/schema\/logo\/image\/"},"sameAs":["https:\/\/www.facebook.com\/tuzlainfo.ba\/"]},{"@type":"Person","@id":"https:\/\/tuzlainfo.ba\/#\/schema\/person\/f434e20dc27ea133923aab08451b7f7f","name":"nedim","image":{"@type":"ImageObject","inLanguage":"bs-BA","@id":"https:\/\/secure.gravatar.com\/avatar\/5b928a2e7e70a54208d2eb6c1edcb75a5350d6ae97d5f0a701203d456823f6f3?s=96&d=mm&r=g","url":"https:\/\/secure.gravatar.com\/avatar\/5b928a2e7e70a54208d2eb6c1edcb75a5350d6ae97d5f0a701203d456823f6f3?s=96&d=mm&r=g","contentUrl":"https:\/\/secure.gravatar.com\/avatar\/5b928a2e7e70a54208d2eb6c1edcb75a5350d6ae97d5f0a701203d456823f6f3?s=96&d=mm&r=g","caption":"nedim"},"description":"Tuzlainfo.ba pratite na dru\u0161tvenim mre\u017eama: Facebook, Instagram i Youtube. Svoje pri\u010de, upite i fotografije \u0161aljite na na\u0161u e-mail adresu."}]}},"_links":{"self":[{"href":"https:\/\/tuzlainfo.ba\/index.php\/wp-json\/wp\/v2\/posts\/250676","targetHints":{"allow":["GET"]}}],"collection":[{"href":"https:\/\/tuzlainfo.ba\/index.php\/wp-json\/wp\/v2\/posts"}],"about":[{"href":"https:\/\/tuzlainfo.ba\/index.php\/wp-json\/wp\/v2\/types\/post"}],"author":[{"embeddable":true,"href":"https:\/\/tuzlainfo.ba\/index.php\/wp-json\/wp\/v2\/users\/2"}],"replies":[{"embeddable":true,"href":"https:\/\/tuzlainfo.ba\/index.php\/wp-json\/wp\/v2\/comments?post=250676"}],"version-history":[{"count":2,"href":"https:\/\/tuzlainfo.ba\/index.php\/wp-json\/wp\/v2\/posts\/250676\/revisions"}],"predecessor-version":[{"id":250680,"href":"https:\/\/tuzlainfo.ba\/index.php\/wp-json\/wp\/v2\/posts\/250676\/revisions\/250680"}],"wp:featuredmedia":[{"embeddable":true,"href":"https:\/\/tuzlainfo.ba\/index.php\/wp-json\/wp\/v2\/media\/250677"}],"wp:attachment":[{"href":"https:\/\/tuzlainfo.ba\/index.php\/wp-json\/wp\/v2\/media?parent=250676"}],"wp:term":[{"taxonomy":"category","embeddable":true,"href":"https:\/\/tuzlainfo.ba\/index.php\/wp-json\/wp\/v2\/categories?post=250676"},{"taxonomy":"post_tag","embeddable":true,"href":"https:\/\/tuzlainfo.ba\/index.php\/wp-json\/wp\/v2\/tags?post=250676"}],"curies":[{"name":"wp","href":"https:\/\/api.w.org\/{rel}","templated":true}]}}