{"id":250387,"date":"2024-09-21T10:02:24","date_gmt":"2024-09-21T08:02:24","guid":{"rendered":"https:\/\/tuzlainfo.ba\/?p=250387"},"modified":"2024-09-21T08:45:03","modified_gmt":"2024-09-21T06:45:03","slug":"video-najavljen-sajam-knjige-u-tuzli-posjetitelje-ceka-mnostvo-sadrzaja","status":"publish","type":"post","link":"https:\/\/tuzlainfo.ba\/index.php\/novosti\/item\/250387-video-najavljen-sajam-knjige-u-tuzli-posjetitelje-ceka-mnostvo-sadrzaja\/","title":{"rendered":"VIDEO \/ Najavljen Sajam knjige u Tuzli, posjetitelje \u010deka mno\u0161tvo sadr\u017eaja"},"content":{"rendered":"<p>Nakon 10 godina pauze u \u010detvrtak 26 .septembra u Tuzli \u0107e sve\u010dano biti otvoren Sajam knjiga.<\/p>\n<p>Organizator UG ACTIVUS uz generalno pokroviteljstvo NIPEX-a, te u saradnji sa NUB Dervi\u0161 Su\u0161i\u0107, Dru\u0161tvom pisaca BiH, Pozori\u0161tem mladih Tuzla i Urbanpointom, najavili su danas na press konferenciji mno\u0161tvo zanimljivih sajmskih aktivnosti.<\/p>\n<p>Sajam knjige u Tuzli se odr\u017eava od 26. do 29. septembra u Hrvatskom kulturnom centru \u201cSveti Franjo\u201d a nemjerljiv doprinos u organizaciji ove manifestacije dali su i gvardijan fra. \u017deljko Nikoli\u0107, kao i predsjednik Med\u017elisa Islamske zajednice Tuzla prof.dr. Amir Kari\u0107 i glavni Imam hfz. Ahmed ef. Huskanovi\u0107u.<\/p>\n<p>Vi\u0161e od dvadeset izlaga\u010da uz \u010detrdeset promocija knjiga i publikacija, o\u010dekuje posjetioce u ova \u010detiri dana trajanja Sajma knjiga.<\/p>\n<p>Posebno je zanimljiv i Book market na kojem \u0107e svaki dan od 12 do 19h posjetioci mo\u0107i da kupe, prodaju ili razmjene svoje stare knjige, stripove ili LP plo\u010de.<\/p>\n<p>Knji\u017eevnica Jagoda Ili\u010di\u0107 koja \u0107e na Sajmu predstaviti svoju knjigu pri\u010da za djecu \u201eKu\u0107ica na Mjesecu\u201c rekla je da je Tuzla godinama bila zakinuta za ovakvu manifestaciju:<\/p>\n<p>&#8211; Kao prosvjetni radnik mogu re\u0107i da se djeca ve\u0107 sada raduju Sajmu i da su ve\u0107 odabrala neke promocije koje \u0107e obavezno posjetiti. Jer nema odraslog \u010ditatelja, nema ljubavi prema knjigama ako tu ljubav ne usadimo najmla\u0111ima.<\/p>\n<p><iframe title=\"Jagoda Ili\u010dic - Sajam knjige Tuzla\" width=\"1170\" height=\"658\" src=\"https:\/\/www.youtube.com\/embed\/8fOK1L_eKHY?feature=oembed\" frameborder=\"0\" allow=\"accelerometer; autoplay; clipboard-write; encrypted-media; gyroscope; picture-in-picture; web-share\" referrerpolicy=\"strict-origin-when-cross-origin\" allowfullscreen><\/iframe><\/p>\n<p>Ovaj sajam je produkt na\u0161e ljubavi prema knjigama i potrebe da se ne\u0161to poduzme \u2013 rekao je Damir Piri\u0107 iz UG ACTIVUS te dodao:<\/p>\n<p>&#8211; Mi smo gotovo odmah nakon Sajma kafe i \u010dokolade kog smo radili u maju mjesecu, krenuli u realizaciju ovoga doga\u0111aja, jer svi u organizaciji imamo tu zajedni\u010dku \u201estrast\u201c prema knjigama.<\/p>\n<p><iframe title=\"Damir Piri\u0107 - Sajam knjige Tuzla\" width=\"1170\" height=\"658\" src=\"https:\/\/www.youtube.com\/embed\/TWnhSpmxl2Q?feature=oembed\" frameborder=\"0\" allow=\"accelerometer; autoplay; clipboard-write; encrypted-media; gyroscope; picture-in-picture; web-share\" referrerpolicy=\"strict-origin-when-cross-origin\" allowfullscreen><\/iframe><\/p>\n<p>Tuzla i Tuzlanski kanton kao najmnogoljudniji kanton u dr\u017eavi treba ovaj Sajam. Trebao nam je ovakav jako sadr\u017eajan Sajam, tako da pozivam sve da od ove manifestacije pokrenemo inicijativu \u201ePrvi put sa roditeljima na Sajam\u201c izjavila je Sanja Duki\u0107 direktorica Narodne i Univerzitetske biblioteke Tuzla.<\/p>\n<p><iframe title=\"Sanja Dukic - Sajam knjige u Tuzli\" width=\"1170\" height=\"658\" src=\"https:\/\/www.youtube.com\/embed\/osii7L5kju0?feature=oembed\" frameborder=\"0\" allow=\"accelerometer; autoplay; clipboard-write; encrypted-media; gyroscope; picture-in-picture; web-share\" referrerpolicy=\"strict-origin-when-cross-origin\" allowfullscreen><\/iframe><\/p>\n<p>Naravno ovakva manifestacija nije mogu\u0107a bez ljudi i organizacija koje su prepoznale vrijednost ovoga projekta, tako da se organizatori posebno zahvaljuju: Gradu TUZLA,\u00a0 Medical Institute Bayer Tuzla, Telefunken &#8211; Sonra d.o.o., FINconsult doo, Golden Star Hotel Tuzla, SU-AD proizvodnja vatrogasnih vozila, IPI Akademija Tuzla te\u00a0 MAX LED Media.<\/p>\n<p>Sve\u010dano otvaranje Sajma je u \u010detvrtak u 11 sati i 55 minuta u HKC \u201eSveti Franjo\u201c Tuzla.<\/p>\n<p>Radno vrijeme Sajama je svaki dan od 11 do 20 sati, ULAZ JE SLOBODAN a vi\u0161e o samoj satnici i rasporedu doga\u0111aja mo\u017eete saznati na zvani\u010dnoj <a href=\"https:\/\/www.facebook.com\/sajamknjigetuzla\"><strong>Facebook stranici sajma<\/strong><\/a>.<\/p>\n","protected":false},"excerpt":{"rendered":"<p>Nakon 10 godina pauze u \u010detvrtak 26 .septembra u Tuzli \u0107e sve\u010dano biti otvoren Sajam&hellip;<\/p>\n","protected":false},"author":2,"featured_media":250388,"comment_status":"closed","ping_status":"closed","sticky":false,"template":"","format":"standard","meta":{"_acf_changed":false,"footnotes":""},"categories":[304,12],"tags":[10989],"acf":[],"yoast_head":"<!-- This site is optimized with the Yoast SEO plugin v23.5 - https:\/\/yoast.com\/wordpress\/plugins\/seo\/ -->\n<title>VIDEO \/ Najavljen Sajam knjige u Tuzli, posjetitelje \u010deka mno\u0161tvo sadr\u017eaja - TuzlaInfo.ba<\/title>\n<meta name=\"robots\" content=\"index, follow, max-snippet:-1, max-image-preview:large, max-video-preview:-1\" \/>\n<link rel=\"canonical\" href=\"https:\/\/tuzlainfo.ba\/index.php\/novosti\/item\/250387-video-najavljen-sajam-knjige-u-tuzli-posjetitelje-ceka-mnostvo-sadrzaja\/\" \/>\n<meta property=\"og:locale\" content=\"bs_BA\" \/>\n<meta property=\"og:type\" content=\"article\" \/>\n<meta property=\"og:title\" content=\"VIDEO \/ Najavljen Sajam knjige u Tuzli, posjetitelje \u010deka mno\u0161tvo sadr\u017eaja - TuzlaInfo.ba\" \/>\n<meta property=\"og:description\" content=\"Nakon 10 godina pauze u \u010detvrtak 26 .septembra u Tuzli \u0107e sve\u010dano biti otvoren Sajam&hellip;\" \/>\n<meta property=\"og:url\" content=\"https:\/\/tuzlainfo.ba\/index.php\/novosti\/item\/250387-video-najavljen-sajam-knjige-u-tuzli-posjetitelje-ceka-mnostvo-sadrzaja\/\" \/>\n<meta property=\"og:site_name\" content=\"TuzlaInfo.ba\" \/>\n<meta property=\"article:publisher\" content=\"https:\/\/www.facebook.com\/tuzlainfo.ba\/\" \/>\n<meta property=\"article:published_time\" content=\"2024-09-21T08:02:24+00:00\" \/>\n<meta property=\"article:modified_time\" content=\"2024-09-21T06:45:03+00:00\" \/>\n<meta property=\"og:image\" content=\"https:\/\/tuzlainfo.ba\/wp-content\/uploads\/2024\/09\/2109_sajam_press.jpg\" \/>\n\t<meta property=\"og:image:width\" content=\"1000\" \/>\n\t<meta property=\"og:image:height\" content=\"609\" \/>\n\t<meta property=\"og:image:type\" content=\"image\/jpeg\" \/>\n<meta name=\"author\" content=\"nedim\" \/>\n<meta name=\"twitter:card\" content=\"summary_large_image\" \/>\n<meta name=\"twitter:label1\" content=\"Written by\" \/>\n\t<meta name=\"twitter:data1\" content=\"nedim\" \/>\n\t<meta name=\"twitter:label2\" content=\"Est. reading time\" \/>\n\t<meta name=\"twitter:data2\" content=\"3 minute\" \/>\n<script type=\"application\/ld+json\" class=\"yoast-schema-graph\">{\"@context\":\"https:\/\/schema.org\",\"@graph\":[{\"@type\":\"Article\",\"@id\":\"https:\/\/tuzlainfo.ba\/index.php\/novosti\/item\/250387-video-najavljen-sajam-knjige-u-tuzli-posjetitelje-ceka-mnostvo-sadrzaja\/#article\",\"isPartOf\":{\"@id\":\"https:\/\/tuzlainfo.ba\/index.php\/novosti\/item\/250387-video-najavljen-sajam-knjige-u-tuzli-posjetitelje-ceka-mnostvo-sadrzaja\/\"},\"author\":{\"name\":\"nedim\",\"@id\":\"https:\/\/tuzlainfo.ba\/#\/schema\/person\/f434e20dc27ea133923aab08451b7f7f\"},\"headline\":\"VIDEO \/ Najavljen Sajam knjige u Tuzli, posjetitelje \u010deka mno\u0161tvo sadr\u017eaja\",\"datePublished\":\"2024-09-21T08:02:24+00:00\",\"dateModified\":\"2024-09-21T06:45:03+00:00\",\"mainEntityOfPage\":{\"@id\":\"https:\/\/tuzlainfo.ba\/index.php\/novosti\/item\/250387-video-najavljen-sajam-knjige-u-tuzli-posjetitelje-ceka-mnostvo-sadrzaja\/\"},\"wordCount\":471,\"publisher\":{\"@id\":\"https:\/\/tuzlainfo.ba\/#organization\"},\"image\":{\"@id\":\"https:\/\/tuzlainfo.ba\/index.php\/novosti\/item\/250387-video-najavljen-sajam-knjige-u-tuzli-posjetitelje-ceka-mnostvo-sadrzaja\/#primaryimage\"},\"thumbnailUrl\":\"https:\/\/tuzlainfo.ba\/wp-content\/uploads\/2024\/09\/2109_sajam_press.jpg\",\"keywords\":[\"sajam knjige tuzla\"],\"articleSection\":[\"Istaknuto\",\"Novosti\"],\"inLanguage\":\"bs-BA\"},{\"@type\":\"WebPage\",\"@id\":\"https:\/\/tuzlainfo.ba\/index.php\/novosti\/item\/250387-video-najavljen-sajam-knjige-u-tuzli-posjetitelje-ceka-mnostvo-sadrzaja\/\",\"url\":\"https:\/\/tuzlainfo.ba\/index.php\/novosti\/item\/250387-video-najavljen-sajam-knjige-u-tuzli-posjetitelje-ceka-mnostvo-sadrzaja\/\",\"name\":\"VIDEO \/ Najavljen Sajam knjige u Tuzli, posjetitelje \u010deka mno\u0161tvo sadr\u017eaja - TuzlaInfo.ba\",\"isPartOf\":{\"@id\":\"https:\/\/tuzlainfo.ba\/#website\"},\"primaryImageOfPage\":{\"@id\":\"https:\/\/tuzlainfo.ba\/index.php\/novosti\/item\/250387-video-najavljen-sajam-knjige-u-tuzli-posjetitelje-ceka-mnostvo-sadrzaja\/#primaryimage\"},\"image\":{\"@id\":\"https:\/\/tuzlainfo.ba\/index.php\/novosti\/item\/250387-video-najavljen-sajam-knjige-u-tuzli-posjetitelje-ceka-mnostvo-sadrzaja\/#primaryimage\"},\"thumbnailUrl\":\"https:\/\/tuzlainfo.ba\/wp-content\/uploads\/2024\/09\/2109_sajam_press.jpg\",\"datePublished\":\"2024-09-21T08:02:24+00:00\",\"dateModified\":\"2024-09-21T06:45:03+00:00\",\"breadcrumb\":{\"@id\":\"https:\/\/tuzlainfo.ba\/index.php\/novosti\/item\/250387-video-najavljen-sajam-knjige-u-tuzli-posjetitelje-ceka-mnostvo-sadrzaja\/#breadcrumb\"},\"inLanguage\":\"bs-BA\",\"potentialAction\":[{\"@type\":\"ReadAction\",\"target\":[\"https:\/\/tuzlainfo.ba\/index.php\/novosti\/item\/250387-video-najavljen-sajam-knjige-u-tuzli-posjetitelje-ceka-mnostvo-sadrzaja\/\"]}]},{\"@type\":\"ImageObject\",\"inLanguage\":\"bs-BA\",\"@id\":\"https:\/\/tuzlainfo.ba\/index.php\/novosti\/item\/250387-video-najavljen-sajam-knjige-u-tuzli-posjetitelje-ceka-mnostvo-sadrzaja\/#primaryimage\",\"url\":\"https:\/\/tuzlainfo.ba\/wp-content\/uploads\/2024\/09\/2109_sajam_press.jpg\",\"contentUrl\":\"https:\/\/tuzlainfo.ba\/wp-content\/uploads\/2024\/09\/2109_sajam_press.jpg\",\"width\":1000,\"height\":609},{\"@type\":\"BreadcrumbList\",\"@id\":\"https:\/\/tuzlainfo.ba\/index.php\/novosti\/item\/250387-video-najavljen-sajam-knjige-u-tuzli-posjetitelje-ceka-mnostvo-sadrzaja\/#breadcrumb\",\"itemListElement\":[{\"@type\":\"ListItem\",\"position\":1,\"name\":\"Home\",\"item\":\"https:\/\/tuzlainfo.ba\/\"},{\"@type\":\"ListItem\",\"position\":2,\"name\":\"VIDEO \/ Najavljen Sajam knjige u Tuzli, posjetitelje \u010deka mno\u0161tvo sadr\u017eaja\"}]},{\"@type\":\"WebSite\",\"@id\":\"https:\/\/tuzlainfo.ba\/#website\",\"url\":\"https:\/\/tuzlainfo.ba\/\",\"name\":\"TuzlaInfo.ba\",\"description\":\"Tuzla info, gradski informator - Tuzla na dlanu\",\"publisher\":{\"@id\":\"https:\/\/tuzlainfo.ba\/#organization\"},\"potentialAction\":[{\"@type\":\"SearchAction\",\"target\":{\"@type\":\"EntryPoint\",\"urlTemplate\":\"https:\/\/tuzlainfo.ba\/?s={search_term_string}\"},\"query-input\":{\"@type\":\"PropertyValueSpecification\",\"valueRequired\":true,\"valueName\":\"search_term_string\"}}],\"inLanguage\":\"bs-BA\"},{\"@type\":\"Organization\",\"@id\":\"https:\/\/tuzlainfo.ba\/#organization\",\"name\":\"TuzlaInfo.ba\",\"url\":\"https:\/\/tuzlainfo.ba\/\",\"logo\":{\"@type\":\"ImageObject\",\"inLanguage\":\"bs-BA\",\"@id\":\"https:\/\/tuzlainfo.ba\/#\/schema\/logo\/image\/\",\"url\":\"https:\/\/tuzlainfo.ba\/wp-content\/uploads\/2021\/03\/logo-ver-3-1.png\",\"contentUrl\":\"https:\/\/tuzlainfo.ba\/wp-content\/uploads\/2021\/03\/logo-ver-3-1.png\",\"width\":350,\"height\":95,\"caption\":\"TuzlaInfo.ba\"},\"image\":{\"@id\":\"https:\/\/tuzlainfo.ba\/#\/schema\/logo\/image\/\"},\"sameAs\":[\"https:\/\/www.facebook.com\/tuzlainfo.ba\/\"]},{\"@type\":\"Person\",\"@id\":\"https:\/\/tuzlainfo.ba\/#\/schema\/person\/f434e20dc27ea133923aab08451b7f7f\",\"name\":\"nedim\",\"image\":{\"@type\":\"ImageObject\",\"inLanguage\":\"bs-BA\",\"@id\":\"https:\/\/tuzlainfo.ba\/#\/schema\/person\/image\/\",\"url\":\"https:\/\/tuzlainfo.ba\/wp-content\/litespeed\/avatar\/aabad687af24844af817603ac1cbdc4f.jpg?ver=1776702173\",\"contentUrl\":\"https:\/\/tuzlainfo.ba\/wp-content\/litespeed\/avatar\/aabad687af24844af817603ac1cbdc4f.jpg?ver=1776702173\",\"caption\":\"nedim\"},\"description\":\"Tuzlainfo.ba pratite na dru\u0161tvenim mre\u017eama: Facebook, Instagram i Youtube. Svoje pri\u010de, upite i fotografije \u0161aljite na na\u0161u e-mail adresu.\"}]}<\/script>\n<!-- \/ Yoast SEO plugin. -->","yoast_head_json":{"title":"VIDEO \/ Najavljen Sajam knjige u Tuzli, posjetitelje \u010deka mno\u0161tvo sadr\u017eaja - TuzlaInfo.ba","robots":{"index":"index","follow":"follow","max-snippet":"max-snippet:-1","max-image-preview":"max-image-preview:large","max-video-preview":"max-video-preview:-1"},"canonical":"https:\/\/tuzlainfo.ba\/index.php\/novosti\/item\/250387-video-najavljen-sajam-knjige-u-tuzli-posjetitelje-ceka-mnostvo-sadrzaja\/","og_locale":"bs_BA","og_type":"article","og_title":"VIDEO \/ Najavljen Sajam knjige u Tuzli, posjetitelje \u010deka mno\u0161tvo sadr\u017eaja - TuzlaInfo.ba","og_description":"Nakon 10 godina pauze u \u010detvrtak 26 .septembra u Tuzli \u0107e sve\u010dano biti otvoren Sajam&hellip;","og_url":"https:\/\/tuzlainfo.ba\/index.php\/novosti\/item\/250387-video-najavljen-sajam-knjige-u-tuzli-posjetitelje-ceka-mnostvo-sadrzaja\/","og_site_name":"TuzlaInfo.ba","article_publisher":"https:\/\/www.facebook.com\/tuzlainfo.ba\/","article_published_time":"2024-09-21T08:02:24+00:00","article_modified_time":"2024-09-21T06:45:03+00:00","og_image":[{"width":1000,"height":609,"url":"https:\/\/tuzlainfo.ba\/wp-content\/uploads\/2024\/09\/2109_sajam_press.jpg","type":"image\/jpeg"}],"author":"nedim","twitter_card":"summary_large_image","twitter_misc":{"Written by":"nedim","Est. reading time":"3 minute"},"schema":{"@context":"https:\/\/schema.org","@graph":[{"@type":"Article","@id":"https:\/\/tuzlainfo.ba\/index.php\/novosti\/item\/250387-video-najavljen-sajam-knjige-u-tuzli-posjetitelje-ceka-mnostvo-sadrzaja\/#article","isPartOf":{"@id":"https:\/\/tuzlainfo.ba\/index.php\/novosti\/item\/250387-video-najavljen-sajam-knjige-u-tuzli-posjetitelje-ceka-mnostvo-sadrzaja\/"},"author":{"name":"nedim","@id":"https:\/\/tuzlainfo.ba\/#\/schema\/person\/f434e20dc27ea133923aab08451b7f7f"},"headline":"VIDEO \/ Najavljen Sajam knjige u Tuzli, posjetitelje \u010deka mno\u0161tvo sadr\u017eaja","datePublished":"2024-09-21T08:02:24+00:00","dateModified":"2024-09-21T06:45:03+00:00","mainEntityOfPage":{"@id":"https:\/\/tuzlainfo.ba\/index.php\/novosti\/item\/250387-video-najavljen-sajam-knjige-u-tuzli-posjetitelje-ceka-mnostvo-sadrzaja\/"},"wordCount":471,"publisher":{"@id":"https:\/\/tuzlainfo.ba\/#organization"},"image":{"@id":"https:\/\/tuzlainfo.ba\/index.php\/novosti\/item\/250387-video-najavljen-sajam-knjige-u-tuzli-posjetitelje-ceka-mnostvo-sadrzaja\/#primaryimage"},"thumbnailUrl":"https:\/\/tuzlainfo.ba\/wp-content\/uploads\/2024\/09\/2109_sajam_press.jpg","keywords":["sajam knjige tuzla"],"articleSection":["Istaknuto","Novosti"],"inLanguage":"bs-BA"},{"@type":"WebPage","@id":"https:\/\/tuzlainfo.ba\/index.php\/novosti\/item\/250387-video-najavljen-sajam-knjige-u-tuzli-posjetitelje-ceka-mnostvo-sadrzaja\/","url":"https:\/\/tuzlainfo.ba\/index.php\/novosti\/item\/250387-video-najavljen-sajam-knjige-u-tuzli-posjetitelje-ceka-mnostvo-sadrzaja\/","name":"VIDEO \/ Najavljen Sajam knjige u Tuzli, posjetitelje \u010deka mno\u0161tvo sadr\u017eaja - TuzlaInfo.ba","isPartOf":{"@id":"https:\/\/tuzlainfo.ba\/#website"},"primaryImageOfPage":{"@id":"https:\/\/tuzlainfo.ba\/index.php\/novosti\/item\/250387-video-najavljen-sajam-knjige-u-tuzli-posjetitelje-ceka-mnostvo-sadrzaja\/#primaryimage"},"image":{"@id":"https:\/\/tuzlainfo.ba\/index.php\/novosti\/item\/250387-video-najavljen-sajam-knjige-u-tuzli-posjetitelje-ceka-mnostvo-sadrzaja\/#primaryimage"},"thumbnailUrl":"https:\/\/tuzlainfo.ba\/wp-content\/uploads\/2024\/09\/2109_sajam_press.jpg","datePublished":"2024-09-21T08:02:24+00:00","dateModified":"2024-09-21T06:45:03+00:00","breadcrumb":{"@id":"https:\/\/tuzlainfo.ba\/index.php\/novosti\/item\/250387-video-najavljen-sajam-knjige-u-tuzli-posjetitelje-ceka-mnostvo-sadrzaja\/#breadcrumb"},"inLanguage":"bs-BA","potentialAction":[{"@type":"ReadAction","target":["https:\/\/tuzlainfo.ba\/index.php\/novosti\/item\/250387-video-najavljen-sajam-knjige-u-tuzli-posjetitelje-ceka-mnostvo-sadrzaja\/"]}]},{"@type":"ImageObject","inLanguage":"bs-BA","@id":"https:\/\/tuzlainfo.ba\/index.php\/novosti\/item\/250387-video-najavljen-sajam-knjige-u-tuzli-posjetitelje-ceka-mnostvo-sadrzaja\/#primaryimage","url":"https:\/\/tuzlainfo.ba\/wp-content\/uploads\/2024\/09\/2109_sajam_press.jpg","contentUrl":"https:\/\/tuzlainfo.ba\/wp-content\/uploads\/2024\/09\/2109_sajam_press.jpg","width":1000,"height":609},{"@type":"BreadcrumbList","@id":"https:\/\/tuzlainfo.ba\/index.php\/novosti\/item\/250387-video-najavljen-sajam-knjige-u-tuzli-posjetitelje-ceka-mnostvo-sadrzaja\/#breadcrumb","itemListElement":[{"@type":"ListItem","position":1,"name":"Home","item":"https:\/\/tuzlainfo.ba\/"},{"@type":"ListItem","position":2,"name":"VIDEO \/ Najavljen Sajam knjige u Tuzli, posjetitelje \u010deka mno\u0161tvo sadr\u017eaja"}]},{"@type":"WebSite","@id":"https:\/\/tuzlainfo.ba\/#website","url":"https:\/\/tuzlainfo.ba\/","name":"TuzlaInfo.ba","description":"Tuzla info, gradski informator - Tuzla na dlanu","publisher":{"@id":"https:\/\/tuzlainfo.ba\/#organization"},"potentialAction":[{"@type":"SearchAction","target":{"@type":"EntryPoint","urlTemplate":"https:\/\/tuzlainfo.ba\/?s={search_term_string}"},"query-input":{"@type":"PropertyValueSpecification","valueRequired":true,"valueName":"search_term_string"}}],"inLanguage":"bs-BA"},{"@type":"Organization","@id":"https:\/\/tuzlainfo.ba\/#organization","name":"TuzlaInfo.ba","url":"https:\/\/tuzlainfo.ba\/","logo":{"@type":"ImageObject","inLanguage":"bs-BA","@id":"https:\/\/tuzlainfo.ba\/#\/schema\/logo\/image\/","url":"https:\/\/tuzlainfo.ba\/wp-content\/uploads\/2021\/03\/logo-ver-3-1.png","contentUrl":"https:\/\/tuzlainfo.ba\/wp-content\/uploads\/2021\/03\/logo-ver-3-1.png","width":350,"height":95,"caption":"TuzlaInfo.ba"},"image":{"@id":"https:\/\/tuzlainfo.ba\/#\/schema\/logo\/image\/"},"sameAs":["https:\/\/www.facebook.com\/tuzlainfo.ba\/"]},{"@type":"Person","@id":"https:\/\/tuzlainfo.ba\/#\/schema\/person\/f434e20dc27ea133923aab08451b7f7f","name":"nedim","image":{"@type":"ImageObject","inLanguage":"bs-BA","@id":"https:\/\/tuzlainfo.ba\/#\/schema\/person\/image\/","url":"https:\/\/tuzlainfo.ba\/wp-content\/litespeed\/avatar\/aabad687af24844af817603ac1cbdc4f.jpg?ver=1776702173","contentUrl":"https:\/\/tuzlainfo.ba\/wp-content\/litespeed\/avatar\/aabad687af24844af817603ac1cbdc4f.jpg?ver=1776702173","caption":"nedim"},"description":"Tuzlainfo.ba pratite na dru\u0161tvenim mre\u017eama: Facebook, Instagram i Youtube. Svoje pri\u010de, upite i fotografije \u0161aljite na na\u0161u e-mail adresu."}]}},"_links":{"self":[{"href":"https:\/\/tuzlainfo.ba\/index.php\/wp-json\/wp\/v2\/posts\/250387"}],"collection":[{"href":"https:\/\/tuzlainfo.ba\/index.php\/wp-json\/wp\/v2\/posts"}],"about":[{"href":"https:\/\/tuzlainfo.ba\/index.php\/wp-json\/wp\/v2\/types\/post"}],"author":[{"embeddable":true,"href":"https:\/\/tuzlainfo.ba\/index.php\/wp-json\/wp\/v2\/users\/2"}],"replies":[{"embeddable":true,"href":"https:\/\/tuzlainfo.ba\/index.php\/wp-json\/wp\/v2\/comments?post=250387"}],"version-history":[{"count":1,"href":"https:\/\/tuzlainfo.ba\/index.php\/wp-json\/wp\/v2\/posts\/250387\/revisions"}],"predecessor-version":[{"id":250389,"href":"https:\/\/tuzlainfo.ba\/index.php\/wp-json\/wp\/v2\/posts\/250387\/revisions\/250389"}],"wp:featuredmedia":[{"embeddable":true,"href":"https:\/\/tuzlainfo.ba\/index.php\/wp-json\/wp\/v2\/media\/250388"}],"wp:attachment":[{"href":"https:\/\/tuzlainfo.ba\/index.php\/wp-json\/wp\/v2\/media?parent=250387"}],"wp:term":[{"taxonomy":"category","embeddable":true,"href":"https:\/\/tuzlainfo.ba\/index.php\/wp-json\/wp\/v2\/categories?post=250387"},{"taxonomy":"post_tag","embeddable":true,"href":"https:\/\/tuzlainfo.ba\/index.php\/wp-json\/wp\/v2\/tags?post=250387"}],"curies":[{"name":"wp","href":"https:\/\/api.w.org\/{rel}","templated":true}]}}