{"id":250078,"date":"2024-09-18T12:34:43","date_gmt":"2024-09-18T10:34:43","guid":{"rendered":"https:\/\/tuzlainfo.ba\/?p=250078"},"modified":"2024-09-18T12:34:58","modified_gmt":"2024-09-18T10:34:58","slug":"go-df-tuzla-umjesto-laznih-saopstenja-sdp-gospodari-grada-pustite-gradjanima-grijanje","status":"publish","type":"post","link":"https:\/\/tuzlainfo.ba\/index.php\/novosti\/item\/250078-go-df-tuzla-umjesto-laznih-saopstenja-sdp-gospodari-grada-pustite-gradjanima-grijanje\/","title":{"rendered":"GO DF Tuzla: Umjesto la\u017enih saop\u0161tenja, SDP gospodari grada pustite gra\u0111anima grijanje!"},"content":{"rendered":"<p>Gradski odbor Demokratske fronte Tuzla danas se oglasio saop\u0161tenjem za javnost u kojem se navodi:<\/p>\n<p>Tarifnim pravilnikom Centralnog grijanja Tuzla definisano je da sezona grijanja mo\u017ee po\u010deti najranije 1.oktobra, ako se mjerenjem ustanovi da temperatura zraka, mjerena tri dana uzastopno, u 21 sat iznosi 12 stepeni. \u0160ta da o\u010dekuju gra\u0111ani kada se to desi prije 1.oktobra?<\/p>\n<p>Svjedoci smo da se temperature tokom no\u0107i posljednjih sedam dana spu\u0161taju ispod 10 stepeni. 27 000 korisnika sistema centralnog daljinskog grijanja u Tuzli se doslovno smrzava. Hladno\u0107u najte\u017ee podnose na\u0161i najstariji i najmla\u0111i sugra\u0111ani.<\/p>\n<p>Ovo je situacija koja se u prijelaznom periodu godinama ponavlja u Tuzli. Krajnje je vrijeme da\u00a0 Gradsko vije\u0107e Tuzla i menad\u017ement JKP Centralno grijanje prona\u0111u rje\u0161enje i omogu\u0107e cjelogodi\u0161nje funkcionisanje centralnog grijanja\u00a0 na sasvim dovoljnom niskom re\u017eimu u ovakvim i sli\u010dnim situacijama. Uva\u017eavaju\u0107i \u010dinjenicu da Termoelektrana i Centralno grijanje Tuzla tehni\u010dki grijanje mogu isporu\u010divati tokom cijele godine, sti\u010de se dojam da nekome nedostaje dobre volje!<\/p>\n<p>U me\u0111uvremenu i dok \u010dekamo izmjene\u00a0 Pravilnika koji nam \u201ene dozvoljava pristup grijanju\u201c od menad\u017ementa Centralnog grijanja Tuzla tra\u017eimo da promptno zapo\u010dnu program probnog grijanja u no\u0107nim satima.<\/p>\n","protected":false},"excerpt":{"rendered":"<p>Gradski odbor Demokratske fronte Tuzla danas se oglasio saop\u0161tenjem za javnost u kojem se navodi:&hellip;<\/p>\n","protected":false},"author":2,"featured_media":85983,"comment_status":"closed","ping_status":"closed","sticky":false,"template":"","format":"standard","meta":{"_acf_changed":false,"footnotes":""},"categories":[304,5,12],"tags":[11001,475,9922,823],"acf":[],"yoast_head":"<!-- This site is optimized with the Yoast SEO plugin v23.5 - https:\/\/yoast.com\/wordpress\/plugins\/seo\/ -->\n<title>GO DF Tuzla: Umjesto la\u017enih saop\u0161tenja, SDP gospodari grada pustite gra\u0111anima grijanje! - TuzlaInfo.ba<\/title>\n<meta name=\"robots\" content=\"index, follow, max-snippet:-1, max-image-preview:large, max-video-preview:-1\" \/>\n<link rel=\"canonical\" href=\"https:\/\/tuzlainfo.ba\/index.php\/izbori\/item\/250078-go-df-tuzla-umjesto-laznih-saopstenja-sdp-gospodari-grada-pustite-gradjanima-grijanje\/\" \/>\n<meta property=\"og:locale\" content=\"bs_BA\" \/>\n<meta property=\"og:type\" content=\"article\" \/>\n<meta property=\"og:title\" content=\"GO DF Tuzla: Umjesto la\u017enih saop\u0161tenja, SDP gospodari grada pustite gra\u0111anima grijanje! - TuzlaInfo.ba\" \/>\n<meta property=\"og:description\" content=\"Gradski odbor Demokratske fronte Tuzla danas se oglasio saop\u0161tenjem za javnost u kojem se navodi:&hellip;\" \/>\n<meta property=\"og:url\" content=\"https:\/\/tuzlainfo.ba\/index.php\/izbori\/item\/250078-go-df-tuzla-umjesto-laznih-saopstenja-sdp-gospodari-grada-pustite-gradjanima-grijanje\/\" \/>\n<meta property=\"og:site_name\" content=\"TuzlaInfo.ba\" \/>\n<meta property=\"article:publisher\" content=\"https:\/\/www.facebook.com\/tuzlainfo.ba\/\" \/>\n<meta property=\"article:published_time\" content=\"2024-09-18T10:34:43+00:00\" \/>\n<meta property=\"article:modified_time\" content=\"2024-09-18T10:34:58+00:00\" \/>\n<meta property=\"og:image\" content=\"https:\/\/tuzlainfo.ba\/wp-content\/uploads\/2021\/01\/sadrzaj_2021_20210102_2801_fronta.JPG\" \/>\n\t<meta property=\"og:image:width\" content=\"770\" \/>\n\t<meta property=\"og:image:height\" content=\"440\" \/>\n\t<meta property=\"og:image:type\" content=\"image\/jpeg\" \/>\n<meta name=\"author\" content=\"nedim\" \/>\n<meta name=\"twitter:card\" content=\"summary_large_image\" \/>\n<meta name=\"twitter:label1\" content=\"Written by\" \/>\n\t<meta name=\"twitter:data1\" content=\"nedim\" \/>\n\t<meta name=\"twitter:label2\" content=\"Est. reading time\" \/>\n\t<meta name=\"twitter:data2\" content=\"2 minute\" \/>\n<script type=\"application\/ld+json\" class=\"yoast-schema-graph\">{\"@context\":\"https:\/\/schema.org\",\"@graph\":[{\"@type\":\"Article\",\"@id\":\"https:\/\/tuzlainfo.ba\/index.php\/izbori\/item\/250078-go-df-tuzla-umjesto-laznih-saopstenja-sdp-gospodari-grada-pustite-gradjanima-grijanje\/#article\",\"isPartOf\":{\"@id\":\"https:\/\/tuzlainfo.ba\/index.php\/izbori\/item\/250078-go-df-tuzla-umjesto-laznih-saopstenja-sdp-gospodari-grada-pustite-gradjanima-grijanje\/\"},\"author\":{\"name\":\"nedim\",\"@id\":\"https:\/\/tuzlainfo.ba\/#\/schema\/person\/f434e20dc27ea133923aab08451b7f7f\"},\"headline\":\"GO DF Tuzla: Umjesto la\u017enih saop\u0161tenja, SDP gospodari grada pustite gra\u0111anima grijanje!\",\"datePublished\":\"2024-09-18T10:34:43+00:00\",\"dateModified\":\"2024-09-18T10:34:58+00:00\",\"mainEntityOfPage\":{\"@id\":\"https:\/\/tuzlainfo.ba\/index.php\/izbori\/item\/250078-go-df-tuzla-umjesto-laznih-saopstenja-sdp-gospodari-grada-pustite-gradjanima-grijanje\/\"},\"wordCount\":223,\"publisher\":{\"@id\":\"https:\/\/tuzlainfo.ba\/#organization\"},\"image\":{\"@id\":\"https:\/\/tuzlainfo.ba\/index.php\/izbori\/item\/250078-go-df-tuzla-umjesto-laznih-saopstenja-sdp-gospodari-grada-pustite-gradjanima-grijanje\/#primaryimage\"},\"thumbnailUrl\":\"https:\/\/tuzlainfo.ba\/wp-content\/uploads\/2021\/01\/sadrzaj_2021_20210102_2801_fronta.JPG\",\"keywords\":[\"demokratska fronta tuzla\",\"izbori\",\"izbori 2024\",\"saop\u0161tenje\"],\"articleSection\":[\"Istaknuto\",\"Izbori\",\"Novosti\"],\"inLanguage\":\"bs-BA\"},{\"@type\":\"WebPage\",\"@id\":\"https:\/\/tuzlainfo.ba\/index.php\/izbori\/item\/250078-go-df-tuzla-umjesto-laznih-saopstenja-sdp-gospodari-grada-pustite-gradjanima-grijanje\/\",\"url\":\"https:\/\/tuzlainfo.ba\/index.php\/izbori\/item\/250078-go-df-tuzla-umjesto-laznih-saopstenja-sdp-gospodari-grada-pustite-gradjanima-grijanje\/\",\"name\":\"GO DF Tuzla: Umjesto la\u017enih saop\u0161tenja, SDP gospodari grada pustite gra\u0111anima grijanje! - TuzlaInfo.ba\",\"isPartOf\":{\"@id\":\"https:\/\/tuzlainfo.ba\/#website\"},\"primaryImageOfPage\":{\"@id\":\"https:\/\/tuzlainfo.ba\/index.php\/izbori\/item\/250078-go-df-tuzla-umjesto-laznih-saopstenja-sdp-gospodari-grada-pustite-gradjanima-grijanje\/#primaryimage\"},\"image\":{\"@id\":\"https:\/\/tuzlainfo.ba\/index.php\/izbori\/item\/250078-go-df-tuzla-umjesto-laznih-saopstenja-sdp-gospodari-grada-pustite-gradjanima-grijanje\/#primaryimage\"},\"thumbnailUrl\":\"https:\/\/tuzlainfo.ba\/wp-content\/uploads\/2021\/01\/sadrzaj_2021_20210102_2801_fronta.JPG\",\"datePublished\":\"2024-09-18T10:34:43+00:00\",\"dateModified\":\"2024-09-18T10:34:58+00:00\",\"breadcrumb\":{\"@id\":\"https:\/\/tuzlainfo.ba\/index.php\/izbori\/item\/250078-go-df-tuzla-umjesto-laznih-saopstenja-sdp-gospodari-grada-pustite-gradjanima-grijanje\/#breadcrumb\"},\"inLanguage\":\"bs-BA\",\"potentialAction\":[{\"@type\":\"ReadAction\",\"target\":[\"https:\/\/tuzlainfo.ba\/index.php\/izbori\/item\/250078-go-df-tuzla-umjesto-laznih-saopstenja-sdp-gospodari-grada-pustite-gradjanima-grijanje\/\"]}]},{\"@type\":\"ImageObject\",\"inLanguage\":\"bs-BA\",\"@id\":\"https:\/\/tuzlainfo.ba\/index.php\/izbori\/item\/250078-go-df-tuzla-umjesto-laznih-saopstenja-sdp-gospodari-grada-pustite-gradjanima-grijanje\/#primaryimage\",\"url\":\"https:\/\/tuzlainfo.ba\/wp-content\/uploads\/2021\/01\/sadrzaj_2021_20210102_2801_fronta.JPG\",\"contentUrl\":\"https:\/\/tuzlainfo.ba\/wp-content\/uploads\/2021\/01\/sadrzaj_2021_20210102_2801_fronta.JPG\",\"width\":770,\"height\":440,\"caption\":\"2801 fronta\"},{\"@type\":\"BreadcrumbList\",\"@id\":\"https:\/\/tuzlainfo.ba\/index.php\/izbori\/item\/250078-go-df-tuzla-umjesto-laznih-saopstenja-sdp-gospodari-grada-pustite-gradjanima-grijanje\/#breadcrumb\",\"itemListElement\":[{\"@type\":\"ListItem\",\"position\":1,\"name\":\"Home\",\"item\":\"https:\/\/tuzlainfo.ba\/\"},{\"@type\":\"ListItem\",\"position\":2,\"name\":\"GO DF Tuzla: Umjesto la\u017enih saop\u0161tenja, SDP gospodari grada pustite gra\u0111anima grijanje!\"}]},{\"@type\":\"WebSite\",\"@id\":\"https:\/\/tuzlainfo.ba\/#website\",\"url\":\"https:\/\/tuzlainfo.ba\/\",\"name\":\"TuzlaInfo.ba\",\"description\":\"Tuzla info, gradski informator - Tuzla na dlanu\",\"publisher\":{\"@id\":\"https:\/\/tuzlainfo.ba\/#organization\"},\"potentialAction\":[{\"@type\":\"SearchAction\",\"target\":{\"@type\":\"EntryPoint\",\"urlTemplate\":\"https:\/\/tuzlainfo.ba\/?s={search_term_string}\"},\"query-input\":{\"@type\":\"PropertyValueSpecification\",\"valueRequired\":true,\"valueName\":\"search_term_string\"}}],\"inLanguage\":\"bs-BA\"},{\"@type\":\"Organization\",\"@id\":\"https:\/\/tuzlainfo.ba\/#organization\",\"name\":\"TuzlaInfo.ba\",\"url\":\"https:\/\/tuzlainfo.ba\/\",\"logo\":{\"@type\":\"ImageObject\",\"inLanguage\":\"bs-BA\",\"@id\":\"https:\/\/tuzlainfo.ba\/#\/schema\/logo\/image\/\",\"url\":\"https:\/\/tuzlainfo.ba\/wp-content\/uploads\/2021\/03\/logo-ver-3-1.png\",\"contentUrl\":\"https:\/\/tuzlainfo.ba\/wp-content\/uploads\/2021\/03\/logo-ver-3-1.png\",\"width\":350,\"height\":95,\"caption\":\"TuzlaInfo.ba\"},\"image\":{\"@id\":\"https:\/\/tuzlainfo.ba\/#\/schema\/logo\/image\/\"},\"sameAs\":[\"https:\/\/www.facebook.com\/tuzlainfo.ba\/\"]},{\"@type\":\"Person\",\"@id\":\"https:\/\/tuzlainfo.ba\/#\/schema\/person\/f434e20dc27ea133923aab08451b7f7f\",\"name\":\"nedim\",\"image\":{\"@type\":\"ImageObject\",\"inLanguage\":\"bs-BA\",\"@id\":\"https:\/\/tuzlainfo.ba\/#\/schema\/person\/image\/\",\"url\":\"https:\/\/tuzlainfo.ba\/wp-content\/litespeed\/avatar\/aabad687af24844af817603ac1cbdc4f.jpg?ver=1777306975\",\"contentUrl\":\"https:\/\/tuzlainfo.ba\/wp-content\/litespeed\/avatar\/aabad687af24844af817603ac1cbdc4f.jpg?ver=1777306975\",\"caption\":\"nedim\"},\"description\":\"Tuzlainfo.ba pratite na dru\u0161tvenim mre\u017eama: Facebook, Instagram i Youtube. Svoje pri\u010de, upite i fotografije \u0161aljite na na\u0161u e-mail adresu.\"}]}<\/script>\n<!-- \/ Yoast SEO plugin. -->","yoast_head_json":{"title":"GO DF Tuzla: Umjesto la\u017enih saop\u0161tenja, SDP gospodari grada pustite gra\u0111anima grijanje! - TuzlaInfo.ba","robots":{"index":"index","follow":"follow","max-snippet":"max-snippet:-1","max-image-preview":"max-image-preview:large","max-video-preview":"max-video-preview:-1"},"canonical":"https:\/\/tuzlainfo.ba\/index.php\/izbori\/item\/250078-go-df-tuzla-umjesto-laznih-saopstenja-sdp-gospodari-grada-pustite-gradjanima-grijanje\/","og_locale":"bs_BA","og_type":"article","og_title":"GO DF Tuzla: Umjesto la\u017enih saop\u0161tenja, SDP gospodari grada pustite gra\u0111anima grijanje! - TuzlaInfo.ba","og_description":"Gradski odbor Demokratske fronte Tuzla danas se oglasio saop\u0161tenjem za javnost u kojem se navodi:&hellip;","og_url":"https:\/\/tuzlainfo.ba\/index.php\/izbori\/item\/250078-go-df-tuzla-umjesto-laznih-saopstenja-sdp-gospodari-grada-pustite-gradjanima-grijanje\/","og_site_name":"TuzlaInfo.ba","article_publisher":"https:\/\/www.facebook.com\/tuzlainfo.ba\/","article_published_time":"2024-09-18T10:34:43+00:00","article_modified_time":"2024-09-18T10:34:58+00:00","og_image":[{"width":770,"height":440,"url":"https:\/\/tuzlainfo.ba\/wp-content\/uploads\/2021\/01\/sadrzaj_2021_20210102_2801_fronta.JPG","type":"image\/jpeg"}],"author":"nedim","twitter_card":"summary_large_image","twitter_misc":{"Written by":"nedim","Est. reading time":"2 minute"},"schema":{"@context":"https:\/\/schema.org","@graph":[{"@type":"Article","@id":"https:\/\/tuzlainfo.ba\/index.php\/izbori\/item\/250078-go-df-tuzla-umjesto-laznih-saopstenja-sdp-gospodari-grada-pustite-gradjanima-grijanje\/#article","isPartOf":{"@id":"https:\/\/tuzlainfo.ba\/index.php\/izbori\/item\/250078-go-df-tuzla-umjesto-laznih-saopstenja-sdp-gospodari-grada-pustite-gradjanima-grijanje\/"},"author":{"name":"nedim","@id":"https:\/\/tuzlainfo.ba\/#\/schema\/person\/f434e20dc27ea133923aab08451b7f7f"},"headline":"GO DF Tuzla: Umjesto la\u017enih saop\u0161tenja, SDP gospodari grada pustite gra\u0111anima grijanje!","datePublished":"2024-09-18T10:34:43+00:00","dateModified":"2024-09-18T10:34:58+00:00","mainEntityOfPage":{"@id":"https:\/\/tuzlainfo.ba\/index.php\/izbori\/item\/250078-go-df-tuzla-umjesto-laznih-saopstenja-sdp-gospodari-grada-pustite-gradjanima-grijanje\/"},"wordCount":223,"publisher":{"@id":"https:\/\/tuzlainfo.ba\/#organization"},"image":{"@id":"https:\/\/tuzlainfo.ba\/index.php\/izbori\/item\/250078-go-df-tuzla-umjesto-laznih-saopstenja-sdp-gospodari-grada-pustite-gradjanima-grijanje\/#primaryimage"},"thumbnailUrl":"https:\/\/tuzlainfo.ba\/wp-content\/uploads\/2021\/01\/sadrzaj_2021_20210102_2801_fronta.JPG","keywords":["demokratska fronta tuzla","izbori","izbori 2024","saop\u0161tenje"],"articleSection":["Istaknuto","Izbori","Novosti"],"inLanguage":"bs-BA"},{"@type":"WebPage","@id":"https:\/\/tuzlainfo.ba\/index.php\/izbori\/item\/250078-go-df-tuzla-umjesto-laznih-saopstenja-sdp-gospodari-grada-pustite-gradjanima-grijanje\/","url":"https:\/\/tuzlainfo.ba\/index.php\/izbori\/item\/250078-go-df-tuzla-umjesto-laznih-saopstenja-sdp-gospodari-grada-pustite-gradjanima-grijanje\/","name":"GO DF Tuzla: Umjesto la\u017enih saop\u0161tenja, SDP gospodari grada pustite gra\u0111anima grijanje! - TuzlaInfo.ba","isPartOf":{"@id":"https:\/\/tuzlainfo.ba\/#website"},"primaryImageOfPage":{"@id":"https:\/\/tuzlainfo.ba\/index.php\/izbori\/item\/250078-go-df-tuzla-umjesto-laznih-saopstenja-sdp-gospodari-grada-pustite-gradjanima-grijanje\/#primaryimage"},"image":{"@id":"https:\/\/tuzlainfo.ba\/index.php\/izbori\/item\/250078-go-df-tuzla-umjesto-laznih-saopstenja-sdp-gospodari-grada-pustite-gradjanima-grijanje\/#primaryimage"},"thumbnailUrl":"https:\/\/tuzlainfo.ba\/wp-content\/uploads\/2021\/01\/sadrzaj_2021_20210102_2801_fronta.JPG","datePublished":"2024-09-18T10:34:43+00:00","dateModified":"2024-09-18T10:34:58+00:00","breadcrumb":{"@id":"https:\/\/tuzlainfo.ba\/index.php\/izbori\/item\/250078-go-df-tuzla-umjesto-laznih-saopstenja-sdp-gospodari-grada-pustite-gradjanima-grijanje\/#breadcrumb"},"inLanguage":"bs-BA","potentialAction":[{"@type":"ReadAction","target":["https:\/\/tuzlainfo.ba\/index.php\/izbori\/item\/250078-go-df-tuzla-umjesto-laznih-saopstenja-sdp-gospodari-grada-pustite-gradjanima-grijanje\/"]}]},{"@type":"ImageObject","inLanguage":"bs-BA","@id":"https:\/\/tuzlainfo.ba\/index.php\/izbori\/item\/250078-go-df-tuzla-umjesto-laznih-saopstenja-sdp-gospodari-grada-pustite-gradjanima-grijanje\/#primaryimage","url":"https:\/\/tuzlainfo.ba\/wp-content\/uploads\/2021\/01\/sadrzaj_2021_20210102_2801_fronta.JPG","contentUrl":"https:\/\/tuzlainfo.ba\/wp-content\/uploads\/2021\/01\/sadrzaj_2021_20210102_2801_fronta.JPG","width":770,"height":440,"caption":"2801 fronta"},{"@type":"BreadcrumbList","@id":"https:\/\/tuzlainfo.ba\/index.php\/izbori\/item\/250078-go-df-tuzla-umjesto-laznih-saopstenja-sdp-gospodari-grada-pustite-gradjanima-grijanje\/#breadcrumb","itemListElement":[{"@type":"ListItem","position":1,"name":"Home","item":"https:\/\/tuzlainfo.ba\/"},{"@type":"ListItem","position":2,"name":"GO DF Tuzla: Umjesto la\u017enih saop\u0161tenja, SDP gospodari grada pustite gra\u0111anima grijanje!"}]},{"@type":"WebSite","@id":"https:\/\/tuzlainfo.ba\/#website","url":"https:\/\/tuzlainfo.ba\/","name":"TuzlaInfo.ba","description":"Tuzla info, gradski informator - Tuzla na dlanu","publisher":{"@id":"https:\/\/tuzlainfo.ba\/#organization"},"potentialAction":[{"@type":"SearchAction","target":{"@type":"EntryPoint","urlTemplate":"https:\/\/tuzlainfo.ba\/?s={search_term_string}"},"query-input":{"@type":"PropertyValueSpecification","valueRequired":true,"valueName":"search_term_string"}}],"inLanguage":"bs-BA"},{"@type":"Organization","@id":"https:\/\/tuzlainfo.ba\/#organization","name":"TuzlaInfo.ba","url":"https:\/\/tuzlainfo.ba\/","logo":{"@type":"ImageObject","inLanguage":"bs-BA","@id":"https:\/\/tuzlainfo.ba\/#\/schema\/logo\/image\/","url":"https:\/\/tuzlainfo.ba\/wp-content\/uploads\/2021\/03\/logo-ver-3-1.png","contentUrl":"https:\/\/tuzlainfo.ba\/wp-content\/uploads\/2021\/03\/logo-ver-3-1.png","width":350,"height":95,"caption":"TuzlaInfo.ba"},"image":{"@id":"https:\/\/tuzlainfo.ba\/#\/schema\/logo\/image\/"},"sameAs":["https:\/\/www.facebook.com\/tuzlainfo.ba\/"]},{"@type":"Person","@id":"https:\/\/tuzlainfo.ba\/#\/schema\/person\/f434e20dc27ea133923aab08451b7f7f","name":"nedim","image":{"@type":"ImageObject","inLanguage":"bs-BA","@id":"https:\/\/tuzlainfo.ba\/#\/schema\/person\/image\/","url":"https:\/\/tuzlainfo.ba\/wp-content\/litespeed\/avatar\/aabad687af24844af817603ac1cbdc4f.jpg?ver=1777306975","contentUrl":"https:\/\/tuzlainfo.ba\/wp-content\/litespeed\/avatar\/aabad687af24844af817603ac1cbdc4f.jpg?ver=1777306975","caption":"nedim"},"description":"Tuzlainfo.ba pratite na dru\u0161tvenim mre\u017eama: Facebook, Instagram i Youtube. Svoje pri\u010de, upite i fotografije \u0161aljite na na\u0161u e-mail adresu."}]}},"_links":{"self":[{"href":"https:\/\/tuzlainfo.ba\/index.php\/wp-json\/wp\/v2\/posts\/250078"}],"collection":[{"href":"https:\/\/tuzlainfo.ba\/index.php\/wp-json\/wp\/v2\/posts"}],"about":[{"href":"https:\/\/tuzlainfo.ba\/index.php\/wp-json\/wp\/v2\/types\/post"}],"author":[{"embeddable":true,"href":"https:\/\/tuzlainfo.ba\/index.php\/wp-json\/wp\/v2\/users\/2"}],"replies":[{"embeddable":true,"href":"https:\/\/tuzlainfo.ba\/index.php\/wp-json\/wp\/v2\/comments?post=250078"}],"version-history":[{"count":1,"href":"https:\/\/tuzlainfo.ba\/index.php\/wp-json\/wp\/v2\/posts\/250078\/revisions"}],"predecessor-version":[{"id":250079,"href":"https:\/\/tuzlainfo.ba\/index.php\/wp-json\/wp\/v2\/posts\/250078\/revisions\/250079"}],"wp:featuredmedia":[{"embeddable":true,"href":"https:\/\/tuzlainfo.ba\/index.php\/wp-json\/wp\/v2\/media\/85983"}],"wp:attachment":[{"href":"https:\/\/tuzlainfo.ba\/index.php\/wp-json\/wp\/v2\/media?parent=250078"}],"wp:term":[{"taxonomy":"category","embeddable":true,"href":"https:\/\/tuzlainfo.ba\/index.php\/wp-json\/wp\/v2\/categories?post=250078"},{"taxonomy":"post_tag","embeddable":true,"href":"https:\/\/tuzlainfo.ba\/index.php\/wp-json\/wp\/v2\/tags?post=250078"}],"curies":[{"name":"wp","href":"https:\/\/api.w.org\/{rel}","templated":true}]}}