{"id":250027,"date":"2024-09-17T19:47:17","date_gmt":"2024-09-17T17:47:17","guid":{"rendered":"https:\/\/tuzlainfo.ba\/?p=250027"},"modified":"2024-09-17T20:20:51","modified_gmt":"2024-09-17T18:20:51","slug":"tuzla-na-podrucju-plane-sicki-kop-pronadjeno-bezivotno-tijelo","status":"publish","type":"post","link":"https:\/\/tuzlainfo.ba\/index.php\/novosti\/item\/250027-tuzla-na-podrucju-plane-sicki-kop-pronadjeno-bezivotno-tijelo\/","title":{"rendered":"Tuzla: Na podru\u010dju Plane\/\u0160i\u0107ki kop prona\u0111eno be\u017eivotno tijelo"},"content":{"rendered":"<p>Gorska slu\u017eba spa\u0161avanja \u2013 Stanica Tuzla saop\u0161tila je da je dana\u0161nja potraga na podru\u010dju Plane\/\u0160i\u0107ki kop okon\u010dana pronalaskom be\u017eivotnog tijela nestalog u popodnevnim satima.<\/p>\n<p>Porodici su izrazili iskreno sau\u010de\u0161\u0107e.<\/p>\n<p>Podsje\u0107amo GSS Tuzla ranije je objavila je da je nestao Zuhdija \u0110ini\u0107 (62 godine) iz naselja Plane, koji je zadnji put vi\u0111en oko 15 sati u ponedjeljak 16.09.2024.<\/p>\n<p><iframe style=\"border: none; overflow: hidden;\" src=\"https:\/\/www.facebook.com\/plugins\/post.php?href=https%3A%2F%2Fwww.facebook.com%2Fgssstanicatuzla%2Fposts%2Fpfbid0PbHz28Yb3VfqN3WN9HtZUrTyjUCc4qpyUCsPXb4Xwd11WdCKLgrnrZE6Cv3DzZhal&amp;show_text=true&amp;width=500\" width=\"500\" height=\"767\" frameborder=\"0\" scrolling=\"no\" allowfullscreen=\"allowfullscreen\"><\/iframe><\/p>\n","protected":false},"excerpt":{"rendered":"<p>Gorska slu\u017eba spa\u0161avanja \u2013 Stanica Tuzla saop\u0161tila je da je dana\u0161nja potraga na podru\u010dju Plane\/\u0160i\u0107ki kop okon\u010dana pronalaskom be\u017eivotnog tijela nestalog u popodnevnim satima. Porodici su izrazili iskreno sau\u010de\u0161\u0107e. Podsje\u0107amo GSS Tuzla ranije je objavila je da je nestao Zuhdija \u0110ini\u0107 (62 godine) iz naselja Plane, koji je zadnji put vi\u0111en oko 15 sati u [&hellip;]<\/p>\n","protected":false},"author":2,"featured_media":250028,"comment_status":"closed","ping_status":"closed","sticky":false,"template":"","format":"standard","meta":{"footnotes":""},"categories":[304,12,306],"tags":[417,682],"class_list":["post-250027","post","type-post","status-publish","format-standard","has-post-thumbnail","hentry","category-istaknuto","category-novosti","category-preporucujemo","tag-crna-hronika","tag-gss-tuzla"],"yoast_head":"<!-- This site is optimized with the Yoast SEO plugin v28.3 - https:\/\/yoast.com\/product\/yoast-seo-wordpress\/ -->\n<title>Tuzla: Na podru\u010dju Plane\/\u0160i\u0107ki kop prona\u0111eno be\u017eivotno tijelo<\/title>\n<meta name=\"robots\" content=\"index, follow, max-snippet:-1, max-image-preview:large, max-video-preview:-1\" \/>\n<link rel=\"canonical\" href=\"https:\/\/tuzlainfo.ba\/index.php\/novosti\/item\/250027-tuzla-na-podrucju-plane-sicki-kop-pronadjeno-bezivotno-tijelo\/\" \/>\n<meta property=\"og:locale\" content=\"bs_BA\" \/>\n<meta property=\"og:type\" content=\"article\" \/>\n<meta property=\"og:title\" content=\"Tuzla: Na podru\u010dju Plane\/\u0160i\u0107ki kop prona\u0111eno be\u017eivotno tijelo\" \/>\n<meta property=\"og:description\" content=\"Gorska slu\u017eba spa\u0161avanja \u2013 Stanica Tuzla saop\u0161tila je da je dana\u0161nja potraga na podru\u010dju Plane\/\u0160i\u0107ki kop okon\u010dana pronalaskom be\u017eivotnog tijela nestalog u popodnevnim satima. Porodici su izrazili iskreno sau\u010de\u0161\u0107e. Podsje\u0107amo GSS Tuzla ranije je objavila je da je nestao Zuhdija \u0110ini\u0107 (62 godine) iz naselja Plane, koji je zadnji put vi\u0111en oko 15 sati u [&hellip;]\" \/>\n<meta property=\"og:url\" content=\"https:\/\/tuzlainfo.ba\/index.php\/novosti\/item\/250027-tuzla-na-podrucju-plane-sicki-kop-pronadjeno-bezivotno-tijelo\/\" \/>\n<meta property=\"og:site_name\" content=\"TuzlaInfo.ba\" \/>\n<meta property=\"article:publisher\" content=\"https:\/\/www.facebook.com\/tuzlainfo.ba\/\" \/>\n<meta property=\"article:published_time\" content=\"2024-09-17T17:47:17+00:00\" \/>\n<meta property=\"article:modified_time\" content=\"2024-09-17T18:20:51+00:00\" \/>\n<meta property=\"og:image\" content=\"https:\/\/tuzlainfo.ba\/wp-content\/uploads\/2024\/09\/1709_GSS_tuzla.jpg\" \/>\n\t<meta property=\"og:image:width\" content=\"1000\" \/>\n\t<meta property=\"og:image:height\" content=\"500\" \/>\n\t<meta property=\"og:image:type\" content=\"image\/jpeg\" \/>\n<meta name=\"author\" content=\"nedim\" \/>\n<meta name=\"twitter:card\" content=\"summary_large_image\" \/>\n<meta name=\"twitter:label1\" content=\"Written by\" \/>\n\t<meta name=\"twitter:data1\" content=\"nedim\" \/>\n\t<meta name=\"twitter:label2\" content=\"Est. reading time\" \/>\n\t<meta name=\"twitter:data2\" content=\"1 minuta\" \/>\n<script type=\"application\/ld+json\" class=\"yoast-schema-graph\">{\"@context\":\"https:\\\/\\\/schema.org\",\"@graph\":[{\"@type\":\"Article\",\"@id\":\"https:\\\/\\\/tuzlainfo.ba\\\/index.php\\\/novosti\\\/item\\\/250027-tuzla-na-podrucju-plane-sicki-kop-pronadjeno-bezivotno-tijelo\\\/#article\",\"isPartOf\":{\"@id\":\"https:\\\/\\\/tuzlainfo.ba\\\/index.php\\\/novosti\\\/item\\\/250027-tuzla-na-podrucju-plane-sicki-kop-pronadjeno-bezivotno-tijelo\\\/\"},\"author\":{\"name\":\"nedim\",\"@id\":\"https:\\\/\\\/tuzlainfo.ba\\\/#\\\/schema\\\/person\\\/f434e20dc27ea133923aab08451b7f7f\"},\"headline\":\"Tuzla: Na podru\u010dju Plane\\\/\u0160i\u0107ki kop prona\u0111eno be\u017eivotno tijelo\",\"datePublished\":\"2024-09-17T17:47:17+00:00\",\"dateModified\":\"2024-09-17T18:20:51+00:00\",\"mainEntityOfPage\":{\"@id\":\"https:\\\/\\\/tuzlainfo.ba\\\/index.php\\\/novosti\\\/item\\\/250027-tuzla-na-podrucju-plane-sicki-kop-pronadjeno-bezivotno-tijelo\\\/\"},\"wordCount\":79,\"publisher\":{\"@id\":\"https:\\\/\\\/tuzlainfo.ba\\\/#organization\"},\"image\":{\"@id\":\"https:\\\/\\\/tuzlainfo.ba\\\/index.php\\\/novosti\\\/item\\\/250027-tuzla-na-podrucju-plane-sicki-kop-pronadjeno-bezivotno-tijelo\\\/#primaryimage\"},\"thumbnailUrl\":\"https:\\\/\\\/tuzlainfo.ba\\\/wp-content\\\/uploads\\\/2024\\\/09\\\/1709_GSS_tuzla.jpg\",\"keywords\":[\"crna hronika\",\"gss tuzla\"],\"articleSection\":[\"Istaknuto\",\"Novosti\",\"Preporu\u010dujemo\"],\"inLanguage\":\"bs-BA\",\"copyrightYear\":\"2024\",\"copyrightHolder\":{\"@id\":\"https:\\\/\\\/tuzlainfo.ba\\\/#organization\"}},{\"@type\":\"WebPage\",\"@id\":\"https:\\\/\\\/tuzlainfo.ba\\\/index.php\\\/novosti\\\/item\\\/250027-tuzla-na-podrucju-plane-sicki-kop-pronadjeno-bezivotno-tijelo\\\/\",\"url\":\"https:\\\/\\\/tuzlainfo.ba\\\/index.php\\\/novosti\\\/item\\\/250027-tuzla-na-podrucju-plane-sicki-kop-pronadjeno-bezivotno-tijelo\\\/\",\"name\":\"Tuzla: Na podru\u010dju Plane\\\/\u0160i\u0107ki kop prona\u0111eno be\u017eivotno tijelo\",\"isPartOf\":{\"@id\":\"https:\\\/\\\/tuzlainfo.ba\\\/#website\"},\"primaryImageOfPage\":{\"@id\":\"https:\\\/\\\/tuzlainfo.ba\\\/index.php\\\/novosti\\\/item\\\/250027-tuzla-na-podrucju-plane-sicki-kop-pronadjeno-bezivotno-tijelo\\\/#primaryimage\"},\"image\":{\"@id\":\"https:\\\/\\\/tuzlainfo.ba\\\/index.php\\\/novosti\\\/item\\\/250027-tuzla-na-podrucju-plane-sicki-kop-pronadjeno-bezivotno-tijelo\\\/#primaryimage\"},\"thumbnailUrl\":\"https:\\\/\\\/tuzlainfo.ba\\\/wp-content\\\/uploads\\\/2024\\\/09\\\/1709_GSS_tuzla.jpg\",\"datePublished\":\"2024-09-17T17:47:17+00:00\",\"dateModified\":\"2024-09-17T18:20:51+00:00\",\"breadcrumb\":{\"@id\":\"https:\\\/\\\/tuzlainfo.ba\\\/index.php\\\/novosti\\\/item\\\/250027-tuzla-na-podrucju-plane-sicki-kop-pronadjeno-bezivotno-tijelo\\\/#breadcrumb\"},\"inLanguage\":\"bs-BA\",\"potentialAction\":[{\"@type\":\"ReadAction\",\"target\":[\"https:\\\/\\\/tuzlainfo.ba\\\/index.php\\\/novosti\\\/item\\\/250027-tuzla-na-podrucju-plane-sicki-kop-pronadjeno-bezivotno-tijelo\\\/\"]}]},{\"@type\":\"ImageObject\",\"inLanguage\":\"bs-BA\",\"@id\":\"https:\\\/\\\/tuzlainfo.ba\\\/index.php\\\/novosti\\\/item\\\/250027-tuzla-na-podrucju-plane-sicki-kop-pronadjeno-bezivotno-tijelo\\\/#primaryimage\",\"url\":\"https:\\\/\\\/tuzlainfo.ba\\\/wp-content\\\/uploads\\\/2024\\\/09\\\/1709_GSS_tuzla.jpg\",\"contentUrl\":\"https:\\\/\\\/tuzlainfo.ba\\\/wp-content\\\/uploads\\\/2024\\\/09\\\/1709_GSS_tuzla.jpg\",\"width\":1000,\"height\":500},{\"@type\":\"BreadcrumbList\",\"@id\":\"https:\\\/\\\/tuzlainfo.ba\\\/index.php\\\/novosti\\\/item\\\/250027-tuzla-na-podrucju-plane-sicki-kop-pronadjeno-bezivotno-tijelo\\\/#breadcrumb\",\"itemListElement\":[{\"@type\":\"ListItem\",\"position\":1,\"name\":\"Home\",\"item\":\"https:\\\/\\\/tuzlainfo.ba\\\/\"},{\"@type\":\"ListItem\",\"position\":2,\"name\":\"Tuzla: Na podru\u010dju Plane\\\/\u0160i\u0107ki kop prona\u0111eno be\u017eivotno tijelo\"}]},{\"@type\":\"WebSite\",\"@id\":\"https:\\\/\\\/tuzlainfo.ba\\\/#website\",\"url\":\"https:\\\/\\\/tuzlainfo.ba\\\/\",\"name\":\"TuzlaInfo.ba\",\"description\":\"Tuzla info, gradski informator - Tuzla na dlanu\",\"publisher\":{\"@id\":\"https:\\\/\\\/tuzlainfo.ba\\\/#organization\"},\"potentialAction\":[{\"@type\":\"SearchAction\",\"target\":{\"@type\":\"EntryPoint\",\"urlTemplate\":\"https:\\\/\\\/tuzlainfo.ba\\\/?s={search_term_string}\"},\"query-input\":{\"@type\":\"PropertyValueSpecification\",\"valueRequired\":true,\"valueName\":\"search_term_string\"}}],\"inLanguage\":\"bs-BA\"},{\"@type\":\"Organization\",\"@id\":\"https:\\\/\\\/tuzlainfo.ba\\\/#organization\",\"name\":\"TuzlaInfo.ba\",\"url\":\"https:\\\/\\\/tuzlainfo.ba\\\/\",\"logo\":{\"@type\":\"ImageObject\",\"inLanguage\":\"bs-BA\",\"@id\":\"https:\\\/\\\/tuzlainfo.ba\\\/#\\\/schema\\\/logo\\\/image\\\/\",\"url\":\"https:\\\/\\\/tuzlainfo.ba\\\/wp-content\\\/uploads\\\/2021\\\/03\\\/logo-ver-3-1.png\",\"contentUrl\":\"https:\\\/\\\/tuzlainfo.ba\\\/wp-content\\\/uploads\\\/2021\\\/03\\\/logo-ver-3-1.png\",\"width\":350,\"height\":95,\"caption\":\"TuzlaInfo.ba\"},\"image\":{\"@id\":\"https:\\\/\\\/tuzlainfo.ba\\\/#\\\/schema\\\/logo\\\/image\\\/\"},\"sameAs\":[\"https:\\\/\\\/www.facebook.com\\\/tuzlainfo.ba\\\/\"]},{\"@type\":\"Person\",\"@id\":\"https:\\\/\\\/tuzlainfo.ba\\\/#\\\/schema\\\/person\\\/f434e20dc27ea133923aab08451b7f7f\",\"name\":\"nedim\",\"image\":{\"@type\":\"ImageObject\",\"inLanguage\":\"bs-BA\",\"@id\":\"https:\\\/\\\/secure.gravatar.com\\\/avatar\\\/5b928a2e7e70a54208d2eb6c1edcb75a5350d6ae97d5f0a701203d456823f6f3?s=96&d=mm&r=g\",\"url\":\"https:\\\/\\\/secure.gravatar.com\\\/avatar\\\/5b928a2e7e70a54208d2eb6c1edcb75a5350d6ae97d5f0a701203d456823f6f3?s=96&d=mm&r=g\",\"contentUrl\":\"https:\\\/\\\/secure.gravatar.com\\\/avatar\\\/5b928a2e7e70a54208d2eb6c1edcb75a5350d6ae97d5f0a701203d456823f6f3?s=96&d=mm&r=g\",\"caption\":\"nedim\"},\"description\":\"Tuzlainfo.ba pratite na dru\u0161tvenim mre\u017eama: Facebook, Instagram i Youtube. Svoje pri\u010de, upite i fotografije \u0161aljite na na\u0161u e-mail adresu.\"}]}<\/script>\n<!-- \/ Yoast SEO plugin. -->","yoast_head_json":{"title":"Tuzla: Na podru\u010dju Plane\/\u0160i\u0107ki kop prona\u0111eno be\u017eivotno tijelo","robots":{"index":"index","follow":"follow","max-snippet":"max-snippet:-1","max-image-preview":"max-image-preview:large","max-video-preview":"max-video-preview:-1"},"canonical":"https:\/\/tuzlainfo.ba\/index.php\/novosti\/item\/250027-tuzla-na-podrucju-plane-sicki-kop-pronadjeno-bezivotno-tijelo\/","og_locale":"bs_BA","og_type":"article","og_title":"Tuzla: Na podru\u010dju Plane\/\u0160i\u0107ki kop prona\u0111eno be\u017eivotno tijelo","og_description":"Gorska slu\u017eba spa\u0161avanja \u2013 Stanica Tuzla saop\u0161tila je da je dana\u0161nja potraga na podru\u010dju Plane\/\u0160i\u0107ki kop okon\u010dana pronalaskom be\u017eivotnog tijela nestalog u popodnevnim satima. Porodici su izrazili iskreno sau\u010de\u0161\u0107e. Podsje\u0107amo GSS Tuzla ranije je objavila je da je nestao Zuhdija \u0110ini\u0107 (62 godine) iz naselja Plane, koji je zadnji put vi\u0111en oko 15 sati u [&hellip;]","og_url":"https:\/\/tuzlainfo.ba\/index.php\/novosti\/item\/250027-tuzla-na-podrucju-plane-sicki-kop-pronadjeno-bezivotno-tijelo\/","og_site_name":"TuzlaInfo.ba","article_publisher":"https:\/\/www.facebook.com\/tuzlainfo.ba\/","article_published_time":"2024-09-17T17:47:17+00:00","article_modified_time":"2024-09-17T18:20:51+00:00","og_image":[{"width":1000,"height":500,"url":"https:\/\/tuzlainfo.ba\/wp-content\/uploads\/2024\/09\/1709_GSS_tuzla.jpg","type":"image\/jpeg"}],"author":"nedim","twitter_card":"summary_large_image","twitter_misc":{"Written by":"nedim","Est. reading time":"1 minuta"},"schema":{"@context":"https:\/\/schema.org","@graph":[{"@type":"Article","@id":"https:\/\/tuzlainfo.ba\/index.php\/novosti\/item\/250027-tuzla-na-podrucju-plane-sicki-kop-pronadjeno-bezivotno-tijelo\/#article","isPartOf":{"@id":"https:\/\/tuzlainfo.ba\/index.php\/novosti\/item\/250027-tuzla-na-podrucju-plane-sicki-kop-pronadjeno-bezivotno-tijelo\/"},"author":{"name":"nedim","@id":"https:\/\/tuzlainfo.ba\/#\/schema\/person\/f434e20dc27ea133923aab08451b7f7f"},"headline":"Tuzla: Na podru\u010dju Plane\/\u0160i\u0107ki kop prona\u0111eno be\u017eivotno tijelo","datePublished":"2024-09-17T17:47:17+00:00","dateModified":"2024-09-17T18:20:51+00:00","mainEntityOfPage":{"@id":"https:\/\/tuzlainfo.ba\/index.php\/novosti\/item\/250027-tuzla-na-podrucju-plane-sicki-kop-pronadjeno-bezivotno-tijelo\/"},"wordCount":79,"publisher":{"@id":"https:\/\/tuzlainfo.ba\/#organization"},"image":{"@id":"https:\/\/tuzlainfo.ba\/index.php\/novosti\/item\/250027-tuzla-na-podrucju-plane-sicki-kop-pronadjeno-bezivotno-tijelo\/#primaryimage"},"thumbnailUrl":"https:\/\/tuzlainfo.ba\/wp-content\/uploads\/2024\/09\/1709_GSS_tuzla.jpg","keywords":["crna hronika","gss tuzla"],"articleSection":["Istaknuto","Novosti","Preporu\u010dujemo"],"inLanguage":"bs-BA","copyrightYear":"2024","copyrightHolder":{"@id":"https:\/\/tuzlainfo.ba\/#organization"}},{"@type":"WebPage","@id":"https:\/\/tuzlainfo.ba\/index.php\/novosti\/item\/250027-tuzla-na-podrucju-plane-sicki-kop-pronadjeno-bezivotno-tijelo\/","url":"https:\/\/tuzlainfo.ba\/index.php\/novosti\/item\/250027-tuzla-na-podrucju-plane-sicki-kop-pronadjeno-bezivotno-tijelo\/","name":"Tuzla: Na podru\u010dju Plane\/\u0160i\u0107ki kop prona\u0111eno be\u017eivotno tijelo","isPartOf":{"@id":"https:\/\/tuzlainfo.ba\/#website"},"primaryImageOfPage":{"@id":"https:\/\/tuzlainfo.ba\/index.php\/novosti\/item\/250027-tuzla-na-podrucju-plane-sicki-kop-pronadjeno-bezivotno-tijelo\/#primaryimage"},"image":{"@id":"https:\/\/tuzlainfo.ba\/index.php\/novosti\/item\/250027-tuzla-na-podrucju-plane-sicki-kop-pronadjeno-bezivotno-tijelo\/#primaryimage"},"thumbnailUrl":"https:\/\/tuzlainfo.ba\/wp-content\/uploads\/2024\/09\/1709_GSS_tuzla.jpg","datePublished":"2024-09-17T17:47:17+00:00","dateModified":"2024-09-17T18:20:51+00:00","breadcrumb":{"@id":"https:\/\/tuzlainfo.ba\/index.php\/novosti\/item\/250027-tuzla-na-podrucju-plane-sicki-kop-pronadjeno-bezivotno-tijelo\/#breadcrumb"},"inLanguage":"bs-BA","potentialAction":[{"@type":"ReadAction","target":["https:\/\/tuzlainfo.ba\/index.php\/novosti\/item\/250027-tuzla-na-podrucju-plane-sicki-kop-pronadjeno-bezivotno-tijelo\/"]}]},{"@type":"ImageObject","inLanguage":"bs-BA","@id":"https:\/\/tuzlainfo.ba\/index.php\/novosti\/item\/250027-tuzla-na-podrucju-plane-sicki-kop-pronadjeno-bezivotno-tijelo\/#primaryimage","url":"https:\/\/tuzlainfo.ba\/wp-content\/uploads\/2024\/09\/1709_GSS_tuzla.jpg","contentUrl":"https:\/\/tuzlainfo.ba\/wp-content\/uploads\/2024\/09\/1709_GSS_tuzla.jpg","width":1000,"height":500},{"@type":"BreadcrumbList","@id":"https:\/\/tuzlainfo.ba\/index.php\/novosti\/item\/250027-tuzla-na-podrucju-plane-sicki-kop-pronadjeno-bezivotno-tijelo\/#breadcrumb","itemListElement":[{"@type":"ListItem","position":1,"name":"Home","item":"https:\/\/tuzlainfo.ba\/"},{"@type":"ListItem","position":2,"name":"Tuzla: Na podru\u010dju Plane\/\u0160i\u0107ki kop prona\u0111eno be\u017eivotno tijelo"}]},{"@type":"WebSite","@id":"https:\/\/tuzlainfo.ba\/#website","url":"https:\/\/tuzlainfo.ba\/","name":"TuzlaInfo.ba","description":"Tuzla info, gradski informator - Tuzla na dlanu","publisher":{"@id":"https:\/\/tuzlainfo.ba\/#organization"},"potentialAction":[{"@type":"SearchAction","target":{"@type":"EntryPoint","urlTemplate":"https:\/\/tuzlainfo.ba\/?s={search_term_string}"},"query-input":{"@type":"PropertyValueSpecification","valueRequired":true,"valueName":"search_term_string"}}],"inLanguage":"bs-BA"},{"@type":"Organization","@id":"https:\/\/tuzlainfo.ba\/#organization","name":"TuzlaInfo.ba","url":"https:\/\/tuzlainfo.ba\/","logo":{"@type":"ImageObject","inLanguage":"bs-BA","@id":"https:\/\/tuzlainfo.ba\/#\/schema\/logo\/image\/","url":"https:\/\/tuzlainfo.ba\/wp-content\/uploads\/2021\/03\/logo-ver-3-1.png","contentUrl":"https:\/\/tuzlainfo.ba\/wp-content\/uploads\/2021\/03\/logo-ver-3-1.png","width":350,"height":95,"caption":"TuzlaInfo.ba"},"image":{"@id":"https:\/\/tuzlainfo.ba\/#\/schema\/logo\/image\/"},"sameAs":["https:\/\/www.facebook.com\/tuzlainfo.ba\/"]},{"@type":"Person","@id":"https:\/\/tuzlainfo.ba\/#\/schema\/person\/f434e20dc27ea133923aab08451b7f7f","name":"nedim","image":{"@type":"ImageObject","inLanguage":"bs-BA","@id":"https:\/\/secure.gravatar.com\/avatar\/5b928a2e7e70a54208d2eb6c1edcb75a5350d6ae97d5f0a701203d456823f6f3?s=96&d=mm&r=g","url":"https:\/\/secure.gravatar.com\/avatar\/5b928a2e7e70a54208d2eb6c1edcb75a5350d6ae97d5f0a701203d456823f6f3?s=96&d=mm&r=g","contentUrl":"https:\/\/secure.gravatar.com\/avatar\/5b928a2e7e70a54208d2eb6c1edcb75a5350d6ae97d5f0a701203d456823f6f3?s=96&d=mm&r=g","caption":"nedim"},"description":"Tuzlainfo.ba pratite na dru\u0161tvenim mre\u017eama: Facebook, Instagram i Youtube. Svoje pri\u010de, upite i fotografije \u0161aljite na na\u0161u e-mail adresu."}]}},"_links":{"self":[{"href":"https:\/\/tuzlainfo.ba\/index.php\/wp-json\/wp\/v2\/posts\/250027","targetHints":{"allow":["GET"]}}],"collection":[{"href":"https:\/\/tuzlainfo.ba\/index.php\/wp-json\/wp\/v2\/posts"}],"about":[{"href":"https:\/\/tuzlainfo.ba\/index.php\/wp-json\/wp\/v2\/types\/post"}],"author":[{"embeddable":true,"href":"https:\/\/tuzlainfo.ba\/index.php\/wp-json\/wp\/v2\/users\/2"}],"replies":[{"embeddable":true,"href":"https:\/\/tuzlainfo.ba\/index.php\/wp-json\/wp\/v2\/comments?post=250027"}],"version-history":[{"count":1,"href":"https:\/\/tuzlainfo.ba\/index.php\/wp-json\/wp\/v2\/posts\/250027\/revisions"}],"predecessor-version":[{"id":250029,"href":"https:\/\/tuzlainfo.ba\/index.php\/wp-json\/wp\/v2\/posts\/250027\/revisions\/250029"}],"wp:featuredmedia":[{"embeddable":true,"href":"https:\/\/tuzlainfo.ba\/index.php\/wp-json\/wp\/v2\/media\/250028"}],"wp:attachment":[{"href":"https:\/\/tuzlainfo.ba\/index.php\/wp-json\/wp\/v2\/media?parent=250027"}],"wp:term":[{"taxonomy":"category","embeddable":true,"href":"https:\/\/tuzlainfo.ba\/index.php\/wp-json\/wp\/v2\/categories?post=250027"},{"taxonomy":"post_tag","embeddable":true,"href":"https:\/\/tuzlainfo.ba\/index.php\/wp-json\/wp\/v2\/tags?post=250027"}],"curies":[{"name":"wp","href":"https:\/\/api.w.org\/{rel}","templated":true}]}}