{"id":249849,"date":"2024-09-16T16:55:32","date_gmt":"2024-09-16T14:55:32","guid":{"rendered":"https:\/\/tuzlainfo.ba\/?p=249849"},"modified":"2024-09-16T16:57:49","modified_gmt":"2024-09-16T14:57:49","slug":"na-trgu-slobode-organiovana-manifestacija-zlatna-vrpca","status":"publish","type":"post","link":"https:\/\/tuzlainfo.ba\/index.php\/novosti\/item\/249849-na-trgu-slobode-organiovana-manifestacija-zlatna-vrpca\/","title":{"rendered":"Na Trgu slobode organizovana manifestacija &#8220;Zlatna vrpca&#8221;"},"content":{"rendered":"<p>Udru\u017eenje &#8220;PIPOL&#8221; iz Tuzle na Trhu slobode organiziralo je manifestaciju &#8220;Zlatna vrpca&#8221; kao znak podr\u0161ke djeci i mladima oboljelima i izlije\u010denim od raka i u znak sje\u0107anja na sve prerano preminule mali\u0161ane.<\/p>\n<p>&#8211; Veoma je bitno da podr\u017eavamo udru\u017eenja koja se bave preventivnim djelovanjem kod ranog otkrivanja malignih oboljenja posebno kod djece, ali i svih drugih. To je va\u017eno za promociju i borbu protiv malignih oboljenja. Grad Tuzla je podr\u017eao i nabavku opreme za Pedijatrijsku kliniku UKC Tuzla, podr\u017eali smo gradnju i odr\u017eavanje Roditeljske ku\u0107e u krugu UKC Tuzla. To je na\u0161a du\u017enost. Dakle, prevencija, rano otkrivanje i pravovremena terapija mo\u017ee spasiti veliki broj \u017eivota &#8211; rekao je gradona\u010delnik Tuzle Zijad Lugavi\u0107.<\/p>\n<p>Na Trgu slobode aktivisti udru\u017eenja i drugi gra\u0111ani simboli\u010dno su uz pomo\u0107 \u017eutih ki\u0161obrana formirali &#8220;zlatnu vrpcu&#8221;.<\/p>\n<p>&#8211; Udru\u017eenje &#8216;PIPOL&#8217; okuplja oko 150 \u010dlanova. Prvenstveno na\u0161i korisnici su djeca i mladi izlije\u010deni od raka kako sa podru\u010dja Tuzlanskog kantona tako i iz Br\u010dko distrikta i dijela RS-a koji ostvaruju pravo na lije\u010denje ovdje na UKC Tuzla. Kampanja &#8216;Zlatni septembar&#8217; podi\u017ee svjesnost o pojavi malignih bolesti u dje\u010dijem dobu. Mi smo simboli\u010dnim gestom iskazali podr\u0161ku i pomo\u0107 djeci i mladima koji se trenutno lije\u010de, ali i da iska\u017eemo divljenje onima koji su pobijedili rak te onima koji su, na\u017ealost, tu bitku izgubili &#8211; kazala je predsjednica Udru\u017eenja &#8220;PIPOL&#8221; iz Tuzle Amra Sara\u010devi\u0107.<\/p>\n","protected":false},"excerpt":{"rendered":"<p>Udru\u017eenje &#8220;PIPOL&#8221; iz Tuzle na Trhu slobode organiziralo je manifestaciju &#8220;Zlatna vrpca&#8221; kao znak podr\u0161ke&hellip;<\/p>\n","protected":false},"author":4,"featured_media":249852,"comment_status":"closed","ping_status":"closed","sticky":false,"template":"","format":"standard","meta":{"_acf_changed":false,"footnotes":""},"categories":[304,12],"tags":[10974],"acf":[],"yoast_head":"<!-- This site is optimized with the Yoast SEO plugin v23.5 - https:\/\/yoast.com\/wordpress\/plugins\/seo\/ -->\n<title>Na Trgu slobode organizovana manifestacija &quot;Zlatna vrpca&quot; - TuzlaInfo.ba<\/title>\n<meta name=\"robots\" content=\"index, follow, max-snippet:-1, max-image-preview:large, max-video-preview:-1\" \/>\n<link rel=\"canonical\" href=\"https:\/\/tuzlainfo.ba\/index.php\/novosti\/item\/249849-na-trgu-slobode-organiovana-manifestacija-zlatna-vrpca\/\" \/>\n<meta property=\"og:locale\" content=\"bs_BA\" \/>\n<meta property=\"og:type\" content=\"article\" \/>\n<meta property=\"og:title\" content=\"Na Trgu slobode organizovana manifestacija &quot;Zlatna vrpca&quot; - TuzlaInfo.ba\" \/>\n<meta property=\"og:description\" content=\"Udru\u017eenje &#8220;PIPOL&#8221; iz Tuzle na Trhu slobode organiziralo je manifestaciju &#8220;Zlatna vrpca&#8221; kao znak podr\u0161ke&hellip;\" \/>\n<meta property=\"og:url\" content=\"https:\/\/tuzlainfo.ba\/index.php\/novosti\/item\/249849-na-trgu-slobode-organiovana-manifestacija-zlatna-vrpca\/\" \/>\n<meta property=\"og:site_name\" content=\"TuzlaInfo.ba\" \/>\n<meta property=\"article:publisher\" content=\"https:\/\/www.facebook.com\/tuzlainfo.ba\/\" \/>\n<meta property=\"article:published_time\" content=\"2024-09-16T14:55:32+00:00\" \/>\n<meta property=\"article:modified_time\" content=\"2024-09-16T14:57:49+00:00\" \/>\n<meta property=\"og:image\" content=\"https:\/\/tuzlainfo.ba\/wp-content\/uploads\/2024\/09\/zlatna-vrpca.jpg\" \/>\n\t<meta property=\"og:image:width\" content=\"800\" \/>\n\t<meta property=\"og:image:height\" content=\"450\" \/>\n\t<meta property=\"og:image:type\" content=\"image\/jpeg\" \/>\n<meta name=\"author\" content=\"Tuzla Info\" \/>\n<meta name=\"twitter:card\" content=\"summary_large_image\" \/>\n<meta name=\"twitter:label1\" content=\"Written by\" \/>\n\t<meta name=\"twitter:data1\" content=\"Tuzla Info\" \/>\n\t<meta name=\"twitter:label2\" content=\"Est. reading time\" \/>\n\t<meta name=\"twitter:data2\" content=\"2 minute\" \/>\n<script type=\"application\/ld+json\" class=\"yoast-schema-graph\">{\"@context\":\"https:\/\/schema.org\",\"@graph\":[{\"@type\":\"Article\",\"@id\":\"https:\/\/tuzlainfo.ba\/index.php\/novosti\/item\/249849-na-trgu-slobode-organiovana-manifestacija-zlatna-vrpca\/#article\",\"isPartOf\":{\"@id\":\"https:\/\/tuzlainfo.ba\/index.php\/novosti\/item\/249849-na-trgu-slobode-organiovana-manifestacija-zlatna-vrpca\/\"},\"author\":{\"name\":\"Tuzla Info\",\"@id\":\"https:\/\/tuzlainfo.ba\/#\/schema\/person\/46cad4c57790cbc50781edd14870825a\"},\"headline\":\"Na Trgu slobode organizovana manifestacija &#8220;Zlatna vrpca&#8221;\",\"datePublished\":\"2024-09-16T14:55:32+00:00\",\"dateModified\":\"2024-09-16T14:57:49+00:00\",\"mainEntityOfPage\":{\"@id\":\"https:\/\/tuzlainfo.ba\/index.php\/novosti\/item\/249849-na-trgu-slobode-organiovana-manifestacija-zlatna-vrpca\/\"},\"wordCount\":264,\"publisher\":{\"@id\":\"https:\/\/tuzlainfo.ba\/#organization\"},\"image\":{\"@id\":\"https:\/\/tuzlainfo.ba\/index.php\/novosti\/item\/249849-na-trgu-slobode-organiovana-manifestacija-zlatna-vrpca\/#primaryimage\"},\"thumbnailUrl\":\"https:\/\/tuzlainfo.ba\/wp-content\/uploads\/2024\/09\/zlatna-vrpca.jpg\",\"keywords\":[\"zlatna vrpca\"],\"articleSection\":[\"Istaknuto\",\"Novosti\"],\"inLanguage\":\"bs-BA\"},{\"@type\":\"WebPage\",\"@id\":\"https:\/\/tuzlainfo.ba\/index.php\/novosti\/item\/249849-na-trgu-slobode-organiovana-manifestacija-zlatna-vrpca\/\",\"url\":\"https:\/\/tuzlainfo.ba\/index.php\/novosti\/item\/249849-na-trgu-slobode-organiovana-manifestacija-zlatna-vrpca\/\",\"name\":\"Na Trgu slobode organizovana manifestacija \\\"Zlatna vrpca\\\" - TuzlaInfo.ba\",\"isPartOf\":{\"@id\":\"https:\/\/tuzlainfo.ba\/#website\"},\"primaryImageOfPage\":{\"@id\":\"https:\/\/tuzlainfo.ba\/index.php\/novosti\/item\/249849-na-trgu-slobode-organiovana-manifestacija-zlatna-vrpca\/#primaryimage\"},\"image\":{\"@id\":\"https:\/\/tuzlainfo.ba\/index.php\/novosti\/item\/249849-na-trgu-slobode-organiovana-manifestacija-zlatna-vrpca\/#primaryimage\"},\"thumbnailUrl\":\"https:\/\/tuzlainfo.ba\/wp-content\/uploads\/2024\/09\/zlatna-vrpca.jpg\",\"datePublished\":\"2024-09-16T14:55:32+00:00\",\"dateModified\":\"2024-09-16T14:57:49+00:00\",\"breadcrumb\":{\"@id\":\"https:\/\/tuzlainfo.ba\/index.php\/novosti\/item\/249849-na-trgu-slobode-organiovana-manifestacija-zlatna-vrpca\/#breadcrumb\"},\"inLanguage\":\"bs-BA\",\"potentialAction\":[{\"@type\":\"ReadAction\",\"target\":[\"https:\/\/tuzlainfo.ba\/index.php\/novosti\/item\/249849-na-trgu-slobode-organiovana-manifestacija-zlatna-vrpca\/\"]}]},{\"@type\":\"ImageObject\",\"inLanguage\":\"bs-BA\",\"@id\":\"https:\/\/tuzlainfo.ba\/index.php\/novosti\/item\/249849-na-trgu-slobode-organiovana-manifestacija-zlatna-vrpca\/#primaryimage\",\"url\":\"https:\/\/tuzlainfo.ba\/wp-content\/uploads\/2024\/09\/zlatna-vrpca.jpg\",\"contentUrl\":\"https:\/\/tuzlainfo.ba\/wp-content\/uploads\/2024\/09\/zlatna-vrpca.jpg\",\"width\":800,\"height\":450,\"caption\":\"Foto: Fena\"},{\"@type\":\"BreadcrumbList\",\"@id\":\"https:\/\/tuzlainfo.ba\/index.php\/novosti\/item\/249849-na-trgu-slobode-organiovana-manifestacija-zlatna-vrpca\/#breadcrumb\",\"itemListElement\":[{\"@type\":\"ListItem\",\"position\":1,\"name\":\"Home\",\"item\":\"https:\/\/tuzlainfo.ba\/\"},{\"@type\":\"ListItem\",\"position\":2,\"name\":\"Na Trgu slobode organizovana manifestacija &#8220;Zlatna vrpca&#8221;\"}]},{\"@type\":\"WebSite\",\"@id\":\"https:\/\/tuzlainfo.ba\/#website\",\"url\":\"https:\/\/tuzlainfo.ba\/\",\"name\":\"TuzlaInfo.ba\",\"description\":\"Tuzla info, gradski informator - Tuzla na dlanu\",\"publisher\":{\"@id\":\"https:\/\/tuzlainfo.ba\/#organization\"},\"potentialAction\":[{\"@type\":\"SearchAction\",\"target\":{\"@type\":\"EntryPoint\",\"urlTemplate\":\"https:\/\/tuzlainfo.ba\/?s={search_term_string}\"},\"query-input\":{\"@type\":\"PropertyValueSpecification\",\"valueRequired\":true,\"valueName\":\"search_term_string\"}}],\"inLanguage\":\"bs-BA\"},{\"@type\":\"Organization\",\"@id\":\"https:\/\/tuzlainfo.ba\/#organization\",\"name\":\"TuzlaInfo.ba\",\"url\":\"https:\/\/tuzlainfo.ba\/\",\"logo\":{\"@type\":\"ImageObject\",\"inLanguage\":\"bs-BA\",\"@id\":\"https:\/\/tuzlainfo.ba\/#\/schema\/logo\/image\/\",\"url\":\"https:\/\/tuzlainfo.ba\/wp-content\/uploads\/2021\/03\/logo-ver-3-1.png\",\"contentUrl\":\"https:\/\/tuzlainfo.ba\/wp-content\/uploads\/2021\/03\/logo-ver-3-1.png\",\"width\":350,\"height\":95,\"caption\":\"TuzlaInfo.ba\"},\"image\":{\"@id\":\"https:\/\/tuzlainfo.ba\/#\/schema\/logo\/image\/\"},\"sameAs\":[\"https:\/\/www.facebook.com\/tuzlainfo.ba\/\"]},{\"@type\":\"Person\",\"@id\":\"https:\/\/tuzlainfo.ba\/#\/schema\/person\/46cad4c57790cbc50781edd14870825a\",\"name\":\"Tuzla Info\",\"image\":{\"@type\":\"ImageObject\",\"inLanguage\":\"bs-BA\",\"@id\":\"https:\/\/tuzlainfo.ba\/#\/schema\/person\/image\/\",\"url\":\"https:\/\/tuzlainfo.ba\/wp-content\/litespeed\/avatar\/b6c453a6c38e3654f2e4416c643fc25c.jpg?ver=1777051911\",\"contentUrl\":\"https:\/\/tuzlainfo.ba\/wp-content\/litespeed\/avatar\/b6c453a6c38e3654f2e4416c643fc25c.jpg?ver=1777051911\",\"caption\":\"Tuzla Info\"}}]}<\/script>\n<!-- \/ Yoast SEO plugin. -->","yoast_head_json":{"title":"Na Trgu slobode organizovana manifestacija \"Zlatna vrpca\" - TuzlaInfo.ba","robots":{"index":"index","follow":"follow","max-snippet":"max-snippet:-1","max-image-preview":"max-image-preview:large","max-video-preview":"max-video-preview:-1"},"canonical":"https:\/\/tuzlainfo.ba\/index.php\/novosti\/item\/249849-na-trgu-slobode-organiovana-manifestacija-zlatna-vrpca\/","og_locale":"bs_BA","og_type":"article","og_title":"Na Trgu slobode organizovana manifestacija \"Zlatna vrpca\" - TuzlaInfo.ba","og_description":"Udru\u017eenje &#8220;PIPOL&#8221; iz Tuzle na Trhu slobode organiziralo je manifestaciju &#8220;Zlatna vrpca&#8221; kao znak podr\u0161ke&hellip;","og_url":"https:\/\/tuzlainfo.ba\/index.php\/novosti\/item\/249849-na-trgu-slobode-organiovana-manifestacija-zlatna-vrpca\/","og_site_name":"TuzlaInfo.ba","article_publisher":"https:\/\/www.facebook.com\/tuzlainfo.ba\/","article_published_time":"2024-09-16T14:55:32+00:00","article_modified_time":"2024-09-16T14:57:49+00:00","og_image":[{"width":800,"height":450,"url":"https:\/\/tuzlainfo.ba\/wp-content\/uploads\/2024\/09\/zlatna-vrpca.jpg","type":"image\/jpeg"}],"author":"Tuzla Info","twitter_card":"summary_large_image","twitter_misc":{"Written by":"Tuzla Info","Est. reading time":"2 minute"},"schema":{"@context":"https:\/\/schema.org","@graph":[{"@type":"Article","@id":"https:\/\/tuzlainfo.ba\/index.php\/novosti\/item\/249849-na-trgu-slobode-organiovana-manifestacija-zlatna-vrpca\/#article","isPartOf":{"@id":"https:\/\/tuzlainfo.ba\/index.php\/novosti\/item\/249849-na-trgu-slobode-organiovana-manifestacija-zlatna-vrpca\/"},"author":{"name":"Tuzla Info","@id":"https:\/\/tuzlainfo.ba\/#\/schema\/person\/46cad4c57790cbc50781edd14870825a"},"headline":"Na Trgu slobode organizovana manifestacija &#8220;Zlatna vrpca&#8221;","datePublished":"2024-09-16T14:55:32+00:00","dateModified":"2024-09-16T14:57:49+00:00","mainEntityOfPage":{"@id":"https:\/\/tuzlainfo.ba\/index.php\/novosti\/item\/249849-na-trgu-slobode-organiovana-manifestacija-zlatna-vrpca\/"},"wordCount":264,"publisher":{"@id":"https:\/\/tuzlainfo.ba\/#organization"},"image":{"@id":"https:\/\/tuzlainfo.ba\/index.php\/novosti\/item\/249849-na-trgu-slobode-organiovana-manifestacija-zlatna-vrpca\/#primaryimage"},"thumbnailUrl":"https:\/\/tuzlainfo.ba\/wp-content\/uploads\/2024\/09\/zlatna-vrpca.jpg","keywords":["zlatna vrpca"],"articleSection":["Istaknuto","Novosti"],"inLanguage":"bs-BA"},{"@type":"WebPage","@id":"https:\/\/tuzlainfo.ba\/index.php\/novosti\/item\/249849-na-trgu-slobode-organiovana-manifestacija-zlatna-vrpca\/","url":"https:\/\/tuzlainfo.ba\/index.php\/novosti\/item\/249849-na-trgu-slobode-organiovana-manifestacija-zlatna-vrpca\/","name":"Na Trgu slobode organizovana manifestacija \"Zlatna vrpca\" - TuzlaInfo.ba","isPartOf":{"@id":"https:\/\/tuzlainfo.ba\/#website"},"primaryImageOfPage":{"@id":"https:\/\/tuzlainfo.ba\/index.php\/novosti\/item\/249849-na-trgu-slobode-organiovana-manifestacija-zlatna-vrpca\/#primaryimage"},"image":{"@id":"https:\/\/tuzlainfo.ba\/index.php\/novosti\/item\/249849-na-trgu-slobode-organiovana-manifestacija-zlatna-vrpca\/#primaryimage"},"thumbnailUrl":"https:\/\/tuzlainfo.ba\/wp-content\/uploads\/2024\/09\/zlatna-vrpca.jpg","datePublished":"2024-09-16T14:55:32+00:00","dateModified":"2024-09-16T14:57:49+00:00","breadcrumb":{"@id":"https:\/\/tuzlainfo.ba\/index.php\/novosti\/item\/249849-na-trgu-slobode-organiovana-manifestacija-zlatna-vrpca\/#breadcrumb"},"inLanguage":"bs-BA","potentialAction":[{"@type":"ReadAction","target":["https:\/\/tuzlainfo.ba\/index.php\/novosti\/item\/249849-na-trgu-slobode-organiovana-manifestacija-zlatna-vrpca\/"]}]},{"@type":"ImageObject","inLanguage":"bs-BA","@id":"https:\/\/tuzlainfo.ba\/index.php\/novosti\/item\/249849-na-trgu-slobode-organiovana-manifestacija-zlatna-vrpca\/#primaryimage","url":"https:\/\/tuzlainfo.ba\/wp-content\/uploads\/2024\/09\/zlatna-vrpca.jpg","contentUrl":"https:\/\/tuzlainfo.ba\/wp-content\/uploads\/2024\/09\/zlatna-vrpca.jpg","width":800,"height":450,"caption":"Foto: Fena"},{"@type":"BreadcrumbList","@id":"https:\/\/tuzlainfo.ba\/index.php\/novosti\/item\/249849-na-trgu-slobode-organiovana-manifestacija-zlatna-vrpca\/#breadcrumb","itemListElement":[{"@type":"ListItem","position":1,"name":"Home","item":"https:\/\/tuzlainfo.ba\/"},{"@type":"ListItem","position":2,"name":"Na Trgu slobode organizovana manifestacija &#8220;Zlatna vrpca&#8221;"}]},{"@type":"WebSite","@id":"https:\/\/tuzlainfo.ba\/#website","url":"https:\/\/tuzlainfo.ba\/","name":"TuzlaInfo.ba","description":"Tuzla info, gradski informator - Tuzla na dlanu","publisher":{"@id":"https:\/\/tuzlainfo.ba\/#organization"},"potentialAction":[{"@type":"SearchAction","target":{"@type":"EntryPoint","urlTemplate":"https:\/\/tuzlainfo.ba\/?s={search_term_string}"},"query-input":{"@type":"PropertyValueSpecification","valueRequired":true,"valueName":"search_term_string"}}],"inLanguage":"bs-BA"},{"@type":"Organization","@id":"https:\/\/tuzlainfo.ba\/#organization","name":"TuzlaInfo.ba","url":"https:\/\/tuzlainfo.ba\/","logo":{"@type":"ImageObject","inLanguage":"bs-BA","@id":"https:\/\/tuzlainfo.ba\/#\/schema\/logo\/image\/","url":"https:\/\/tuzlainfo.ba\/wp-content\/uploads\/2021\/03\/logo-ver-3-1.png","contentUrl":"https:\/\/tuzlainfo.ba\/wp-content\/uploads\/2021\/03\/logo-ver-3-1.png","width":350,"height":95,"caption":"TuzlaInfo.ba"},"image":{"@id":"https:\/\/tuzlainfo.ba\/#\/schema\/logo\/image\/"},"sameAs":["https:\/\/www.facebook.com\/tuzlainfo.ba\/"]},{"@type":"Person","@id":"https:\/\/tuzlainfo.ba\/#\/schema\/person\/46cad4c57790cbc50781edd14870825a","name":"Tuzla Info","image":{"@type":"ImageObject","inLanguage":"bs-BA","@id":"https:\/\/tuzlainfo.ba\/#\/schema\/person\/image\/","url":"https:\/\/tuzlainfo.ba\/wp-content\/litespeed\/avatar\/b6c453a6c38e3654f2e4416c643fc25c.jpg?ver=1777051911","contentUrl":"https:\/\/tuzlainfo.ba\/wp-content\/litespeed\/avatar\/b6c453a6c38e3654f2e4416c643fc25c.jpg?ver=1777051911","caption":"Tuzla Info"}}]}},"_links":{"self":[{"href":"https:\/\/tuzlainfo.ba\/index.php\/wp-json\/wp\/v2\/posts\/249849"}],"collection":[{"href":"https:\/\/tuzlainfo.ba\/index.php\/wp-json\/wp\/v2\/posts"}],"about":[{"href":"https:\/\/tuzlainfo.ba\/index.php\/wp-json\/wp\/v2\/types\/post"}],"author":[{"embeddable":true,"href":"https:\/\/tuzlainfo.ba\/index.php\/wp-json\/wp\/v2\/users\/4"}],"replies":[{"embeddable":true,"href":"https:\/\/tuzlainfo.ba\/index.php\/wp-json\/wp\/v2\/comments?post=249849"}],"version-history":[{"count":1,"href":"https:\/\/tuzlainfo.ba\/index.php\/wp-json\/wp\/v2\/posts\/249849\/revisions"}],"predecessor-version":[{"id":249853,"href":"https:\/\/tuzlainfo.ba\/index.php\/wp-json\/wp\/v2\/posts\/249849\/revisions\/249853"}],"wp:featuredmedia":[{"embeddable":true,"href":"https:\/\/tuzlainfo.ba\/index.php\/wp-json\/wp\/v2\/media\/249852"}],"wp:attachment":[{"href":"https:\/\/tuzlainfo.ba\/index.php\/wp-json\/wp\/v2\/media?parent=249849"}],"wp:term":[{"taxonomy":"category","embeddable":true,"href":"https:\/\/tuzlainfo.ba\/index.php\/wp-json\/wp\/v2\/categories?post=249849"},{"taxonomy":"post_tag","embeddable":true,"href":"https:\/\/tuzlainfo.ba\/index.php\/wp-json\/wp\/v2\/tags?post=249849"}],"curies":[{"name":"wp","href":"https:\/\/api.w.org\/{rel}","templated":true}]}}