{"id":249668,"date":"2024-09-14T16:27:29","date_gmt":"2024-09-14T14:27:29","guid":{"rendered":"https:\/\/tuzlainfo.ba\/?p=249668"},"modified":"2024-09-14T16:30:32","modified_gmt":"2024-09-14T14:30:32","slug":"video-radni-sastanak-aktivista-go-df-tuzla-dogovorene-smjernice-pozitivne-kampanje","status":"publish","type":"post","link":"https:\/\/tuzlainfo.ba\/index.php\/clanci\/izbori-clanci\/item\/249668-video-radni-sastanak-aktivista-go-df-tuzla-dogovorene-smjernice-pozitivne-kampanje\/","title":{"rendered":"(VIDEO) Radni sastanak aktivista GO DF Tuzla: Dogovorene smjernice pozitivne kampanje"},"content":{"rendered":"<p>Danas su aktivisti Gradske organizacije Demokratske fronte Tuzla odr\u017eali radni sastanak i dru\u017eenje na Staroj Majevici (Ekolo\u0161ki Planinski dom).<\/p>\n<p>Na sastanku su dogovorene su smjernice nastavka pozitivne kampanje Demokratske fronte Tuzla usmjerene isklju\u010divo na probleme i rje\u0161avanje problema te \u017eivotnih pitanja gra\u0111ana Grada Tuzle.<\/p>\n<p>Sastanak je zabilje\u017een i u kratkom video zapisu:<\/p>\n<div style=\"width: 688px;\" class=\"wp-video\"><video class=\"wp-video-shortcode\" id=\"video-249668-1\" width=\"688\" height=\"1024\" preload=\"metadata\" controls=\"controls\"><source type=\"video\/mp4\" src=\"https:\/\/tuzlainfo.ba\/wp-content\/uploads\/2024\/09\/df_1409.mp4?_=1\" \/><a href=\"https:\/\/tuzlainfo.ba\/wp-content\/uploads\/2024\/09\/df_1409.mp4\">https:\/\/tuzlainfo.ba\/wp-content\/uploads\/2024\/09\/df_1409.mp4<\/a><\/video><\/div>\n<p>Kandidate za Gradsko vije\u0107e Tuzle koji se nalaze na listi GO DF Tuzla se mogu vidjeti u slijede\u0107oj galeriji:<\/p>\n<p><iframe style=\"border: none; overflow: hidden;\" src=\"https:\/\/www.facebook.com\/plugins\/post.php?href=https%3A%2F%2Fwww.facebook.com%2Fdemokratskafrontatuzla%2Fposts%2Fpfbid02Vwf4SoSwV226NPBnZLFDXyhTB1jum4YzDDmiuEQZDtwoJyCaSKsM3RfNgY43m8B3l&amp;show_text=true&amp;width=500\" width=\"500\" height=\"600\" frameborder=\"0\" scrolling=\"no\" allowfullscreen=\"allowfullscreen\"><\/iframe><\/p>\n","protected":false},"excerpt":{"rendered":"<p>Danas su aktivisti Gradske organizacije Demokratske fronte Tuzla odr\u017eali radni sastanak i dru\u017eenje na Staroj Majevici (Ekolo\u0161ki Planinski dom). Na sastanku su dogovorene su smjernice nastavka pozitivne kampanje Demokratske fronte Tuzla usmjerene isklju\u010divo na probleme i rje\u0161avanje problema te \u017eivotnih pitanja gra\u0111ana Grada Tuzle. Sastanak je zabilje\u017een i u kratkom video zapisu: Kandidate za Gradsko [&hellip;]<\/p>\n","protected":false},"author":2,"featured_media":249670,"comment_status":"closed","ping_status":"closed","sticky":false,"template":"","format":"standard","meta":{"footnotes":""},"categories":[304,15],"tags":[11001,11002,475,9922],"class_list":["post-249668","post","type-post","status-publish","format-standard","has-post-thumbnail","hentry","category-istaknuto","category-izbori-clanci","tag-demokratska-fronta-tuzla","tag-go-df-tiuzla","tag-izbori","tag-izbori-2024"],"yoast_head":"<!-- This site is optimized with the Yoast SEO plugin v28.4 - https:\/\/yoast.com\/product\/yoast-seo-wordpress\/ -->\n<title>(VIDEO) Radni sastanak aktivista GO DF Tuzla: Dogovorene smjernice pozitivne kampanje<\/title>\n<meta name=\"robots\" content=\"index, follow, max-snippet:-1, max-image-preview:large, max-video-preview:-1\" \/>\n<link rel=\"canonical\" href=\"https:\/\/tuzlainfo.ba\/index.php\/clanci\/izbori-clanci\/item\/249668-video-radni-sastanak-aktivista-go-df-tuzla-dogovorene-smjernice-pozitivne-kampanje\/\" \/>\n<meta property=\"og:locale\" content=\"bs_BA\" \/>\n<meta property=\"og:type\" content=\"article\" \/>\n<meta property=\"og:title\" content=\"(VIDEO) Radni sastanak aktivista GO DF Tuzla: Dogovorene smjernice pozitivne kampanje\" \/>\n<meta property=\"og:description\" content=\"Danas su aktivisti Gradske organizacije Demokratske fronte Tuzla odr\u017eali radni sastanak i dru\u017eenje na Staroj Majevici (Ekolo\u0161ki Planinski dom). Na sastanku su dogovorene su smjernice nastavka pozitivne kampanje Demokratske fronte Tuzla usmjerene isklju\u010divo na probleme i rje\u0161avanje problema te \u017eivotnih pitanja gra\u0111ana Grada Tuzle. Sastanak je zabilje\u017een i u kratkom video zapisu: Kandidate za Gradsko [&hellip;]\" \/>\n<meta property=\"og:url\" content=\"https:\/\/tuzlainfo.ba\/index.php\/clanci\/izbori-clanci\/item\/249668-video-radni-sastanak-aktivista-go-df-tuzla-dogovorene-smjernice-pozitivne-kampanje\/\" \/>\n<meta property=\"og:site_name\" content=\"TuzlaInfo.ba\" \/>\n<meta property=\"article:publisher\" content=\"https:\/\/www.facebook.com\/tuzlainfo.ba\/\" \/>\n<meta property=\"article:published_time\" content=\"2024-09-14T14:27:29+00:00\" \/>\n<meta property=\"article:modified_time\" content=\"2024-09-14T14:30:32+00:00\" \/>\n<meta property=\"og:image\" content=\"https:\/\/tuzlainfo.ba\/wp-content\/uploads\/2024\/09\/1409_df_kolaz.jpg\" \/>\n\t<meta property=\"og:image:width\" content=\"800\" \/>\n\t<meta property=\"og:image:height\" content=\"441\" \/>\n\t<meta property=\"og:image:type\" content=\"image\/jpeg\" \/>\n<meta name=\"author\" content=\"nedim\" \/>\n<meta name=\"twitter:card\" content=\"summary_large_image\" \/>\n<meta name=\"twitter:label1\" content=\"Written by\" \/>\n\t<meta name=\"twitter:data1\" content=\"nedim\" \/>\n\t<meta name=\"twitter:label2\" content=\"Est. reading time\" \/>\n\t<meta name=\"twitter:data2\" content=\"1 minuta\" \/>\n<script type=\"application\/ld+json\" class=\"yoast-schema-graph\">{\"@context\":\"https:\\\/\\\/schema.org\",\"@graph\":[{\"@type\":\"Article\",\"@id\":\"https:\\\/\\\/tuzlainfo.ba\\\/index.php\\\/clanci\\\/izbori-clanci\\\/item\\\/249668-video-radni-sastanak-aktivista-go-df-tuzla-dogovorene-smjernice-pozitivne-kampanje\\\/#article\",\"isPartOf\":{\"@id\":\"https:\\\/\\\/tuzlainfo.ba\\\/index.php\\\/clanci\\\/izbori-clanci\\\/item\\\/249668-video-radni-sastanak-aktivista-go-df-tuzla-dogovorene-smjernice-pozitivne-kampanje\\\/\"},\"author\":{\"name\":\"nedim\",\"@id\":\"https:\\\/\\\/tuzlainfo.ba\\\/#\\\/schema\\\/person\\\/f434e20dc27ea133923aab08451b7f7f\"},\"headline\":\"(VIDEO) Radni sastanak aktivista GO DF Tuzla: Dogovorene smjernice pozitivne kampanje\",\"datePublished\":\"2024-09-14T14:27:29+00:00\",\"dateModified\":\"2024-09-14T14:30:32+00:00\",\"mainEntityOfPage\":{\"@id\":\"https:\\\/\\\/tuzlainfo.ba\\\/index.php\\\/clanci\\\/izbori-clanci\\\/item\\\/249668-video-radni-sastanak-aktivista-go-df-tuzla-dogovorene-smjernice-pozitivne-kampanje\\\/\"},\"wordCount\":103,\"publisher\":{\"@id\":\"https:\\\/\\\/tuzlainfo.ba\\\/#organization\"},\"image\":{\"@id\":\"https:\\\/\\\/tuzlainfo.ba\\\/index.php\\\/clanci\\\/izbori-clanci\\\/item\\\/249668-video-radni-sastanak-aktivista-go-df-tuzla-dogovorene-smjernice-pozitivne-kampanje\\\/#primaryimage\"},\"thumbnailUrl\":\"https:\\\/\\\/tuzlainfo.ba\\\/wp-content\\\/uploads\\\/2024\\\/09\\\/1409_df_kolaz.jpg\",\"keywords\":[\"demokratska fronta tuzla\",\"go df tiuzla\",\"izbori\",\"izbori 2024\"],\"articleSection\":[\"Istaknuto\",\"Izbori\"],\"inLanguage\":\"bs-BA\",\"copyrightYear\":\"2024\",\"copyrightHolder\":{\"@id\":\"https:\\\/\\\/tuzlainfo.ba\\\/#organization\"}},{\"@type\":\"WebPage\",\"@id\":\"https:\\\/\\\/tuzlainfo.ba\\\/index.php\\\/clanci\\\/izbori-clanci\\\/item\\\/249668-video-radni-sastanak-aktivista-go-df-tuzla-dogovorene-smjernice-pozitivne-kampanje\\\/\",\"url\":\"https:\\\/\\\/tuzlainfo.ba\\\/index.php\\\/clanci\\\/izbori-clanci\\\/item\\\/249668-video-radni-sastanak-aktivista-go-df-tuzla-dogovorene-smjernice-pozitivne-kampanje\\\/\",\"name\":\"(VIDEO) Radni sastanak aktivista GO DF Tuzla: Dogovorene smjernice pozitivne kampanje\",\"isPartOf\":{\"@id\":\"https:\\\/\\\/tuzlainfo.ba\\\/#website\"},\"primaryImageOfPage\":{\"@id\":\"https:\\\/\\\/tuzlainfo.ba\\\/index.php\\\/clanci\\\/izbori-clanci\\\/item\\\/249668-video-radni-sastanak-aktivista-go-df-tuzla-dogovorene-smjernice-pozitivne-kampanje\\\/#primaryimage\"},\"image\":{\"@id\":\"https:\\\/\\\/tuzlainfo.ba\\\/index.php\\\/clanci\\\/izbori-clanci\\\/item\\\/249668-video-radni-sastanak-aktivista-go-df-tuzla-dogovorene-smjernice-pozitivne-kampanje\\\/#primaryimage\"},\"thumbnailUrl\":\"https:\\\/\\\/tuzlainfo.ba\\\/wp-content\\\/uploads\\\/2024\\\/09\\\/1409_df_kolaz.jpg\",\"datePublished\":\"2024-09-14T14:27:29+00:00\",\"dateModified\":\"2024-09-14T14:30:32+00:00\",\"breadcrumb\":{\"@id\":\"https:\\\/\\\/tuzlainfo.ba\\\/index.php\\\/clanci\\\/izbori-clanci\\\/item\\\/249668-video-radni-sastanak-aktivista-go-df-tuzla-dogovorene-smjernice-pozitivne-kampanje\\\/#breadcrumb\"},\"inLanguage\":\"bs-BA\",\"potentialAction\":[{\"@type\":\"ReadAction\",\"target\":[\"https:\\\/\\\/tuzlainfo.ba\\\/index.php\\\/clanci\\\/izbori-clanci\\\/item\\\/249668-video-radni-sastanak-aktivista-go-df-tuzla-dogovorene-smjernice-pozitivne-kampanje\\\/\"]}]},{\"@type\":\"ImageObject\",\"inLanguage\":\"bs-BA\",\"@id\":\"https:\\\/\\\/tuzlainfo.ba\\\/index.php\\\/clanci\\\/izbori-clanci\\\/item\\\/249668-video-radni-sastanak-aktivista-go-df-tuzla-dogovorene-smjernice-pozitivne-kampanje\\\/#primaryimage\",\"url\":\"https:\\\/\\\/tuzlainfo.ba\\\/wp-content\\\/uploads\\\/2024\\\/09\\\/1409_df_kolaz.jpg\",\"contentUrl\":\"https:\\\/\\\/tuzlainfo.ba\\\/wp-content\\\/uploads\\\/2024\\\/09\\\/1409_df_kolaz.jpg\",\"width\":800,\"height\":441},{\"@type\":\"BreadcrumbList\",\"@id\":\"https:\\\/\\\/tuzlainfo.ba\\\/index.php\\\/clanci\\\/izbori-clanci\\\/item\\\/249668-video-radni-sastanak-aktivista-go-df-tuzla-dogovorene-smjernice-pozitivne-kampanje\\\/#breadcrumb\",\"itemListElement\":[{\"@type\":\"ListItem\",\"position\":1,\"name\":\"Home\",\"item\":\"https:\\\/\\\/tuzlainfo.ba\\\/\"},{\"@type\":\"ListItem\",\"position\":2,\"name\":\"(VIDEO) Radni sastanak aktivista GO DF Tuzla: Dogovorene smjernice pozitivne kampanje\"}]},{\"@type\":\"WebSite\",\"@id\":\"https:\\\/\\\/tuzlainfo.ba\\\/#website\",\"url\":\"https:\\\/\\\/tuzlainfo.ba\\\/\",\"name\":\"TuzlaInfo.ba\",\"description\":\"Tuzla info, gradski informator - Tuzla na dlanu\",\"publisher\":{\"@id\":\"https:\\\/\\\/tuzlainfo.ba\\\/#organization\"},\"potentialAction\":[{\"@type\":\"SearchAction\",\"target\":{\"@type\":\"EntryPoint\",\"urlTemplate\":\"https:\\\/\\\/tuzlainfo.ba\\\/?s={search_term_string}\"},\"query-input\":{\"@type\":\"PropertyValueSpecification\",\"valueRequired\":true,\"valueName\":\"search_term_string\"}}],\"inLanguage\":\"bs-BA\"},{\"@type\":\"Organization\",\"@id\":\"https:\\\/\\\/tuzlainfo.ba\\\/#organization\",\"name\":\"TuzlaInfo.ba\",\"url\":\"https:\\\/\\\/tuzlainfo.ba\\\/\",\"logo\":{\"@type\":\"ImageObject\",\"inLanguage\":\"bs-BA\",\"@id\":\"https:\\\/\\\/tuzlainfo.ba\\\/#\\\/schema\\\/logo\\\/image\\\/\",\"url\":\"https:\\\/\\\/tuzlainfo.ba\\\/wp-content\\\/uploads\\\/2021\\\/03\\\/logo-ver-3-1.png\",\"contentUrl\":\"https:\\\/\\\/tuzlainfo.ba\\\/wp-content\\\/uploads\\\/2021\\\/03\\\/logo-ver-3-1.png\",\"width\":350,\"height\":95,\"caption\":\"TuzlaInfo.ba\"},\"image\":{\"@id\":\"https:\\\/\\\/tuzlainfo.ba\\\/#\\\/schema\\\/logo\\\/image\\\/\"},\"sameAs\":[\"https:\\\/\\\/www.facebook.com\\\/tuzlainfo.ba\\\/\"]},{\"@type\":\"Person\",\"@id\":\"https:\\\/\\\/tuzlainfo.ba\\\/#\\\/schema\\\/person\\\/f434e20dc27ea133923aab08451b7f7f\",\"name\":\"nedim\",\"image\":{\"@type\":\"ImageObject\",\"inLanguage\":\"bs-BA\",\"@id\":\"https:\\\/\\\/secure.gravatar.com\\\/avatar\\\/5b928a2e7e70a54208d2eb6c1edcb75a5350d6ae97d5f0a701203d456823f6f3?s=96&d=mm&r=g\",\"url\":\"https:\\\/\\\/secure.gravatar.com\\\/avatar\\\/5b928a2e7e70a54208d2eb6c1edcb75a5350d6ae97d5f0a701203d456823f6f3?s=96&d=mm&r=g\",\"contentUrl\":\"https:\\\/\\\/secure.gravatar.com\\\/avatar\\\/5b928a2e7e70a54208d2eb6c1edcb75a5350d6ae97d5f0a701203d456823f6f3?s=96&d=mm&r=g\",\"caption\":\"nedim\"},\"description\":\"Tuzlainfo.ba pratite na dru\u0161tvenim mre\u017eama: Facebook, Instagram i Youtube. Svoje pri\u010de, upite i fotografije \u0161aljite na na\u0161u e-mail adresu.\"}]}<\/script>\n<!-- \/ Yoast SEO plugin. -->","yoast_head_json":{"title":"(VIDEO) Radni sastanak aktivista GO DF Tuzla: Dogovorene smjernice pozitivne kampanje","robots":{"index":"index","follow":"follow","max-snippet":"max-snippet:-1","max-image-preview":"max-image-preview:large","max-video-preview":"max-video-preview:-1"},"canonical":"https:\/\/tuzlainfo.ba\/index.php\/clanci\/izbori-clanci\/item\/249668-video-radni-sastanak-aktivista-go-df-tuzla-dogovorene-smjernice-pozitivne-kampanje\/","og_locale":"bs_BA","og_type":"article","og_title":"(VIDEO) Radni sastanak aktivista GO DF Tuzla: Dogovorene smjernice pozitivne kampanje","og_description":"Danas su aktivisti Gradske organizacije Demokratske fronte Tuzla odr\u017eali radni sastanak i dru\u017eenje na Staroj Majevici (Ekolo\u0161ki Planinski dom). Na sastanku su dogovorene su smjernice nastavka pozitivne kampanje Demokratske fronte Tuzla usmjerene isklju\u010divo na probleme i rje\u0161avanje problema te \u017eivotnih pitanja gra\u0111ana Grada Tuzle. Sastanak je zabilje\u017een i u kratkom video zapisu: Kandidate za Gradsko [&hellip;]","og_url":"https:\/\/tuzlainfo.ba\/index.php\/clanci\/izbori-clanci\/item\/249668-video-radni-sastanak-aktivista-go-df-tuzla-dogovorene-smjernice-pozitivne-kampanje\/","og_site_name":"TuzlaInfo.ba","article_publisher":"https:\/\/www.facebook.com\/tuzlainfo.ba\/","article_published_time":"2024-09-14T14:27:29+00:00","article_modified_time":"2024-09-14T14:30:32+00:00","og_image":[{"width":800,"height":441,"url":"https:\/\/tuzlainfo.ba\/wp-content\/uploads\/2024\/09\/1409_df_kolaz.jpg","type":"image\/jpeg"}],"author":"nedim","twitter_card":"summary_large_image","twitter_misc":{"Written by":"nedim","Est. reading time":"1 minuta"},"schema":{"@context":"https:\/\/schema.org","@graph":[{"@type":"Article","@id":"https:\/\/tuzlainfo.ba\/index.php\/clanci\/izbori-clanci\/item\/249668-video-radni-sastanak-aktivista-go-df-tuzla-dogovorene-smjernice-pozitivne-kampanje\/#article","isPartOf":{"@id":"https:\/\/tuzlainfo.ba\/index.php\/clanci\/izbori-clanci\/item\/249668-video-radni-sastanak-aktivista-go-df-tuzla-dogovorene-smjernice-pozitivne-kampanje\/"},"author":{"name":"nedim","@id":"https:\/\/tuzlainfo.ba\/#\/schema\/person\/f434e20dc27ea133923aab08451b7f7f"},"headline":"(VIDEO) Radni sastanak aktivista GO DF Tuzla: Dogovorene smjernice pozitivne kampanje","datePublished":"2024-09-14T14:27:29+00:00","dateModified":"2024-09-14T14:30:32+00:00","mainEntityOfPage":{"@id":"https:\/\/tuzlainfo.ba\/index.php\/clanci\/izbori-clanci\/item\/249668-video-radni-sastanak-aktivista-go-df-tuzla-dogovorene-smjernice-pozitivne-kampanje\/"},"wordCount":103,"publisher":{"@id":"https:\/\/tuzlainfo.ba\/#organization"},"image":{"@id":"https:\/\/tuzlainfo.ba\/index.php\/clanci\/izbori-clanci\/item\/249668-video-radni-sastanak-aktivista-go-df-tuzla-dogovorene-smjernice-pozitivne-kampanje\/#primaryimage"},"thumbnailUrl":"https:\/\/tuzlainfo.ba\/wp-content\/uploads\/2024\/09\/1409_df_kolaz.jpg","keywords":["demokratska fronta tuzla","go df tiuzla","izbori","izbori 2024"],"articleSection":["Istaknuto","Izbori"],"inLanguage":"bs-BA","copyrightYear":"2024","copyrightHolder":{"@id":"https:\/\/tuzlainfo.ba\/#organization"}},{"@type":"WebPage","@id":"https:\/\/tuzlainfo.ba\/index.php\/clanci\/izbori-clanci\/item\/249668-video-radni-sastanak-aktivista-go-df-tuzla-dogovorene-smjernice-pozitivne-kampanje\/","url":"https:\/\/tuzlainfo.ba\/index.php\/clanci\/izbori-clanci\/item\/249668-video-radni-sastanak-aktivista-go-df-tuzla-dogovorene-smjernice-pozitivne-kampanje\/","name":"(VIDEO) Radni sastanak aktivista GO DF Tuzla: Dogovorene smjernice pozitivne kampanje","isPartOf":{"@id":"https:\/\/tuzlainfo.ba\/#website"},"primaryImageOfPage":{"@id":"https:\/\/tuzlainfo.ba\/index.php\/clanci\/izbori-clanci\/item\/249668-video-radni-sastanak-aktivista-go-df-tuzla-dogovorene-smjernice-pozitivne-kampanje\/#primaryimage"},"image":{"@id":"https:\/\/tuzlainfo.ba\/index.php\/clanci\/izbori-clanci\/item\/249668-video-radni-sastanak-aktivista-go-df-tuzla-dogovorene-smjernice-pozitivne-kampanje\/#primaryimage"},"thumbnailUrl":"https:\/\/tuzlainfo.ba\/wp-content\/uploads\/2024\/09\/1409_df_kolaz.jpg","datePublished":"2024-09-14T14:27:29+00:00","dateModified":"2024-09-14T14:30:32+00:00","breadcrumb":{"@id":"https:\/\/tuzlainfo.ba\/index.php\/clanci\/izbori-clanci\/item\/249668-video-radni-sastanak-aktivista-go-df-tuzla-dogovorene-smjernice-pozitivne-kampanje\/#breadcrumb"},"inLanguage":"bs-BA","potentialAction":[{"@type":"ReadAction","target":["https:\/\/tuzlainfo.ba\/index.php\/clanci\/izbori-clanci\/item\/249668-video-radni-sastanak-aktivista-go-df-tuzla-dogovorene-smjernice-pozitivne-kampanje\/"]}]},{"@type":"ImageObject","inLanguage":"bs-BA","@id":"https:\/\/tuzlainfo.ba\/index.php\/clanci\/izbori-clanci\/item\/249668-video-radni-sastanak-aktivista-go-df-tuzla-dogovorene-smjernice-pozitivne-kampanje\/#primaryimage","url":"https:\/\/tuzlainfo.ba\/wp-content\/uploads\/2024\/09\/1409_df_kolaz.jpg","contentUrl":"https:\/\/tuzlainfo.ba\/wp-content\/uploads\/2024\/09\/1409_df_kolaz.jpg","width":800,"height":441},{"@type":"BreadcrumbList","@id":"https:\/\/tuzlainfo.ba\/index.php\/clanci\/izbori-clanci\/item\/249668-video-radni-sastanak-aktivista-go-df-tuzla-dogovorene-smjernice-pozitivne-kampanje\/#breadcrumb","itemListElement":[{"@type":"ListItem","position":1,"name":"Home","item":"https:\/\/tuzlainfo.ba\/"},{"@type":"ListItem","position":2,"name":"(VIDEO) Radni sastanak aktivista GO DF Tuzla: Dogovorene smjernice pozitivne kampanje"}]},{"@type":"WebSite","@id":"https:\/\/tuzlainfo.ba\/#website","url":"https:\/\/tuzlainfo.ba\/","name":"TuzlaInfo.ba","description":"Tuzla info, gradski informator - Tuzla na dlanu","publisher":{"@id":"https:\/\/tuzlainfo.ba\/#organization"},"potentialAction":[{"@type":"SearchAction","target":{"@type":"EntryPoint","urlTemplate":"https:\/\/tuzlainfo.ba\/?s={search_term_string}"},"query-input":{"@type":"PropertyValueSpecification","valueRequired":true,"valueName":"search_term_string"}}],"inLanguage":"bs-BA"},{"@type":"Organization","@id":"https:\/\/tuzlainfo.ba\/#organization","name":"TuzlaInfo.ba","url":"https:\/\/tuzlainfo.ba\/","logo":{"@type":"ImageObject","inLanguage":"bs-BA","@id":"https:\/\/tuzlainfo.ba\/#\/schema\/logo\/image\/","url":"https:\/\/tuzlainfo.ba\/wp-content\/uploads\/2021\/03\/logo-ver-3-1.png","contentUrl":"https:\/\/tuzlainfo.ba\/wp-content\/uploads\/2021\/03\/logo-ver-3-1.png","width":350,"height":95,"caption":"TuzlaInfo.ba"},"image":{"@id":"https:\/\/tuzlainfo.ba\/#\/schema\/logo\/image\/"},"sameAs":["https:\/\/www.facebook.com\/tuzlainfo.ba\/"]},{"@type":"Person","@id":"https:\/\/tuzlainfo.ba\/#\/schema\/person\/f434e20dc27ea133923aab08451b7f7f","name":"nedim","image":{"@type":"ImageObject","inLanguage":"bs-BA","@id":"https:\/\/secure.gravatar.com\/avatar\/5b928a2e7e70a54208d2eb6c1edcb75a5350d6ae97d5f0a701203d456823f6f3?s=96&d=mm&r=g","url":"https:\/\/secure.gravatar.com\/avatar\/5b928a2e7e70a54208d2eb6c1edcb75a5350d6ae97d5f0a701203d456823f6f3?s=96&d=mm&r=g","contentUrl":"https:\/\/secure.gravatar.com\/avatar\/5b928a2e7e70a54208d2eb6c1edcb75a5350d6ae97d5f0a701203d456823f6f3?s=96&d=mm&r=g","caption":"nedim"},"description":"Tuzlainfo.ba pratite na dru\u0161tvenim mre\u017eama: Facebook, Instagram i Youtube. Svoje pri\u010de, upite i fotografije \u0161aljite na na\u0161u e-mail adresu."}]}},"_links":{"self":[{"href":"https:\/\/tuzlainfo.ba\/index.php\/wp-json\/wp\/v2\/posts\/249668","targetHints":{"allow":["GET"]}}],"collection":[{"href":"https:\/\/tuzlainfo.ba\/index.php\/wp-json\/wp\/v2\/posts"}],"about":[{"href":"https:\/\/tuzlainfo.ba\/index.php\/wp-json\/wp\/v2\/types\/post"}],"author":[{"embeddable":true,"href":"https:\/\/tuzlainfo.ba\/index.php\/wp-json\/wp\/v2\/users\/2"}],"replies":[{"embeddable":true,"href":"https:\/\/tuzlainfo.ba\/index.php\/wp-json\/wp\/v2\/comments?post=249668"}],"version-history":[{"count":4,"href":"https:\/\/tuzlainfo.ba\/index.php\/wp-json\/wp\/v2\/posts\/249668\/revisions"}],"predecessor-version":[{"id":249674,"href":"https:\/\/tuzlainfo.ba\/index.php\/wp-json\/wp\/v2\/posts\/249668\/revisions\/249674"}],"wp:featuredmedia":[{"embeddable":true,"href":"https:\/\/tuzlainfo.ba\/index.php\/wp-json\/wp\/v2\/media\/249670"}],"wp:attachment":[{"href":"https:\/\/tuzlainfo.ba\/index.php\/wp-json\/wp\/v2\/media?parent=249668"}],"wp:term":[{"taxonomy":"category","embeddable":true,"href":"https:\/\/tuzlainfo.ba\/index.php\/wp-json\/wp\/v2\/categories?post=249668"},{"taxonomy":"post_tag","embeddable":true,"href":"https:\/\/tuzlainfo.ba\/index.php\/wp-json\/wp\/v2\/tags?post=249668"}],"curies":[{"name":"wp","href":"https:\/\/api.w.org\/{rel}","templated":true}]}}