{"id":249549,"date":"2024-09-13T11:01:22","date_gmt":"2024-09-13T09:01:22","guid":{"rendered":"https:\/\/tuzlainfo.ba\/?p=249549"},"modified":"2024-09-13T08:25:07","modified_gmt":"2024-09-13T06:25:07","slug":"sajam-knjige-u-tuzli-od-26-septembra-najavljeno-mnostvo-pratecih-dogadjaja","status":"publish","type":"post","link":"https:\/\/tuzlainfo.ba\/index.php\/najava-dogadaja-2\/item\/249549-sajam-knjige-u-tuzli-od-26-septembra-najavljeno-mnostvo-pratecih-dogadjaja\/","title":{"rendered":"Sajam knjige u Tuzli od 26. septembra, najavljeno mno\u0161tvo prate\u0107ih doga\u0111aja"},"content":{"rendered":"<p>Tuzla \u0107e ove godine biti doma\u0107in jedinstvenog knji\u017eevnog doga\u0111aja \u2013 Sajma knjige 2024. koji \u0107e se odr\u017eati od 26. do 29. septembra u Hrvatskom kulturnom centru \u201eSveti Franjo\u201c u Tuzli.<\/p>\n<p>Ovaj presti\u017eni sajam \u0107e okupiti ljubitelje knjiga, autore, izdava\u010de i knji\u017eevne kriti\u010dare iz cijele regije, pru\u017eaju\u0107i im priliku da se upoznaju s najnovijim knji\u017eevnim djelima i u\u010destvuju u bogatom kulturnom programu.<\/p>\n<p>Tokom \u010detiri dana trajanja sajma, posjetioci \u0107e imati priliku da se upoznaju s radom najpoznatijih doma\u0107ih i stranih autora, prisustvuju knji\u017eevnim radionicama, panel diskusijama i potpisivanjima knjiga. Sajam \u0107e biti organizovan u nekoliko tematskih cjelina, uklju\u010duju\u0107i obrazovanje i nauku, poduzetni\u0161tvo, knji\u017eevnost za djecu, savremene romane, historijsku literaturu i mnoge druge \u017eanrove.<\/p>\n<p>Svi zainteresovani su pozvani da posjete sajam, istra\u017ee bogatu ponudu knjiga, i u\u010destvuju u brojnim doga\u0111ajima koji \u0107e biti organizovani tokom manifestacije.<\/p>\n<p>Ulaz na sajam je slobodan, a program i sve informacije u narednim danima \u0107e biti dostupni na zvani\u010dnoj fb stranici sajma i dru\u0161tvenim mre\u017eama: <a href=\"https:\/\/www.facebook.com\/sajamknjigetuzla\">https:\/\/www.facebook.com\/sajamknjigetuzla<\/a><\/p>\n<p>&nbsp;<\/p>\n","protected":false},"excerpt":{"rendered":"<p>Tuzla \u0107e ove godine biti doma\u0107in jedinstvenog knji\u017eevnog doga\u0111aja \u2013 Sajma knjige 2024. koji \u0107e&hellip;<\/p>\n","protected":false},"author":2,"featured_media":249550,"comment_status":"closed","ping_status":"closed","sticky":false,"template":"","format":"standard","meta":{"_acf_changed":false,"footnotes":""},"categories":[304,11],"tags":[10989],"acf":[],"yoast_head":"<!-- This site is optimized with the Yoast SEO plugin v23.5 - https:\/\/yoast.com\/wordpress\/plugins\/seo\/ -->\n<title>Sajam knjige u Tuzli od 26. septembra, najavljeno mno\u0161tvo prate\u0107ih doga\u0111aja - TuzlaInfo.ba<\/title>\n<meta name=\"robots\" content=\"index, follow, max-snippet:-1, max-image-preview:large, max-video-preview:-1\" \/>\n<link rel=\"canonical\" href=\"https:\/\/tuzlainfo.ba\/index.php\/najava-dogadaja-2\/item\/249549-sajam-knjige-u-tuzli-od-26-septembra-najavljeno-mnostvo-pratecih-dogadjaja\/\" \/>\n<meta property=\"og:locale\" content=\"bs_BA\" \/>\n<meta property=\"og:type\" content=\"article\" \/>\n<meta property=\"og:title\" content=\"Sajam knjige u Tuzli od 26. septembra, najavljeno mno\u0161tvo prate\u0107ih doga\u0111aja - TuzlaInfo.ba\" \/>\n<meta property=\"og:description\" content=\"Tuzla \u0107e ove godine biti doma\u0107in jedinstvenog knji\u017eevnog doga\u0111aja \u2013 Sajma knjige 2024. koji \u0107e&hellip;\" \/>\n<meta property=\"og:url\" content=\"https:\/\/tuzlainfo.ba\/index.php\/najava-dogadaja-2\/item\/249549-sajam-knjige-u-tuzli-od-26-septembra-najavljeno-mnostvo-pratecih-dogadjaja\/\" \/>\n<meta property=\"og:site_name\" content=\"TuzlaInfo.ba\" \/>\n<meta property=\"article:publisher\" content=\"https:\/\/www.facebook.com\/tuzlainfo.ba\/\" \/>\n<meta property=\"article:published_time\" content=\"2024-09-13T09:01:22+00:00\" \/>\n<meta property=\"article:modified_time\" content=\"2024-09-13T06:25:07+00:00\" \/>\n<meta property=\"og:image\" content=\"https:\/\/tuzlainfo.ba\/wp-content\/uploads\/2024\/09\/1309_sajamknjige.jpg\" \/>\n\t<meta property=\"og:image:width\" content=\"1000\" \/>\n\t<meta property=\"og:image:height\" content=\"1000\" \/>\n\t<meta property=\"og:image:type\" content=\"image\/jpeg\" \/>\n<meta name=\"author\" content=\"nedim\" \/>\n<meta name=\"twitter:card\" content=\"summary_large_image\" \/>\n<meta name=\"twitter:label1\" content=\"Written by\" \/>\n\t<meta name=\"twitter:data1\" content=\"nedim\" \/>\n\t<meta name=\"twitter:label2\" content=\"Est. reading time\" \/>\n\t<meta name=\"twitter:data2\" content=\"2 minute\" \/>\n<script type=\"application\/ld+json\" class=\"yoast-schema-graph\">{\"@context\":\"https:\/\/schema.org\",\"@graph\":[{\"@type\":\"Article\",\"@id\":\"https:\/\/tuzlainfo.ba\/index.php\/najava-dogadaja-2\/item\/249549-sajam-knjige-u-tuzli-od-26-septembra-najavljeno-mnostvo-pratecih-dogadjaja\/#article\",\"isPartOf\":{\"@id\":\"https:\/\/tuzlainfo.ba\/index.php\/najava-dogadaja-2\/item\/249549-sajam-knjige-u-tuzli-od-26-septembra-najavljeno-mnostvo-pratecih-dogadjaja\/\"},\"author\":{\"name\":\"nedim\",\"@id\":\"https:\/\/tuzlainfo.ba\/#\/schema\/person\/f434e20dc27ea133923aab08451b7f7f\"},\"headline\":\"Sajam knjige u Tuzli od 26. septembra, najavljeno mno\u0161tvo prate\u0107ih doga\u0111aja\",\"datePublished\":\"2024-09-13T09:01:22+00:00\",\"dateModified\":\"2024-09-13T06:25:07+00:00\",\"mainEntityOfPage\":{\"@id\":\"https:\/\/tuzlainfo.ba\/index.php\/najava-dogadaja-2\/item\/249549-sajam-knjige-u-tuzli-od-26-septembra-najavljeno-mnostvo-pratecih-dogadjaja\/\"},\"wordCount\":197,\"publisher\":{\"@id\":\"https:\/\/tuzlainfo.ba\/#organization\"},\"image\":{\"@id\":\"https:\/\/tuzlainfo.ba\/index.php\/najava-dogadaja-2\/item\/249549-sajam-knjige-u-tuzli-od-26-septembra-najavljeno-mnostvo-pratecih-dogadjaja\/#primaryimage\"},\"thumbnailUrl\":\"https:\/\/tuzlainfo.ba\/wp-content\/uploads\/2024\/09\/1309_sajamknjige.jpg\",\"keywords\":[\"sajam knjige tuzla\"],\"articleSection\":[\"Istaknuto\",\"Najave i doga\u0111aji\"],\"inLanguage\":\"bs-BA\"},{\"@type\":\"WebPage\",\"@id\":\"https:\/\/tuzlainfo.ba\/index.php\/najava-dogadaja-2\/item\/249549-sajam-knjige-u-tuzli-od-26-septembra-najavljeno-mnostvo-pratecih-dogadjaja\/\",\"url\":\"https:\/\/tuzlainfo.ba\/index.php\/najava-dogadaja-2\/item\/249549-sajam-knjige-u-tuzli-od-26-septembra-najavljeno-mnostvo-pratecih-dogadjaja\/\",\"name\":\"Sajam knjige u Tuzli od 26. septembra, najavljeno mno\u0161tvo prate\u0107ih doga\u0111aja - TuzlaInfo.ba\",\"isPartOf\":{\"@id\":\"https:\/\/tuzlainfo.ba\/#website\"},\"primaryImageOfPage\":{\"@id\":\"https:\/\/tuzlainfo.ba\/index.php\/najava-dogadaja-2\/item\/249549-sajam-knjige-u-tuzli-od-26-septembra-najavljeno-mnostvo-pratecih-dogadjaja\/#primaryimage\"},\"image\":{\"@id\":\"https:\/\/tuzlainfo.ba\/index.php\/najava-dogadaja-2\/item\/249549-sajam-knjige-u-tuzli-od-26-septembra-najavljeno-mnostvo-pratecih-dogadjaja\/#primaryimage\"},\"thumbnailUrl\":\"https:\/\/tuzlainfo.ba\/wp-content\/uploads\/2024\/09\/1309_sajamknjige.jpg\",\"datePublished\":\"2024-09-13T09:01:22+00:00\",\"dateModified\":\"2024-09-13T06:25:07+00:00\",\"breadcrumb\":{\"@id\":\"https:\/\/tuzlainfo.ba\/index.php\/najava-dogadaja-2\/item\/249549-sajam-knjige-u-tuzli-od-26-septembra-najavljeno-mnostvo-pratecih-dogadjaja\/#breadcrumb\"},\"inLanguage\":\"bs-BA\",\"potentialAction\":[{\"@type\":\"ReadAction\",\"target\":[\"https:\/\/tuzlainfo.ba\/index.php\/najava-dogadaja-2\/item\/249549-sajam-knjige-u-tuzli-od-26-septembra-najavljeno-mnostvo-pratecih-dogadjaja\/\"]}]},{\"@type\":\"ImageObject\",\"inLanguage\":\"bs-BA\",\"@id\":\"https:\/\/tuzlainfo.ba\/index.php\/najava-dogadaja-2\/item\/249549-sajam-knjige-u-tuzli-od-26-septembra-najavljeno-mnostvo-pratecih-dogadjaja\/#primaryimage\",\"url\":\"https:\/\/tuzlainfo.ba\/wp-content\/uploads\/2024\/09\/1309_sajamknjige.jpg\",\"contentUrl\":\"https:\/\/tuzlainfo.ba\/wp-content\/uploads\/2024\/09\/1309_sajamknjige.jpg\",\"width\":1000,\"height\":1000},{\"@type\":\"BreadcrumbList\",\"@id\":\"https:\/\/tuzlainfo.ba\/index.php\/najava-dogadaja-2\/item\/249549-sajam-knjige-u-tuzli-od-26-septembra-najavljeno-mnostvo-pratecih-dogadjaja\/#breadcrumb\",\"itemListElement\":[{\"@type\":\"ListItem\",\"position\":1,\"name\":\"Home\",\"item\":\"https:\/\/tuzlainfo.ba\/\"},{\"@type\":\"ListItem\",\"position\":2,\"name\":\"Sajam knjige u Tuzli od 26. septembra, najavljeno mno\u0161tvo prate\u0107ih doga\u0111aja\"}]},{\"@type\":\"WebSite\",\"@id\":\"https:\/\/tuzlainfo.ba\/#website\",\"url\":\"https:\/\/tuzlainfo.ba\/\",\"name\":\"TuzlaInfo.ba\",\"description\":\"Tuzla info, gradski informator - Tuzla na dlanu\",\"publisher\":{\"@id\":\"https:\/\/tuzlainfo.ba\/#organization\"},\"potentialAction\":[{\"@type\":\"SearchAction\",\"target\":{\"@type\":\"EntryPoint\",\"urlTemplate\":\"https:\/\/tuzlainfo.ba\/?s={search_term_string}\"},\"query-input\":{\"@type\":\"PropertyValueSpecification\",\"valueRequired\":true,\"valueName\":\"search_term_string\"}}],\"inLanguage\":\"bs-BA\"},{\"@type\":\"Organization\",\"@id\":\"https:\/\/tuzlainfo.ba\/#organization\",\"name\":\"TuzlaInfo.ba\",\"url\":\"https:\/\/tuzlainfo.ba\/\",\"logo\":{\"@type\":\"ImageObject\",\"inLanguage\":\"bs-BA\",\"@id\":\"https:\/\/tuzlainfo.ba\/#\/schema\/logo\/image\/\",\"url\":\"https:\/\/tuzlainfo.ba\/wp-content\/uploads\/2021\/03\/logo-ver-3-1.png\",\"contentUrl\":\"https:\/\/tuzlainfo.ba\/wp-content\/uploads\/2021\/03\/logo-ver-3-1.png\",\"width\":350,\"height\":95,\"caption\":\"TuzlaInfo.ba\"},\"image\":{\"@id\":\"https:\/\/tuzlainfo.ba\/#\/schema\/logo\/image\/\"},\"sameAs\":[\"https:\/\/www.facebook.com\/tuzlainfo.ba\/\"]},{\"@type\":\"Person\",\"@id\":\"https:\/\/tuzlainfo.ba\/#\/schema\/person\/f434e20dc27ea133923aab08451b7f7f\",\"name\":\"nedim\",\"image\":{\"@type\":\"ImageObject\",\"inLanguage\":\"bs-BA\",\"@id\":\"https:\/\/tuzlainfo.ba\/#\/schema\/person\/image\/\",\"url\":\"https:\/\/tuzlainfo.ba\/wp-content\/litespeed\/avatar\/aabad687af24844af817603ac1cbdc4f.jpg?ver=1776702173\",\"contentUrl\":\"https:\/\/tuzlainfo.ba\/wp-content\/litespeed\/avatar\/aabad687af24844af817603ac1cbdc4f.jpg?ver=1776702173\",\"caption\":\"nedim\"},\"description\":\"Tuzlainfo.ba pratite na dru\u0161tvenim mre\u017eama: Facebook, Instagram i Youtube. Svoje pri\u010de, upite i fotografije \u0161aljite na na\u0161u e-mail adresu.\"}]}<\/script>\n<!-- \/ Yoast SEO plugin. -->","yoast_head_json":{"title":"Sajam knjige u Tuzli od 26. septembra, najavljeno mno\u0161tvo prate\u0107ih doga\u0111aja - TuzlaInfo.ba","robots":{"index":"index","follow":"follow","max-snippet":"max-snippet:-1","max-image-preview":"max-image-preview:large","max-video-preview":"max-video-preview:-1"},"canonical":"https:\/\/tuzlainfo.ba\/index.php\/najava-dogadaja-2\/item\/249549-sajam-knjige-u-tuzli-od-26-septembra-najavljeno-mnostvo-pratecih-dogadjaja\/","og_locale":"bs_BA","og_type":"article","og_title":"Sajam knjige u Tuzli od 26. septembra, najavljeno mno\u0161tvo prate\u0107ih doga\u0111aja - TuzlaInfo.ba","og_description":"Tuzla \u0107e ove godine biti doma\u0107in jedinstvenog knji\u017eevnog doga\u0111aja \u2013 Sajma knjige 2024. koji \u0107e&hellip;","og_url":"https:\/\/tuzlainfo.ba\/index.php\/najava-dogadaja-2\/item\/249549-sajam-knjige-u-tuzli-od-26-septembra-najavljeno-mnostvo-pratecih-dogadjaja\/","og_site_name":"TuzlaInfo.ba","article_publisher":"https:\/\/www.facebook.com\/tuzlainfo.ba\/","article_published_time":"2024-09-13T09:01:22+00:00","article_modified_time":"2024-09-13T06:25:07+00:00","og_image":[{"width":1000,"height":1000,"url":"https:\/\/tuzlainfo.ba\/wp-content\/uploads\/2024\/09\/1309_sajamknjige.jpg","type":"image\/jpeg"}],"author":"nedim","twitter_card":"summary_large_image","twitter_misc":{"Written by":"nedim","Est. reading time":"2 minute"},"schema":{"@context":"https:\/\/schema.org","@graph":[{"@type":"Article","@id":"https:\/\/tuzlainfo.ba\/index.php\/najava-dogadaja-2\/item\/249549-sajam-knjige-u-tuzli-od-26-septembra-najavljeno-mnostvo-pratecih-dogadjaja\/#article","isPartOf":{"@id":"https:\/\/tuzlainfo.ba\/index.php\/najava-dogadaja-2\/item\/249549-sajam-knjige-u-tuzli-od-26-septembra-najavljeno-mnostvo-pratecih-dogadjaja\/"},"author":{"name":"nedim","@id":"https:\/\/tuzlainfo.ba\/#\/schema\/person\/f434e20dc27ea133923aab08451b7f7f"},"headline":"Sajam knjige u Tuzli od 26. septembra, najavljeno mno\u0161tvo prate\u0107ih doga\u0111aja","datePublished":"2024-09-13T09:01:22+00:00","dateModified":"2024-09-13T06:25:07+00:00","mainEntityOfPage":{"@id":"https:\/\/tuzlainfo.ba\/index.php\/najava-dogadaja-2\/item\/249549-sajam-knjige-u-tuzli-od-26-septembra-najavljeno-mnostvo-pratecih-dogadjaja\/"},"wordCount":197,"publisher":{"@id":"https:\/\/tuzlainfo.ba\/#organization"},"image":{"@id":"https:\/\/tuzlainfo.ba\/index.php\/najava-dogadaja-2\/item\/249549-sajam-knjige-u-tuzli-od-26-septembra-najavljeno-mnostvo-pratecih-dogadjaja\/#primaryimage"},"thumbnailUrl":"https:\/\/tuzlainfo.ba\/wp-content\/uploads\/2024\/09\/1309_sajamknjige.jpg","keywords":["sajam knjige tuzla"],"articleSection":["Istaknuto","Najave i doga\u0111aji"],"inLanguage":"bs-BA"},{"@type":"WebPage","@id":"https:\/\/tuzlainfo.ba\/index.php\/najava-dogadaja-2\/item\/249549-sajam-knjige-u-tuzli-od-26-septembra-najavljeno-mnostvo-pratecih-dogadjaja\/","url":"https:\/\/tuzlainfo.ba\/index.php\/najava-dogadaja-2\/item\/249549-sajam-knjige-u-tuzli-od-26-septembra-najavljeno-mnostvo-pratecih-dogadjaja\/","name":"Sajam knjige u Tuzli od 26. septembra, najavljeno mno\u0161tvo prate\u0107ih doga\u0111aja - TuzlaInfo.ba","isPartOf":{"@id":"https:\/\/tuzlainfo.ba\/#website"},"primaryImageOfPage":{"@id":"https:\/\/tuzlainfo.ba\/index.php\/najava-dogadaja-2\/item\/249549-sajam-knjige-u-tuzli-od-26-septembra-najavljeno-mnostvo-pratecih-dogadjaja\/#primaryimage"},"image":{"@id":"https:\/\/tuzlainfo.ba\/index.php\/najava-dogadaja-2\/item\/249549-sajam-knjige-u-tuzli-od-26-septembra-najavljeno-mnostvo-pratecih-dogadjaja\/#primaryimage"},"thumbnailUrl":"https:\/\/tuzlainfo.ba\/wp-content\/uploads\/2024\/09\/1309_sajamknjige.jpg","datePublished":"2024-09-13T09:01:22+00:00","dateModified":"2024-09-13T06:25:07+00:00","breadcrumb":{"@id":"https:\/\/tuzlainfo.ba\/index.php\/najava-dogadaja-2\/item\/249549-sajam-knjige-u-tuzli-od-26-septembra-najavljeno-mnostvo-pratecih-dogadjaja\/#breadcrumb"},"inLanguage":"bs-BA","potentialAction":[{"@type":"ReadAction","target":["https:\/\/tuzlainfo.ba\/index.php\/najava-dogadaja-2\/item\/249549-sajam-knjige-u-tuzli-od-26-septembra-najavljeno-mnostvo-pratecih-dogadjaja\/"]}]},{"@type":"ImageObject","inLanguage":"bs-BA","@id":"https:\/\/tuzlainfo.ba\/index.php\/najava-dogadaja-2\/item\/249549-sajam-knjige-u-tuzli-od-26-septembra-najavljeno-mnostvo-pratecih-dogadjaja\/#primaryimage","url":"https:\/\/tuzlainfo.ba\/wp-content\/uploads\/2024\/09\/1309_sajamknjige.jpg","contentUrl":"https:\/\/tuzlainfo.ba\/wp-content\/uploads\/2024\/09\/1309_sajamknjige.jpg","width":1000,"height":1000},{"@type":"BreadcrumbList","@id":"https:\/\/tuzlainfo.ba\/index.php\/najava-dogadaja-2\/item\/249549-sajam-knjige-u-tuzli-od-26-septembra-najavljeno-mnostvo-pratecih-dogadjaja\/#breadcrumb","itemListElement":[{"@type":"ListItem","position":1,"name":"Home","item":"https:\/\/tuzlainfo.ba\/"},{"@type":"ListItem","position":2,"name":"Sajam knjige u Tuzli od 26. septembra, najavljeno mno\u0161tvo prate\u0107ih doga\u0111aja"}]},{"@type":"WebSite","@id":"https:\/\/tuzlainfo.ba\/#website","url":"https:\/\/tuzlainfo.ba\/","name":"TuzlaInfo.ba","description":"Tuzla info, gradski informator - Tuzla na dlanu","publisher":{"@id":"https:\/\/tuzlainfo.ba\/#organization"},"potentialAction":[{"@type":"SearchAction","target":{"@type":"EntryPoint","urlTemplate":"https:\/\/tuzlainfo.ba\/?s={search_term_string}"},"query-input":{"@type":"PropertyValueSpecification","valueRequired":true,"valueName":"search_term_string"}}],"inLanguage":"bs-BA"},{"@type":"Organization","@id":"https:\/\/tuzlainfo.ba\/#organization","name":"TuzlaInfo.ba","url":"https:\/\/tuzlainfo.ba\/","logo":{"@type":"ImageObject","inLanguage":"bs-BA","@id":"https:\/\/tuzlainfo.ba\/#\/schema\/logo\/image\/","url":"https:\/\/tuzlainfo.ba\/wp-content\/uploads\/2021\/03\/logo-ver-3-1.png","contentUrl":"https:\/\/tuzlainfo.ba\/wp-content\/uploads\/2021\/03\/logo-ver-3-1.png","width":350,"height":95,"caption":"TuzlaInfo.ba"},"image":{"@id":"https:\/\/tuzlainfo.ba\/#\/schema\/logo\/image\/"},"sameAs":["https:\/\/www.facebook.com\/tuzlainfo.ba\/"]},{"@type":"Person","@id":"https:\/\/tuzlainfo.ba\/#\/schema\/person\/f434e20dc27ea133923aab08451b7f7f","name":"nedim","image":{"@type":"ImageObject","inLanguage":"bs-BA","@id":"https:\/\/tuzlainfo.ba\/#\/schema\/person\/image\/","url":"https:\/\/tuzlainfo.ba\/wp-content\/litespeed\/avatar\/aabad687af24844af817603ac1cbdc4f.jpg?ver=1776702173","contentUrl":"https:\/\/tuzlainfo.ba\/wp-content\/litespeed\/avatar\/aabad687af24844af817603ac1cbdc4f.jpg?ver=1776702173","caption":"nedim"},"description":"Tuzlainfo.ba pratite na dru\u0161tvenim mre\u017eama: Facebook, Instagram i Youtube. Svoje pri\u010de, upite i fotografije \u0161aljite na na\u0161u e-mail adresu."}]}},"_links":{"self":[{"href":"https:\/\/tuzlainfo.ba\/index.php\/wp-json\/wp\/v2\/posts\/249549"}],"collection":[{"href":"https:\/\/tuzlainfo.ba\/index.php\/wp-json\/wp\/v2\/posts"}],"about":[{"href":"https:\/\/tuzlainfo.ba\/index.php\/wp-json\/wp\/v2\/types\/post"}],"author":[{"embeddable":true,"href":"https:\/\/tuzlainfo.ba\/index.php\/wp-json\/wp\/v2\/users\/2"}],"replies":[{"embeddable":true,"href":"https:\/\/tuzlainfo.ba\/index.php\/wp-json\/wp\/v2\/comments?post=249549"}],"version-history":[{"count":1,"href":"https:\/\/tuzlainfo.ba\/index.php\/wp-json\/wp\/v2\/posts\/249549\/revisions"}],"predecessor-version":[{"id":249551,"href":"https:\/\/tuzlainfo.ba\/index.php\/wp-json\/wp\/v2\/posts\/249549\/revisions\/249551"}],"wp:featuredmedia":[{"embeddable":true,"href":"https:\/\/tuzlainfo.ba\/index.php\/wp-json\/wp\/v2\/media\/249550"}],"wp:attachment":[{"href":"https:\/\/tuzlainfo.ba\/index.php\/wp-json\/wp\/v2\/media?parent=249549"}],"wp:term":[{"taxonomy":"category","embeddable":true,"href":"https:\/\/tuzlainfo.ba\/index.php\/wp-json\/wp\/v2\/categories?post=249549"},{"taxonomy":"post_tag","embeddable":true,"href":"https:\/\/tuzlainfo.ba\/index.php\/wp-json\/wp\/v2\/tags?post=249549"}],"curies":[{"name":"wp","href":"https:\/\/api.w.org\/{rel}","templated":true}]}}