{"id":249523,"date":"2024-09-12T21:03:33","date_gmt":"2024-09-12T19:03:33","guid":{"rendered":"https:\/\/tuzlainfo.ba\/?p=249523"},"modified":"2024-09-12T21:33:01","modified_gmt":"2024-09-12T19:33:01","slug":"popularni-vili-treba-pomoc-u-toku-akcija-prikupljanja-novca-za-protezu","status":"publish","type":"post","link":"https:\/\/tuzlainfo.ba\/index.php\/istaknuto\/item\/249523-popularni-vili-treba-pomoc-u-toku-akcija-prikupljanja-novca-za-protezu\/","title":{"rendered":"Tuzla: Popularni Vili treba pomo\u0107, u toku akcija prikupljanja novca za protezu"},"content":{"rendered":"<p>Suvadu \u0160abanovi\u0107u, popularnom Viliju, kako ga znaju svi Tuzlaci, potrebna je pomo\u0107. Naime, njemu je zbog bolesti amputirana noga, a sada je objavljen apel za pomo\u0107 kako bi mu se kupila potrebna proteza.<\/p>\n<p>Za protezu je potrebno 6.000 KM, a u apelu se pozivaju svi koji su u mogu\u0107nosti da pomognu kako bi se proteza nabavila \u0161to prije.<\/p>\n<p>Akcija prikupljanja, odnosno &#8220;Kafa za Vilija&#8221; bit \u0107e organizovana i sutra u Klubu &#8220;Zmajevo srce&#8221;, gdje \u0107e biti postavljena kutija u koju svi, umjesto da plate kafu, mogu ubaciti novac.<\/p>\n<p>Novac se mo\u017ee uplatiti i na ra\u010dun: Suvad \u0160abanovi\u0107 1995066007356628.<\/p>\n<p>Sejo i Vili Tuzlacima su poznati kao bra\u0107a koji ve\u0107 vi\u0161e decenija na tuzlanskom Korzu imaju CD Shop Sejo i Vili, a u kojem se mogu na\u0107i CD-ovi hiljade pjeva\u010da.<\/p>\n<div class=\"x11i5rnm xat24cr x1mh8g0r x1vvkbs xtlvy1s x126k92a\"><\/div>\n<div class=\"x11i5rnm xat24cr x1mh8g0r x1vvkbs xtlvy1s x126k92a\">\n<div dir=\"auto\"><\/div>\n<\/div>\n","protected":false},"excerpt":{"rendered":"<p>Suvadu \u0160abanovi\u0107u, popularnom Viliju, kako ga znaju svi Tuzlaci, potrebna je pomo\u0107. Naime, njemu je&hellip;<\/p>\n","protected":false},"author":4,"featured_media":249524,"comment_status":"closed","ping_status":"closed","sticky":false,"template":"","format":"standard","meta":{"_acf_changed":false,"footnotes":""},"categories":[304,12],"tags":[10987,42],"acf":[],"yoast_head":"<!-- This site is optimized with the Yoast SEO plugin v23.5 - https:\/\/yoast.com\/wordpress\/plugins\/seo\/ -->\n<title>Tuzla: Popularni Vili treba pomo\u0107, u toku akcija prikupljanja novca za protezu - TuzlaInfo.ba<\/title>\n<meta name=\"robots\" content=\"index, follow, max-snippet:-1, max-image-preview:large, max-video-preview:-1\" \/>\n<link rel=\"canonical\" href=\"https:\/\/tuzlainfo.ba\/index.php\/novosti\/item\/249523-popularni-vili-treba-pomoc-u-toku-akcija-prikupljanja-novca-za-protezu\/\" \/>\n<meta property=\"og:locale\" content=\"bs_BA\" \/>\n<meta property=\"og:type\" content=\"article\" \/>\n<meta property=\"og:title\" content=\"Tuzla: Popularni Vili treba pomo\u0107, u toku akcija prikupljanja novca za protezu - TuzlaInfo.ba\" \/>\n<meta property=\"og:description\" content=\"Suvadu \u0160abanovi\u0107u, popularnom Viliju, kako ga znaju svi Tuzlaci, potrebna je pomo\u0107. Naime, njemu je&hellip;\" \/>\n<meta property=\"og:url\" content=\"https:\/\/tuzlainfo.ba\/index.php\/novosti\/item\/249523-popularni-vili-treba-pomoc-u-toku-akcija-prikupljanja-novca-za-protezu\/\" \/>\n<meta property=\"og:site_name\" content=\"TuzlaInfo.ba\" \/>\n<meta property=\"article:publisher\" content=\"https:\/\/www.facebook.com\/tuzlainfo.ba\/\" \/>\n<meta property=\"article:published_time\" content=\"2024-09-12T19:03:33+00:00\" \/>\n<meta property=\"article:modified_time\" content=\"2024-09-12T19:33:01+00:00\" \/>\n<meta property=\"og:image\" content=\"https:\/\/tuzlainfo.ba\/wp-content\/uploads\/2024\/09\/sejo-i-vili.jpg\" \/>\n\t<meta property=\"og:image:width\" content=\"938\" \/>\n\t<meta property=\"og:image:height\" content=\"624\" \/>\n\t<meta property=\"og:image:type\" content=\"image\/jpeg\" \/>\n<meta name=\"author\" content=\"Tuzla Info\" \/>\n<meta name=\"twitter:card\" content=\"summary_large_image\" \/>\n<meta name=\"twitter:label1\" content=\"Written by\" \/>\n\t<meta name=\"twitter:data1\" content=\"Tuzla Info\" \/>\n\t<meta name=\"twitter:label2\" content=\"Est. reading time\" \/>\n\t<meta name=\"twitter:data2\" content=\"1 minuta\" \/>\n<script type=\"application\/ld+json\" class=\"yoast-schema-graph\">{\"@context\":\"https:\/\/schema.org\",\"@graph\":[{\"@type\":\"Article\",\"@id\":\"https:\/\/tuzlainfo.ba\/index.php\/novosti\/item\/249523-popularni-vili-treba-pomoc-u-toku-akcija-prikupljanja-novca-za-protezu\/#article\",\"isPartOf\":{\"@id\":\"https:\/\/tuzlainfo.ba\/index.php\/novosti\/item\/249523-popularni-vili-treba-pomoc-u-toku-akcija-prikupljanja-novca-za-protezu\/\"},\"author\":{\"name\":\"Tuzla Info\",\"@id\":\"https:\/\/tuzlainfo.ba\/#\/schema\/person\/46cad4c57790cbc50781edd14870825a\"},\"headline\":\"Tuzla: Popularni Vili treba pomo\u0107, u toku akcija prikupljanja novca za protezu\",\"datePublished\":\"2024-09-12T19:03:33+00:00\",\"dateModified\":\"2024-09-12T19:33:01+00:00\",\"mainEntityOfPage\":{\"@id\":\"https:\/\/tuzlainfo.ba\/index.php\/novosti\/item\/249523-popularni-vili-treba-pomoc-u-toku-akcija-prikupljanja-novca-za-protezu\/\"},\"wordCount\":146,\"publisher\":{\"@id\":\"https:\/\/tuzlainfo.ba\/#organization\"},\"image\":{\"@id\":\"https:\/\/tuzlainfo.ba\/index.php\/novosti\/item\/249523-popularni-vili-treba-pomoc-u-toku-akcija-prikupljanja-novca-za-protezu\/#primaryimage\"},\"thumbnailUrl\":\"https:\/\/tuzlainfo.ba\/wp-content\/uploads\/2024\/09\/sejo-i-vili.jpg\",\"keywords\":[\"sejo i vili\",\"tuzla\"],\"articleSection\":[\"Istaknuto\",\"Novosti\"],\"inLanguage\":\"bs-BA\"},{\"@type\":\"WebPage\",\"@id\":\"https:\/\/tuzlainfo.ba\/index.php\/novosti\/item\/249523-popularni-vili-treba-pomoc-u-toku-akcija-prikupljanja-novca-za-protezu\/\",\"url\":\"https:\/\/tuzlainfo.ba\/index.php\/novosti\/item\/249523-popularni-vili-treba-pomoc-u-toku-akcija-prikupljanja-novca-za-protezu\/\",\"name\":\"Tuzla: Popularni Vili treba pomo\u0107, u toku akcija prikupljanja novca za protezu - TuzlaInfo.ba\",\"isPartOf\":{\"@id\":\"https:\/\/tuzlainfo.ba\/#website\"},\"primaryImageOfPage\":{\"@id\":\"https:\/\/tuzlainfo.ba\/index.php\/novosti\/item\/249523-popularni-vili-treba-pomoc-u-toku-akcija-prikupljanja-novca-za-protezu\/#primaryimage\"},\"image\":{\"@id\":\"https:\/\/tuzlainfo.ba\/index.php\/novosti\/item\/249523-popularni-vili-treba-pomoc-u-toku-akcija-prikupljanja-novca-za-protezu\/#primaryimage\"},\"thumbnailUrl\":\"https:\/\/tuzlainfo.ba\/wp-content\/uploads\/2024\/09\/sejo-i-vili.jpg\",\"datePublished\":\"2024-09-12T19:03:33+00:00\",\"dateModified\":\"2024-09-12T19:33:01+00:00\",\"breadcrumb\":{\"@id\":\"https:\/\/tuzlainfo.ba\/index.php\/novosti\/item\/249523-popularni-vili-treba-pomoc-u-toku-akcija-prikupljanja-novca-za-protezu\/#breadcrumb\"},\"inLanguage\":\"bs-BA\",\"potentialAction\":[{\"@type\":\"ReadAction\",\"target\":[\"https:\/\/tuzlainfo.ba\/index.php\/novosti\/item\/249523-popularni-vili-treba-pomoc-u-toku-akcija-prikupljanja-novca-za-protezu\/\"]}]},{\"@type\":\"ImageObject\",\"inLanguage\":\"bs-BA\",\"@id\":\"https:\/\/tuzlainfo.ba\/index.php\/novosti\/item\/249523-popularni-vili-treba-pomoc-u-toku-akcija-prikupljanja-novca-za-protezu\/#primaryimage\",\"url\":\"https:\/\/tuzlainfo.ba\/wp-content\/uploads\/2024\/09\/sejo-i-vili.jpg\",\"contentUrl\":\"https:\/\/tuzlainfo.ba\/wp-content\/uploads\/2024\/09\/sejo-i-vili.jpg\",\"width\":938,\"height\":624},{\"@type\":\"BreadcrumbList\",\"@id\":\"https:\/\/tuzlainfo.ba\/index.php\/novosti\/item\/249523-popularni-vili-treba-pomoc-u-toku-akcija-prikupljanja-novca-za-protezu\/#breadcrumb\",\"itemListElement\":[{\"@type\":\"ListItem\",\"position\":1,\"name\":\"Home\",\"item\":\"https:\/\/tuzlainfo.ba\/\"},{\"@type\":\"ListItem\",\"position\":2,\"name\":\"Tuzla: Popularni Vili treba pomo\u0107, u toku akcija prikupljanja novca za protezu\"}]},{\"@type\":\"WebSite\",\"@id\":\"https:\/\/tuzlainfo.ba\/#website\",\"url\":\"https:\/\/tuzlainfo.ba\/\",\"name\":\"TuzlaInfo.ba\",\"description\":\"Tuzla info, gradski informator - Tuzla na dlanu\",\"publisher\":{\"@id\":\"https:\/\/tuzlainfo.ba\/#organization\"},\"potentialAction\":[{\"@type\":\"SearchAction\",\"target\":{\"@type\":\"EntryPoint\",\"urlTemplate\":\"https:\/\/tuzlainfo.ba\/?s={search_term_string}\"},\"query-input\":{\"@type\":\"PropertyValueSpecification\",\"valueRequired\":true,\"valueName\":\"search_term_string\"}}],\"inLanguage\":\"bs-BA\"},{\"@type\":\"Organization\",\"@id\":\"https:\/\/tuzlainfo.ba\/#organization\",\"name\":\"TuzlaInfo.ba\",\"url\":\"https:\/\/tuzlainfo.ba\/\",\"logo\":{\"@type\":\"ImageObject\",\"inLanguage\":\"bs-BA\",\"@id\":\"https:\/\/tuzlainfo.ba\/#\/schema\/logo\/image\/\",\"url\":\"https:\/\/tuzlainfo.ba\/wp-content\/uploads\/2021\/03\/logo-ver-3-1.png\",\"contentUrl\":\"https:\/\/tuzlainfo.ba\/wp-content\/uploads\/2021\/03\/logo-ver-3-1.png\",\"width\":350,\"height\":95,\"caption\":\"TuzlaInfo.ba\"},\"image\":{\"@id\":\"https:\/\/tuzlainfo.ba\/#\/schema\/logo\/image\/\"},\"sameAs\":[\"https:\/\/www.facebook.com\/tuzlainfo.ba\/\"]},{\"@type\":\"Person\",\"@id\":\"https:\/\/tuzlainfo.ba\/#\/schema\/person\/46cad4c57790cbc50781edd14870825a\",\"name\":\"Tuzla Info\",\"image\":{\"@type\":\"ImageObject\",\"inLanguage\":\"bs-BA\",\"@id\":\"https:\/\/tuzlainfo.ba\/#\/schema\/person\/image\/\",\"url\":\"https:\/\/tuzlainfo.ba\/wp-content\/litespeed\/avatar\/b6c453a6c38e3654f2e4416c643fc25c.jpg?ver=1777051911\",\"contentUrl\":\"https:\/\/tuzlainfo.ba\/wp-content\/litespeed\/avatar\/b6c453a6c38e3654f2e4416c643fc25c.jpg?ver=1777051911\",\"caption\":\"Tuzla Info\"}}]}<\/script>\n<!-- \/ Yoast SEO plugin. -->","yoast_head_json":{"title":"Tuzla: Popularni Vili treba pomo\u0107, u toku akcija prikupljanja novca za protezu - TuzlaInfo.ba","robots":{"index":"index","follow":"follow","max-snippet":"max-snippet:-1","max-image-preview":"max-image-preview:large","max-video-preview":"max-video-preview:-1"},"canonical":"https:\/\/tuzlainfo.ba\/index.php\/novosti\/item\/249523-popularni-vili-treba-pomoc-u-toku-akcija-prikupljanja-novca-za-protezu\/","og_locale":"bs_BA","og_type":"article","og_title":"Tuzla: Popularni Vili treba pomo\u0107, u toku akcija prikupljanja novca za protezu - TuzlaInfo.ba","og_description":"Suvadu \u0160abanovi\u0107u, popularnom Viliju, kako ga znaju svi Tuzlaci, potrebna je pomo\u0107. Naime, njemu je&hellip;","og_url":"https:\/\/tuzlainfo.ba\/index.php\/novosti\/item\/249523-popularni-vili-treba-pomoc-u-toku-akcija-prikupljanja-novca-za-protezu\/","og_site_name":"TuzlaInfo.ba","article_publisher":"https:\/\/www.facebook.com\/tuzlainfo.ba\/","article_published_time":"2024-09-12T19:03:33+00:00","article_modified_time":"2024-09-12T19:33:01+00:00","og_image":[{"width":938,"height":624,"url":"https:\/\/tuzlainfo.ba\/wp-content\/uploads\/2024\/09\/sejo-i-vili.jpg","type":"image\/jpeg"}],"author":"Tuzla Info","twitter_card":"summary_large_image","twitter_misc":{"Written by":"Tuzla Info","Est. reading time":"1 minuta"},"schema":{"@context":"https:\/\/schema.org","@graph":[{"@type":"Article","@id":"https:\/\/tuzlainfo.ba\/index.php\/novosti\/item\/249523-popularni-vili-treba-pomoc-u-toku-akcija-prikupljanja-novca-za-protezu\/#article","isPartOf":{"@id":"https:\/\/tuzlainfo.ba\/index.php\/novosti\/item\/249523-popularni-vili-treba-pomoc-u-toku-akcija-prikupljanja-novca-za-protezu\/"},"author":{"name":"Tuzla Info","@id":"https:\/\/tuzlainfo.ba\/#\/schema\/person\/46cad4c57790cbc50781edd14870825a"},"headline":"Tuzla: Popularni Vili treba pomo\u0107, u toku akcija prikupljanja novca za protezu","datePublished":"2024-09-12T19:03:33+00:00","dateModified":"2024-09-12T19:33:01+00:00","mainEntityOfPage":{"@id":"https:\/\/tuzlainfo.ba\/index.php\/novosti\/item\/249523-popularni-vili-treba-pomoc-u-toku-akcija-prikupljanja-novca-za-protezu\/"},"wordCount":146,"publisher":{"@id":"https:\/\/tuzlainfo.ba\/#organization"},"image":{"@id":"https:\/\/tuzlainfo.ba\/index.php\/novosti\/item\/249523-popularni-vili-treba-pomoc-u-toku-akcija-prikupljanja-novca-za-protezu\/#primaryimage"},"thumbnailUrl":"https:\/\/tuzlainfo.ba\/wp-content\/uploads\/2024\/09\/sejo-i-vili.jpg","keywords":["sejo i vili","tuzla"],"articleSection":["Istaknuto","Novosti"],"inLanguage":"bs-BA"},{"@type":"WebPage","@id":"https:\/\/tuzlainfo.ba\/index.php\/novosti\/item\/249523-popularni-vili-treba-pomoc-u-toku-akcija-prikupljanja-novca-za-protezu\/","url":"https:\/\/tuzlainfo.ba\/index.php\/novosti\/item\/249523-popularni-vili-treba-pomoc-u-toku-akcija-prikupljanja-novca-za-protezu\/","name":"Tuzla: Popularni Vili treba pomo\u0107, u toku akcija prikupljanja novca za protezu - TuzlaInfo.ba","isPartOf":{"@id":"https:\/\/tuzlainfo.ba\/#website"},"primaryImageOfPage":{"@id":"https:\/\/tuzlainfo.ba\/index.php\/novosti\/item\/249523-popularni-vili-treba-pomoc-u-toku-akcija-prikupljanja-novca-za-protezu\/#primaryimage"},"image":{"@id":"https:\/\/tuzlainfo.ba\/index.php\/novosti\/item\/249523-popularni-vili-treba-pomoc-u-toku-akcija-prikupljanja-novca-za-protezu\/#primaryimage"},"thumbnailUrl":"https:\/\/tuzlainfo.ba\/wp-content\/uploads\/2024\/09\/sejo-i-vili.jpg","datePublished":"2024-09-12T19:03:33+00:00","dateModified":"2024-09-12T19:33:01+00:00","breadcrumb":{"@id":"https:\/\/tuzlainfo.ba\/index.php\/novosti\/item\/249523-popularni-vili-treba-pomoc-u-toku-akcija-prikupljanja-novca-za-protezu\/#breadcrumb"},"inLanguage":"bs-BA","potentialAction":[{"@type":"ReadAction","target":["https:\/\/tuzlainfo.ba\/index.php\/novosti\/item\/249523-popularni-vili-treba-pomoc-u-toku-akcija-prikupljanja-novca-za-protezu\/"]}]},{"@type":"ImageObject","inLanguage":"bs-BA","@id":"https:\/\/tuzlainfo.ba\/index.php\/novosti\/item\/249523-popularni-vili-treba-pomoc-u-toku-akcija-prikupljanja-novca-za-protezu\/#primaryimage","url":"https:\/\/tuzlainfo.ba\/wp-content\/uploads\/2024\/09\/sejo-i-vili.jpg","contentUrl":"https:\/\/tuzlainfo.ba\/wp-content\/uploads\/2024\/09\/sejo-i-vili.jpg","width":938,"height":624},{"@type":"BreadcrumbList","@id":"https:\/\/tuzlainfo.ba\/index.php\/novosti\/item\/249523-popularni-vili-treba-pomoc-u-toku-akcija-prikupljanja-novca-za-protezu\/#breadcrumb","itemListElement":[{"@type":"ListItem","position":1,"name":"Home","item":"https:\/\/tuzlainfo.ba\/"},{"@type":"ListItem","position":2,"name":"Tuzla: Popularni Vili treba pomo\u0107, u toku akcija prikupljanja novca za protezu"}]},{"@type":"WebSite","@id":"https:\/\/tuzlainfo.ba\/#website","url":"https:\/\/tuzlainfo.ba\/","name":"TuzlaInfo.ba","description":"Tuzla info, gradski informator - Tuzla na dlanu","publisher":{"@id":"https:\/\/tuzlainfo.ba\/#organization"},"potentialAction":[{"@type":"SearchAction","target":{"@type":"EntryPoint","urlTemplate":"https:\/\/tuzlainfo.ba\/?s={search_term_string}"},"query-input":{"@type":"PropertyValueSpecification","valueRequired":true,"valueName":"search_term_string"}}],"inLanguage":"bs-BA"},{"@type":"Organization","@id":"https:\/\/tuzlainfo.ba\/#organization","name":"TuzlaInfo.ba","url":"https:\/\/tuzlainfo.ba\/","logo":{"@type":"ImageObject","inLanguage":"bs-BA","@id":"https:\/\/tuzlainfo.ba\/#\/schema\/logo\/image\/","url":"https:\/\/tuzlainfo.ba\/wp-content\/uploads\/2021\/03\/logo-ver-3-1.png","contentUrl":"https:\/\/tuzlainfo.ba\/wp-content\/uploads\/2021\/03\/logo-ver-3-1.png","width":350,"height":95,"caption":"TuzlaInfo.ba"},"image":{"@id":"https:\/\/tuzlainfo.ba\/#\/schema\/logo\/image\/"},"sameAs":["https:\/\/www.facebook.com\/tuzlainfo.ba\/"]},{"@type":"Person","@id":"https:\/\/tuzlainfo.ba\/#\/schema\/person\/46cad4c57790cbc50781edd14870825a","name":"Tuzla Info","image":{"@type":"ImageObject","inLanguage":"bs-BA","@id":"https:\/\/tuzlainfo.ba\/#\/schema\/person\/image\/","url":"https:\/\/tuzlainfo.ba\/wp-content\/litespeed\/avatar\/b6c453a6c38e3654f2e4416c643fc25c.jpg?ver=1777051911","contentUrl":"https:\/\/tuzlainfo.ba\/wp-content\/litespeed\/avatar\/b6c453a6c38e3654f2e4416c643fc25c.jpg?ver=1777051911","caption":"Tuzla Info"}}]}},"_links":{"self":[{"href":"https:\/\/tuzlainfo.ba\/index.php\/wp-json\/wp\/v2\/posts\/249523"}],"collection":[{"href":"https:\/\/tuzlainfo.ba\/index.php\/wp-json\/wp\/v2\/posts"}],"about":[{"href":"https:\/\/tuzlainfo.ba\/index.php\/wp-json\/wp\/v2\/types\/post"}],"author":[{"embeddable":true,"href":"https:\/\/tuzlainfo.ba\/index.php\/wp-json\/wp\/v2\/users\/4"}],"replies":[{"embeddable":true,"href":"https:\/\/tuzlainfo.ba\/index.php\/wp-json\/wp\/v2\/comments?post=249523"}],"version-history":[{"count":2,"href":"https:\/\/tuzlainfo.ba\/index.php\/wp-json\/wp\/v2\/posts\/249523\/revisions"}],"predecessor-version":[{"id":249534,"href":"https:\/\/tuzlainfo.ba\/index.php\/wp-json\/wp\/v2\/posts\/249523\/revisions\/249534"}],"wp:featuredmedia":[{"embeddable":true,"href":"https:\/\/tuzlainfo.ba\/index.php\/wp-json\/wp\/v2\/media\/249524"}],"wp:attachment":[{"href":"https:\/\/tuzlainfo.ba\/index.php\/wp-json\/wp\/v2\/media?parent=249523"}],"wp:term":[{"taxonomy":"category","embeddable":true,"href":"https:\/\/tuzlainfo.ba\/index.php\/wp-json\/wp\/v2\/categories?post=249523"},{"taxonomy":"post_tag","embeddable":true,"href":"https:\/\/tuzlainfo.ba\/index.php\/wp-json\/wp\/v2\/tags?post=249523"}],"curies":[{"name":"wp","href":"https:\/\/api.w.org\/{rel}","templated":true}]}}