{"id":249450,"date":"2024-09-12T14:01:18","date_gmt":"2024-09-12T12:01:18","guid":{"rendered":"https:\/\/tuzlainfo.ba\/?p=249450"},"modified":"2024-09-12T10:51:47","modified_gmt":"2024-09-12T08:51:47","slug":"porezna-uprava-fbih-objavila-nove-podatke-u-kojim-kantonima-se-prikupi-najvise-poreza-ko-ima-najvise-zaposlenih","status":"publish","type":"post","link":"https:\/\/tuzlainfo.ba\/index.php\/bosna-i-hercegovina\/item\/249450-porezna-uprava-fbih-objavila-nove-podatke-u-kojim-kantonima-se-prikupi-najvise-poreza-ko-ima-najvise-zaposlenih\/","title":{"rendered":"Porezna uprava FBiH objavila nove podatke: U kojim kantonima se prikupi najvi\u0161e poreza, ko ima najvi\u0161e zaposlenih?"},"content":{"rendered":"<p>Porezna uprava Federacije BiH saop\u0161tila je ju\u010der da su porezni obveznici Federacije BiH <strong>u periodu januar-august 2024. godine uplatili<\/strong>\u00a0<strong>5.244.418.479 KM javnih prihoda, \u0161to je u odnosu isti period 2023. godine vi\u0161e za\u00a0394.491.604 KM, ili za 8,13%.<\/strong><\/p>\n<p>Uplate javnih prihoda u periodu januar-august 2024. godine u odnosu na januar-august 2023. godine po kantonima prikazali su u tabeli:<\/p>\n<table border=\"1\" cellspacing=\"0\" cellpadding=\"0\" align=\"left\">\n<tbody>\n<tr>\n<td><strong>R.br.<\/strong><\/td>\n<td><strong>Kantoni<\/strong><\/td>\n<td><strong>januar-august 2023<\/strong><\/td>\n<td><strong>januar-august\u00a0\u00a0 2024<\/strong><\/td>\n<td><strong>Index (jan-aug 24\/23)<\/strong><\/td>\n<td><strong>razlika u KM<\/strong><\/td>\n<td><strong>u\u010de\u0161\u0107e u ukupnoj naplati (%)<\/strong><\/td>\n<\/tr>\n<tr>\n<td>1.<\/td>\n<td>Sarajevski<\/td>\n<td>1.794.176.145<\/td>\n<td>1.948.466.432<\/td>\n<td>108,60<\/td>\n<td>154.290.287<\/td>\n<td>37,15<\/td>\n<\/tr>\n<tr>\n<td>2.<\/td>\n<td>Tuzlanski<\/td>\n<td>832.081.633<\/td>\n<td>896.816.181<\/td>\n<td>107,78<\/td>\n<td>64.734.548<\/td>\n<td>17,10<\/td>\n<\/tr>\n<tr>\n<td>3.<\/td>\n<td>Zeni\u010dko-dobojski<\/td>\n<td>614.251.049<\/td>\n<td>664.898.261<\/td>\n<td>108,25<\/td>\n<td>50.647.213<\/td>\n<td>12,68<\/td>\n<\/tr>\n<tr>\n<td>4.<\/td>\n<td>Hercegova\u010dko-neretvanski<\/td>\n<td>569.197.930<\/td>\n<td>605.269.946<\/td>\n<td>106,34<\/td>\n<td>36.072.016<\/td>\n<td>11,54<\/td>\n<\/tr>\n<tr>\n<td>5.<\/td>\n<td>Srednjobosanski<\/td>\n<td>366.793.984<\/td>\n<td>389.246.520<\/td>\n<td>106,12<\/td>\n<td>22.452.537<\/td>\n<td>7,42<\/td>\n<\/tr>\n<tr>\n<td>6.<\/td>\n<td>Unsko-sanski<\/td>\n<td>280.588.652<\/td>\n<td>307.259.828<\/td>\n<td>109,51<\/td>\n<td>26.671.176<\/td>\n<td>5,86<\/td>\n<\/tr>\n<tr>\n<td>7.<\/td>\n<td>Zapadnohercegova\u010dki<\/td>\n<td>195.619.696<\/td>\n<td>218.626.110<\/td>\n<td>111,76<\/td>\n<td>23.006.414<\/td>\n<td>4,17<\/td>\n<\/tr>\n<tr>\n<td>8.<\/td>\n<td>Kanton 10<\/td>\n<td>93.204.407<\/td>\n<td>99.489.364<\/td>\n<td>106,74<\/td>\n<td>6.284.957<\/td>\n<td>1,90<\/td>\n<\/tr>\n<tr>\n<td>9.<\/td>\n<td>Bosansko-podrinjski<\/td>\n<td>53.881.101<\/td>\n<td>59.103.379<\/td>\n<td>109,69<\/td>\n<td>5.222.278<\/td>\n<td>1,13<\/td>\n<\/tr>\n<tr>\n<td>10.<\/td>\n<td>Posavski<\/td>\n<td>50.132.279<\/td>\n<td>55.242.458<\/td>\n<td>110,19<\/td>\n<td>5.110.179<\/td>\n<td>1,05<\/td>\n<\/tr>\n<tr>\n<td colspan=\"2\"><strong>Ukupno<\/strong><\/td>\n<td><strong>4.849.926.875<\/strong><\/td>\n<td><strong>5.244.418.479<\/strong><\/td>\n<td><strong>108,13<\/strong><\/td>\n<td><strong>394.491.604<\/strong><\/td>\n<td><strong>100,00<\/strong><\/td>\n<\/tr>\n<\/tbody>\n<\/table>\n<p>&nbsp;<\/p>\n<p>&nbsp;<\/p>\n<p>&nbsp;<\/p>\n<p>&nbsp;<\/p>\n<p>&nbsp;<\/p>\n<p>&nbsp;<\/p>\n<p>&nbsp;<\/p>\n<p>&nbsp;<\/p>\n<p>&nbsp;<\/p>\n<p>&nbsp;<\/p>\n<p>&nbsp;<\/p>\n<p>&nbsp;<\/p>\n<p>&nbsp;<\/p>\n<p>&nbsp;<\/p>\n<p>&nbsp;<\/p>\n<p>&nbsp;<\/p>\n<p>Struktura naplate javnih prihoda za period januar-august 2024. godine je sljede\u0107a:<\/p>\n<p>-porez na dobit i zaostali prihodi od poreza na dobit iznose\u00a0<strong>485.866.674<\/strong>\u00a0<strong>KM,<\/strong><\/p>\n<p>-porez na dohodak i zaostali prihodi od poreza fizi\u010dkih lica iznose\u00a0<strong>505.649.952 KM,<\/strong><\/p>\n<p>-porez na promet nepokretnosti i prava iznosi\u00a0<strong>60.828.888<\/strong>\u00a0<strong>KM,<\/strong><\/p>\n<p>-porez na imovinu, naslje\u0111e i poklon napla\u0107en je u iznosu \u00a0<strong>36.762.076<\/strong>\u00a0<strong>KM,<\/strong><\/p>\n<p>-zaostali prihodi od ostalih poreza napla\u0107eni su u iznosu\u00a0<strong>309.882<\/strong>\u00a0<strong>KM,<\/strong><\/p>\n<p>-takse i naknade napla\u0107ene su u iznosu\u00a0<strong>501.495.574 KM,<\/strong><\/p>\n<p>-nov\u010dane kazne napla\u0107ene su u iznosu\u00a0<strong>44.731.999 KM,<\/strong><\/p>\n<p>-\u010dlanarine napla\u0107ene su u iznosu\u00a0<strong>11.883.665 KM,<\/strong><\/p>\n<p>-ostali javni prihodi napla\u0107eni su u iznosu\u00a0<strong>2.639.695 KM.<\/strong><\/p>\n<p>U periodu januar-august 2024. godine napla\u0107eni su doprinosi za penzijsko i invalidsko osiguranje, zdravstveno osiguranje i doprinosi za slu\u010daj nezaposlenosti u ukupnom iznosu\u00a0<strong>3.593.943.376 KM.<\/strong><\/p>\n<p>U strukturi doprinosa za period januar \u2013 august 2024. godine napla\u0107eni su:<\/p>\n<p>-doprinosi za PIO\/MIO u iznosu\u00a0<strong>2.011.106.344 KM<\/strong>,<\/p>\n<p>-doprinosi za zdravstveno osiguranje u iznosu\u00a0<strong>1.417.681.062<\/strong>\u00a0<strong>KM,<\/strong><\/p>\n<p>-doprinosi za osiguranje za slu\u010daj nezaposlenosti u iznosu\u00a0<strong>165.155.970<\/strong>\u00a0<strong>KM<\/strong>.<\/p>\n<p><strong>\u00a0Broj zaposlenih u Federaciji BiH<\/strong><\/p>\n<p>Broj zaposlenih u Federaciji BiH prema prebivali\u0161tu zaposlenika na dan 31.08.2023. godine iznosio je 545.192. U odnosu na objavljeni podatak o broju zaposlenih na dan 31.08.2023. godine kada je broj zaposlenih iznosio 539.976, ovaj broj je ve\u0107i za 5.216, a u odnosu na prethodno objavljeni podatak o broju zaposlenih na dan 31.7.2024. godine kada je iznosio 547.980, manji je za 2.788.<\/p>\n<table border=\"1\" cellspacing=\"0\" cellpadding=\"0\">\n<tbody>\n<tr>\n<td colspan=\"4\"><strong>Broj zaposlenih prema prebivali\u0161tu osiguranog lica<\/strong><\/td>\n<\/tr>\n<tr>\n<td><strong>Kanton<\/strong><\/td>\n<td><strong>Broj zaposlenih po prebivali\u0161tu zaposlenika na dan 31.08.2024.<\/strong><\/td>\n<td><strong>Broj zaposlenih po prebivali\u0161tu zaposlenika na dan 31.08.2023.<\/strong><\/td>\n<td><strong>Razlika 2024 &#8211; 2023<\/strong><\/td>\n<\/tr>\n<tr>\n<td><strong>Kanton Sarajevo<\/strong><\/td>\n<td>149.176<\/td>\n<td>147.011<\/td>\n<td>2.165<\/td>\n<\/tr>\n<tr>\n<td><strong>Tuzlanski kanton<\/strong><\/td>\n<td>104.045<\/td>\n<td>103.078<\/td>\n<td>967<\/td>\n<\/tr>\n<tr>\n<td><strong>Zeni\u010dko-dobojski kanton<\/strong><\/td>\n<td>87.203<\/td>\n<td>86.838<\/td>\n<td>365<\/td>\n<\/tr>\n<tr>\n<td><strong>Hercegova\u010dko-neretvanski kanton<\/strong><\/td>\n<td>56.397<\/td>\n<td>55.846<\/td>\n<td>551<\/td>\n<\/tr>\n<tr>\n<td><strong>Srednjobosanski kanton<\/strong><\/td>\n<td>51.943<\/td>\n<td>52.408<\/td>\n<td>-465<\/td>\n<\/tr>\n<tr>\n<td><strong>Unsko-sanski kanton<\/strong><\/td>\n<td>39.533<\/td>\n<td>39.065<\/td>\n<td>468<\/td>\n<\/tr>\n<tr>\n<td><strong>Zapadnohercegova\u010dki kanton<\/strong><\/td>\n<td>22.414<\/td>\n<td>21.788<\/td>\n<td>626<\/td>\n<\/tr>\n<tr>\n<td><strong>Kanton 10<\/strong><\/td>\n<td>11.777<\/td>\n<td>11.565<\/td>\n<td>212<\/td>\n<\/tr>\n<tr>\n<td><strong>Bosansko-podrinjski kanton<\/strong><\/td>\n<td>7.372<\/td>\n<td>7.469<\/td>\n<td>-97<\/td>\n<\/tr>\n<tr>\n<td><strong>Posavski kanton<\/strong><\/td>\n<td>5.927<\/td>\n<td>5.781<\/td>\n<td>146<\/td>\n<\/tr>\n<tr>\n<td><strong>Republika Srpska<\/strong><\/td>\n<td>8.513<\/td>\n<td>8.252<\/td>\n<td>261<\/td>\n<\/tr>\n<tr>\n<td><strong>Br\u010dko distrikt<\/strong><\/td>\n<td>892<\/td>\n<td>875<\/td>\n<td>17<\/td>\n<\/tr>\n<tr>\n<td><strong>Ukupno:<\/strong><\/td>\n<td><strong>545.192<\/strong><\/td>\n<td><strong>539.976<\/strong><\/td>\n<td><strong>5.216<\/strong><\/td>\n<\/tr>\n<\/tbody>\n<\/table>\n<p>Stanje broja zaposlenih na dan 31.05.2023. godine po prebivali\u0161tu zaposlenika i sjedi\u0161tu poslodavca razvrstanih po kantonima i op\u0107inama mo\u017ee se vidjeti na linku\u00a0<strong><a href=\"http:\/\/pufbih.ba\/v1\/public\/upload\/files\/zaposleni_za_WEB_na_dan_31_08_2024.pdf\">ovdje<\/a>.<\/strong><\/p>\n<p>Na dan 31.08.2024. godine u Federaciji BiH zaposleno je 305.580 ili 56,05% mu\u0161karaca i 239.612 \u017eena ili 43,95%.<\/p>\n<p>Broj zaposlenih do 35 godina je 175.061 ili 32,11%, a broj zaposlenih koji je stariji od 36 godina je 370.131 ili 67,89%.<\/p>\n<table border=\"1\" cellspacing=\"0\" cellpadding=\"0\">\n<tbody>\n<tr>\n<td colspan=\"5\"><strong>Broj zaposlenih na dan 31.08.2024. godine prema starosnoj i spolnoj strukturi<\/strong><\/td>\n<\/tr>\n<tr>\n<td><strong>Starosna struktura &#8211; godine \u017eivota<\/strong><\/td>\n<td><strong>Broj zaposlenih<\/strong><\/td>\n<td><strong>% u\u010de\u0161\u0107a u broju zaposlenih<\/strong><\/td>\n<td><strong>Starosna struktura &#8211; godine \u017eivota<\/strong><\/td>\n<td><strong>% u\u010de\u0161\u0107a u broju zaposlenih<\/strong><\/td>\n<\/tr>\n<tr>\n<td><strong>\u00a0do 20<\/strong><\/td>\n<td>9.955<\/td>\n<td>1,84<\/td>\n<td rowspan=\"4\">do 35 godina<\/td>\n<td rowspan=\"2\">32,11<\/td>\n<\/tr>\n<tr>\n<td><strong>\u00a0od 21 do 25<\/strong><\/td>\n<td>37.795<\/td>\n<td>6,98<\/td>\n<\/tr>\n<tr>\n<td><strong>\u00a0od 26 do 30<\/strong><\/td>\n<td>64.702<\/td>\n<td>11,95<\/td>\n<td rowspan=\"2\">175.061<\/td>\n<\/tr>\n<tr>\n<td><strong>\u00a0od 31 do 35<\/strong><\/td>\n<td>62.609<\/td>\n<td>11,56<\/td>\n<\/tr>\n<tr>\n<td><strong>\u00a0od 36 do 45<\/strong><\/td>\n<td>155.345<\/td>\n<td><strong>28,68<\/strong><\/td>\n<td rowspan=\"4\">od 36 godina<\/td>\n<td rowspan=\"2\">67,89<\/td>\n<\/tr>\n<tr>\n<td><strong>\u00a0od 46 do 55<\/strong><\/td>\n<td>131.226<\/td>\n<td>24,23<\/td>\n<\/tr>\n<tr>\n<td><strong>\u00a0od 56 do 65<\/strong><\/td>\n<td>79.782<\/td>\n<td>14,73<\/td>\n<td rowspan=\"2\">370.131<\/td>\n<\/tr>\n<tr>\n<td><strong>\u00a0od 66<\/strong><\/td>\n<td>3.778<\/td>\n<td>0,70<\/td>\n<\/tr>\n<tr>\n<td><strong>UKUPNO<\/strong><\/td>\n<td><strong>545.192<\/strong><\/td>\n<td colspan=\"3\"><\/td>\n<\/tr>\n<\/tbody>\n<\/table>\n<p>&nbsp;<\/p>\n<table border=\"1\" cellspacing=\"0\" cellpadding=\"0\">\n<tbody>\n<tr>\n<td><strong>Spol<\/strong><\/td>\n<td><strong>Broj zaposlenih na dan 31.08.2024.<\/strong><\/td>\n<td><strong>U\u010de\u0161\u0107e %<\/strong><\/td>\n<\/tr>\n<tr>\n<td><strong>Mu\u0161ki<\/strong><\/td>\n<td>305.580<\/td>\n<td>56,05<\/td>\n<\/tr>\n<tr>\n<td><strong>\u017denski<\/strong><\/td>\n<td>239.612<\/td>\n<td>43,95<\/td>\n<\/tr>\n<tr>\n<td><strong>Ukupno<\/strong><\/td>\n<td><strong>545.192<\/strong><\/td>\n<td><\/td>\n<\/tr>\n<\/tbody>\n<\/table>\n<p><strong>Evidentiranje prometa putem fiskalnih ure\u0111aja<\/strong><\/p>\n<p>Prema slu\u017ebenim podacima Porezne uprave Federacije BiH na dan 31.08.2024. godine na podru\u010dju Federacije BiH instalirano je ukupno\u00a0<strong>103.961 fiskalnih ure\u0111aja,<\/strong>\u00a0putem kojih je u augustu 2024. godine evidentiran ukupan promet u iznosu\u00a0<strong>5.919.665.070,06 KM.<\/strong><\/p>\n<p>U odnosu na 31.08.2023. godine broj fiskalnih ure\u0111aja je ve\u0107i za\u00a0<strong>5.690<\/strong>, a evidentirani promet u augustu 2024. godine je manji u odnosu na august 2023. godine za<strong>\u00a014.302.598,59<\/strong>\u00a0<strong>KM<\/strong><strong>.<\/strong><\/p>\n<p>Op\u0107ina s\u00a0<strong>najve\u0107im<\/strong>\u00a0brojem fiskalnih ure\u0111aja na dan 31.08.2024. godine je Op\u0107ina Centar Sarajevo na \u010dijem podru\u010dju je instalirano\u00a0<strong>6.829\u00a0<\/strong>fiskalnih ure\u0111aja.<\/p>\n<p>Op\u0107ina s\u00a0<strong>najmanjim<\/strong>\u00a0brojem fiskalnih ure\u0111aja na dan 31.08.2024. godine je Op\u0107ina Dobreti\u0107i na \u010dijem podru\u010dju je instalirano\u00a0<strong>7<\/strong>\u00a0fiskalnih ure\u0111aja.<\/p>\n<p>Op\u0107ina na kojoj je evidentiran\u00a0<strong>najve\u0107i<\/strong>\u00a0ukupan promet putem fiskalnih ure\u0111aja u augustu 2024. godine je Op\u0107ina Ilid\u017ea na \u010dijem podru\u010dju je evidentiran ukupan promet fiskalnih ure\u0111aja u iznosu\u00a0<strong>504.887.802,22 KM.<\/strong><\/p>\n<p>Op\u0107ina na kojoj je evidentiran\u00a0<strong>najmanji<\/strong>\u00a0ukupan promet putem fiskalnih ure\u0111aja u augustu 2024. godine je Op\u0107ina Pale na \u010dijem podru\u010dju je evidentiran ukupan promet fiskalnih ure\u0111aja u iznosu\u00a0<strong>176.329,53 KM.<\/strong><\/p>\n<p>Podatke o evidentiranom prometu putem fiskalnih ure\u0111aja za augustu 2024. godine mo\u017eete preuzeti na linku\u00a0<a href=\"http:\/\/pufbih.ba\/v1\/public\/upload\/files\/PrometOpcine_Web_2024_08_06092024.pdf\"><strong>ovdje\u00a0<\/strong><\/a>.<\/p>\n","protected":false},"excerpt":{"rendered":"<p>Porezna uprava Federacije BiH saop\u0161tila je ju\u010der da su porezni obveznici Federacije BiH u periodu&hellip;<\/p>\n","protected":false},"author":2,"featured_media":67688,"comment_status":"closed","ping_status":"closed","sticky":false,"template":"","format":"standard","meta":{"_acf_changed":false,"footnotes":""},"categories":[291,304],"tags":[4019,1487],"acf":[],"yoast_head":"<!-- This site is optimized with the Yoast SEO plugin v23.5 - https:\/\/yoast.com\/wordpress\/plugins\/seo\/ -->\n<title>Porezna uprava FBiH objavila nove podatke: U kojim kantonima se prikupi najvi\u0161e poreza, ko ima najvi\u0161e zaposlenih? - TuzlaInfo.ba<\/title>\n<meta name=\"robots\" content=\"index, follow, max-snippet:-1, max-image-preview:large, max-video-preview:-1\" \/>\n<link rel=\"canonical\" href=\"https:\/\/tuzlainfo.ba\/index.php\/bosna-i-hercegovina\/item\/249450-porezna-uprava-fbih-objavila-nove-podatke-u-kojim-kantonima-se-prikupi-najvise-poreza-ko-ima-najvise-zaposlenih\/\" \/>\n<meta property=\"og:locale\" content=\"bs_BA\" \/>\n<meta property=\"og:type\" content=\"article\" \/>\n<meta property=\"og:title\" content=\"Porezna uprava FBiH objavila nove podatke: U kojim kantonima se prikupi najvi\u0161e poreza, ko ima najvi\u0161e zaposlenih? - TuzlaInfo.ba\" \/>\n<meta property=\"og:description\" content=\"Porezna uprava Federacije BiH saop\u0161tila je ju\u010der da su porezni obveznici Federacije BiH u periodu&hellip;\" \/>\n<meta property=\"og:url\" content=\"https:\/\/tuzlainfo.ba\/index.php\/bosna-i-hercegovina\/item\/249450-porezna-uprava-fbih-objavila-nove-podatke-u-kojim-kantonima-se-prikupi-najvise-poreza-ko-ima-najvise-zaposlenih\/\" \/>\n<meta property=\"og:site_name\" content=\"TuzlaInfo.ba\" \/>\n<meta property=\"article:publisher\" content=\"https:\/\/www.facebook.com\/tuzlainfo.ba\/\" \/>\n<meta property=\"article:published_time\" content=\"2024-09-12T12:01:18+00:00\" \/>\n<meta property=\"article:modified_time\" content=\"2024-09-12T08:51:47+00:00\" \/>\n<meta property=\"og:image\" content=\"https:\/\/tuzlainfo.ba\/wp-content\/uploads\/2019\/02\/sadrzaj_2019_20190101_01012019_fiskalna.jpg\" \/>\n\t<meta property=\"og:image:width\" content=\"770\" \/>\n\t<meta property=\"og:image:height\" content=\"577\" \/>\n\t<meta property=\"og:image:type\" content=\"image\/jpeg\" \/>\n<meta name=\"author\" content=\"nedim\" \/>\n<meta name=\"twitter:card\" content=\"summary_large_image\" \/>\n<meta name=\"twitter:label1\" content=\"Written by\" \/>\n\t<meta name=\"twitter:data1\" content=\"nedim\" \/>\n\t<meta name=\"twitter:label2\" content=\"Est. reading time\" \/>\n\t<meta name=\"twitter:data2\" content=\"5 minuta\" \/>\n<script type=\"application\/ld+json\" class=\"yoast-schema-graph\">{\"@context\":\"https:\/\/schema.org\",\"@graph\":[{\"@type\":\"Article\",\"@id\":\"https:\/\/tuzlainfo.ba\/index.php\/bosna-i-hercegovina\/item\/249450-porezna-uprava-fbih-objavila-nove-podatke-u-kojim-kantonima-se-prikupi-najvise-poreza-ko-ima-najvise-zaposlenih\/#article\",\"isPartOf\":{\"@id\":\"https:\/\/tuzlainfo.ba\/index.php\/bosna-i-hercegovina\/item\/249450-porezna-uprava-fbih-objavila-nove-podatke-u-kojim-kantonima-se-prikupi-najvise-poreza-ko-ima-najvise-zaposlenih\/\"},\"author\":{\"name\":\"nedim\",\"@id\":\"https:\/\/tuzlainfo.ba\/#\/schema\/person\/f434e20dc27ea133923aab08451b7f7f\"},\"headline\":\"Porezna uprava FBiH objavila nove podatke: U kojim kantonima se prikupi najvi\u0161e poreza, ko ima najvi\u0161e zaposlenih?\",\"datePublished\":\"2024-09-12T12:01:18+00:00\",\"dateModified\":\"2024-09-12T08:51:47+00:00\",\"mainEntityOfPage\":{\"@id\":\"https:\/\/tuzlainfo.ba\/index.php\/bosna-i-hercegovina\/item\/249450-porezna-uprava-fbih-objavila-nove-podatke-u-kojim-kantonima-se-prikupi-najvise-poreza-ko-ima-najvise-zaposlenih\/\"},\"wordCount\":726,\"publisher\":{\"@id\":\"https:\/\/tuzlainfo.ba\/#organization\"},\"image\":{\"@id\":\"https:\/\/tuzlainfo.ba\/index.php\/bosna-i-hercegovina\/item\/249450-porezna-uprava-fbih-objavila-nove-podatke-u-kojim-kantonima-se-prikupi-najvise-poreza-ko-ima-najvise-zaposlenih\/#primaryimage\"},\"thumbnailUrl\":\"https:\/\/tuzlainfo.ba\/wp-content\/uploads\/2019\/02\/sadrzaj_2019_20190101_01012019_fiskalna.jpg\",\"keywords\":[\"javni prihodi\",\"porezna uprava fbih\"],\"articleSection\":[\"Bosna i Hercegovina\",\"Istaknuto\"],\"inLanguage\":\"bs-BA\"},{\"@type\":\"WebPage\",\"@id\":\"https:\/\/tuzlainfo.ba\/index.php\/bosna-i-hercegovina\/item\/249450-porezna-uprava-fbih-objavila-nove-podatke-u-kojim-kantonima-se-prikupi-najvise-poreza-ko-ima-najvise-zaposlenih\/\",\"url\":\"https:\/\/tuzlainfo.ba\/index.php\/bosna-i-hercegovina\/item\/249450-porezna-uprava-fbih-objavila-nove-podatke-u-kojim-kantonima-se-prikupi-najvise-poreza-ko-ima-najvise-zaposlenih\/\",\"name\":\"Porezna uprava FBiH objavila nove podatke: U kojim kantonima se prikupi najvi\u0161e poreza, ko ima najvi\u0161e zaposlenih? - TuzlaInfo.ba\",\"isPartOf\":{\"@id\":\"https:\/\/tuzlainfo.ba\/#website\"},\"primaryImageOfPage\":{\"@id\":\"https:\/\/tuzlainfo.ba\/index.php\/bosna-i-hercegovina\/item\/249450-porezna-uprava-fbih-objavila-nove-podatke-u-kojim-kantonima-se-prikupi-najvise-poreza-ko-ima-najvise-zaposlenih\/#primaryimage\"},\"image\":{\"@id\":\"https:\/\/tuzlainfo.ba\/index.php\/bosna-i-hercegovina\/item\/249450-porezna-uprava-fbih-objavila-nove-podatke-u-kojim-kantonima-se-prikupi-najvise-poreza-ko-ima-najvise-zaposlenih\/#primaryimage\"},\"thumbnailUrl\":\"https:\/\/tuzlainfo.ba\/wp-content\/uploads\/2019\/02\/sadrzaj_2019_20190101_01012019_fiskalna.jpg\",\"datePublished\":\"2024-09-12T12:01:18+00:00\",\"dateModified\":\"2024-09-12T08:51:47+00:00\",\"breadcrumb\":{\"@id\":\"https:\/\/tuzlainfo.ba\/index.php\/bosna-i-hercegovina\/item\/249450-porezna-uprava-fbih-objavila-nove-podatke-u-kojim-kantonima-se-prikupi-najvise-poreza-ko-ima-najvise-zaposlenih\/#breadcrumb\"},\"inLanguage\":\"bs-BA\",\"potentialAction\":[{\"@type\":\"ReadAction\",\"target\":[\"https:\/\/tuzlainfo.ba\/index.php\/bosna-i-hercegovina\/item\/249450-porezna-uprava-fbih-objavila-nove-podatke-u-kojim-kantonima-se-prikupi-najvise-poreza-ko-ima-najvise-zaposlenih\/\"]}]},{\"@type\":\"ImageObject\",\"inLanguage\":\"bs-BA\",\"@id\":\"https:\/\/tuzlainfo.ba\/index.php\/bosna-i-hercegovina\/item\/249450-porezna-uprava-fbih-objavila-nove-podatke-u-kojim-kantonima-se-prikupi-najvise-poreza-ko-ima-najvise-zaposlenih\/#primaryimage\",\"url\":\"https:\/\/tuzlainfo.ba\/wp-content\/uploads\/2019\/02\/sadrzaj_2019_20190101_01012019_fiskalna.jpg\",\"contentUrl\":\"https:\/\/tuzlainfo.ba\/wp-content\/uploads\/2019\/02\/sadrzaj_2019_20190101_01012019_fiskalna.jpg\",\"width\":770,\"height\":577,\"caption\":\"01012019 fiskalna\"},{\"@type\":\"BreadcrumbList\",\"@id\":\"https:\/\/tuzlainfo.ba\/index.php\/bosna-i-hercegovina\/item\/249450-porezna-uprava-fbih-objavila-nove-podatke-u-kojim-kantonima-se-prikupi-najvise-poreza-ko-ima-najvise-zaposlenih\/#breadcrumb\",\"itemListElement\":[{\"@type\":\"ListItem\",\"position\":1,\"name\":\"Home\",\"item\":\"https:\/\/tuzlainfo.ba\/\"},{\"@type\":\"ListItem\",\"position\":2,\"name\":\"Porezna uprava FBiH objavila nove podatke: U kojim kantonima se prikupi najvi\u0161e poreza, ko ima najvi\u0161e zaposlenih?\"}]},{\"@type\":\"WebSite\",\"@id\":\"https:\/\/tuzlainfo.ba\/#website\",\"url\":\"https:\/\/tuzlainfo.ba\/\",\"name\":\"TuzlaInfo.ba\",\"description\":\"Tuzla info, gradski informator - Tuzla na dlanu\",\"publisher\":{\"@id\":\"https:\/\/tuzlainfo.ba\/#organization\"},\"potentialAction\":[{\"@type\":\"SearchAction\",\"target\":{\"@type\":\"EntryPoint\",\"urlTemplate\":\"https:\/\/tuzlainfo.ba\/?s={search_term_string}\"},\"query-input\":{\"@type\":\"PropertyValueSpecification\",\"valueRequired\":true,\"valueName\":\"search_term_string\"}}],\"inLanguage\":\"bs-BA\"},{\"@type\":\"Organization\",\"@id\":\"https:\/\/tuzlainfo.ba\/#organization\",\"name\":\"TuzlaInfo.ba\",\"url\":\"https:\/\/tuzlainfo.ba\/\",\"logo\":{\"@type\":\"ImageObject\",\"inLanguage\":\"bs-BA\",\"@id\":\"https:\/\/tuzlainfo.ba\/#\/schema\/logo\/image\/\",\"url\":\"https:\/\/tuzlainfo.ba\/wp-content\/uploads\/2021\/03\/logo-ver-3-1.png\",\"contentUrl\":\"https:\/\/tuzlainfo.ba\/wp-content\/uploads\/2021\/03\/logo-ver-3-1.png\",\"width\":350,\"height\":95,\"caption\":\"TuzlaInfo.ba\"},\"image\":{\"@id\":\"https:\/\/tuzlainfo.ba\/#\/schema\/logo\/image\/\"},\"sameAs\":[\"https:\/\/www.facebook.com\/tuzlainfo.ba\/\"]},{\"@type\":\"Person\",\"@id\":\"https:\/\/tuzlainfo.ba\/#\/schema\/person\/f434e20dc27ea133923aab08451b7f7f\",\"name\":\"nedim\",\"image\":{\"@type\":\"ImageObject\",\"inLanguage\":\"bs-BA\",\"@id\":\"https:\/\/tuzlainfo.ba\/#\/schema\/person\/image\/\",\"url\":\"https:\/\/tuzlainfo.ba\/wp-content\/litespeed\/avatar\/aabad687af24844af817603ac1cbdc4f.jpg?ver=1776702173\",\"contentUrl\":\"https:\/\/tuzlainfo.ba\/wp-content\/litespeed\/avatar\/aabad687af24844af817603ac1cbdc4f.jpg?ver=1776702173\",\"caption\":\"nedim\"},\"description\":\"Tuzlainfo.ba pratite na dru\u0161tvenim mre\u017eama: Facebook, Instagram i Youtube. Svoje pri\u010de, upite i fotografije \u0161aljite na na\u0161u e-mail adresu.\"}]}<\/script>\n<!-- \/ Yoast SEO plugin. -->","yoast_head_json":{"title":"Porezna uprava FBiH objavila nove podatke: U kojim kantonima se prikupi najvi\u0161e poreza, ko ima najvi\u0161e zaposlenih? - TuzlaInfo.ba","robots":{"index":"index","follow":"follow","max-snippet":"max-snippet:-1","max-image-preview":"max-image-preview:large","max-video-preview":"max-video-preview:-1"},"canonical":"https:\/\/tuzlainfo.ba\/index.php\/bosna-i-hercegovina\/item\/249450-porezna-uprava-fbih-objavila-nove-podatke-u-kojim-kantonima-se-prikupi-najvise-poreza-ko-ima-najvise-zaposlenih\/","og_locale":"bs_BA","og_type":"article","og_title":"Porezna uprava FBiH objavila nove podatke: U kojim kantonima se prikupi najvi\u0161e poreza, ko ima najvi\u0161e zaposlenih? - TuzlaInfo.ba","og_description":"Porezna uprava Federacije BiH saop\u0161tila je ju\u010der da su porezni obveznici Federacije BiH u periodu&hellip;","og_url":"https:\/\/tuzlainfo.ba\/index.php\/bosna-i-hercegovina\/item\/249450-porezna-uprava-fbih-objavila-nove-podatke-u-kojim-kantonima-se-prikupi-najvise-poreza-ko-ima-najvise-zaposlenih\/","og_site_name":"TuzlaInfo.ba","article_publisher":"https:\/\/www.facebook.com\/tuzlainfo.ba\/","article_published_time":"2024-09-12T12:01:18+00:00","article_modified_time":"2024-09-12T08:51:47+00:00","og_image":[{"width":770,"height":577,"url":"https:\/\/tuzlainfo.ba\/wp-content\/uploads\/2019\/02\/sadrzaj_2019_20190101_01012019_fiskalna.jpg","type":"image\/jpeg"}],"author":"nedim","twitter_card":"summary_large_image","twitter_misc":{"Written by":"nedim","Est. reading time":"5 minuta"},"schema":{"@context":"https:\/\/schema.org","@graph":[{"@type":"Article","@id":"https:\/\/tuzlainfo.ba\/index.php\/bosna-i-hercegovina\/item\/249450-porezna-uprava-fbih-objavila-nove-podatke-u-kojim-kantonima-se-prikupi-najvise-poreza-ko-ima-najvise-zaposlenih\/#article","isPartOf":{"@id":"https:\/\/tuzlainfo.ba\/index.php\/bosna-i-hercegovina\/item\/249450-porezna-uprava-fbih-objavila-nove-podatke-u-kojim-kantonima-se-prikupi-najvise-poreza-ko-ima-najvise-zaposlenih\/"},"author":{"name":"nedim","@id":"https:\/\/tuzlainfo.ba\/#\/schema\/person\/f434e20dc27ea133923aab08451b7f7f"},"headline":"Porezna uprava FBiH objavila nove podatke: U kojim kantonima se prikupi najvi\u0161e poreza, ko ima najvi\u0161e zaposlenih?","datePublished":"2024-09-12T12:01:18+00:00","dateModified":"2024-09-12T08:51:47+00:00","mainEntityOfPage":{"@id":"https:\/\/tuzlainfo.ba\/index.php\/bosna-i-hercegovina\/item\/249450-porezna-uprava-fbih-objavila-nove-podatke-u-kojim-kantonima-se-prikupi-najvise-poreza-ko-ima-najvise-zaposlenih\/"},"wordCount":726,"publisher":{"@id":"https:\/\/tuzlainfo.ba\/#organization"},"image":{"@id":"https:\/\/tuzlainfo.ba\/index.php\/bosna-i-hercegovina\/item\/249450-porezna-uprava-fbih-objavila-nove-podatke-u-kojim-kantonima-se-prikupi-najvise-poreza-ko-ima-najvise-zaposlenih\/#primaryimage"},"thumbnailUrl":"https:\/\/tuzlainfo.ba\/wp-content\/uploads\/2019\/02\/sadrzaj_2019_20190101_01012019_fiskalna.jpg","keywords":["javni prihodi","porezna uprava fbih"],"articleSection":["Bosna i Hercegovina","Istaknuto"],"inLanguage":"bs-BA"},{"@type":"WebPage","@id":"https:\/\/tuzlainfo.ba\/index.php\/bosna-i-hercegovina\/item\/249450-porezna-uprava-fbih-objavila-nove-podatke-u-kojim-kantonima-se-prikupi-najvise-poreza-ko-ima-najvise-zaposlenih\/","url":"https:\/\/tuzlainfo.ba\/index.php\/bosna-i-hercegovina\/item\/249450-porezna-uprava-fbih-objavila-nove-podatke-u-kojim-kantonima-se-prikupi-najvise-poreza-ko-ima-najvise-zaposlenih\/","name":"Porezna uprava FBiH objavila nove podatke: U kojim kantonima se prikupi najvi\u0161e poreza, ko ima najvi\u0161e zaposlenih? - TuzlaInfo.ba","isPartOf":{"@id":"https:\/\/tuzlainfo.ba\/#website"},"primaryImageOfPage":{"@id":"https:\/\/tuzlainfo.ba\/index.php\/bosna-i-hercegovina\/item\/249450-porezna-uprava-fbih-objavila-nove-podatke-u-kojim-kantonima-se-prikupi-najvise-poreza-ko-ima-najvise-zaposlenih\/#primaryimage"},"image":{"@id":"https:\/\/tuzlainfo.ba\/index.php\/bosna-i-hercegovina\/item\/249450-porezna-uprava-fbih-objavila-nove-podatke-u-kojim-kantonima-se-prikupi-najvise-poreza-ko-ima-najvise-zaposlenih\/#primaryimage"},"thumbnailUrl":"https:\/\/tuzlainfo.ba\/wp-content\/uploads\/2019\/02\/sadrzaj_2019_20190101_01012019_fiskalna.jpg","datePublished":"2024-09-12T12:01:18+00:00","dateModified":"2024-09-12T08:51:47+00:00","breadcrumb":{"@id":"https:\/\/tuzlainfo.ba\/index.php\/bosna-i-hercegovina\/item\/249450-porezna-uprava-fbih-objavila-nove-podatke-u-kojim-kantonima-se-prikupi-najvise-poreza-ko-ima-najvise-zaposlenih\/#breadcrumb"},"inLanguage":"bs-BA","potentialAction":[{"@type":"ReadAction","target":["https:\/\/tuzlainfo.ba\/index.php\/bosna-i-hercegovina\/item\/249450-porezna-uprava-fbih-objavila-nove-podatke-u-kojim-kantonima-se-prikupi-najvise-poreza-ko-ima-najvise-zaposlenih\/"]}]},{"@type":"ImageObject","inLanguage":"bs-BA","@id":"https:\/\/tuzlainfo.ba\/index.php\/bosna-i-hercegovina\/item\/249450-porezna-uprava-fbih-objavila-nove-podatke-u-kojim-kantonima-se-prikupi-najvise-poreza-ko-ima-najvise-zaposlenih\/#primaryimage","url":"https:\/\/tuzlainfo.ba\/wp-content\/uploads\/2019\/02\/sadrzaj_2019_20190101_01012019_fiskalna.jpg","contentUrl":"https:\/\/tuzlainfo.ba\/wp-content\/uploads\/2019\/02\/sadrzaj_2019_20190101_01012019_fiskalna.jpg","width":770,"height":577,"caption":"01012019 fiskalna"},{"@type":"BreadcrumbList","@id":"https:\/\/tuzlainfo.ba\/index.php\/bosna-i-hercegovina\/item\/249450-porezna-uprava-fbih-objavila-nove-podatke-u-kojim-kantonima-se-prikupi-najvise-poreza-ko-ima-najvise-zaposlenih\/#breadcrumb","itemListElement":[{"@type":"ListItem","position":1,"name":"Home","item":"https:\/\/tuzlainfo.ba\/"},{"@type":"ListItem","position":2,"name":"Porezna uprava FBiH objavila nove podatke: U kojim kantonima se prikupi najvi\u0161e poreza, ko ima najvi\u0161e zaposlenih?"}]},{"@type":"WebSite","@id":"https:\/\/tuzlainfo.ba\/#website","url":"https:\/\/tuzlainfo.ba\/","name":"TuzlaInfo.ba","description":"Tuzla info, gradski informator - Tuzla na dlanu","publisher":{"@id":"https:\/\/tuzlainfo.ba\/#organization"},"potentialAction":[{"@type":"SearchAction","target":{"@type":"EntryPoint","urlTemplate":"https:\/\/tuzlainfo.ba\/?s={search_term_string}"},"query-input":{"@type":"PropertyValueSpecification","valueRequired":true,"valueName":"search_term_string"}}],"inLanguage":"bs-BA"},{"@type":"Organization","@id":"https:\/\/tuzlainfo.ba\/#organization","name":"TuzlaInfo.ba","url":"https:\/\/tuzlainfo.ba\/","logo":{"@type":"ImageObject","inLanguage":"bs-BA","@id":"https:\/\/tuzlainfo.ba\/#\/schema\/logo\/image\/","url":"https:\/\/tuzlainfo.ba\/wp-content\/uploads\/2021\/03\/logo-ver-3-1.png","contentUrl":"https:\/\/tuzlainfo.ba\/wp-content\/uploads\/2021\/03\/logo-ver-3-1.png","width":350,"height":95,"caption":"TuzlaInfo.ba"},"image":{"@id":"https:\/\/tuzlainfo.ba\/#\/schema\/logo\/image\/"},"sameAs":["https:\/\/www.facebook.com\/tuzlainfo.ba\/"]},{"@type":"Person","@id":"https:\/\/tuzlainfo.ba\/#\/schema\/person\/f434e20dc27ea133923aab08451b7f7f","name":"nedim","image":{"@type":"ImageObject","inLanguage":"bs-BA","@id":"https:\/\/tuzlainfo.ba\/#\/schema\/person\/image\/","url":"https:\/\/tuzlainfo.ba\/wp-content\/litespeed\/avatar\/aabad687af24844af817603ac1cbdc4f.jpg?ver=1776702173","contentUrl":"https:\/\/tuzlainfo.ba\/wp-content\/litespeed\/avatar\/aabad687af24844af817603ac1cbdc4f.jpg?ver=1776702173","caption":"nedim"},"description":"Tuzlainfo.ba pratite na dru\u0161tvenim mre\u017eama: Facebook, Instagram i Youtube. Svoje pri\u010de, upite i fotografije \u0161aljite na na\u0161u e-mail adresu."}]}},"_links":{"self":[{"href":"https:\/\/tuzlainfo.ba\/index.php\/wp-json\/wp\/v2\/posts\/249450"}],"collection":[{"href":"https:\/\/tuzlainfo.ba\/index.php\/wp-json\/wp\/v2\/posts"}],"about":[{"href":"https:\/\/tuzlainfo.ba\/index.php\/wp-json\/wp\/v2\/types\/post"}],"author":[{"embeddable":true,"href":"https:\/\/tuzlainfo.ba\/index.php\/wp-json\/wp\/v2\/users\/2"}],"replies":[{"embeddable":true,"href":"https:\/\/tuzlainfo.ba\/index.php\/wp-json\/wp\/v2\/comments?post=249450"}],"version-history":[{"count":1,"href":"https:\/\/tuzlainfo.ba\/index.php\/wp-json\/wp\/v2\/posts\/249450\/revisions"}],"predecessor-version":[{"id":249452,"href":"https:\/\/tuzlainfo.ba\/index.php\/wp-json\/wp\/v2\/posts\/249450\/revisions\/249452"}],"wp:featuredmedia":[{"embeddable":true,"href":"https:\/\/tuzlainfo.ba\/index.php\/wp-json\/wp\/v2\/media\/67688"}],"wp:attachment":[{"href":"https:\/\/tuzlainfo.ba\/index.php\/wp-json\/wp\/v2\/media?parent=249450"}],"wp:term":[{"taxonomy":"category","embeddable":true,"href":"https:\/\/tuzlainfo.ba\/index.php\/wp-json\/wp\/v2\/categories?post=249450"},{"taxonomy":"post_tag","embeddable":true,"href":"https:\/\/tuzlainfo.ba\/index.php\/wp-json\/wp\/v2\/tags?post=249450"}],"curies":[{"name":"wp","href":"https:\/\/api.w.org\/{rel}","templated":true}]}}