{"id":249179,"date":"2024-09-10T20:10:56","date_gmt":"2024-09-10T18:10:56","guid":{"rendered":"https:\/\/tuzlainfo.ba\/?p=249179"},"modified":"2024-09-10T14:23:30","modified_gmt":"2024-09-10T12:23:30","slug":"uprkos-inflaciji-i-brojnim-izazovima-porastao-broja-obrta-u-tk","status":"publish","type":"post","link":"https:\/\/tuzlainfo.ba\/index.php\/istaknuto\/item\/249179-uprkos-inflaciji-i-brojnim-izazovima-porastao-broja-obrta-u-tk\/","title":{"rendered":"Uprkos inflaciji i brojnim izazovima: Porastao broja obrta u TK"},"content":{"rendered":"<p>U Tuzlanskom kantonu ukupno je registrirano preko 11.000 obrta, \u0161to \u010dini 20 posto u ukupnom broju obrta u Federaciji. Najve\u0107i broj zabilje\u017een je 2018. godine, nakon toga desio se pad zbog koronavirusa. No posljednih nekoliko godina stanje se popravilo. Ipak, nije lako, ka\u017eu, rad im ote\u017eava trenutna inflacija.<\/p>\n<p>Iako je vrijeme inflacije i o\u010dekivan je te\u017ei rad i poslovanje obrtnika, u Tuzlanskom kantonu se godinama pove\u0107ava broj prijavljenih obrta, pa je tako u prethodnoj godini pokrenuto 545 novih obrta, uga\u0161eno je 337, a rad 27 je privremeno obustavljen. Kako za Federalnu.ba navode iz Obrtni\u010dke komore TK, stanje u Kantonu je zadovoljavaju\u0107e.<\/p>\n<p>&#8220;Kao Obrtni\u010dka komora, trudimo se utjecati raznim inicijativama na vi\u0161e nivoe vlasti kako bismo na\u0161im obrtnicima omogu\u0107ili povoljan ambijent za poslovanje&#8221;, ka\u017ee sekretarka Obrtni\u010dke komore TK-a Belma Mujki\u0107.<\/p>\n<p>Iz Ministarstva privrede TK-a navode da se svake godine odre\u0111eni iznos sredstava izdvoji za podr\u0161ku malim preduze\u0107ima i obrtnicima, pored drugih aktivnosti podr\u0161ke, a ove godine je bud\u017eet ne\u0161to ve\u0107i i iznosi \u010detiri i po miliona konvertibilnih maraka. Trenutno je ovaj projekt u fazi izrade, a nakon toga \u0107e biti raspisan javni poziv za obrtnike.<\/p>\n<p>&#8220;Njime smo predvidjeli podr\u017eavanje nabavke opreme i alata za obrte i imamo u planu jedan novi projekat koji nismo dugi niz godina odr\u017eavali &#8211; podr\u0161ka novoosnovanim obrtima&#8221;, navodi sekretar Ministarstva privrede TK-a Edin Ni\u0161i\u0107.<\/p>\n<p>Armin Hercegovac je mladi\u0107 koji je pokrenuo svoj obrt, ta\u010dnije, mu\u0161ki frizerski salon prije godinu, a radom je izuzetno zadovoljan, iako ekonomsko stanje u dr\u017eavi nije idealno. Redovno prati pozive podr\u0161ke za obrtnike te se na njih prijavljuje.<\/p>\n<p>&#8220;Sad sam se prijavio na jedan siguran start-up, a prije 3-4 mjeseca sam ve\u0107 jedan pro\u0161ao i imali smo podr\u0161ku svi kao obrtnici od Grada Tuzla&#8221;, ka\u017ee on.<\/p>\n<p>Jedna od najva\u017enijih stvari kod prijavljivanja na javne pozive, ka\u017eu iz Ministarstva, jeste da kandidati pregledaju svu dokumentaciju koju su pripremili, jer se vrlo \u010desto de\u0161ava da projekti ne budu prihva\u0107eni zbog nepotpune ili pogre\u0161ne dokumentacije.<\/p>\n<p>&nbsp;<\/p>\n","protected":false},"excerpt":{"rendered":"<p>U Tuzlanskom kantonu ukupno je registrirano preko 11.000 obrta, \u0161to \u010dini 20 posto u ukupnom&hellip;<\/p>\n","protected":false},"author":4,"featured_media":238424,"comment_status":"closed","ping_status":"closed","sticky":false,"template":"","format":"standard","meta":{"_acf_changed":false,"footnotes":""},"categories":[304,12],"tags":[10954,360],"acf":[],"yoast_head":"<!-- This site is optimized with the Yoast SEO plugin v23.5 - https:\/\/yoast.com\/wordpress\/plugins\/seo\/ -->\n<title>Uprkos inflaciji i brojnim izazovima: Porastao broja obrta u TK - TuzlaInfo.ba<\/title>\n<meta name=\"robots\" content=\"index, follow, max-snippet:-1, max-image-preview:large, max-video-preview:-1\" \/>\n<link rel=\"canonical\" href=\"https:\/\/tuzlainfo.ba\/index.php\/istaknuto\/item\/249179-uprkos-inflaciji-i-brojnim-izazovima-porastao-broja-obrta-u-tk\/\" \/>\n<meta property=\"og:locale\" content=\"bs_BA\" \/>\n<meta property=\"og:type\" content=\"article\" \/>\n<meta property=\"og:title\" content=\"Uprkos inflaciji i brojnim izazovima: Porastao broja obrta u TK - TuzlaInfo.ba\" \/>\n<meta property=\"og:description\" content=\"U Tuzlanskom kantonu ukupno je registrirano preko 11.000 obrta, \u0161to \u010dini 20 posto u ukupnom&hellip;\" \/>\n<meta property=\"og:url\" content=\"https:\/\/tuzlainfo.ba\/index.php\/istaknuto\/item\/249179-uprkos-inflaciji-i-brojnim-izazovima-porastao-broja-obrta-u-tk\/\" \/>\n<meta property=\"og:site_name\" content=\"TuzlaInfo.ba\" \/>\n<meta property=\"article:publisher\" content=\"https:\/\/www.facebook.com\/tuzlainfo.ba\/\" \/>\n<meta property=\"article:published_time\" content=\"2024-09-10T18:10:56+00:00\" \/>\n<meta property=\"article:modified_time\" content=\"2024-09-10T12:23:30+00:00\" \/>\n<meta property=\"og:image\" content=\"https:\/\/tuzlainfo.ba\/wp-content\/uploads\/2024\/05\/frizer2.jpg\" \/>\n\t<meta property=\"og:image:width\" content=\"1600\" \/>\n\t<meta property=\"og:image:height\" content=\"1205\" \/>\n\t<meta property=\"og:image:type\" content=\"image\/jpeg\" \/>\n<meta name=\"author\" content=\"Tuzla Info\" \/>\n<meta name=\"twitter:card\" content=\"summary_large_image\" \/>\n<meta name=\"twitter:label1\" content=\"Written by\" \/>\n\t<meta name=\"twitter:data1\" content=\"Tuzla Info\" \/>\n\t<meta name=\"twitter:label2\" content=\"Est. reading time\" \/>\n\t<meta name=\"twitter:data2\" content=\"2 minute\" \/>\n<script type=\"application\/ld+json\" class=\"yoast-schema-graph\">{\"@context\":\"https:\/\/schema.org\",\"@graph\":[{\"@type\":\"Article\",\"@id\":\"https:\/\/tuzlainfo.ba\/index.php\/istaknuto\/item\/249179-uprkos-inflaciji-i-brojnim-izazovima-porastao-broja-obrta-u-tk\/#article\",\"isPartOf\":{\"@id\":\"https:\/\/tuzlainfo.ba\/index.php\/istaknuto\/item\/249179-uprkos-inflaciji-i-brojnim-izazovima-porastao-broja-obrta-u-tk\/\"},\"author\":{\"name\":\"Tuzla Info\",\"@id\":\"https:\/\/tuzlainfo.ba\/#\/schema\/person\/46cad4c57790cbc50781edd14870825a\"},\"headline\":\"Uprkos inflaciji i brojnim izazovima: Porastao broja obrta u TK\",\"datePublished\":\"2024-09-10T18:10:56+00:00\",\"dateModified\":\"2024-09-10T12:23:30+00:00\",\"mainEntityOfPage\":{\"@id\":\"https:\/\/tuzlainfo.ba\/index.php\/istaknuto\/item\/249179-uprkos-inflaciji-i-brojnim-izazovima-porastao-broja-obrta-u-tk\/\"},\"wordCount\":365,\"publisher\":{\"@id\":\"https:\/\/tuzlainfo.ba\/#organization\"},\"image\":{\"@id\":\"https:\/\/tuzlainfo.ba\/index.php\/istaknuto\/item\/249179-uprkos-inflaciji-i-brojnim-izazovima-porastao-broja-obrta-u-tk\/#primaryimage\"},\"thumbnailUrl\":\"https:\/\/tuzlainfo.ba\/wp-content\/uploads\/2024\/05\/frizer2.jpg\",\"keywords\":[\"obrti\",\"tuzlanski kanton\"],\"articleSection\":[\"Istaknuto\",\"Novosti\"],\"inLanguage\":\"bs-BA\"},{\"@type\":\"WebPage\",\"@id\":\"https:\/\/tuzlainfo.ba\/index.php\/istaknuto\/item\/249179-uprkos-inflaciji-i-brojnim-izazovima-porastao-broja-obrta-u-tk\/\",\"url\":\"https:\/\/tuzlainfo.ba\/index.php\/istaknuto\/item\/249179-uprkos-inflaciji-i-brojnim-izazovima-porastao-broja-obrta-u-tk\/\",\"name\":\"Uprkos inflaciji i brojnim izazovima: Porastao broja obrta u TK - TuzlaInfo.ba\",\"isPartOf\":{\"@id\":\"https:\/\/tuzlainfo.ba\/#website\"},\"primaryImageOfPage\":{\"@id\":\"https:\/\/tuzlainfo.ba\/index.php\/istaknuto\/item\/249179-uprkos-inflaciji-i-brojnim-izazovima-porastao-broja-obrta-u-tk\/#primaryimage\"},\"image\":{\"@id\":\"https:\/\/tuzlainfo.ba\/index.php\/istaknuto\/item\/249179-uprkos-inflaciji-i-brojnim-izazovima-porastao-broja-obrta-u-tk\/#primaryimage\"},\"thumbnailUrl\":\"https:\/\/tuzlainfo.ba\/wp-content\/uploads\/2024\/05\/frizer2.jpg\",\"datePublished\":\"2024-09-10T18:10:56+00:00\",\"dateModified\":\"2024-09-10T12:23:30+00:00\",\"breadcrumb\":{\"@id\":\"https:\/\/tuzlainfo.ba\/index.php\/istaknuto\/item\/249179-uprkos-inflaciji-i-brojnim-izazovima-porastao-broja-obrta-u-tk\/#breadcrumb\"},\"inLanguage\":\"bs-BA\",\"potentialAction\":[{\"@type\":\"ReadAction\",\"target\":[\"https:\/\/tuzlainfo.ba\/index.php\/istaknuto\/item\/249179-uprkos-inflaciji-i-brojnim-izazovima-porastao-broja-obrta-u-tk\/\"]}]},{\"@type\":\"ImageObject\",\"inLanguage\":\"bs-BA\",\"@id\":\"https:\/\/tuzlainfo.ba\/index.php\/istaknuto\/item\/249179-uprkos-inflaciji-i-brojnim-izazovima-porastao-broja-obrta-u-tk\/#primaryimage\",\"url\":\"https:\/\/tuzlainfo.ba\/wp-content\/uploads\/2024\/05\/frizer2.jpg\",\"contentUrl\":\"https:\/\/tuzlainfo.ba\/wp-content\/uploads\/2024\/05\/frizer2.jpg\",\"width\":1600,\"height\":1205},{\"@type\":\"BreadcrumbList\",\"@id\":\"https:\/\/tuzlainfo.ba\/index.php\/istaknuto\/item\/249179-uprkos-inflaciji-i-brojnim-izazovima-porastao-broja-obrta-u-tk\/#breadcrumb\",\"itemListElement\":[{\"@type\":\"ListItem\",\"position\":1,\"name\":\"Home\",\"item\":\"https:\/\/tuzlainfo.ba\/\"},{\"@type\":\"ListItem\",\"position\":2,\"name\":\"Uprkos inflaciji i brojnim izazovima: Porastao broja obrta u TK\"}]},{\"@type\":\"WebSite\",\"@id\":\"https:\/\/tuzlainfo.ba\/#website\",\"url\":\"https:\/\/tuzlainfo.ba\/\",\"name\":\"TuzlaInfo.ba\",\"description\":\"Tuzla info, gradski informator - Tuzla na dlanu\",\"publisher\":{\"@id\":\"https:\/\/tuzlainfo.ba\/#organization\"},\"potentialAction\":[{\"@type\":\"SearchAction\",\"target\":{\"@type\":\"EntryPoint\",\"urlTemplate\":\"https:\/\/tuzlainfo.ba\/?s={search_term_string}\"},\"query-input\":{\"@type\":\"PropertyValueSpecification\",\"valueRequired\":true,\"valueName\":\"search_term_string\"}}],\"inLanguage\":\"bs-BA\"},{\"@type\":\"Organization\",\"@id\":\"https:\/\/tuzlainfo.ba\/#organization\",\"name\":\"TuzlaInfo.ba\",\"url\":\"https:\/\/tuzlainfo.ba\/\",\"logo\":{\"@type\":\"ImageObject\",\"inLanguage\":\"bs-BA\",\"@id\":\"https:\/\/tuzlainfo.ba\/#\/schema\/logo\/image\/\",\"url\":\"https:\/\/tuzlainfo.ba\/wp-content\/uploads\/2021\/03\/logo-ver-3-1.png\",\"contentUrl\":\"https:\/\/tuzlainfo.ba\/wp-content\/uploads\/2021\/03\/logo-ver-3-1.png\",\"width\":350,\"height\":95,\"caption\":\"TuzlaInfo.ba\"},\"image\":{\"@id\":\"https:\/\/tuzlainfo.ba\/#\/schema\/logo\/image\/\"},\"sameAs\":[\"https:\/\/www.facebook.com\/tuzlainfo.ba\/\"]},{\"@type\":\"Person\",\"@id\":\"https:\/\/tuzlainfo.ba\/#\/schema\/person\/46cad4c57790cbc50781edd14870825a\",\"name\":\"Tuzla Info\",\"image\":{\"@type\":\"ImageObject\",\"inLanguage\":\"bs-BA\",\"@id\":\"https:\/\/tuzlainfo.ba\/#\/schema\/person\/image\/\",\"url\":\"https:\/\/tuzlainfo.ba\/wp-content\/litespeed\/avatar\/b6c453a6c38e3654f2e4416c643fc25c.jpg?ver=1777051911\",\"contentUrl\":\"https:\/\/tuzlainfo.ba\/wp-content\/litespeed\/avatar\/b6c453a6c38e3654f2e4416c643fc25c.jpg?ver=1777051911\",\"caption\":\"Tuzla Info\"}}]}<\/script>\n<!-- \/ Yoast SEO plugin. -->","yoast_head_json":{"title":"Uprkos inflaciji i brojnim izazovima: Porastao broja obrta u TK - TuzlaInfo.ba","robots":{"index":"index","follow":"follow","max-snippet":"max-snippet:-1","max-image-preview":"max-image-preview:large","max-video-preview":"max-video-preview:-1"},"canonical":"https:\/\/tuzlainfo.ba\/index.php\/istaknuto\/item\/249179-uprkos-inflaciji-i-brojnim-izazovima-porastao-broja-obrta-u-tk\/","og_locale":"bs_BA","og_type":"article","og_title":"Uprkos inflaciji i brojnim izazovima: Porastao broja obrta u TK - TuzlaInfo.ba","og_description":"U Tuzlanskom kantonu ukupno je registrirano preko 11.000 obrta, \u0161to \u010dini 20 posto u ukupnom&hellip;","og_url":"https:\/\/tuzlainfo.ba\/index.php\/istaknuto\/item\/249179-uprkos-inflaciji-i-brojnim-izazovima-porastao-broja-obrta-u-tk\/","og_site_name":"TuzlaInfo.ba","article_publisher":"https:\/\/www.facebook.com\/tuzlainfo.ba\/","article_published_time":"2024-09-10T18:10:56+00:00","article_modified_time":"2024-09-10T12:23:30+00:00","og_image":[{"width":1600,"height":1205,"url":"https:\/\/tuzlainfo.ba\/wp-content\/uploads\/2024\/05\/frizer2.jpg","type":"image\/jpeg"}],"author":"Tuzla Info","twitter_card":"summary_large_image","twitter_misc":{"Written by":"Tuzla Info","Est. reading time":"2 minute"},"schema":{"@context":"https:\/\/schema.org","@graph":[{"@type":"Article","@id":"https:\/\/tuzlainfo.ba\/index.php\/istaknuto\/item\/249179-uprkos-inflaciji-i-brojnim-izazovima-porastao-broja-obrta-u-tk\/#article","isPartOf":{"@id":"https:\/\/tuzlainfo.ba\/index.php\/istaknuto\/item\/249179-uprkos-inflaciji-i-brojnim-izazovima-porastao-broja-obrta-u-tk\/"},"author":{"name":"Tuzla Info","@id":"https:\/\/tuzlainfo.ba\/#\/schema\/person\/46cad4c57790cbc50781edd14870825a"},"headline":"Uprkos inflaciji i brojnim izazovima: Porastao broja obrta u TK","datePublished":"2024-09-10T18:10:56+00:00","dateModified":"2024-09-10T12:23:30+00:00","mainEntityOfPage":{"@id":"https:\/\/tuzlainfo.ba\/index.php\/istaknuto\/item\/249179-uprkos-inflaciji-i-brojnim-izazovima-porastao-broja-obrta-u-tk\/"},"wordCount":365,"publisher":{"@id":"https:\/\/tuzlainfo.ba\/#organization"},"image":{"@id":"https:\/\/tuzlainfo.ba\/index.php\/istaknuto\/item\/249179-uprkos-inflaciji-i-brojnim-izazovima-porastao-broja-obrta-u-tk\/#primaryimage"},"thumbnailUrl":"https:\/\/tuzlainfo.ba\/wp-content\/uploads\/2024\/05\/frizer2.jpg","keywords":["obrti","tuzlanski kanton"],"articleSection":["Istaknuto","Novosti"],"inLanguage":"bs-BA"},{"@type":"WebPage","@id":"https:\/\/tuzlainfo.ba\/index.php\/istaknuto\/item\/249179-uprkos-inflaciji-i-brojnim-izazovima-porastao-broja-obrta-u-tk\/","url":"https:\/\/tuzlainfo.ba\/index.php\/istaknuto\/item\/249179-uprkos-inflaciji-i-brojnim-izazovima-porastao-broja-obrta-u-tk\/","name":"Uprkos inflaciji i brojnim izazovima: Porastao broja obrta u TK - TuzlaInfo.ba","isPartOf":{"@id":"https:\/\/tuzlainfo.ba\/#website"},"primaryImageOfPage":{"@id":"https:\/\/tuzlainfo.ba\/index.php\/istaknuto\/item\/249179-uprkos-inflaciji-i-brojnim-izazovima-porastao-broja-obrta-u-tk\/#primaryimage"},"image":{"@id":"https:\/\/tuzlainfo.ba\/index.php\/istaknuto\/item\/249179-uprkos-inflaciji-i-brojnim-izazovima-porastao-broja-obrta-u-tk\/#primaryimage"},"thumbnailUrl":"https:\/\/tuzlainfo.ba\/wp-content\/uploads\/2024\/05\/frizer2.jpg","datePublished":"2024-09-10T18:10:56+00:00","dateModified":"2024-09-10T12:23:30+00:00","breadcrumb":{"@id":"https:\/\/tuzlainfo.ba\/index.php\/istaknuto\/item\/249179-uprkos-inflaciji-i-brojnim-izazovima-porastao-broja-obrta-u-tk\/#breadcrumb"},"inLanguage":"bs-BA","potentialAction":[{"@type":"ReadAction","target":["https:\/\/tuzlainfo.ba\/index.php\/istaknuto\/item\/249179-uprkos-inflaciji-i-brojnim-izazovima-porastao-broja-obrta-u-tk\/"]}]},{"@type":"ImageObject","inLanguage":"bs-BA","@id":"https:\/\/tuzlainfo.ba\/index.php\/istaknuto\/item\/249179-uprkos-inflaciji-i-brojnim-izazovima-porastao-broja-obrta-u-tk\/#primaryimage","url":"https:\/\/tuzlainfo.ba\/wp-content\/uploads\/2024\/05\/frizer2.jpg","contentUrl":"https:\/\/tuzlainfo.ba\/wp-content\/uploads\/2024\/05\/frizer2.jpg","width":1600,"height":1205},{"@type":"BreadcrumbList","@id":"https:\/\/tuzlainfo.ba\/index.php\/istaknuto\/item\/249179-uprkos-inflaciji-i-brojnim-izazovima-porastao-broja-obrta-u-tk\/#breadcrumb","itemListElement":[{"@type":"ListItem","position":1,"name":"Home","item":"https:\/\/tuzlainfo.ba\/"},{"@type":"ListItem","position":2,"name":"Uprkos inflaciji i brojnim izazovima: Porastao broja obrta u TK"}]},{"@type":"WebSite","@id":"https:\/\/tuzlainfo.ba\/#website","url":"https:\/\/tuzlainfo.ba\/","name":"TuzlaInfo.ba","description":"Tuzla info, gradski informator - Tuzla na dlanu","publisher":{"@id":"https:\/\/tuzlainfo.ba\/#organization"},"potentialAction":[{"@type":"SearchAction","target":{"@type":"EntryPoint","urlTemplate":"https:\/\/tuzlainfo.ba\/?s={search_term_string}"},"query-input":{"@type":"PropertyValueSpecification","valueRequired":true,"valueName":"search_term_string"}}],"inLanguage":"bs-BA"},{"@type":"Organization","@id":"https:\/\/tuzlainfo.ba\/#organization","name":"TuzlaInfo.ba","url":"https:\/\/tuzlainfo.ba\/","logo":{"@type":"ImageObject","inLanguage":"bs-BA","@id":"https:\/\/tuzlainfo.ba\/#\/schema\/logo\/image\/","url":"https:\/\/tuzlainfo.ba\/wp-content\/uploads\/2021\/03\/logo-ver-3-1.png","contentUrl":"https:\/\/tuzlainfo.ba\/wp-content\/uploads\/2021\/03\/logo-ver-3-1.png","width":350,"height":95,"caption":"TuzlaInfo.ba"},"image":{"@id":"https:\/\/tuzlainfo.ba\/#\/schema\/logo\/image\/"},"sameAs":["https:\/\/www.facebook.com\/tuzlainfo.ba\/"]},{"@type":"Person","@id":"https:\/\/tuzlainfo.ba\/#\/schema\/person\/46cad4c57790cbc50781edd14870825a","name":"Tuzla Info","image":{"@type":"ImageObject","inLanguage":"bs-BA","@id":"https:\/\/tuzlainfo.ba\/#\/schema\/person\/image\/","url":"https:\/\/tuzlainfo.ba\/wp-content\/litespeed\/avatar\/b6c453a6c38e3654f2e4416c643fc25c.jpg?ver=1777051911","contentUrl":"https:\/\/tuzlainfo.ba\/wp-content\/litespeed\/avatar\/b6c453a6c38e3654f2e4416c643fc25c.jpg?ver=1777051911","caption":"Tuzla Info"}}]}},"_links":{"self":[{"href":"https:\/\/tuzlainfo.ba\/index.php\/wp-json\/wp\/v2\/posts\/249179"}],"collection":[{"href":"https:\/\/tuzlainfo.ba\/index.php\/wp-json\/wp\/v2\/posts"}],"about":[{"href":"https:\/\/tuzlainfo.ba\/index.php\/wp-json\/wp\/v2\/types\/post"}],"author":[{"embeddable":true,"href":"https:\/\/tuzlainfo.ba\/index.php\/wp-json\/wp\/v2\/users\/4"}],"replies":[{"embeddable":true,"href":"https:\/\/tuzlainfo.ba\/index.php\/wp-json\/wp\/v2\/comments?post=249179"}],"version-history":[{"count":1,"href":"https:\/\/tuzlainfo.ba\/index.php\/wp-json\/wp\/v2\/posts\/249179\/revisions"}],"predecessor-version":[{"id":249180,"href":"https:\/\/tuzlainfo.ba\/index.php\/wp-json\/wp\/v2\/posts\/249179\/revisions\/249180"}],"wp:featuredmedia":[{"embeddable":true,"href":"https:\/\/tuzlainfo.ba\/index.php\/wp-json\/wp\/v2\/media\/238424"}],"wp:attachment":[{"href":"https:\/\/tuzlainfo.ba\/index.php\/wp-json\/wp\/v2\/media?parent=249179"}],"wp:term":[{"taxonomy":"category","embeddable":true,"href":"https:\/\/tuzlainfo.ba\/index.php\/wp-json\/wp\/v2\/categories?post=249179"},{"taxonomy":"post_tag","embeddable":true,"href":"https:\/\/tuzlainfo.ba\/index.php\/wp-json\/wp\/v2\/tags?post=249179"}],"curies":[{"name":"wp","href":"https:\/\/api.w.org\/{rel}","templated":true}]}}