{"id":249173,"date":"2024-09-10T09:08:34","date_gmt":"2024-09-10T07:08:34","guid":{"rendered":"https:\/\/tuzlainfo.ba\/?p=249173"},"modified":"2024-09-10T07:52:04","modified_gmt":"2024-09-10T05:52:04","slug":"liga-nacija-fudbaleri-bih-veceras-protiv-madjarske","status":"publish","type":"post","link":"https:\/\/tuzlainfo.ba\/index.php\/istaknuto\/item\/249173-liga-nacija-fudbaleri-bih-veceras-protiv-madjarske\/","title":{"rendered":"Liga nacija: Fudbaleri BiH ve\u010deras protiv Ma\u0111arske"},"content":{"rendered":"<p id=\"excerpt\" class=\"mt-5 md:mt-0 xl:mt-0 mb-5 font-sans font-semibold text-lg lg:text-xl leading-6 md:leading-7\"><span class=\"lead pt-0\">Fudbaeri Bosne i Hercegovine ve\u010deras igraju svoju drugu utakmicu u novoj sezoni Lige nacija sa selekcijom Ma\u0111arske.<\/span><\/p>\n<div id=\"intext_container\" class=\"dark:bg-dark_light\">\n<div id=\"ads_intext\" class=\"mx-auto py-1\" data-google-query-id=\"CJ6cn9TWt4gDFaW4_QcdEscLNQ\">\n<p>Ova utakmica bit \u0107e najmjerodavniji ispit do sada za novog selektora Sergeja Barbareza, pod \u010dijim su vodstvom Zmajevi do sada igrali samo protiv velesila poput Engleske (poraz 3:0), Italije (poraz 1:0) i Nizozemske (poraz 5:2).<\/p>\n<p>Barbarez je najavio da \u0107e na\u0161 tim poku\u0161ati igrati svoju igru, ali da je apsolutno odu\u0161evljen Ma\u0111arima koji su odli\u010dna selekcija uprkos te\u0161kom porazu od Njema\u010dke 5:0 prije nekoliko dana.<\/p>\n<p>&#8220;Sigurno da imamo ideju kako da igramo protiv svakog protivnika, bez obzira s kim igramo i na\u0161 cilj je da imamo &#8216;svoje lice&#8217;. Ma\u0111arska je dobra reprezentacija i zaslu\u017euje ozbiljan respekt. Ma\u0111arska je sigurno bolja od nas, ali vjerujemo da mo\u017eemo pru\u017eiti dobru partiju. Ma\u0111arska me odu\u0161evila na Euru. Trka\u010dki, takti\u010dki i u svakom segmentu su favoriti protiv BiH&#8221;, tvrdi Barbarez, prenosi Klix.ba.<\/p>\n<div class=\"lg:max-w-2xl lg:mx-auto mt-3 text-lg md:text-xl mb-3 leading-6 md:leading-8 dark:text-gray-200\">\n<p>Utakmica Ma\u0111arska &#8211; Bosna i Hercegovina igra se od 20:45 sati na Pu\u0161ka\u0161 Areni u Budimpe\u0161ti, televizijski prijenos je na BHT1.<\/p>\n<\/div>\n<\/div>\n<\/div>\n","protected":false},"excerpt":{"rendered":"<p>Fudbaeri Bosne i Hercegovine ve\u010deras igraju svoju drugu utakmicu u novoj sezoni Lige nacija sa&hellip;<\/p>\n","protected":false},"author":4,"featured_media":248985,"comment_status":"closed","ping_status":"closed","sticky":false,"template":"","format":"standard","meta":{"_acf_changed":false,"footnotes":""},"categories":[291,304],"tags":[3293,915],"acf":[],"yoast_head":"<!-- This site is optimized with the Yoast SEO plugin v23.5 - https:\/\/yoast.com\/wordpress\/plugins\/seo\/ -->\n<title>Liga nacija: Fudbaleri BiH ve\u010deras protiv Ma\u0111arske - TuzlaInfo.ba<\/title>\n<meta name=\"robots\" content=\"index, follow, max-snippet:-1, max-image-preview:large, max-video-preview:-1\" \/>\n<link rel=\"canonical\" href=\"https:\/\/tuzlainfo.ba\/index.php\/istaknuto\/item\/249173-liga-nacija-fudbaleri-bih-veceras-protiv-madjarske\/\" \/>\n<meta property=\"og:locale\" content=\"bs_BA\" \/>\n<meta property=\"og:type\" content=\"article\" \/>\n<meta property=\"og:title\" content=\"Liga nacija: Fudbaleri BiH ve\u010deras protiv Ma\u0111arske - TuzlaInfo.ba\" \/>\n<meta property=\"og:description\" content=\"Fudbaeri Bosne i Hercegovine ve\u010deras igraju svoju drugu utakmicu u novoj sezoni Lige nacija sa&hellip;\" \/>\n<meta property=\"og:url\" content=\"https:\/\/tuzlainfo.ba\/index.php\/istaknuto\/item\/249173-liga-nacija-fudbaleri-bih-veceras-protiv-madjarske\/\" \/>\n<meta property=\"og:site_name\" content=\"TuzlaInfo.ba\" \/>\n<meta property=\"article:publisher\" content=\"https:\/\/www.facebook.com\/tuzlainfo.ba\/\" \/>\n<meta property=\"article:published_time\" content=\"2024-09-10T07:08:34+00:00\" \/>\n<meta property=\"article:modified_time\" content=\"2024-09-10T05:52:04+00:00\" \/>\n<meta property=\"og:image\" content=\"https:\/\/tuzlainfo.ba\/wp-content\/uploads\/2024\/09\/0709_fudbalska-reprezentacija.jpg\" \/>\n\t<meta property=\"og:image:width\" content=\"1000\" \/>\n\t<meta property=\"og:image:height\" content=\"666\" \/>\n\t<meta property=\"og:image:type\" content=\"image\/jpeg\" \/>\n<meta name=\"author\" content=\"Tuzla Info\" \/>\n<meta name=\"twitter:card\" content=\"summary_large_image\" \/>\n<meta name=\"twitter:label1\" content=\"Written by\" \/>\n\t<meta name=\"twitter:data1\" content=\"Tuzla Info\" \/>\n\t<meta name=\"twitter:label2\" content=\"Est. reading time\" \/>\n\t<meta name=\"twitter:data2\" content=\"2 minute\" \/>\n<script type=\"application\/ld+json\" class=\"yoast-schema-graph\">{\"@context\":\"https:\/\/schema.org\",\"@graph\":[{\"@type\":\"Article\",\"@id\":\"https:\/\/tuzlainfo.ba\/index.php\/istaknuto\/item\/249173-liga-nacija-fudbaleri-bih-veceras-protiv-madjarske\/#article\",\"isPartOf\":{\"@id\":\"https:\/\/tuzlainfo.ba\/index.php\/istaknuto\/item\/249173-liga-nacija-fudbaleri-bih-veceras-protiv-madjarske\/\"},\"author\":{\"name\":\"Tuzla Info\",\"@id\":\"https:\/\/tuzlainfo.ba\/#\/schema\/person\/46cad4c57790cbc50781edd14870825a\"},\"headline\":\"Liga nacija: Fudbaleri BiH ve\u010deras protiv Ma\u0111arske\",\"datePublished\":\"2024-09-10T07:08:34+00:00\",\"dateModified\":\"2024-09-10T05:52:04+00:00\",\"mainEntityOfPage\":{\"@id\":\"https:\/\/tuzlainfo.ba\/index.php\/istaknuto\/item\/249173-liga-nacija-fudbaleri-bih-veceras-protiv-madjarske\/\"},\"wordCount\":191,\"publisher\":{\"@id\":\"https:\/\/tuzlainfo.ba\/#organization\"},\"image\":{\"@id\":\"https:\/\/tuzlainfo.ba\/index.php\/istaknuto\/item\/249173-liga-nacija-fudbaleri-bih-veceras-protiv-madjarske\/#primaryimage\"},\"thumbnailUrl\":\"https:\/\/tuzlainfo.ba\/wp-content\/uploads\/2024\/09\/0709_fudbalska-reprezentacija.jpg\",\"keywords\":[\"BiH reprezentacija\",\"sport\"],\"articleSection\":[\"Bosna i Hercegovina\",\"Istaknuto\"],\"inLanguage\":\"bs-BA\"},{\"@type\":\"WebPage\",\"@id\":\"https:\/\/tuzlainfo.ba\/index.php\/istaknuto\/item\/249173-liga-nacija-fudbaleri-bih-veceras-protiv-madjarske\/\",\"url\":\"https:\/\/tuzlainfo.ba\/index.php\/istaknuto\/item\/249173-liga-nacija-fudbaleri-bih-veceras-protiv-madjarske\/\",\"name\":\"Liga nacija: Fudbaleri BiH ve\u010deras protiv Ma\u0111arske - TuzlaInfo.ba\",\"isPartOf\":{\"@id\":\"https:\/\/tuzlainfo.ba\/#website\"},\"primaryImageOfPage\":{\"@id\":\"https:\/\/tuzlainfo.ba\/index.php\/istaknuto\/item\/249173-liga-nacija-fudbaleri-bih-veceras-protiv-madjarske\/#primaryimage\"},\"image\":{\"@id\":\"https:\/\/tuzlainfo.ba\/index.php\/istaknuto\/item\/249173-liga-nacija-fudbaleri-bih-veceras-protiv-madjarske\/#primaryimage\"},\"thumbnailUrl\":\"https:\/\/tuzlainfo.ba\/wp-content\/uploads\/2024\/09\/0709_fudbalska-reprezentacija.jpg\",\"datePublished\":\"2024-09-10T07:08:34+00:00\",\"dateModified\":\"2024-09-10T05:52:04+00:00\",\"breadcrumb\":{\"@id\":\"https:\/\/tuzlainfo.ba\/index.php\/istaknuto\/item\/249173-liga-nacija-fudbaleri-bih-veceras-protiv-madjarske\/#breadcrumb\"},\"inLanguage\":\"bs-BA\",\"potentialAction\":[{\"@type\":\"ReadAction\",\"target\":[\"https:\/\/tuzlainfo.ba\/index.php\/istaknuto\/item\/249173-liga-nacija-fudbaleri-bih-veceras-protiv-madjarske\/\"]}]},{\"@type\":\"ImageObject\",\"inLanguage\":\"bs-BA\",\"@id\":\"https:\/\/tuzlainfo.ba\/index.php\/istaknuto\/item\/249173-liga-nacija-fudbaleri-bih-veceras-protiv-madjarske\/#primaryimage\",\"url\":\"https:\/\/tuzlainfo.ba\/wp-content\/uploads\/2024\/09\/0709_fudbalska-reprezentacija.jpg\",\"contentUrl\":\"https:\/\/tuzlainfo.ba\/wp-content\/uploads\/2024\/09\/0709_fudbalska-reprezentacija.jpg\",\"width\":1000,\"height\":666},{\"@type\":\"BreadcrumbList\",\"@id\":\"https:\/\/tuzlainfo.ba\/index.php\/istaknuto\/item\/249173-liga-nacija-fudbaleri-bih-veceras-protiv-madjarske\/#breadcrumb\",\"itemListElement\":[{\"@type\":\"ListItem\",\"position\":1,\"name\":\"Home\",\"item\":\"https:\/\/tuzlainfo.ba\/\"},{\"@type\":\"ListItem\",\"position\":2,\"name\":\"Liga nacija: Fudbaleri BiH ve\u010deras protiv Ma\u0111arske\"}]},{\"@type\":\"WebSite\",\"@id\":\"https:\/\/tuzlainfo.ba\/#website\",\"url\":\"https:\/\/tuzlainfo.ba\/\",\"name\":\"TuzlaInfo.ba\",\"description\":\"Tuzla info, gradski informator - Tuzla na dlanu\",\"publisher\":{\"@id\":\"https:\/\/tuzlainfo.ba\/#organization\"},\"potentialAction\":[{\"@type\":\"SearchAction\",\"target\":{\"@type\":\"EntryPoint\",\"urlTemplate\":\"https:\/\/tuzlainfo.ba\/?s={search_term_string}\"},\"query-input\":{\"@type\":\"PropertyValueSpecification\",\"valueRequired\":true,\"valueName\":\"search_term_string\"}}],\"inLanguage\":\"bs-BA\"},{\"@type\":\"Organization\",\"@id\":\"https:\/\/tuzlainfo.ba\/#organization\",\"name\":\"TuzlaInfo.ba\",\"url\":\"https:\/\/tuzlainfo.ba\/\",\"logo\":{\"@type\":\"ImageObject\",\"inLanguage\":\"bs-BA\",\"@id\":\"https:\/\/tuzlainfo.ba\/#\/schema\/logo\/image\/\",\"url\":\"https:\/\/tuzlainfo.ba\/wp-content\/uploads\/2021\/03\/logo-ver-3-1.png\",\"contentUrl\":\"https:\/\/tuzlainfo.ba\/wp-content\/uploads\/2021\/03\/logo-ver-3-1.png\",\"width\":350,\"height\":95,\"caption\":\"TuzlaInfo.ba\"},\"image\":{\"@id\":\"https:\/\/tuzlainfo.ba\/#\/schema\/logo\/image\/\"},\"sameAs\":[\"https:\/\/www.facebook.com\/tuzlainfo.ba\/\"]},{\"@type\":\"Person\",\"@id\":\"https:\/\/tuzlainfo.ba\/#\/schema\/person\/46cad4c57790cbc50781edd14870825a\",\"name\":\"Tuzla Info\",\"image\":{\"@type\":\"ImageObject\",\"inLanguage\":\"bs-BA\",\"@id\":\"https:\/\/tuzlainfo.ba\/#\/schema\/person\/image\/\",\"url\":\"https:\/\/tuzlainfo.ba\/wp-content\/litespeed\/avatar\/b6c453a6c38e3654f2e4416c643fc25c.jpg?ver=1777051911\",\"contentUrl\":\"https:\/\/tuzlainfo.ba\/wp-content\/litespeed\/avatar\/b6c453a6c38e3654f2e4416c643fc25c.jpg?ver=1777051911\",\"caption\":\"Tuzla Info\"}}]}<\/script>\n<!-- \/ Yoast SEO plugin. -->","yoast_head_json":{"title":"Liga nacija: Fudbaleri BiH ve\u010deras protiv Ma\u0111arske - TuzlaInfo.ba","robots":{"index":"index","follow":"follow","max-snippet":"max-snippet:-1","max-image-preview":"max-image-preview:large","max-video-preview":"max-video-preview:-1"},"canonical":"https:\/\/tuzlainfo.ba\/index.php\/istaknuto\/item\/249173-liga-nacija-fudbaleri-bih-veceras-protiv-madjarske\/","og_locale":"bs_BA","og_type":"article","og_title":"Liga nacija: Fudbaleri BiH ve\u010deras protiv Ma\u0111arske - TuzlaInfo.ba","og_description":"Fudbaeri Bosne i Hercegovine ve\u010deras igraju svoju drugu utakmicu u novoj sezoni Lige nacija sa&hellip;","og_url":"https:\/\/tuzlainfo.ba\/index.php\/istaknuto\/item\/249173-liga-nacija-fudbaleri-bih-veceras-protiv-madjarske\/","og_site_name":"TuzlaInfo.ba","article_publisher":"https:\/\/www.facebook.com\/tuzlainfo.ba\/","article_published_time":"2024-09-10T07:08:34+00:00","article_modified_time":"2024-09-10T05:52:04+00:00","og_image":[{"width":1000,"height":666,"url":"https:\/\/tuzlainfo.ba\/wp-content\/uploads\/2024\/09\/0709_fudbalska-reprezentacija.jpg","type":"image\/jpeg"}],"author":"Tuzla Info","twitter_card":"summary_large_image","twitter_misc":{"Written by":"Tuzla Info","Est. reading time":"2 minute"},"schema":{"@context":"https:\/\/schema.org","@graph":[{"@type":"Article","@id":"https:\/\/tuzlainfo.ba\/index.php\/istaknuto\/item\/249173-liga-nacija-fudbaleri-bih-veceras-protiv-madjarske\/#article","isPartOf":{"@id":"https:\/\/tuzlainfo.ba\/index.php\/istaknuto\/item\/249173-liga-nacija-fudbaleri-bih-veceras-protiv-madjarske\/"},"author":{"name":"Tuzla Info","@id":"https:\/\/tuzlainfo.ba\/#\/schema\/person\/46cad4c57790cbc50781edd14870825a"},"headline":"Liga nacija: Fudbaleri BiH ve\u010deras protiv Ma\u0111arske","datePublished":"2024-09-10T07:08:34+00:00","dateModified":"2024-09-10T05:52:04+00:00","mainEntityOfPage":{"@id":"https:\/\/tuzlainfo.ba\/index.php\/istaknuto\/item\/249173-liga-nacija-fudbaleri-bih-veceras-protiv-madjarske\/"},"wordCount":191,"publisher":{"@id":"https:\/\/tuzlainfo.ba\/#organization"},"image":{"@id":"https:\/\/tuzlainfo.ba\/index.php\/istaknuto\/item\/249173-liga-nacija-fudbaleri-bih-veceras-protiv-madjarske\/#primaryimage"},"thumbnailUrl":"https:\/\/tuzlainfo.ba\/wp-content\/uploads\/2024\/09\/0709_fudbalska-reprezentacija.jpg","keywords":["BiH reprezentacija","sport"],"articleSection":["Bosna i Hercegovina","Istaknuto"],"inLanguage":"bs-BA"},{"@type":"WebPage","@id":"https:\/\/tuzlainfo.ba\/index.php\/istaknuto\/item\/249173-liga-nacija-fudbaleri-bih-veceras-protiv-madjarske\/","url":"https:\/\/tuzlainfo.ba\/index.php\/istaknuto\/item\/249173-liga-nacija-fudbaleri-bih-veceras-protiv-madjarske\/","name":"Liga nacija: Fudbaleri BiH ve\u010deras protiv Ma\u0111arske - TuzlaInfo.ba","isPartOf":{"@id":"https:\/\/tuzlainfo.ba\/#website"},"primaryImageOfPage":{"@id":"https:\/\/tuzlainfo.ba\/index.php\/istaknuto\/item\/249173-liga-nacija-fudbaleri-bih-veceras-protiv-madjarske\/#primaryimage"},"image":{"@id":"https:\/\/tuzlainfo.ba\/index.php\/istaknuto\/item\/249173-liga-nacija-fudbaleri-bih-veceras-protiv-madjarske\/#primaryimage"},"thumbnailUrl":"https:\/\/tuzlainfo.ba\/wp-content\/uploads\/2024\/09\/0709_fudbalska-reprezentacija.jpg","datePublished":"2024-09-10T07:08:34+00:00","dateModified":"2024-09-10T05:52:04+00:00","breadcrumb":{"@id":"https:\/\/tuzlainfo.ba\/index.php\/istaknuto\/item\/249173-liga-nacija-fudbaleri-bih-veceras-protiv-madjarske\/#breadcrumb"},"inLanguage":"bs-BA","potentialAction":[{"@type":"ReadAction","target":["https:\/\/tuzlainfo.ba\/index.php\/istaknuto\/item\/249173-liga-nacija-fudbaleri-bih-veceras-protiv-madjarske\/"]}]},{"@type":"ImageObject","inLanguage":"bs-BA","@id":"https:\/\/tuzlainfo.ba\/index.php\/istaknuto\/item\/249173-liga-nacija-fudbaleri-bih-veceras-protiv-madjarske\/#primaryimage","url":"https:\/\/tuzlainfo.ba\/wp-content\/uploads\/2024\/09\/0709_fudbalska-reprezentacija.jpg","contentUrl":"https:\/\/tuzlainfo.ba\/wp-content\/uploads\/2024\/09\/0709_fudbalska-reprezentacija.jpg","width":1000,"height":666},{"@type":"BreadcrumbList","@id":"https:\/\/tuzlainfo.ba\/index.php\/istaknuto\/item\/249173-liga-nacija-fudbaleri-bih-veceras-protiv-madjarske\/#breadcrumb","itemListElement":[{"@type":"ListItem","position":1,"name":"Home","item":"https:\/\/tuzlainfo.ba\/"},{"@type":"ListItem","position":2,"name":"Liga nacija: Fudbaleri BiH ve\u010deras protiv Ma\u0111arske"}]},{"@type":"WebSite","@id":"https:\/\/tuzlainfo.ba\/#website","url":"https:\/\/tuzlainfo.ba\/","name":"TuzlaInfo.ba","description":"Tuzla info, gradski informator - Tuzla na dlanu","publisher":{"@id":"https:\/\/tuzlainfo.ba\/#organization"},"potentialAction":[{"@type":"SearchAction","target":{"@type":"EntryPoint","urlTemplate":"https:\/\/tuzlainfo.ba\/?s={search_term_string}"},"query-input":{"@type":"PropertyValueSpecification","valueRequired":true,"valueName":"search_term_string"}}],"inLanguage":"bs-BA"},{"@type":"Organization","@id":"https:\/\/tuzlainfo.ba\/#organization","name":"TuzlaInfo.ba","url":"https:\/\/tuzlainfo.ba\/","logo":{"@type":"ImageObject","inLanguage":"bs-BA","@id":"https:\/\/tuzlainfo.ba\/#\/schema\/logo\/image\/","url":"https:\/\/tuzlainfo.ba\/wp-content\/uploads\/2021\/03\/logo-ver-3-1.png","contentUrl":"https:\/\/tuzlainfo.ba\/wp-content\/uploads\/2021\/03\/logo-ver-3-1.png","width":350,"height":95,"caption":"TuzlaInfo.ba"},"image":{"@id":"https:\/\/tuzlainfo.ba\/#\/schema\/logo\/image\/"},"sameAs":["https:\/\/www.facebook.com\/tuzlainfo.ba\/"]},{"@type":"Person","@id":"https:\/\/tuzlainfo.ba\/#\/schema\/person\/46cad4c57790cbc50781edd14870825a","name":"Tuzla Info","image":{"@type":"ImageObject","inLanguage":"bs-BA","@id":"https:\/\/tuzlainfo.ba\/#\/schema\/person\/image\/","url":"https:\/\/tuzlainfo.ba\/wp-content\/litespeed\/avatar\/b6c453a6c38e3654f2e4416c643fc25c.jpg?ver=1777051911","contentUrl":"https:\/\/tuzlainfo.ba\/wp-content\/litespeed\/avatar\/b6c453a6c38e3654f2e4416c643fc25c.jpg?ver=1777051911","caption":"Tuzla Info"}}]}},"_links":{"self":[{"href":"https:\/\/tuzlainfo.ba\/index.php\/wp-json\/wp\/v2\/posts\/249173"}],"collection":[{"href":"https:\/\/tuzlainfo.ba\/index.php\/wp-json\/wp\/v2\/posts"}],"about":[{"href":"https:\/\/tuzlainfo.ba\/index.php\/wp-json\/wp\/v2\/types\/post"}],"author":[{"embeddable":true,"href":"https:\/\/tuzlainfo.ba\/index.php\/wp-json\/wp\/v2\/users\/4"}],"replies":[{"embeddable":true,"href":"https:\/\/tuzlainfo.ba\/index.php\/wp-json\/wp\/v2\/comments?post=249173"}],"version-history":[{"count":1,"href":"https:\/\/tuzlainfo.ba\/index.php\/wp-json\/wp\/v2\/posts\/249173\/revisions"}],"predecessor-version":[{"id":249174,"href":"https:\/\/tuzlainfo.ba\/index.php\/wp-json\/wp\/v2\/posts\/249173\/revisions\/249174"}],"wp:featuredmedia":[{"embeddable":true,"href":"https:\/\/tuzlainfo.ba\/index.php\/wp-json\/wp\/v2\/media\/248985"}],"wp:attachment":[{"href":"https:\/\/tuzlainfo.ba\/index.php\/wp-json\/wp\/v2\/media?parent=249173"}],"wp:term":[{"taxonomy":"category","embeddable":true,"href":"https:\/\/tuzlainfo.ba\/index.php\/wp-json\/wp\/v2\/categories?post=249173"},{"taxonomy":"post_tag","embeddable":true,"href":"https:\/\/tuzlainfo.ba\/index.php\/wp-json\/wp\/v2\/tags?post=249173"}],"curies":[{"name":"wp","href":"https:\/\/api.w.org\/{rel}","templated":true}]}}