{"id":249164,"date":"2024-09-09T21:50:34","date_gmt":"2024-09-09T19:50:34","guid":{"rendered":"https:\/\/tuzlainfo.ba\/?p=249164"},"modified":"2024-09-09T21:50:34","modified_gmt":"2024-09-09T19:50:34","slug":"ministar-becirovic-i-resat-taman-zracna-linija-istanbul-tuzla-otvara-nove-turisticke-mogucnosti","status":"publish","type":"post","link":"https:\/\/tuzlainfo.ba\/index.php\/novosti\/item\/249164-ministar-becirovic-i-resat-taman-zracna-linija-istanbul-tuzla-otvara-nove-turisticke-mogucnosti\/","title":{"rendered":"Ministar Be\u0107irovi\u0107 i Re\u0161at Taman: Zra\u010dna linija Istanbul-Tuzla otvara nove turisti\u010dke mogu\u0107nosti"},"content":{"rendered":"<p>Re\u0161at Taman je turski specijalista za turisti\u010dke destinacije i travel blogger koji posljednjih dana boravi u Tuzlanskom kantonu.<\/p>\n<p>Kao djelatnik Turske agencije za promociju i razvoj turizma (Turkish Tourism Promotion and Development Agency &#8211; TGA) rado je prihvatio poziv Ministarstva trgovine, turizma i saobra\u0107aja da posjeti i analizira turisti\u010dke destinacije koje nudi Tuzlanski kanton te se danas susreo s ministrom Denisom Be\u0107irovi\u0107em.<\/p>\n<p>&#8211; <em>Re\u0161at je stigao nedavno uspostavljenom direktnom linijom iz Istanbula, koja ima za cilj da olak\u0161a dolazak turista u na\u0161 Kanton i to ne samo iz Turske nego i ostalih dijelova svijeta budu\u0107i da je aerodrom u Istanbulu jedan od najva\u017enijih me\u0111unarodnih \u010dvori\u0161ta i konekcija za mnoge letove \u0161irom svijeta koji povezuje letove iz Evrope, Azije, Afrike i Amerike i nudi veliki broj direktnih letova i konekcija ka mnogim svjetskim destinacijama<\/em> \u2013 zapo\u010dinje ministar Be\u0107irovi\u0107.<\/p>\n<p>Dolazak Re\u0161ata Taman dio je promotivne turisti\u010dke kampanje koju je ministarstvo zapo\u010delo pro\u0161le godine i koje osim predstavljanja turisti\u010dkih destinacija te\u017eii njihovom unaprje\u0111ivanju. Kao osoba iz struke koja je se bavi strate\u0161kim planiranjem i razvojem turisti\u010dkih destinacija, marketingom i promocijom kulturnih, historijskih i prirodnih bogatstava, Re\u0161at u Tuzlanskom kantonu vidi veliki potencijal.<\/p>\n<p>&#8211; <em>Bosna i Hercegovina i Turska imaju prijateljske odnose i blisku saradnju. Ove dvije zemlje dijele duboke historijske i kulturne veze.\u00a0 Rije\u010d \u201eTuzla\u201d na turskom jeziku zna\u010di \u201eso\u201d \u0161to je tako\u0111er jedna od poveznica. Ba\u0161 u subotu sam posjetio slana Panonska jezera koji su jedan od odli\u010dnih primjera dobro iskori\u0161tenog prirodnog potencijala i koja su od Istanbula udaljena samo 1.5 sat vremena i to je ne\u0161to \u0161to se treba komunicirati<\/em> \u2013 ka\u017ee Re\u0161at.<\/p>\n<p>Ministar Be\u0107irovi\u0107 smatra da sada imamo temelj za planiranje turskih turista koji mogu pristizati zra\u010dnim putem, ali da \u0107e biti potrebno dodatno raditi i na samim lokacijama.<\/p>\n<p>&#8211; <em>Bez adekvatne infrastrukturne konekcije, turisti\u010dki potencijali jednostavno ne mogu do\u0107i do izra\u017eaja i zato kontinuirano radimo na povezivanju. S druge strane, u planu je i rad na unaprje\u0111enju samih lokacija kao i edukaciji turisti\u010dkih radnika od strane certificiranih trenera za turisti\u010dke destinacije. Otvoreni smo za svako mi\u0161ljenje i prijedlog djelatnika sa terena koji najbolje poznaju situaciju<\/em> \u2013 ka\u017ee ministar.<\/p>\n<p>Re\u0161at je obilazak Tuzlanskog kantona zapo\u010deo u Tuzli, te je posjetio \u017divinice i Banovi\u0107e, zatim Lukavac, a ve\u010der je zavr\u0161io uz zvuke sevdaha u Gra\u010danici. Danas planira obi\u0107i Srebrenik i Grada\u010dac.<\/p>\n<p>&#8211; <em>Tuzlanski krajolik obiluje prirodnim ljepotama, bogat je prirodnim resursima, zelenilom i mno\u0161tvom jezera te mogu\u0107nostima za kvalitetan odmor u prirodi. Ono \u0161to me se dojmilo je \u010duvena D\u017eebarska d\u017eamija za koju ka\u017eu da je najstarija na podru\u010dju Tuzlanskog kantona, a jedna i od najstarijih u BiH, koju je izgradio Sultan Mehmed II El-Fatih. Obi\u0161ao sam i staru pravoslavnu crkvu \u2013 Saborni hram uspenja Presvete Bogorodice u Tuzli i zaklju\u010dio da se u Tuzlanskom kantonu i okolini nalaze brojne d\u017eamije i pravoslavne crkve koje mogu biti od zna\u010daja za vjerski turizam, I pru\u017eiti posjetiocima iskustvo koje obuhvata kulturne, historijske i vjerske aspekte. Kada spojim sve \u0161to sam do sada vidio, dobijam elemente od kojih je mogu\u0107e praviti sjajne rute za sva\u010diji ukus<\/em> \u2013 \u00a0smatra Re\u0161at.<\/p>\n","protected":false},"excerpt":{"rendered":"<p>Re\u0161at Taman je turski specijalista za turisti\u010dke destinacije i travel blogger koji posljednjih dana boravi&hellip;<\/p>\n","protected":false},"author":2,"featured_media":249165,"comment_status":"closed","ping_status":"closed","sticky":false,"template":"","format":"standard","meta":{"_acf_changed":false,"footnotes":""},"categories":[304,12],"tags":[7513,10952],"acf":[],"yoast_head":"<!-- This site is optimized with the Yoast SEO plugin v23.5 - https:\/\/yoast.com\/wordpress\/plugins\/seo\/ -->\n<title>Ministar Be\u0107irovi\u0107 i Re\u0161at Taman: Zra\u010dna linija Istanbul-Tuzla otvara nove turisti\u010dke mogu\u0107nosti - TuzlaInfo.ba<\/title>\n<meta name=\"robots\" content=\"index, follow, max-snippet:-1, max-image-preview:large, max-video-preview:-1\" \/>\n<link rel=\"canonical\" href=\"https:\/\/tuzlainfo.ba\/index.php\/novosti\/item\/249164-ministar-becirovic-i-resat-taman-zracna-linija-istanbul-tuzla-otvara-nove-turisticke-mogucnosti\/\" \/>\n<meta property=\"og:locale\" content=\"bs_BA\" \/>\n<meta property=\"og:type\" content=\"article\" \/>\n<meta property=\"og:title\" content=\"Ministar Be\u0107irovi\u0107 i Re\u0161at Taman: Zra\u010dna linija Istanbul-Tuzla otvara nove turisti\u010dke mogu\u0107nosti - TuzlaInfo.ba\" \/>\n<meta property=\"og:description\" content=\"Re\u0161at Taman je turski specijalista za turisti\u010dke destinacije i travel blogger koji posljednjih dana boravi&hellip;\" \/>\n<meta property=\"og:url\" content=\"https:\/\/tuzlainfo.ba\/index.php\/novosti\/item\/249164-ministar-becirovic-i-resat-taman-zracna-linija-istanbul-tuzla-otvara-nove-turisticke-mogucnosti\/\" \/>\n<meta property=\"og:site_name\" content=\"TuzlaInfo.ba\" \/>\n<meta property=\"article:publisher\" content=\"https:\/\/www.facebook.com\/tuzlainfo.ba\/\" \/>\n<meta property=\"article:published_time\" content=\"2024-09-09T19:50:34+00:00\" \/>\n<meta property=\"og:image\" content=\"https:\/\/tuzlainfo.ba\/wp-content\/uploads\/2024\/09\/0909_rasat.jpg\" \/>\n\t<meta property=\"og:image:width\" content=\"1000\" \/>\n\t<meta property=\"og:image:height\" content=\"715\" \/>\n\t<meta property=\"og:image:type\" content=\"image\/jpeg\" \/>\n<meta name=\"author\" content=\"nedim\" \/>\n<meta name=\"twitter:card\" content=\"summary_large_image\" \/>\n<meta name=\"twitter:label1\" content=\"Written by\" \/>\n\t<meta name=\"twitter:data1\" content=\"nedim\" \/>\n\t<meta name=\"twitter:label2\" content=\"Est. reading time\" \/>\n\t<meta name=\"twitter:data2\" content=\"3 minute\" \/>\n<script type=\"application\/ld+json\" class=\"yoast-schema-graph\">{\"@context\":\"https:\/\/schema.org\",\"@graph\":[{\"@type\":\"Article\",\"@id\":\"https:\/\/tuzlainfo.ba\/index.php\/novosti\/item\/249164-ministar-becirovic-i-resat-taman-zracna-linija-istanbul-tuzla-otvara-nove-turisticke-mogucnosti\/#article\",\"isPartOf\":{\"@id\":\"https:\/\/tuzlainfo.ba\/index.php\/novosti\/item\/249164-ministar-becirovic-i-resat-taman-zracna-linija-istanbul-tuzla-otvara-nove-turisticke-mogucnosti\/\"},\"author\":{\"name\":\"nedim\",\"@id\":\"https:\/\/tuzlainfo.ba\/#\/schema\/person\/f434e20dc27ea133923aab08451b7f7f\"},\"headline\":\"Ministar Be\u0107irovi\u0107 i Re\u0161at Taman: Zra\u010dna linija Istanbul-Tuzla otvara nove turisti\u010dke mogu\u0107nosti\",\"datePublished\":\"2024-09-09T19:50:34+00:00\",\"dateModified\":\"2024-09-09T19:50:34+00:00\",\"mainEntityOfPage\":{\"@id\":\"https:\/\/tuzlainfo.ba\/index.php\/novosti\/item\/249164-ministar-becirovic-i-resat-taman-zracna-linija-istanbul-tuzla-otvara-nove-turisticke-mogucnosti\/\"},\"wordCount\":579,\"publisher\":{\"@id\":\"https:\/\/tuzlainfo.ba\/#organization\"},\"image\":{\"@id\":\"https:\/\/tuzlainfo.ba\/index.php\/novosti\/item\/249164-ministar-becirovic-i-resat-taman-zracna-linija-istanbul-tuzla-otvara-nove-turisticke-mogucnosti\/#primaryimage\"},\"thumbnailUrl\":\"https:\/\/tuzlainfo.ba\/wp-content\/uploads\/2024\/09\/0909_rasat.jpg\",\"keywords\":[\"denis becirevic\",\"Re\u0161at Taman\"],\"articleSection\":[\"Istaknuto\",\"Novosti\"],\"inLanguage\":\"bs-BA\"},{\"@type\":\"WebPage\",\"@id\":\"https:\/\/tuzlainfo.ba\/index.php\/novosti\/item\/249164-ministar-becirovic-i-resat-taman-zracna-linija-istanbul-tuzla-otvara-nove-turisticke-mogucnosti\/\",\"url\":\"https:\/\/tuzlainfo.ba\/index.php\/novosti\/item\/249164-ministar-becirovic-i-resat-taman-zracna-linija-istanbul-tuzla-otvara-nove-turisticke-mogucnosti\/\",\"name\":\"Ministar Be\u0107irovi\u0107 i Re\u0161at Taman: Zra\u010dna linija Istanbul-Tuzla otvara nove turisti\u010dke mogu\u0107nosti - TuzlaInfo.ba\",\"isPartOf\":{\"@id\":\"https:\/\/tuzlainfo.ba\/#website\"},\"primaryImageOfPage\":{\"@id\":\"https:\/\/tuzlainfo.ba\/index.php\/novosti\/item\/249164-ministar-becirovic-i-resat-taman-zracna-linija-istanbul-tuzla-otvara-nove-turisticke-mogucnosti\/#primaryimage\"},\"image\":{\"@id\":\"https:\/\/tuzlainfo.ba\/index.php\/novosti\/item\/249164-ministar-becirovic-i-resat-taman-zracna-linija-istanbul-tuzla-otvara-nove-turisticke-mogucnosti\/#primaryimage\"},\"thumbnailUrl\":\"https:\/\/tuzlainfo.ba\/wp-content\/uploads\/2024\/09\/0909_rasat.jpg\",\"datePublished\":\"2024-09-09T19:50:34+00:00\",\"dateModified\":\"2024-09-09T19:50:34+00:00\",\"breadcrumb\":{\"@id\":\"https:\/\/tuzlainfo.ba\/index.php\/novosti\/item\/249164-ministar-becirovic-i-resat-taman-zracna-linija-istanbul-tuzla-otvara-nove-turisticke-mogucnosti\/#breadcrumb\"},\"inLanguage\":\"bs-BA\",\"potentialAction\":[{\"@type\":\"ReadAction\",\"target\":[\"https:\/\/tuzlainfo.ba\/index.php\/novosti\/item\/249164-ministar-becirovic-i-resat-taman-zracna-linija-istanbul-tuzla-otvara-nove-turisticke-mogucnosti\/\"]}]},{\"@type\":\"ImageObject\",\"inLanguage\":\"bs-BA\",\"@id\":\"https:\/\/tuzlainfo.ba\/index.php\/novosti\/item\/249164-ministar-becirovic-i-resat-taman-zracna-linija-istanbul-tuzla-otvara-nove-turisticke-mogucnosti\/#primaryimage\",\"url\":\"https:\/\/tuzlainfo.ba\/wp-content\/uploads\/2024\/09\/0909_rasat.jpg\",\"contentUrl\":\"https:\/\/tuzlainfo.ba\/wp-content\/uploads\/2024\/09\/0909_rasat.jpg\",\"width\":1000,\"height\":715},{\"@type\":\"BreadcrumbList\",\"@id\":\"https:\/\/tuzlainfo.ba\/index.php\/novosti\/item\/249164-ministar-becirovic-i-resat-taman-zracna-linija-istanbul-tuzla-otvara-nove-turisticke-mogucnosti\/#breadcrumb\",\"itemListElement\":[{\"@type\":\"ListItem\",\"position\":1,\"name\":\"Home\",\"item\":\"https:\/\/tuzlainfo.ba\/\"},{\"@type\":\"ListItem\",\"position\":2,\"name\":\"Ministar Be\u0107irovi\u0107 i Re\u0161at Taman: Zra\u010dna linija Istanbul-Tuzla otvara nove turisti\u010dke mogu\u0107nosti\"}]},{\"@type\":\"WebSite\",\"@id\":\"https:\/\/tuzlainfo.ba\/#website\",\"url\":\"https:\/\/tuzlainfo.ba\/\",\"name\":\"TuzlaInfo.ba\",\"description\":\"Tuzla info, gradski informator - Tuzla na dlanu\",\"publisher\":{\"@id\":\"https:\/\/tuzlainfo.ba\/#organization\"},\"potentialAction\":[{\"@type\":\"SearchAction\",\"target\":{\"@type\":\"EntryPoint\",\"urlTemplate\":\"https:\/\/tuzlainfo.ba\/?s={search_term_string}\"},\"query-input\":{\"@type\":\"PropertyValueSpecification\",\"valueRequired\":true,\"valueName\":\"search_term_string\"}}],\"inLanguage\":\"bs-BA\"},{\"@type\":\"Organization\",\"@id\":\"https:\/\/tuzlainfo.ba\/#organization\",\"name\":\"TuzlaInfo.ba\",\"url\":\"https:\/\/tuzlainfo.ba\/\",\"logo\":{\"@type\":\"ImageObject\",\"inLanguage\":\"bs-BA\",\"@id\":\"https:\/\/tuzlainfo.ba\/#\/schema\/logo\/image\/\",\"url\":\"https:\/\/tuzlainfo.ba\/wp-content\/uploads\/2021\/03\/logo-ver-3-1.png\",\"contentUrl\":\"https:\/\/tuzlainfo.ba\/wp-content\/uploads\/2021\/03\/logo-ver-3-1.png\",\"width\":350,\"height\":95,\"caption\":\"TuzlaInfo.ba\"},\"image\":{\"@id\":\"https:\/\/tuzlainfo.ba\/#\/schema\/logo\/image\/\"},\"sameAs\":[\"https:\/\/www.facebook.com\/tuzlainfo.ba\/\"]},{\"@type\":\"Person\",\"@id\":\"https:\/\/tuzlainfo.ba\/#\/schema\/person\/f434e20dc27ea133923aab08451b7f7f\",\"name\":\"nedim\",\"image\":{\"@type\":\"ImageObject\",\"inLanguage\":\"bs-BA\",\"@id\":\"https:\/\/tuzlainfo.ba\/#\/schema\/person\/image\/\",\"url\":\"https:\/\/tuzlainfo.ba\/wp-content\/litespeed\/avatar\/aabad687af24844af817603ac1cbdc4f.jpg?ver=1776702173\",\"contentUrl\":\"https:\/\/tuzlainfo.ba\/wp-content\/litespeed\/avatar\/aabad687af24844af817603ac1cbdc4f.jpg?ver=1776702173\",\"caption\":\"nedim\"},\"description\":\"Tuzlainfo.ba pratite na dru\u0161tvenim mre\u017eama: Facebook, Instagram i Youtube. Svoje pri\u010de, upite i fotografije \u0161aljite na na\u0161u e-mail adresu.\"}]}<\/script>\n<!-- \/ Yoast SEO plugin. -->","yoast_head_json":{"title":"Ministar Be\u0107irovi\u0107 i Re\u0161at Taman: Zra\u010dna linija Istanbul-Tuzla otvara nove turisti\u010dke mogu\u0107nosti - TuzlaInfo.ba","robots":{"index":"index","follow":"follow","max-snippet":"max-snippet:-1","max-image-preview":"max-image-preview:large","max-video-preview":"max-video-preview:-1"},"canonical":"https:\/\/tuzlainfo.ba\/index.php\/novosti\/item\/249164-ministar-becirovic-i-resat-taman-zracna-linija-istanbul-tuzla-otvara-nove-turisticke-mogucnosti\/","og_locale":"bs_BA","og_type":"article","og_title":"Ministar Be\u0107irovi\u0107 i Re\u0161at Taman: Zra\u010dna linija Istanbul-Tuzla otvara nove turisti\u010dke mogu\u0107nosti - TuzlaInfo.ba","og_description":"Re\u0161at Taman je turski specijalista za turisti\u010dke destinacije i travel blogger koji posljednjih dana boravi&hellip;","og_url":"https:\/\/tuzlainfo.ba\/index.php\/novosti\/item\/249164-ministar-becirovic-i-resat-taman-zracna-linija-istanbul-tuzla-otvara-nove-turisticke-mogucnosti\/","og_site_name":"TuzlaInfo.ba","article_publisher":"https:\/\/www.facebook.com\/tuzlainfo.ba\/","article_published_time":"2024-09-09T19:50:34+00:00","og_image":[{"width":1000,"height":715,"url":"https:\/\/tuzlainfo.ba\/wp-content\/uploads\/2024\/09\/0909_rasat.jpg","type":"image\/jpeg"}],"author":"nedim","twitter_card":"summary_large_image","twitter_misc":{"Written by":"nedim","Est. reading time":"3 minute"},"schema":{"@context":"https:\/\/schema.org","@graph":[{"@type":"Article","@id":"https:\/\/tuzlainfo.ba\/index.php\/novosti\/item\/249164-ministar-becirovic-i-resat-taman-zracna-linija-istanbul-tuzla-otvara-nove-turisticke-mogucnosti\/#article","isPartOf":{"@id":"https:\/\/tuzlainfo.ba\/index.php\/novosti\/item\/249164-ministar-becirovic-i-resat-taman-zracna-linija-istanbul-tuzla-otvara-nove-turisticke-mogucnosti\/"},"author":{"name":"nedim","@id":"https:\/\/tuzlainfo.ba\/#\/schema\/person\/f434e20dc27ea133923aab08451b7f7f"},"headline":"Ministar Be\u0107irovi\u0107 i Re\u0161at Taman: Zra\u010dna linija Istanbul-Tuzla otvara nove turisti\u010dke mogu\u0107nosti","datePublished":"2024-09-09T19:50:34+00:00","dateModified":"2024-09-09T19:50:34+00:00","mainEntityOfPage":{"@id":"https:\/\/tuzlainfo.ba\/index.php\/novosti\/item\/249164-ministar-becirovic-i-resat-taman-zracna-linija-istanbul-tuzla-otvara-nove-turisticke-mogucnosti\/"},"wordCount":579,"publisher":{"@id":"https:\/\/tuzlainfo.ba\/#organization"},"image":{"@id":"https:\/\/tuzlainfo.ba\/index.php\/novosti\/item\/249164-ministar-becirovic-i-resat-taman-zracna-linija-istanbul-tuzla-otvara-nove-turisticke-mogucnosti\/#primaryimage"},"thumbnailUrl":"https:\/\/tuzlainfo.ba\/wp-content\/uploads\/2024\/09\/0909_rasat.jpg","keywords":["denis becirevic","Re\u0161at Taman"],"articleSection":["Istaknuto","Novosti"],"inLanguage":"bs-BA"},{"@type":"WebPage","@id":"https:\/\/tuzlainfo.ba\/index.php\/novosti\/item\/249164-ministar-becirovic-i-resat-taman-zracna-linija-istanbul-tuzla-otvara-nove-turisticke-mogucnosti\/","url":"https:\/\/tuzlainfo.ba\/index.php\/novosti\/item\/249164-ministar-becirovic-i-resat-taman-zracna-linija-istanbul-tuzla-otvara-nove-turisticke-mogucnosti\/","name":"Ministar Be\u0107irovi\u0107 i Re\u0161at Taman: Zra\u010dna linija Istanbul-Tuzla otvara nove turisti\u010dke mogu\u0107nosti - TuzlaInfo.ba","isPartOf":{"@id":"https:\/\/tuzlainfo.ba\/#website"},"primaryImageOfPage":{"@id":"https:\/\/tuzlainfo.ba\/index.php\/novosti\/item\/249164-ministar-becirovic-i-resat-taman-zracna-linija-istanbul-tuzla-otvara-nove-turisticke-mogucnosti\/#primaryimage"},"image":{"@id":"https:\/\/tuzlainfo.ba\/index.php\/novosti\/item\/249164-ministar-becirovic-i-resat-taman-zracna-linija-istanbul-tuzla-otvara-nove-turisticke-mogucnosti\/#primaryimage"},"thumbnailUrl":"https:\/\/tuzlainfo.ba\/wp-content\/uploads\/2024\/09\/0909_rasat.jpg","datePublished":"2024-09-09T19:50:34+00:00","dateModified":"2024-09-09T19:50:34+00:00","breadcrumb":{"@id":"https:\/\/tuzlainfo.ba\/index.php\/novosti\/item\/249164-ministar-becirovic-i-resat-taman-zracna-linija-istanbul-tuzla-otvara-nove-turisticke-mogucnosti\/#breadcrumb"},"inLanguage":"bs-BA","potentialAction":[{"@type":"ReadAction","target":["https:\/\/tuzlainfo.ba\/index.php\/novosti\/item\/249164-ministar-becirovic-i-resat-taman-zracna-linija-istanbul-tuzla-otvara-nove-turisticke-mogucnosti\/"]}]},{"@type":"ImageObject","inLanguage":"bs-BA","@id":"https:\/\/tuzlainfo.ba\/index.php\/novosti\/item\/249164-ministar-becirovic-i-resat-taman-zracna-linija-istanbul-tuzla-otvara-nove-turisticke-mogucnosti\/#primaryimage","url":"https:\/\/tuzlainfo.ba\/wp-content\/uploads\/2024\/09\/0909_rasat.jpg","contentUrl":"https:\/\/tuzlainfo.ba\/wp-content\/uploads\/2024\/09\/0909_rasat.jpg","width":1000,"height":715},{"@type":"BreadcrumbList","@id":"https:\/\/tuzlainfo.ba\/index.php\/novosti\/item\/249164-ministar-becirovic-i-resat-taman-zracna-linija-istanbul-tuzla-otvara-nove-turisticke-mogucnosti\/#breadcrumb","itemListElement":[{"@type":"ListItem","position":1,"name":"Home","item":"https:\/\/tuzlainfo.ba\/"},{"@type":"ListItem","position":2,"name":"Ministar Be\u0107irovi\u0107 i Re\u0161at Taman: Zra\u010dna linija Istanbul-Tuzla otvara nove turisti\u010dke mogu\u0107nosti"}]},{"@type":"WebSite","@id":"https:\/\/tuzlainfo.ba\/#website","url":"https:\/\/tuzlainfo.ba\/","name":"TuzlaInfo.ba","description":"Tuzla info, gradski informator - Tuzla na dlanu","publisher":{"@id":"https:\/\/tuzlainfo.ba\/#organization"},"potentialAction":[{"@type":"SearchAction","target":{"@type":"EntryPoint","urlTemplate":"https:\/\/tuzlainfo.ba\/?s={search_term_string}"},"query-input":{"@type":"PropertyValueSpecification","valueRequired":true,"valueName":"search_term_string"}}],"inLanguage":"bs-BA"},{"@type":"Organization","@id":"https:\/\/tuzlainfo.ba\/#organization","name":"TuzlaInfo.ba","url":"https:\/\/tuzlainfo.ba\/","logo":{"@type":"ImageObject","inLanguage":"bs-BA","@id":"https:\/\/tuzlainfo.ba\/#\/schema\/logo\/image\/","url":"https:\/\/tuzlainfo.ba\/wp-content\/uploads\/2021\/03\/logo-ver-3-1.png","contentUrl":"https:\/\/tuzlainfo.ba\/wp-content\/uploads\/2021\/03\/logo-ver-3-1.png","width":350,"height":95,"caption":"TuzlaInfo.ba"},"image":{"@id":"https:\/\/tuzlainfo.ba\/#\/schema\/logo\/image\/"},"sameAs":["https:\/\/www.facebook.com\/tuzlainfo.ba\/"]},{"@type":"Person","@id":"https:\/\/tuzlainfo.ba\/#\/schema\/person\/f434e20dc27ea133923aab08451b7f7f","name":"nedim","image":{"@type":"ImageObject","inLanguage":"bs-BA","@id":"https:\/\/tuzlainfo.ba\/#\/schema\/person\/image\/","url":"https:\/\/tuzlainfo.ba\/wp-content\/litespeed\/avatar\/aabad687af24844af817603ac1cbdc4f.jpg?ver=1776702173","contentUrl":"https:\/\/tuzlainfo.ba\/wp-content\/litespeed\/avatar\/aabad687af24844af817603ac1cbdc4f.jpg?ver=1776702173","caption":"nedim"},"description":"Tuzlainfo.ba pratite na dru\u0161tvenim mre\u017eama: Facebook, Instagram i Youtube. Svoje pri\u010de, upite i fotografije \u0161aljite na na\u0161u e-mail adresu."}]}},"_links":{"self":[{"href":"https:\/\/tuzlainfo.ba\/index.php\/wp-json\/wp\/v2\/posts\/249164"}],"collection":[{"href":"https:\/\/tuzlainfo.ba\/index.php\/wp-json\/wp\/v2\/posts"}],"about":[{"href":"https:\/\/tuzlainfo.ba\/index.php\/wp-json\/wp\/v2\/types\/post"}],"author":[{"embeddable":true,"href":"https:\/\/tuzlainfo.ba\/index.php\/wp-json\/wp\/v2\/users\/2"}],"replies":[{"embeddable":true,"href":"https:\/\/tuzlainfo.ba\/index.php\/wp-json\/wp\/v2\/comments?post=249164"}],"version-history":[{"count":1,"href":"https:\/\/tuzlainfo.ba\/index.php\/wp-json\/wp\/v2\/posts\/249164\/revisions"}],"predecessor-version":[{"id":249166,"href":"https:\/\/tuzlainfo.ba\/index.php\/wp-json\/wp\/v2\/posts\/249164\/revisions\/249166"}],"wp:featuredmedia":[{"embeddable":true,"href":"https:\/\/tuzlainfo.ba\/index.php\/wp-json\/wp\/v2\/media\/249165"}],"wp:attachment":[{"href":"https:\/\/tuzlainfo.ba\/index.php\/wp-json\/wp\/v2\/media?parent=249164"}],"wp:term":[{"taxonomy":"category","embeddable":true,"href":"https:\/\/tuzlainfo.ba\/index.php\/wp-json\/wp\/v2\/categories?post=249164"},{"taxonomy":"post_tag","embeddable":true,"href":"https:\/\/tuzlainfo.ba\/index.php\/wp-json\/wp\/v2\/tags?post=249164"}],"curies":[{"name":"wp","href":"https:\/\/api.w.org\/{rel}","templated":true}]}}