{"id":247787,"date":"2024-08-25T20:48:44","date_gmt":"2024-08-25T18:48:44","guid":{"rendered":"https:\/\/tuzlainfo.ba\/?p=247787"},"modified":"2024-08-25T20:51:36","modified_gmt":"2024-08-25T18:51:36","slug":"pozar-na-konjuhu-vatra-se-priblizava-hotelu-muska-voda","status":"publish","type":"post","link":"https:\/\/tuzlainfo.ba\/index.php\/novosti\/item\/247787-pozar-na-konjuhu-vatra-se-priblizava-hotelu-muska-voda\/","title":{"rendered":"Po\u017ear na Konjuhu, vatra se pribli\u017eava hotelu &#8220;Mu\u0161ka voda&#8221;"},"content":{"rendered":"<p>Na planini Konjuh buknuo je po\u017ear koji je zahvatio veliku povr\u0161inu i pribli\u017eio se na oko 300 metara hotelu &#8220;Mu\u0161ka voda&#8221;.<\/p>\n<p>Po\u017ear trenutno gase radnici Javnog preduze\u0107a &#8220;\u0160ume Tuzlanskog kantona&#8221; iz Kladnja.<\/p>\n<p>Prva je u pomo\u0107 stigla cisterna iz \u017divinica, a stigli su i vatrogasci iz Kalesije, te se o\u010dekuje pomo\u0107 i drugih op\u0107ina.<\/p>\n<p>Stanovni\u0161tvo je na dru\u0161tvenim mre\u017eama objavilo da je zbog nepristupa\u010dnog terena ga\u0161enje vatre gotovo nemogu\u0107e, te \u0107e biti potrebna pomo\u0107 iz zraka.<\/p>\n<p><img fetchpriority=\"high\" decoding=\"async\" class=\"alignnone wp-image-247790 size-full\" src=\"https:\/\/tuzlainfo.ba\/wp-content\/uploads\/2024\/08\/2508_czkladanj.jpg\" alt=\"\" width=\"1000\" height=\"750\" srcset=\"https:\/\/tuzlainfo.ba\/wp-content\/uploads\/2024\/08\/2508_czkladanj.jpg 1000w, https:\/\/tuzlainfo.ba\/wp-content\/uploads\/2024\/08\/2508_czkladanj-300x225.jpg 300w, https:\/\/tuzlainfo.ba\/wp-content\/uploads\/2024\/08\/2508_czkladanj-768x576.jpg 768w, https:\/\/tuzlainfo.ba\/wp-content\/uploads\/2024\/08\/2508_czkladanj-585x439.jpg 585w, https:\/\/tuzlainfo.ba\/wp-content\/uploads\/2024\/08\/2508_czkladanj-150x113.jpg 150w, https:\/\/tuzlainfo.ba\/wp-content\/uploads\/2024\/08\/2508_czkladanj-500x375.jpg 500w\" sizes=\"(max-width: 1000px) 100vw, 1000px\" \/><\/p>\n<p>Po\u017ear je izbio i u naselju Gubavica, ju\u017eno od Mostara, gdje se mostarski vatrogasci od prijepodnevnih sati bore s vatrom.<\/p>\n","protected":false},"excerpt":{"rendered":"<p>Na planini Konjuh buknuo je po\u017ear koji je zahvatio veliku povr\u0161inu i pribli\u017eio se na oko 300 metara hotelu &#8220;Mu\u0161ka voda&#8221;. Po\u017ear trenutno gase radnici Javnog preduze\u0107a &#8220;\u0160ume Tuzlanskog kantona&#8221; iz Kladnja. Prva je u pomo\u0107 stigla cisterna iz \u017divinica, a stigli su i vatrogasci iz Kalesije, te se o\u010dekuje pomo\u0107 i drugih op\u0107ina. Stanovni\u0161tvo [&hellip;]<\/p>\n","protected":false},"author":2,"featured_media":247788,"comment_status":"closed","ping_status":"closed","sticky":false,"template":"","format":"standard","meta":{"footnotes":""},"categories":[304,12],"tags":[1747,3917,10824],"class_list":["post-247787","post","type-post","status-publish","format-standard","has-post-thumbnail","hentry","category-istaknuto","category-novosti","tag-konjuh","tag-muska-voda","tag-pozarl"],"yoast_head":"<!-- This site is optimized with the Yoast SEO plugin v28.3 - https:\/\/yoast.com\/product\/yoast-seo-wordpress\/ -->\n<title>Po\u017ear na Konjuhu, vatra se pribli\u017eava hotelu &quot;Mu\u0161ka voda&quot;<\/title>\n<meta name=\"robots\" content=\"index, follow, max-snippet:-1, max-image-preview:large, max-video-preview:-1\" \/>\n<link rel=\"canonical\" href=\"https:\/\/tuzlainfo.ba\/index.php\/novosti\/item\/247787-pozar-na-konjuhu-vatra-se-priblizava-hotelu-muska-voda\/\" \/>\n<meta property=\"og:locale\" content=\"bs_BA\" \/>\n<meta property=\"og:type\" content=\"article\" \/>\n<meta property=\"og:title\" content=\"Po\u017ear na Konjuhu, vatra se pribli\u017eava hotelu &quot;Mu\u0161ka voda&quot;\" \/>\n<meta property=\"og:description\" content=\"Na planini Konjuh buknuo je po\u017ear koji je zahvatio veliku povr\u0161inu i pribli\u017eio se na oko 300 metara hotelu &#8220;Mu\u0161ka voda&#8221;. Po\u017ear trenutno gase radnici Javnog preduze\u0107a &#8220;\u0160ume Tuzlanskog kantona&#8221; iz Kladnja. Prva je u pomo\u0107 stigla cisterna iz \u017divinica, a stigli su i vatrogasci iz Kalesije, te se o\u010dekuje pomo\u0107 i drugih op\u0107ina. Stanovni\u0161tvo [&hellip;]\" \/>\n<meta property=\"og:url\" content=\"https:\/\/tuzlainfo.ba\/index.php\/novosti\/item\/247787-pozar-na-konjuhu-vatra-se-priblizava-hotelu-muska-voda\/\" \/>\n<meta property=\"og:site_name\" content=\"TuzlaInfo.ba\" \/>\n<meta property=\"article:publisher\" content=\"https:\/\/www.facebook.com\/tuzlainfo.ba\/\" \/>\n<meta property=\"article:published_time\" content=\"2024-08-25T18:48:44+00:00\" \/>\n<meta property=\"article:modified_time\" content=\"2024-08-25T18:51:36+00:00\" \/>\n<meta property=\"og:image\" content=\"https:\/\/tuzlainfo.ba\/wp-content\/uploads\/2024\/08\/2508_pozar_konjuh.jpg\" \/>\n\t<meta property=\"og:image:width\" content=\"976\" \/>\n\t<meta property=\"og:image:height\" content=\"732\" \/>\n\t<meta property=\"og:image:type\" content=\"image\/jpeg\" \/>\n<meta name=\"author\" content=\"nedim\" \/>\n<meta name=\"twitter:card\" content=\"summary_large_image\" \/>\n<meta name=\"twitter:label1\" content=\"Written by\" \/>\n\t<meta name=\"twitter:data1\" content=\"nedim\" \/>\n\t<meta name=\"twitter:label2\" content=\"Est. reading time\" \/>\n\t<meta name=\"twitter:data2\" content=\"1 minuta\" \/>\n<script type=\"application\/ld+json\" class=\"yoast-schema-graph\">{\"@context\":\"https:\\\/\\\/schema.org\",\"@graph\":[{\"@type\":\"Article\",\"@id\":\"https:\\\/\\\/tuzlainfo.ba\\\/index.php\\\/novosti\\\/item\\\/247787-pozar-na-konjuhu-vatra-se-priblizava-hotelu-muska-voda\\\/#article\",\"isPartOf\":{\"@id\":\"https:\\\/\\\/tuzlainfo.ba\\\/index.php\\\/novosti\\\/item\\\/247787-pozar-na-konjuhu-vatra-se-priblizava-hotelu-muska-voda\\\/\"},\"author\":{\"name\":\"nedim\",\"@id\":\"https:\\\/\\\/tuzlainfo.ba\\\/#\\\/schema\\\/person\\\/f434e20dc27ea133923aab08451b7f7f\"},\"headline\":\"Po\u017ear na Konjuhu, vatra se pribli\u017eava hotelu &#8220;Mu\u0161ka voda&#8221;\",\"datePublished\":\"2024-08-25T18:48:44+00:00\",\"dateModified\":\"2024-08-25T18:51:36+00:00\",\"mainEntityOfPage\":{\"@id\":\"https:\\\/\\\/tuzlainfo.ba\\\/index.php\\\/novosti\\\/item\\\/247787-pozar-na-konjuhu-vatra-se-priblizava-hotelu-muska-voda\\\/\"},\"wordCount\":123,\"publisher\":{\"@id\":\"https:\\\/\\\/tuzlainfo.ba\\\/#organization\"},\"image\":{\"@id\":\"https:\\\/\\\/tuzlainfo.ba\\\/index.php\\\/novosti\\\/item\\\/247787-pozar-na-konjuhu-vatra-se-priblizava-hotelu-muska-voda\\\/#primaryimage\"},\"thumbnailUrl\":\"https:\\\/\\\/tuzlainfo.ba\\\/wp-content\\\/uploads\\\/2024\\\/08\\\/2508_pozar_konjuh.jpg\",\"keywords\":[\"konjuh\",\"mu\u0161ka voda\",\"po\u017earl\"],\"articleSection\":[\"Istaknuto\",\"Novosti\"],\"inLanguage\":\"bs-BA\",\"copyrightYear\":\"2024\",\"copyrightHolder\":{\"@id\":\"https:\\\/\\\/tuzlainfo.ba\\\/#organization\"}},{\"@type\":\"WebPage\",\"@id\":\"https:\\\/\\\/tuzlainfo.ba\\\/index.php\\\/novosti\\\/item\\\/247787-pozar-na-konjuhu-vatra-se-priblizava-hotelu-muska-voda\\\/\",\"url\":\"https:\\\/\\\/tuzlainfo.ba\\\/index.php\\\/novosti\\\/item\\\/247787-pozar-na-konjuhu-vatra-se-priblizava-hotelu-muska-voda\\\/\",\"name\":\"Po\u017ear na Konjuhu, vatra se pribli\u017eava hotelu \\\"Mu\u0161ka voda\\\"\",\"isPartOf\":{\"@id\":\"https:\\\/\\\/tuzlainfo.ba\\\/#website\"},\"primaryImageOfPage\":{\"@id\":\"https:\\\/\\\/tuzlainfo.ba\\\/index.php\\\/novosti\\\/item\\\/247787-pozar-na-konjuhu-vatra-se-priblizava-hotelu-muska-voda\\\/#primaryimage\"},\"image\":{\"@id\":\"https:\\\/\\\/tuzlainfo.ba\\\/index.php\\\/novosti\\\/item\\\/247787-pozar-na-konjuhu-vatra-se-priblizava-hotelu-muska-voda\\\/#primaryimage\"},\"thumbnailUrl\":\"https:\\\/\\\/tuzlainfo.ba\\\/wp-content\\\/uploads\\\/2024\\\/08\\\/2508_pozar_konjuh.jpg\",\"datePublished\":\"2024-08-25T18:48:44+00:00\",\"dateModified\":\"2024-08-25T18:51:36+00:00\",\"breadcrumb\":{\"@id\":\"https:\\\/\\\/tuzlainfo.ba\\\/index.php\\\/novosti\\\/item\\\/247787-pozar-na-konjuhu-vatra-se-priblizava-hotelu-muska-voda\\\/#breadcrumb\"},\"inLanguage\":\"bs-BA\",\"potentialAction\":[{\"@type\":\"ReadAction\",\"target\":[\"https:\\\/\\\/tuzlainfo.ba\\\/index.php\\\/novosti\\\/item\\\/247787-pozar-na-konjuhu-vatra-se-priblizava-hotelu-muska-voda\\\/\"]}]},{\"@type\":\"ImageObject\",\"inLanguage\":\"bs-BA\",\"@id\":\"https:\\\/\\\/tuzlainfo.ba\\\/index.php\\\/novosti\\\/item\\\/247787-pozar-na-konjuhu-vatra-se-priblizava-hotelu-muska-voda\\\/#primaryimage\",\"url\":\"https:\\\/\\\/tuzlainfo.ba\\\/wp-content\\\/uploads\\\/2024\\\/08\\\/2508_pozar_konjuh.jpg\",\"contentUrl\":\"https:\\\/\\\/tuzlainfo.ba\\\/wp-content\\\/uploads\\\/2024\\\/08\\\/2508_pozar_konjuh.jpg\",\"width\":976,\"height\":732},{\"@type\":\"BreadcrumbList\",\"@id\":\"https:\\\/\\\/tuzlainfo.ba\\\/index.php\\\/novosti\\\/item\\\/247787-pozar-na-konjuhu-vatra-se-priblizava-hotelu-muska-voda\\\/#breadcrumb\",\"itemListElement\":[{\"@type\":\"ListItem\",\"position\":1,\"name\":\"Home\",\"item\":\"https:\\\/\\\/tuzlainfo.ba\\\/\"},{\"@type\":\"ListItem\",\"position\":2,\"name\":\"Po\u017ear na Konjuhu, vatra se pribli\u017eava hotelu &#8220;Mu\u0161ka voda&#8221;\"}]},{\"@type\":\"WebSite\",\"@id\":\"https:\\\/\\\/tuzlainfo.ba\\\/#website\",\"url\":\"https:\\\/\\\/tuzlainfo.ba\\\/\",\"name\":\"TuzlaInfo.ba\",\"description\":\"Tuzla info, gradski informator - Tuzla na dlanu\",\"publisher\":{\"@id\":\"https:\\\/\\\/tuzlainfo.ba\\\/#organization\"},\"potentialAction\":[{\"@type\":\"SearchAction\",\"target\":{\"@type\":\"EntryPoint\",\"urlTemplate\":\"https:\\\/\\\/tuzlainfo.ba\\\/?s={search_term_string}\"},\"query-input\":{\"@type\":\"PropertyValueSpecification\",\"valueRequired\":true,\"valueName\":\"search_term_string\"}}],\"inLanguage\":\"bs-BA\"},{\"@type\":\"Organization\",\"@id\":\"https:\\\/\\\/tuzlainfo.ba\\\/#organization\",\"name\":\"TuzlaInfo.ba\",\"url\":\"https:\\\/\\\/tuzlainfo.ba\\\/\",\"logo\":{\"@type\":\"ImageObject\",\"inLanguage\":\"bs-BA\",\"@id\":\"https:\\\/\\\/tuzlainfo.ba\\\/#\\\/schema\\\/logo\\\/image\\\/\",\"url\":\"https:\\\/\\\/tuzlainfo.ba\\\/wp-content\\\/uploads\\\/2021\\\/03\\\/logo-ver-3-1.png\",\"contentUrl\":\"https:\\\/\\\/tuzlainfo.ba\\\/wp-content\\\/uploads\\\/2021\\\/03\\\/logo-ver-3-1.png\",\"width\":350,\"height\":95,\"caption\":\"TuzlaInfo.ba\"},\"image\":{\"@id\":\"https:\\\/\\\/tuzlainfo.ba\\\/#\\\/schema\\\/logo\\\/image\\\/\"},\"sameAs\":[\"https:\\\/\\\/www.facebook.com\\\/tuzlainfo.ba\\\/\"]},{\"@type\":\"Person\",\"@id\":\"https:\\\/\\\/tuzlainfo.ba\\\/#\\\/schema\\\/person\\\/f434e20dc27ea133923aab08451b7f7f\",\"name\":\"nedim\",\"image\":{\"@type\":\"ImageObject\",\"inLanguage\":\"bs-BA\",\"@id\":\"https:\\\/\\\/secure.gravatar.com\\\/avatar\\\/5b928a2e7e70a54208d2eb6c1edcb75a5350d6ae97d5f0a701203d456823f6f3?s=96&d=mm&r=g\",\"url\":\"https:\\\/\\\/secure.gravatar.com\\\/avatar\\\/5b928a2e7e70a54208d2eb6c1edcb75a5350d6ae97d5f0a701203d456823f6f3?s=96&d=mm&r=g\",\"contentUrl\":\"https:\\\/\\\/secure.gravatar.com\\\/avatar\\\/5b928a2e7e70a54208d2eb6c1edcb75a5350d6ae97d5f0a701203d456823f6f3?s=96&d=mm&r=g\",\"caption\":\"nedim\"},\"description\":\"Tuzlainfo.ba pratite na dru\u0161tvenim mre\u017eama: Facebook, Instagram i Youtube. Svoje pri\u010de, upite i fotografije \u0161aljite na na\u0161u e-mail adresu.\"}]}<\/script>\n<!-- \/ Yoast SEO plugin. -->","yoast_head_json":{"title":"Po\u017ear na Konjuhu, vatra se pribli\u017eava hotelu \"Mu\u0161ka voda\"","robots":{"index":"index","follow":"follow","max-snippet":"max-snippet:-1","max-image-preview":"max-image-preview:large","max-video-preview":"max-video-preview:-1"},"canonical":"https:\/\/tuzlainfo.ba\/index.php\/novosti\/item\/247787-pozar-na-konjuhu-vatra-se-priblizava-hotelu-muska-voda\/","og_locale":"bs_BA","og_type":"article","og_title":"Po\u017ear na Konjuhu, vatra se pribli\u017eava hotelu \"Mu\u0161ka voda\"","og_description":"Na planini Konjuh buknuo je po\u017ear koji je zahvatio veliku povr\u0161inu i pribli\u017eio se na oko 300 metara hotelu &#8220;Mu\u0161ka voda&#8221;. Po\u017ear trenutno gase radnici Javnog preduze\u0107a &#8220;\u0160ume Tuzlanskog kantona&#8221; iz Kladnja. Prva je u pomo\u0107 stigla cisterna iz \u017divinica, a stigli su i vatrogasci iz Kalesije, te se o\u010dekuje pomo\u0107 i drugih op\u0107ina. Stanovni\u0161tvo [&hellip;]","og_url":"https:\/\/tuzlainfo.ba\/index.php\/novosti\/item\/247787-pozar-na-konjuhu-vatra-se-priblizava-hotelu-muska-voda\/","og_site_name":"TuzlaInfo.ba","article_publisher":"https:\/\/www.facebook.com\/tuzlainfo.ba\/","article_published_time":"2024-08-25T18:48:44+00:00","article_modified_time":"2024-08-25T18:51:36+00:00","og_image":[{"width":976,"height":732,"url":"https:\/\/tuzlainfo.ba\/wp-content\/uploads\/2024\/08\/2508_pozar_konjuh.jpg","type":"image\/jpeg"}],"author":"nedim","twitter_card":"summary_large_image","twitter_misc":{"Written by":"nedim","Est. reading time":"1 minuta"},"schema":{"@context":"https:\/\/schema.org","@graph":[{"@type":"Article","@id":"https:\/\/tuzlainfo.ba\/index.php\/novosti\/item\/247787-pozar-na-konjuhu-vatra-se-priblizava-hotelu-muska-voda\/#article","isPartOf":{"@id":"https:\/\/tuzlainfo.ba\/index.php\/novosti\/item\/247787-pozar-na-konjuhu-vatra-se-priblizava-hotelu-muska-voda\/"},"author":{"name":"nedim","@id":"https:\/\/tuzlainfo.ba\/#\/schema\/person\/f434e20dc27ea133923aab08451b7f7f"},"headline":"Po\u017ear na Konjuhu, vatra se pribli\u017eava hotelu &#8220;Mu\u0161ka voda&#8221;","datePublished":"2024-08-25T18:48:44+00:00","dateModified":"2024-08-25T18:51:36+00:00","mainEntityOfPage":{"@id":"https:\/\/tuzlainfo.ba\/index.php\/novosti\/item\/247787-pozar-na-konjuhu-vatra-se-priblizava-hotelu-muska-voda\/"},"wordCount":123,"publisher":{"@id":"https:\/\/tuzlainfo.ba\/#organization"},"image":{"@id":"https:\/\/tuzlainfo.ba\/index.php\/novosti\/item\/247787-pozar-na-konjuhu-vatra-se-priblizava-hotelu-muska-voda\/#primaryimage"},"thumbnailUrl":"https:\/\/tuzlainfo.ba\/wp-content\/uploads\/2024\/08\/2508_pozar_konjuh.jpg","keywords":["konjuh","mu\u0161ka voda","po\u017earl"],"articleSection":["Istaknuto","Novosti"],"inLanguage":"bs-BA","copyrightYear":"2024","copyrightHolder":{"@id":"https:\/\/tuzlainfo.ba\/#organization"}},{"@type":"WebPage","@id":"https:\/\/tuzlainfo.ba\/index.php\/novosti\/item\/247787-pozar-na-konjuhu-vatra-se-priblizava-hotelu-muska-voda\/","url":"https:\/\/tuzlainfo.ba\/index.php\/novosti\/item\/247787-pozar-na-konjuhu-vatra-se-priblizava-hotelu-muska-voda\/","name":"Po\u017ear na Konjuhu, vatra se pribli\u017eava hotelu \"Mu\u0161ka voda\"","isPartOf":{"@id":"https:\/\/tuzlainfo.ba\/#website"},"primaryImageOfPage":{"@id":"https:\/\/tuzlainfo.ba\/index.php\/novosti\/item\/247787-pozar-na-konjuhu-vatra-se-priblizava-hotelu-muska-voda\/#primaryimage"},"image":{"@id":"https:\/\/tuzlainfo.ba\/index.php\/novosti\/item\/247787-pozar-na-konjuhu-vatra-se-priblizava-hotelu-muska-voda\/#primaryimage"},"thumbnailUrl":"https:\/\/tuzlainfo.ba\/wp-content\/uploads\/2024\/08\/2508_pozar_konjuh.jpg","datePublished":"2024-08-25T18:48:44+00:00","dateModified":"2024-08-25T18:51:36+00:00","breadcrumb":{"@id":"https:\/\/tuzlainfo.ba\/index.php\/novosti\/item\/247787-pozar-na-konjuhu-vatra-se-priblizava-hotelu-muska-voda\/#breadcrumb"},"inLanguage":"bs-BA","potentialAction":[{"@type":"ReadAction","target":["https:\/\/tuzlainfo.ba\/index.php\/novosti\/item\/247787-pozar-na-konjuhu-vatra-se-priblizava-hotelu-muska-voda\/"]}]},{"@type":"ImageObject","inLanguage":"bs-BA","@id":"https:\/\/tuzlainfo.ba\/index.php\/novosti\/item\/247787-pozar-na-konjuhu-vatra-se-priblizava-hotelu-muska-voda\/#primaryimage","url":"https:\/\/tuzlainfo.ba\/wp-content\/uploads\/2024\/08\/2508_pozar_konjuh.jpg","contentUrl":"https:\/\/tuzlainfo.ba\/wp-content\/uploads\/2024\/08\/2508_pozar_konjuh.jpg","width":976,"height":732},{"@type":"BreadcrumbList","@id":"https:\/\/tuzlainfo.ba\/index.php\/novosti\/item\/247787-pozar-na-konjuhu-vatra-se-priblizava-hotelu-muska-voda\/#breadcrumb","itemListElement":[{"@type":"ListItem","position":1,"name":"Home","item":"https:\/\/tuzlainfo.ba\/"},{"@type":"ListItem","position":2,"name":"Po\u017ear na Konjuhu, vatra se pribli\u017eava hotelu &#8220;Mu\u0161ka voda&#8221;"}]},{"@type":"WebSite","@id":"https:\/\/tuzlainfo.ba\/#website","url":"https:\/\/tuzlainfo.ba\/","name":"TuzlaInfo.ba","description":"Tuzla info, gradski informator - Tuzla na dlanu","publisher":{"@id":"https:\/\/tuzlainfo.ba\/#organization"},"potentialAction":[{"@type":"SearchAction","target":{"@type":"EntryPoint","urlTemplate":"https:\/\/tuzlainfo.ba\/?s={search_term_string}"},"query-input":{"@type":"PropertyValueSpecification","valueRequired":true,"valueName":"search_term_string"}}],"inLanguage":"bs-BA"},{"@type":"Organization","@id":"https:\/\/tuzlainfo.ba\/#organization","name":"TuzlaInfo.ba","url":"https:\/\/tuzlainfo.ba\/","logo":{"@type":"ImageObject","inLanguage":"bs-BA","@id":"https:\/\/tuzlainfo.ba\/#\/schema\/logo\/image\/","url":"https:\/\/tuzlainfo.ba\/wp-content\/uploads\/2021\/03\/logo-ver-3-1.png","contentUrl":"https:\/\/tuzlainfo.ba\/wp-content\/uploads\/2021\/03\/logo-ver-3-1.png","width":350,"height":95,"caption":"TuzlaInfo.ba"},"image":{"@id":"https:\/\/tuzlainfo.ba\/#\/schema\/logo\/image\/"},"sameAs":["https:\/\/www.facebook.com\/tuzlainfo.ba\/"]},{"@type":"Person","@id":"https:\/\/tuzlainfo.ba\/#\/schema\/person\/f434e20dc27ea133923aab08451b7f7f","name":"nedim","image":{"@type":"ImageObject","inLanguage":"bs-BA","@id":"https:\/\/secure.gravatar.com\/avatar\/5b928a2e7e70a54208d2eb6c1edcb75a5350d6ae97d5f0a701203d456823f6f3?s=96&d=mm&r=g","url":"https:\/\/secure.gravatar.com\/avatar\/5b928a2e7e70a54208d2eb6c1edcb75a5350d6ae97d5f0a701203d456823f6f3?s=96&d=mm&r=g","contentUrl":"https:\/\/secure.gravatar.com\/avatar\/5b928a2e7e70a54208d2eb6c1edcb75a5350d6ae97d5f0a701203d456823f6f3?s=96&d=mm&r=g","caption":"nedim"},"description":"Tuzlainfo.ba pratite na dru\u0161tvenim mre\u017eama: Facebook, Instagram i Youtube. Svoje pri\u010de, upite i fotografije \u0161aljite na na\u0161u e-mail adresu."}]}},"_links":{"self":[{"href":"https:\/\/tuzlainfo.ba\/index.php\/wp-json\/wp\/v2\/posts\/247787","targetHints":{"allow":["GET"]}}],"collection":[{"href":"https:\/\/tuzlainfo.ba\/index.php\/wp-json\/wp\/v2\/posts"}],"about":[{"href":"https:\/\/tuzlainfo.ba\/index.php\/wp-json\/wp\/v2\/types\/post"}],"author":[{"embeddable":true,"href":"https:\/\/tuzlainfo.ba\/index.php\/wp-json\/wp\/v2\/users\/2"}],"replies":[{"embeddable":true,"href":"https:\/\/tuzlainfo.ba\/index.php\/wp-json\/wp\/v2\/comments?post=247787"}],"version-history":[{"count":2,"href":"https:\/\/tuzlainfo.ba\/index.php\/wp-json\/wp\/v2\/posts\/247787\/revisions"}],"predecessor-version":[{"id":247791,"href":"https:\/\/tuzlainfo.ba\/index.php\/wp-json\/wp\/v2\/posts\/247787\/revisions\/247791"}],"wp:featuredmedia":[{"embeddable":true,"href":"https:\/\/tuzlainfo.ba\/index.php\/wp-json\/wp\/v2\/media\/247788"}],"wp:attachment":[{"href":"https:\/\/tuzlainfo.ba\/index.php\/wp-json\/wp\/v2\/media?parent=247787"}],"wp:term":[{"taxonomy":"category","embeddable":true,"href":"https:\/\/tuzlainfo.ba\/index.php\/wp-json\/wp\/v2\/categories?post=247787"},{"taxonomy":"post_tag","embeddable":true,"href":"https:\/\/tuzlainfo.ba\/index.php\/wp-json\/wp\/v2\/tags?post=247787"}],"curies":[{"name":"wp","href":"https:\/\/api.w.org\/{rel}","templated":true}]}}