{"id":247668,"date":"2024-08-24T09:26:54","date_gmt":"2024-08-24T07:26:54","guid":{"rendered":"https:\/\/tuzlainfo.ba\/?p=247668"},"modified":"2024-08-24T09:27:45","modified_gmt":"2024-08-24T07:27:45","slug":"na-panonskim-jezerima-u-tuzli-odrzano-vece-sevdaha-uz-saz","status":"publish","type":"post","link":"https:\/\/tuzlainfo.ba\/index.php\/novosti\/item\/247668-na-panonskim-jezerima-u-tuzli-odrzano-vece-sevdaha-uz-saz\/","title":{"rendered":"Na Panonskim jezerima u Tuzli odr\u017eano &#8220;Ve\u010de sevdaha uz saz&#8221;"},"content":{"rendered":"<p>U sklopu manifestacije \u201cLjeto u Tuzli,\u201d sino\u0107 je na Panonskim jezerima \u2013 Sojeni\u010dko neolitsko naselje, odr\u017ean koncert pod nazivom \u201cVe\u010de sevdaha uz saz,\u201d koji je organiziralo Udru\u017eenje sazlija \u201cAvdo Vrabac\u201d iz Tuzle.<\/p>\n<p>Ovaj doga\u0111aj, posve\u0107en o\u010duvanju i promociji tradicionalne bosanske muzike, posebno sevdalinke, privukao je veliki broj posjetitelja koji su u\u017eivali u zvucima saza i emotivnim izvedbama sevdalinki.<\/p>\n<p>Grad Tuzla je podr\u017eao manifestaciju, a gradona\u010delniku, dr.sc.\u00a0 Zijadu Lugavi\u0107u uru\u010dena je Zahvalnica za izuzetan doprinos u radu ovog Udru\u017eenja.<\/p>\n<p>U svom obra\u0107anju, gradona\u010delnik Lugavi\u0107 je istaknuo va\u017enost o\u010duvanja kulturne ba\u0161tine te naglasio kako ovakve manifestacije doprinose bogatstvu i raznolikosti kulturne ponude grada.<\/p>\n<div id=\"penci-post-gallery__56560\" class=\"penci-post-gallery-container masonry grid column-4\" data-height=\"150\" data-margin=\"3\"><div class=\"inner-gallery-masonry-container\"><div class=\"item-gallery-masonry grid\"><a class=\"\" href=\"https:\/\/tuzlainfo.ba\/wp-content\/uploads\/2024\/08\/2408_saz_2.jpg\"><div class=\"inner-item-masonry-gallery\"><img decoding=\"async\" src=\"https:\/\/tuzlainfo.ba\/wp-content\/uploads\/2024\/08\/2408_saz_2-585x390.jpg\" alt=\"\" title=\"2408_saz_2\"><\/div><\/a><\/div><div class=\"item-gallery-masonry grid\"><a class=\"\" href=\"https:\/\/tuzlainfo.ba\/wp-content\/uploads\/2024\/08\/2408_saz_3.jpg\"><div class=\"inner-item-masonry-gallery\"><img decoding=\"async\" src=\"https:\/\/tuzlainfo.ba\/wp-content\/uploads\/2024\/08\/2408_saz_3-585x390.jpg\" alt=\"\" title=\"2408_saz_3\"><\/div><\/a><\/div><div class=\"item-gallery-masonry grid\"><a class=\"\" href=\"https:\/\/tuzlainfo.ba\/wp-content\/uploads\/2024\/08\/2408_saz_4.jpg\"><div class=\"inner-item-masonry-gallery\"><img decoding=\"async\" src=\"https:\/\/tuzlainfo.ba\/wp-content\/uploads\/2024\/08\/2408_saz_4-585x390.jpg\" alt=\"\" title=\"2408_saz_4\"><\/div><\/a><\/div><\/div><\/div>\n<p>\u201cNa ovaj na\u010din, na\u0161e Udru\u017eenje sazlija nam pokazuje tradiciju, na\u0161e bogatstvo kulture,\u00a0 ne samo da oboga\u0107uje kulturni \u017eivot grada ve\u0107 i podsje\u0107a na va\u017enost \u010duvanja i preno\u0161enja na\u0161e muzi\u010dke tradicije na budu\u0107e generacije,\u201d kazao je gradona\u010delnik Lugavi\u0107.<\/p>\n<p>Pored sazlija iz Udru\u017eenja &#8220;AvdoVrabac&#8221; kao gosti na koncerti su nastupili Ago Salihovi\u0107, Meho Muja\u010di\u0107, Ibrahim Heni\u0107 i Hasan Biki\u0107. Program je vodila Erda Red\u017eepagi\u0107.<\/p>\n","protected":false},"excerpt":{"rendered":"<p>U sklopu manifestacije \u201cLjeto u Tuzli,\u201d sino\u0107 je na Panonskim jezerima \u2013 Sojeni\u010dko neolitsko naselje,&hellip;<\/p>\n","protected":false},"author":2,"featured_media":247670,"comment_status":"closed","ping_status":"closed","sticky":false,"template":"","format":"standard","meta":{"_acf_changed":false,"footnotes":""},"categories":[304,12],"tags":[331,3121,46,9146,5777],"acf":[],"yoast_head":"<!-- This site is optimized with the Yoast SEO plugin v23.5 - https:\/\/yoast.com\/wordpress\/plugins\/seo\/ -->\n<title>Na Panonskim jezerima u Tuzli odr\u017eano &quot;Ve\u010de sevdaha uz saz&quot; - TuzlaInfo.ba<\/title>\n<meta name=\"robots\" content=\"index, follow, max-snippet:-1, max-image-preview:large, max-video-preview:-1\" \/>\n<link rel=\"canonical\" href=\"https:\/\/tuzlainfo.ba\/index.php\/novosti\/item\/247668-na-panonskim-jezerima-u-tuzli-odrzano-vece-sevdaha-uz-saz\/\" \/>\n<meta property=\"og:locale\" content=\"bs_BA\" \/>\n<meta property=\"og:type\" content=\"article\" \/>\n<meta property=\"og:title\" content=\"Na Panonskim jezerima u Tuzli odr\u017eano &quot;Ve\u010de sevdaha uz saz&quot; - TuzlaInfo.ba\" \/>\n<meta property=\"og:description\" content=\"U sklopu manifestacije \u201cLjeto u Tuzli,\u201d sino\u0107 je na Panonskim jezerima \u2013 Sojeni\u010dko neolitsko naselje,&hellip;\" \/>\n<meta property=\"og:url\" content=\"https:\/\/tuzlainfo.ba\/index.php\/novosti\/item\/247668-na-panonskim-jezerima-u-tuzli-odrzano-vece-sevdaha-uz-saz\/\" \/>\n<meta property=\"og:site_name\" content=\"TuzlaInfo.ba\" \/>\n<meta property=\"article:publisher\" content=\"https:\/\/www.facebook.com\/tuzlainfo.ba\/\" \/>\n<meta property=\"article:published_time\" content=\"2024-08-24T07:26:54+00:00\" \/>\n<meta property=\"article:modified_time\" content=\"2024-08-24T07:27:45+00:00\" \/>\n<meta property=\"og:image\" content=\"https:\/\/tuzlainfo.ba\/wp-content\/uploads\/2024\/08\/2408_saz_2.jpg\" \/>\n\t<meta property=\"og:image:width\" content=\"1000\" \/>\n\t<meta property=\"og:image:height\" content=\"710\" \/>\n\t<meta property=\"og:image:type\" content=\"image\/jpeg\" \/>\n<meta name=\"author\" content=\"nedim\" \/>\n<meta name=\"twitter:card\" content=\"summary_large_image\" \/>\n<meta name=\"twitter:label1\" content=\"Written by\" \/>\n\t<meta name=\"twitter:data1\" content=\"nedim\" \/>\n\t<meta name=\"twitter:label2\" content=\"Est. reading time\" \/>\n\t<meta name=\"twitter:data2\" content=\"2 minute\" \/>\n<script type=\"application\/ld+json\" class=\"yoast-schema-graph\">{\"@context\":\"https:\/\/schema.org\",\"@graph\":[{\"@type\":\"Article\",\"@id\":\"https:\/\/tuzlainfo.ba\/index.php\/novosti\/item\/247668-na-panonskim-jezerima-u-tuzli-odrzano-vece-sevdaha-uz-saz\/#article\",\"isPartOf\":{\"@id\":\"https:\/\/tuzlainfo.ba\/index.php\/novosti\/item\/247668-na-panonskim-jezerima-u-tuzli-odrzano-vece-sevdaha-uz-saz\/\"},\"author\":{\"name\":\"nedim\",\"@id\":\"https:\/\/tuzlainfo.ba\/#\/schema\/person\/f434e20dc27ea133923aab08451b7f7f\"},\"headline\":\"Na Panonskim jezerima u Tuzli odr\u017eano &#8220;Ve\u010de sevdaha uz saz&#8221;\",\"datePublished\":\"2024-08-24T07:26:54+00:00\",\"dateModified\":\"2024-08-24T07:27:45+00:00\",\"mainEntityOfPage\":{\"@id\":\"https:\/\/tuzlainfo.ba\/index.php\/novosti\/item\/247668-na-panonskim-jezerima-u-tuzli-odrzano-vece-sevdaha-uz-saz\/\"},\"wordCount\":213,\"publisher\":{\"@id\":\"https:\/\/tuzlainfo.ba\/#organization\"},\"image\":{\"@id\":\"https:\/\/tuzlainfo.ba\/index.php\/novosti\/item\/247668-na-panonskim-jezerima-u-tuzli-odrzano-vece-sevdaha-uz-saz\/#primaryimage\"},\"thumbnailUrl\":\"https:\/\/tuzlainfo.ba\/wp-content\/uploads\/2024\/08\/2408_saz_2.jpg\",\"keywords\":[\"grad tuzla\",\"JKP Panonika\",\"panonska jezera\",\"udruzenje sazlija avdo vrabac\",\"Zijad lugavi\u0107\"],\"articleSection\":[\"Istaknuto\",\"Novosti\"],\"inLanguage\":\"bs-BA\"},{\"@type\":\"WebPage\",\"@id\":\"https:\/\/tuzlainfo.ba\/index.php\/novosti\/item\/247668-na-panonskim-jezerima-u-tuzli-odrzano-vece-sevdaha-uz-saz\/\",\"url\":\"https:\/\/tuzlainfo.ba\/index.php\/novosti\/item\/247668-na-panonskim-jezerima-u-tuzli-odrzano-vece-sevdaha-uz-saz\/\",\"name\":\"Na Panonskim jezerima u Tuzli odr\u017eano \\\"Ve\u010de sevdaha uz saz\\\" - TuzlaInfo.ba\",\"isPartOf\":{\"@id\":\"https:\/\/tuzlainfo.ba\/#website\"},\"primaryImageOfPage\":{\"@id\":\"https:\/\/tuzlainfo.ba\/index.php\/novosti\/item\/247668-na-panonskim-jezerima-u-tuzli-odrzano-vece-sevdaha-uz-saz\/#primaryimage\"},\"image\":{\"@id\":\"https:\/\/tuzlainfo.ba\/index.php\/novosti\/item\/247668-na-panonskim-jezerima-u-tuzli-odrzano-vece-sevdaha-uz-saz\/#primaryimage\"},\"thumbnailUrl\":\"https:\/\/tuzlainfo.ba\/wp-content\/uploads\/2024\/08\/2408_saz_2.jpg\",\"datePublished\":\"2024-08-24T07:26:54+00:00\",\"dateModified\":\"2024-08-24T07:27:45+00:00\",\"breadcrumb\":{\"@id\":\"https:\/\/tuzlainfo.ba\/index.php\/novosti\/item\/247668-na-panonskim-jezerima-u-tuzli-odrzano-vece-sevdaha-uz-saz\/#breadcrumb\"},\"inLanguage\":\"bs-BA\",\"potentialAction\":[{\"@type\":\"ReadAction\",\"target\":[\"https:\/\/tuzlainfo.ba\/index.php\/novosti\/item\/247668-na-panonskim-jezerima-u-tuzli-odrzano-vece-sevdaha-uz-saz\/\"]}]},{\"@type\":\"ImageObject\",\"inLanguage\":\"bs-BA\",\"@id\":\"https:\/\/tuzlainfo.ba\/index.php\/novosti\/item\/247668-na-panonskim-jezerima-u-tuzli-odrzano-vece-sevdaha-uz-saz\/#primaryimage\",\"url\":\"https:\/\/tuzlainfo.ba\/wp-content\/uploads\/2024\/08\/2408_saz_2.jpg\",\"contentUrl\":\"https:\/\/tuzlainfo.ba\/wp-content\/uploads\/2024\/08\/2408_saz_2.jpg\",\"width\":1000,\"height\":710},{\"@type\":\"BreadcrumbList\",\"@id\":\"https:\/\/tuzlainfo.ba\/index.php\/novosti\/item\/247668-na-panonskim-jezerima-u-tuzli-odrzano-vece-sevdaha-uz-saz\/#breadcrumb\",\"itemListElement\":[{\"@type\":\"ListItem\",\"position\":1,\"name\":\"Home\",\"item\":\"https:\/\/tuzlainfo.ba\/\"},{\"@type\":\"ListItem\",\"position\":2,\"name\":\"Na Panonskim jezerima u Tuzli odr\u017eano &#8220;Ve\u010de sevdaha uz saz&#8221;\"}]},{\"@type\":\"WebSite\",\"@id\":\"https:\/\/tuzlainfo.ba\/#website\",\"url\":\"https:\/\/tuzlainfo.ba\/\",\"name\":\"TuzlaInfo.ba\",\"description\":\"Tuzla info, gradski informator - Tuzla na dlanu\",\"publisher\":{\"@id\":\"https:\/\/tuzlainfo.ba\/#organization\"},\"potentialAction\":[{\"@type\":\"SearchAction\",\"target\":{\"@type\":\"EntryPoint\",\"urlTemplate\":\"https:\/\/tuzlainfo.ba\/?s={search_term_string}\"},\"query-input\":{\"@type\":\"PropertyValueSpecification\",\"valueRequired\":true,\"valueName\":\"search_term_string\"}}],\"inLanguage\":\"bs-BA\"},{\"@type\":\"Organization\",\"@id\":\"https:\/\/tuzlainfo.ba\/#organization\",\"name\":\"TuzlaInfo.ba\",\"url\":\"https:\/\/tuzlainfo.ba\/\",\"logo\":{\"@type\":\"ImageObject\",\"inLanguage\":\"bs-BA\",\"@id\":\"https:\/\/tuzlainfo.ba\/#\/schema\/logo\/image\/\",\"url\":\"https:\/\/tuzlainfo.ba\/wp-content\/uploads\/2021\/03\/logo-ver-3-1.png\",\"contentUrl\":\"https:\/\/tuzlainfo.ba\/wp-content\/uploads\/2021\/03\/logo-ver-3-1.png\",\"width\":350,\"height\":95,\"caption\":\"TuzlaInfo.ba\"},\"image\":{\"@id\":\"https:\/\/tuzlainfo.ba\/#\/schema\/logo\/image\/\"},\"sameAs\":[\"https:\/\/www.facebook.com\/tuzlainfo.ba\/\"]},{\"@type\":\"Person\",\"@id\":\"https:\/\/tuzlainfo.ba\/#\/schema\/person\/f434e20dc27ea133923aab08451b7f7f\",\"name\":\"nedim\",\"image\":{\"@type\":\"ImageObject\",\"inLanguage\":\"bs-BA\",\"@id\":\"https:\/\/tuzlainfo.ba\/#\/schema\/person\/image\/\",\"url\":\"https:\/\/tuzlainfo.ba\/wp-content\/litespeed\/avatar\/aabad687af24844af817603ac1cbdc4f.jpg?ver=1776702173\",\"contentUrl\":\"https:\/\/tuzlainfo.ba\/wp-content\/litespeed\/avatar\/aabad687af24844af817603ac1cbdc4f.jpg?ver=1776702173\",\"caption\":\"nedim\"},\"description\":\"Tuzlainfo.ba pratite na dru\u0161tvenim mre\u017eama: Facebook, Instagram i Youtube. Svoje pri\u010de, upite i fotografije \u0161aljite na na\u0161u e-mail adresu.\"}]}<\/script>\n<!-- \/ Yoast SEO plugin. -->","yoast_head_json":{"title":"Na Panonskim jezerima u Tuzli odr\u017eano \"Ve\u010de sevdaha uz saz\" - TuzlaInfo.ba","robots":{"index":"index","follow":"follow","max-snippet":"max-snippet:-1","max-image-preview":"max-image-preview:large","max-video-preview":"max-video-preview:-1"},"canonical":"https:\/\/tuzlainfo.ba\/index.php\/novosti\/item\/247668-na-panonskim-jezerima-u-tuzli-odrzano-vece-sevdaha-uz-saz\/","og_locale":"bs_BA","og_type":"article","og_title":"Na Panonskim jezerima u Tuzli odr\u017eano \"Ve\u010de sevdaha uz saz\" - TuzlaInfo.ba","og_description":"U sklopu manifestacije \u201cLjeto u Tuzli,\u201d sino\u0107 je na Panonskim jezerima \u2013 Sojeni\u010dko neolitsko naselje,&hellip;","og_url":"https:\/\/tuzlainfo.ba\/index.php\/novosti\/item\/247668-na-panonskim-jezerima-u-tuzli-odrzano-vece-sevdaha-uz-saz\/","og_site_name":"TuzlaInfo.ba","article_publisher":"https:\/\/www.facebook.com\/tuzlainfo.ba\/","article_published_time":"2024-08-24T07:26:54+00:00","article_modified_time":"2024-08-24T07:27:45+00:00","og_image":[{"width":1000,"height":710,"url":"https:\/\/tuzlainfo.ba\/wp-content\/uploads\/2024\/08\/2408_saz_2.jpg","type":"image\/jpeg"}],"author":"nedim","twitter_card":"summary_large_image","twitter_misc":{"Written by":"nedim","Est. reading time":"2 minute"},"schema":{"@context":"https:\/\/schema.org","@graph":[{"@type":"Article","@id":"https:\/\/tuzlainfo.ba\/index.php\/novosti\/item\/247668-na-panonskim-jezerima-u-tuzli-odrzano-vece-sevdaha-uz-saz\/#article","isPartOf":{"@id":"https:\/\/tuzlainfo.ba\/index.php\/novosti\/item\/247668-na-panonskim-jezerima-u-tuzli-odrzano-vece-sevdaha-uz-saz\/"},"author":{"name":"nedim","@id":"https:\/\/tuzlainfo.ba\/#\/schema\/person\/f434e20dc27ea133923aab08451b7f7f"},"headline":"Na Panonskim jezerima u Tuzli odr\u017eano &#8220;Ve\u010de sevdaha uz saz&#8221;","datePublished":"2024-08-24T07:26:54+00:00","dateModified":"2024-08-24T07:27:45+00:00","mainEntityOfPage":{"@id":"https:\/\/tuzlainfo.ba\/index.php\/novosti\/item\/247668-na-panonskim-jezerima-u-tuzli-odrzano-vece-sevdaha-uz-saz\/"},"wordCount":213,"publisher":{"@id":"https:\/\/tuzlainfo.ba\/#organization"},"image":{"@id":"https:\/\/tuzlainfo.ba\/index.php\/novosti\/item\/247668-na-panonskim-jezerima-u-tuzli-odrzano-vece-sevdaha-uz-saz\/#primaryimage"},"thumbnailUrl":"https:\/\/tuzlainfo.ba\/wp-content\/uploads\/2024\/08\/2408_saz_2.jpg","keywords":["grad tuzla","JKP Panonika","panonska jezera","udruzenje sazlija avdo vrabac","Zijad lugavi\u0107"],"articleSection":["Istaknuto","Novosti"],"inLanguage":"bs-BA"},{"@type":"WebPage","@id":"https:\/\/tuzlainfo.ba\/index.php\/novosti\/item\/247668-na-panonskim-jezerima-u-tuzli-odrzano-vece-sevdaha-uz-saz\/","url":"https:\/\/tuzlainfo.ba\/index.php\/novosti\/item\/247668-na-panonskim-jezerima-u-tuzli-odrzano-vece-sevdaha-uz-saz\/","name":"Na Panonskim jezerima u Tuzli odr\u017eano \"Ve\u010de sevdaha uz saz\" - TuzlaInfo.ba","isPartOf":{"@id":"https:\/\/tuzlainfo.ba\/#website"},"primaryImageOfPage":{"@id":"https:\/\/tuzlainfo.ba\/index.php\/novosti\/item\/247668-na-panonskim-jezerima-u-tuzli-odrzano-vece-sevdaha-uz-saz\/#primaryimage"},"image":{"@id":"https:\/\/tuzlainfo.ba\/index.php\/novosti\/item\/247668-na-panonskim-jezerima-u-tuzli-odrzano-vece-sevdaha-uz-saz\/#primaryimage"},"thumbnailUrl":"https:\/\/tuzlainfo.ba\/wp-content\/uploads\/2024\/08\/2408_saz_2.jpg","datePublished":"2024-08-24T07:26:54+00:00","dateModified":"2024-08-24T07:27:45+00:00","breadcrumb":{"@id":"https:\/\/tuzlainfo.ba\/index.php\/novosti\/item\/247668-na-panonskim-jezerima-u-tuzli-odrzano-vece-sevdaha-uz-saz\/#breadcrumb"},"inLanguage":"bs-BA","potentialAction":[{"@type":"ReadAction","target":["https:\/\/tuzlainfo.ba\/index.php\/novosti\/item\/247668-na-panonskim-jezerima-u-tuzli-odrzano-vece-sevdaha-uz-saz\/"]}]},{"@type":"ImageObject","inLanguage":"bs-BA","@id":"https:\/\/tuzlainfo.ba\/index.php\/novosti\/item\/247668-na-panonskim-jezerima-u-tuzli-odrzano-vece-sevdaha-uz-saz\/#primaryimage","url":"https:\/\/tuzlainfo.ba\/wp-content\/uploads\/2024\/08\/2408_saz_2.jpg","contentUrl":"https:\/\/tuzlainfo.ba\/wp-content\/uploads\/2024\/08\/2408_saz_2.jpg","width":1000,"height":710},{"@type":"BreadcrumbList","@id":"https:\/\/tuzlainfo.ba\/index.php\/novosti\/item\/247668-na-panonskim-jezerima-u-tuzli-odrzano-vece-sevdaha-uz-saz\/#breadcrumb","itemListElement":[{"@type":"ListItem","position":1,"name":"Home","item":"https:\/\/tuzlainfo.ba\/"},{"@type":"ListItem","position":2,"name":"Na Panonskim jezerima u Tuzli odr\u017eano &#8220;Ve\u010de sevdaha uz saz&#8221;"}]},{"@type":"WebSite","@id":"https:\/\/tuzlainfo.ba\/#website","url":"https:\/\/tuzlainfo.ba\/","name":"TuzlaInfo.ba","description":"Tuzla info, gradski informator - Tuzla na dlanu","publisher":{"@id":"https:\/\/tuzlainfo.ba\/#organization"},"potentialAction":[{"@type":"SearchAction","target":{"@type":"EntryPoint","urlTemplate":"https:\/\/tuzlainfo.ba\/?s={search_term_string}"},"query-input":{"@type":"PropertyValueSpecification","valueRequired":true,"valueName":"search_term_string"}}],"inLanguage":"bs-BA"},{"@type":"Organization","@id":"https:\/\/tuzlainfo.ba\/#organization","name":"TuzlaInfo.ba","url":"https:\/\/tuzlainfo.ba\/","logo":{"@type":"ImageObject","inLanguage":"bs-BA","@id":"https:\/\/tuzlainfo.ba\/#\/schema\/logo\/image\/","url":"https:\/\/tuzlainfo.ba\/wp-content\/uploads\/2021\/03\/logo-ver-3-1.png","contentUrl":"https:\/\/tuzlainfo.ba\/wp-content\/uploads\/2021\/03\/logo-ver-3-1.png","width":350,"height":95,"caption":"TuzlaInfo.ba"},"image":{"@id":"https:\/\/tuzlainfo.ba\/#\/schema\/logo\/image\/"},"sameAs":["https:\/\/www.facebook.com\/tuzlainfo.ba\/"]},{"@type":"Person","@id":"https:\/\/tuzlainfo.ba\/#\/schema\/person\/f434e20dc27ea133923aab08451b7f7f","name":"nedim","image":{"@type":"ImageObject","inLanguage":"bs-BA","@id":"https:\/\/tuzlainfo.ba\/#\/schema\/person\/image\/","url":"https:\/\/tuzlainfo.ba\/wp-content\/litespeed\/avatar\/aabad687af24844af817603ac1cbdc4f.jpg?ver=1776702173","contentUrl":"https:\/\/tuzlainfo.ba\/wp-content\/litespeed\/avatar\/aabad687af24844af817603ac1cbdc4f.jpg?ver=1776702173","caption":"nedim"},"description":"Tuzlainfo.ba pratite na dru\u0161tvenim mre\u017eama: Facebook, Instagram i Youtube. Svoje pri\u010de, upite i fotografije \u0161aljite na na\u0161u e-mail adresu."}]}},"_links":{"self":[{"href":"https:\/\/tuzlainfo.ba\/index.php\/wp-json\/wp\/v2\/posts\/247668"}],"collection":[{"href":"https:\/\/tuzlainfo.ba\/index.php\/wp-json\/wp\/v2\/posts"}],"about":[{"href":"https:\/\/tuzlainfo.ba\/index.php\/wp-json\/wp\/v2\/types\/post"}],"author":[{"embeddable":true,"href":"https:\/\/tuzlainfo.ba\/index.php\/wp-json\/wp\/v2\/users\/2"}],"replies":[{"embeddable":true,"href":"https:\/\/tuzlainfo.ba\/index.php\/wp-json\/wp\/v2\/comments?post=247668"}],"version-history":[{"count":2,"href":"https:\/\/tuzlainfo.ba\/index.php\/wp-json\/wp\/v2\/posts\/247668\/revisions"}],"predecessor-version":[{"id":247674,"href":"https:\/\/tuzlainfo.ba\/index.php\/wp-json\/wp\/v2\/posts\/247668\/revisions\/247674"}],"wp:featuredmedia":[{"embeddable":true,"href":"https:\/\/tuzlainfo.ba\/index.php\/wp-json\/wp\/v2\/media\/247670"}],"wp:attachment":[{"href":"https:\/\/tuzlainfo.ba\/index.php\/wp-json\/wp\/v2\/media?parent=247668"}],"wp:term":[{"taxonomy":"category","embeddable":true,"href":"https:\/\/tuzlainfo.ba\/index.php\/wp-json\/wp\/v2\/categories?post=247668"},{"taxonomy":"post_tag","embeddable":true,"href":"https:\/\/tuzlainfo.ba\/index.php\/wp-json\/wp\/v2\/tags?post=247668"}],"curies":[{"name":"wp","href":"https:\/\/api.w.org\/{rel}","templated":true}]}}