{"id":247533,"date":"2024-08-22T17:01:18","date_gmt":"2024-08-22T15:01:18","guid":{"rendered":"https:\/\/tuzlainfo.ba\/?p=247533"},"modified":"2024-08-22T15:02:08","modified_gmt":"2024-08-22T13:02:08","slug":"na-potezu-vlada-i-parlament-fbih-predlozeno-povecanje-naknade-koju-ep-bih-uplacuje-u-budzet-tuzle-i-kaknja","status":"publish","type":"post","link":"https:\/\/tuzlainfo.ba\/index.php\/novosti\/item\/247533-na-potezu-vlada-i-parlament-fbih-predlozeno-povecanje-naknade-koju-ep-bih-uplacuje-u-budzet-tuzle-i-kaknja\/","title":{"rendered":"Na potezu Vlada i Parlament FBiH: Predlo\u017eeno pove\u0107anje naknade koju EP BIH upla\u0107uje u bud\u017eet Tuzle i Kaknja"},"content":{"rendered":"<p dir=\"auto\">Lokalne zajednice Kakanj i Tuzla su 2014. godine zakonom dobile pravo na dio prihoda koje ostvare termoelektrane koje djeluju na prostorima tih zajednica, \u0161to je omogu\u0107ilo brojna bud\u017eetska izdvajanja za gra\u0111ane u tim zajednicama.<\/p>\n<p dir=\"auto\">U me\u0111uvremenu su u Parlamentu F BiH pokrenute inicijative za izmjenama ovog zakona, kojim bi namjene utro\u0161ka bile su\u017eene, jer su postohale brojne primjedbe da se sredstva ne tro\u0161e primarno u za\u0161titu \u017eivotne sredine i na infrastrukturu najugro\u017eenijih mjesnih zajednica uz objekte termoelektrane.<\/p>\n<p dir=\"auto\">Na\u010delnik Kaknja Mirnes Bajtarevi\u0107 i gradona\u010delnik Tuzle Zijad Lugavi\u0107 su u aprilu 2023. godine zajendi\u010dki poslalo pismo parlamentarcima u kojem su uakzali na lo\u0161e strane eventualnih izmjena, nakon \u010dega su Kakanj i Tuzla dobili \u010dlanove u interresornoj grupi \u010diji zadatak \u0107e biti da sa\u010dini tekst zakona o izmjenama i dopunama Zakona o izdvajanju i usmjeravanju dijela prihoda preduze\u0107a ostvarenih radom termoelektrana.<\/p>\n<p dir=\"auto\">Na jutro\u0161njoj online sjednici ove interresorne grupe nije do\u0161lo do promjene namjene prihoda, a do\u0161lo je i do pove\u0107anja prihoda, pa \u0107e takav prijedlog zakona biti upu\u0107en prema Vladi F BiH i dalje prema Parlamentu F BiH.<\/p>\n<p dir=\"auto\">Od 2015. godine, kada su se ova sredstva po\u010dela upla\u0107ivati u bud\u017eet, prihod se kreao od maksimalnih 5,9 miliona KM na predvi\u0111enih 3,1 milion maraka.<\/p>\n<p dir=\"auto\">Razlog smanjenja sredstava upravo manja koli\u010dina proizvedene elektri\u010dne energije u Termoelektrani Tuzla. <strong>\/Tuzlainfo.ba\/<\/strong><\/p>\n","protected":false},"excerpt":{"rendered":"<p>Lokalne zajednice Kakanj i Tuzla su 2014. godine zakonom dobile pravo na dio prihoda koje&hellip;<\/p>\n","protected":false},"author":2,"featured_media":161520,"comment_status":"closed","ping_status":"closed","sticky":false,"template":"","format":"standard","meta":{"_acf_changed":false,"footnotes":""},"categories":[304,12],"tags":[10808],"acf":[],"yoast_head":"<!-- This site is optimized with the Yoast SEO plugin v23.5 - https:\/\/yoast.com\/wordpress\/plugins\/seo\/ -->\n<title>Na potezu Vlada i Parlament FBiH: Predlo\u017eeno pove\u0107anje naknade koju EP BIH upla\u0107uje u bud\u017eet Tuzle i Kaknja - TuzlaInfo.ba<\/title>\n<meta name=\"robots\" content=\"index, follow, max-snippet:-1, max-image-preview:large, max-video-preview:-1\" \/>\n<link rel=\"canonical\" href=\"https:\/\/tuzlainfo.ba\/index.php\/novosti\/item\/247533-na-potezu-vlada-i-parlament-fbih-predlozeno-povecanje-naknade-koju-ep-bih-uplacuje-u-budzet-tuzle-i-kaknja\/\" \/>\n<meta property=\"og:locale\" content=\"bs_BA\" \/>\n<meta property=\"og:type\" content=\"article\" \/>\n<meta property=\"og:title\" content=\"Na potezu Vlada i Parlament FBiH: Predlo\u017eeno pove\u0107anje naknade koju EP BIH upla\u0107uje u bud\u017eet Tuzle i Kaknja - TuzlaInfo.ba\" \/>\n<meta property=\"og:description\" content=\"Lokalne zajednice Kakanj i Tuzla su 2014. godine zakonom dobile pravo na dio prihoda koje&hellip;\" \/>\n<meta property=\"og:url\" content=\"https:\/\/tuzlainfo.ba\/index.php\/novosti\/item\/247533-na-potezu-vlada-i-parlament-fbih-predlozeno-povecanje-naknade-koju-ep-bih-uplacuje-u-budzet-tuzle-i-kaknja\/\" \/>\n<meta property=\"og:site_name\" content=\"TuzlaInfo.ba\" \/>\n<meta property=\"article:publisher\" content=\"https:\/\/www.facebook.com\/tuzlainfo.ba\/\" \/>\n<meta property=\"article:published_time\" content=\"2024-08-22T15:01:18+00:00\" \/>\n<meta property=\"article:modified_time\" content=\"2024-08-22T13:02:08+00:00\" \/>\n<meta property=\"og:image\" content=\"https:\/\/tuzlainfo.ba\/wp-content\/uploads\/2022\/01\/1901_termoelektrana_ugalj.jpg\" \/>\n\t<meta property=\"og:image:width\" content=\"1200\" \/>\n\t<meta property=\"og:image:height\" content=\"800\" \/>\n\t<meta property=\"og:image:type\" content=\"image\/jpeg\" \/>\n<meta name=\"author\" content=\"nedim\" \/>\n<meta name=\"twitter:card\" content=\"summary_large_image\" \/>\n<meta name=\"twitter:label1\" content=\"Written by\" \/>\n\t<meta name=\"twitter:data1\" content=\"nedim\" \/>\n\t<meta name=\"twitter:label2\" content=\"Est. reading time\" \/>\n\t<meta name=\"twitter:data2\" content=\"2 minute\" \/>\n<script type=\"application\/ld+json\" class=\"yoast-schema-graph\">{\"@context\":\"https:\/\/schema.org\",\"@graph\":[{\"@type\":\"Article\",\"@id\":\"https:\/\/tuzlainfo.ba\/index.php\/novosti\/item\/247533-na-potezu-vlada-i-parlament-fbih-predlozeno-povecanje-naknade-koju-ep-bih-uplacuje-u-budzet-tuzle-i-kaknja\/#article\",\"isPartOf\":{\"@id\":\"https:\/\/tuzlainfo.ba\/index.php\/novosti\/item\/247533-na-potezu-vlada-i-parlament-fbih-predlozeno-povecanje-naknade-koju-ep-bih-uplacuje-u-budzet-tuzle-i-kaknja\/\"},\"author\":{\"name\":\"nedim\",\"@id\":\"https:\/\/tuzlainfo.ba\/#\/schema\/person\/f434e20dc27ea133923aab08451b7f7f\"},\"headline\":\"Na potezu Vlada i Parlament FBiH: Predlo\u017eeno pove\u0107anje naknade koju EP BIH upla\u0107uje u bud\u017eet Tuzle i Kaknja\",\"datePublished\":\"2024-08-22T15:01:18+00:00\",\"dateModified\":\"2024-08-22T13:02:08+00:00\",\"mainEntityOfPage\":{\"@id\":\"https:\/\/tuzlainfo.ba\/index.php\/novosti\/item\/247533-na-potezu-vlada-i-parlament-fbih-predlozeno-povecanje-naknade-koju-ep-bih-uplacuje-u-budzet-tuzle-i-kaknja\/\"},\"wordCount\":257,\"publisher\":{\"@id\":\"https:\/\/tuzlainfo.ba\/#organization\"},\"image\":{\"@id\":\"https:\/\/tuzlainfo.ba\/index.php\/novosti\/item\/247533-na-potezu-vlada-i-parlament-fbih-predlozeno-povecanje-naknade-koju-ep-bih-uplacuje-u-budzet-tuzle-i-kaknja\/#primaryimage\"},\"thumbnailUrl\":\"https:\/\/tuzlainfo.ba\/wp-content\/uploads\/2022\/01\/1901_termoelektrana_ugalj.jpg\",\"keywords\":[\"naknada od rada termoelektrane\"],\"articleSection\":[\"Istaknuto\",\"Novosti\"],\"inLanguage\":\"bs-BA\"},{\"@type\":\"WebPage\",\"@id\":\"https:\/\/tuzlainfo.ba\/index.php\/novosti\/item\/247533-na-potezu-vlada-i-parlament-fbih-predlozeno-povecanje-naknade-koju-ep-bih-uplacuje-u-budzet-tuzle-i-kaknja\/\",\"url\":\"https:\/\/tuzlainfo.ba\/index.php\/novosti\/item\/247533-na-potezu-vlada-i-parlament-fbih-predlozeno-povecanje-naknade-koju-ep-bih-uplacuje-u-budzet-tuzle-i-kaknja\/\",\"name\":\"Na potezu Vlada i Parlament FBiH: Predlo\u017eeno pove\u0107anje naknade koju EP BIH upla\u0107uje u bud\u017eet Tuzle i Kaknja - TuzlaInfo.ba\",\"isPartOf\":{\"@id\":\"https:\/\/tuzlainfo.ba\/#website\"},\"primaryImageOfPage\":{\"@id\":\"https:\/\/tuzlainfo.ba\/index.php\/novosti\/item\/247533-na-potezu-vlada-i-parlament-fbih-predlozeno-povecanje-naknade-koju-ep-bih-uplacuje-u-budzet-tuzle-i-kaknja\/#primaryimage\"},\"image\":{\"@id\":\"https:\/\/tuzlainfo.ba\/index.php\/novosti\/item\/247533-na-potezu-vlada-i-parlament-fbih-predlozeno-povecanje-naknade-koju-ep-bih-uplacuje-u-budzet-tuzle-i-kaknja\/#primaryimage\"},\"thumbnailUrl\":\"https:\/\/tuzlainfo.ba\/wp-content\/uploads\/2022\/01\/1901_termoelektrana_ugalj.jpg\",\"datePublished\":\"2024-08-22T15:01:18+00:00\",\"dateModified\":\"2024-08-22T13:02:08+00:00\",\"breadcrumb\":{\"@id\":\"https:\/\/tuzlainfo.ba\/index.php\/novosti\/item\/247533-na-potezu-vlada-i-parlament-fbih-predlozeno-povecanje-naknade-koju-ep-bih-uplacuje-u-budzet-tuzle-i-kaknja\/#breadcrumb\"},\"inLanguage\":\"bs-BA\",\"potentialAction\":[{\"@type\":\"ReadAction\",\"target\":[\"https:\/\/tuzlainfo.ba\/index.php\/novosti\/item\/247533-na-potezu-vlada-i-parlament-fbih-predlozeno-povecanje-naknade-koju-ep-bih-uplacuje-u-budzet-tuzle-i-kaknja\/\"]}]},{\"@type\":\"ImageObject\",\"inLanguage\":\"bs-BA\",\"@id\":\"https:\/\/tuzlainfo.ba\/index.php\/novosti\/item\/247533-na-potezu-vlada-i-parlament-fbih-predlozeno-povecanje-naknade-koju-ep-bih-uplacuje-u-budzet-tuzle-i-kaknja\/#primaryimage\",\"url\":\"https:\/\/tuzlainfo.ba\/wp-content\/uploads\/2022\/01\/1901_termoelektrana_ugalj.jpg\",\"contentUrl\":\"https:\/\/tuzlainfo.ba\/wp-content\/uploads\/2022\/01\/1901_termoelektrana_ugalj.jpg\",\"width\":1200,\"height\":800,\"caption\":\"Termoelektrana Tuzla \/ Foto: EP BiH\"},{\"@type\":\"BreadcrumbList\",\"@id\":\"https:\/\/tuzlainfo.ba\/index.php\/novosti\/item\/247533-na-potezu-vlada-i-parlament-fbih-predlozeno-povecanje-naknade-koju-ep-bih-uplacuje-u-budzet-tuzle-i-kaknja\/#breadcrumb\",\"itemListElement\":[{\"@type\":\"ListItem\",\"position\":1,\"name\":\"Home\",\"item\":\"https:\/\/tuzlainfo.ba\/\"},{\"@type\":\"ListItem\",\"position\":2,\"name\":\"Na potezu Vlada i Parlament FBiH: Predlo\u017eeno pove\u0107anje naknade koju EP BIH upla\u0107uje u bud\u017eet Tuzle i Kaknja\"}]},{\"@type\":\"WebSite\",\"@id\":\"https:\/\/tuzlainfo.ba\/#website\",\"url\":\"https:\/\/tuzlainfo.ba\/\",\"name\":\"TuzlaInfo.ba\",\"description\":\"Tuzla info, gradski informator - Tuzla na dlanu\",\"publisher\":{\"@id\":\"https:\/\/tuzlainfo.ba\/#organization\"},\"potentialAction\":[{\"@type\":\"SearchAction\",\"target\":{\"@type\":\"EntryPoint\",\"urlTemplate\":\"https:\/\/tuzlainfo.ba\/?s={search_term_string}\"},\"query-input\":{\"@type\":\"PropertyValueSpecification\",\"valueRequired\":true,\"valueName\":\"search_term_string\"}}],\"inLanguage\":\"bs-BA\"},{\"@type\":\"Organization\",\"@id\":\"https:\/\/tuzlainfo.ba\/#organization\",\"name\":\"TuzlaInfo.ba\",\"url\":\"https:\/\/tuzlainfo.ba\/\",\"logo\":{\"@type\":\"ImageObject\",\"inLanguage\":\"bs-BA\",\"@id\":\"https:\/\/tuzlainfo.ba\/#\/schema\/logo\/image\/\",\"url\":\"https:\/\/tuzlainfo.ba\/wp-content\/uploads\/2021\/03\/logo-ver-3-1.png\",\"contentUrl\":\"https:\/\/tuzlainfo.ba\/wp-content\/uploads\/2021\/03\/logo-ver-3-1.png\",\"width\":350,\"height\":95,\"caption\":\"TuzlaInfo.ba\"},\"image\":{\"@id\":\"https:\/\/tuzlainfo.ba\/#\/schema\/logo\/image\/\"},\"sameAs\":[\"https:\/\/www.facebook.com\/tuzlainfo.ba\/\"]},{\"@type\":\"Person\",\"@id\":\"https:\/\/tuzlainfo.ba\/#\/schema\/person\/f434e20dc27ea133923aab08451b7f7f\",\"name\":\"nedim\",\"image\":{\"@type\":\"ImageObject\",\"inLanguage\":\"bs-BA\",\"@id\":\"https:\/\/tuzlainfo.ba\/#\/schema\/person\/image\/\",\"url\":\"https:\/\/tuzlainfo.ba\/wp-content\/litespeed\/avatar\/aabad687af24844af817603ac1cbdc4f.jpg?ver=1776702173\",\"contentUrl\":\"https:\/\/tuzlainfo.ba\/wp-content\/litespeed\/avatar\/aabad687af24844af817603ac1cbdc4f.jpg?ver=1776702173\",\"caption\":\"nedim\"},\"description\":\"Tuzlainfo.ba pratite na dru\u0161tvenim mre\u017eama: Facebook, Instagram i Youtube. Svoje pri\u010de, upite i fotografije \u0161aljite na na\u0161u e-mail adresu.\"}]}<\/script>\n<!-- \/ Yoast SEO plugin. -->","yoast_head_json":{"title":"Na potezu Vlada i Parlament FBiH: Predlo\u017eeno pove\u0107anje naknade koju EP BIH upla\u0107uje u bud\u017eet Tuzle i Kaknja - TuzlaInfo.ba","robots":{"index":"index","follow":"follow","max-snippet":"max-snippet:-1","max-image-preview":"max-image-preview:large","max-video-preview":"max-video-preview:-1"},"canonical":"https:\/\/tuzlainfo.ba\/index.php\/novosti\/item\/247533-na-potezu-vlada-i-parlament-fbih-predlozeno-povecanje-naknade-koju-ep-bih-uplacuje-u-budzet-tuzle-i-kaknja\/","og_locale":"bs_BA","og_type":"article","og_title":"Na potezu Vlada i Parlament FBiH: Predlo\u017eeno pove\u0107anje naknade koju EP BIH upla\u0107uje u bud\u017eet Tuzle i Kaknja - TuzlaInfo.ba","og_description":"Lokalne zajednice Kakanj i Tuzla su 2014. godine zakonom dobile pravo na dio prihoda koje&hellip;","og_url":"https:\/\/tuzlainfo.ba\/index.php\/novosti\/item\/247533-na-potezu-vlada-i-parlament-fbih-predlozeno-povecanje-naknade-koju-ep-bih-uplacuje-u-budzet-tuzle-i-kaknja\/","og_site_name":"TuzlaInfo.ba","article_publisher":"https:\/\/www.facebook.com\/tuzlainfo.ba\/","article_published_time":"2024-08-22T15:01:18+00:00","article_modified_time":"2024-08-22T13:02:08+00:00","og_image":[{"width":1200,"height":800,"url":"https:\/\/tuzlainfo.ba\/wp-content\/uploads\/2022\/01\/1901_termoelektrana_ugalj.jpg","type":"image\/jpeg"}],"author":"nedim","twitter_card":"summary_large_image","twitter_misc":{"Written by":"nedim","Est. reading time":"2 minute"},"schema":{"@context":"https:\/\/schema.org","@graph":[{"@type":"Article","@id":"https:\/\/tuzlainfo.ba\/index.php\/novosti\/item\/247533-na-potezu-vlada-i-parlament-fbih-predlozeno-povecanje-naknade-koju-ep-bih-uplacuje-u-budzet-tuzle-i-kaknja\/#article","isPartOf":{"@id":"https:\/\/tuzlainfo.ba\/index.php\/novosti\/item\/247533-na-potezu-vlada-i-parlament-fbih-predlozeno-povecanje-naknade-koju-ep-bih-uplacuje-u-budzet-tuzle-i-kaknja\/"},"author":{"name":"nedim","@id":"https:\/\/tuzlainfo.ba\/#\/schema\/person\/f434e20dc27ea133923aab08451b7f7f"},"headline":"Na potezu Vlada i Parlament FBiH: Predlo\u017eeno pove\u0107anje naknade koju EP BIH upla\u0107uje u bud\u017eet Tuzle i Kaknja","datePublished":"2024-08-22T15:01:18+00:00","dateModified":"2024-08-22T13:02:08+00:00","mainEntityOfPage":{"@id":"https:\/\/tuzlainfo.ba\/index.php\/novosti\/item\/247533-na-potezu-vlada-i-parlament-fbih-predlozeno-povecanje-naknade-koju-ep-bih-uplacuje-u-budzet-tuzle-i-kaknja\/"},"wordCount":257,"publisher":{"@id":"https:\/\/tuzlainfo.ba\/#organization"},"image":{"@id":"https:\/\/tuzlainfo.ba\/index.php\/novosti\/item\/247533-na-potezu-vlada-i-parlament-fbih-predlozeno-povecanje-naknade-koju-ep-bih-uplacuje-u-budzet-tuzle-i-kaknja\/#primaryimage"},"thumbnailUrl":"https:\/\/tuzlainfo.ba\/wp-content\/uploads\/2022\/01\/1901_termoelektrana_ugalj.jpg","keywords":["naknada od rada termoelektrane"],"articleSection":["Istaknuto","Novosti"],"inLanguage":"bs-BA"},{"@type":"WebPage","@id":"https:\/\/tuzlainfo.ba\/index.php\/novosti\/item\/247533-na-potezu-vlada-i-parlament-fbih-predlozeno-povecanje-naknade-koju-ep-bih-uplacuje-u-budzet-tuzle-i-kaknja\/","url":"https:\/\/tuzlainfo.ba\/index.php\/novosti\/item\/247533-na-potezu-vlada-i-parlament-fbih-predlozeno-povecanje-naknade-koju-ep-bih-uplacuje-u-budzet-tuzle-i-kaknja\/","name":"Na potezu Vlada i Parlament FBiH: Predlo\u017eeno pove\u0107anje naknade koju EP BIH upla\u0107uje u bud\u017eet Tuzle i Kaknja - TuzlaInfo.ba","isPartOf":{"@id":"https:\/\/tuzlainfo.ba\/#website"},"primaryImageOfPage":{"@id":"https:\/\/tuzlainfo.ba\/index.php\/novosti\/item\/247533-na-potezu-vlada-i-parlament-fbih-predlozeno-povecanje-naknade-koju-ep-bih-uplacuje-u-budzet-tuzle-i-kaknja\/#primaryimage"},"image":{"@id":"https:\/\/tuzlainfo.ba\/index.php\/novosti\/item\/247533-na-potezu-vlada-i-parlament-fbih-predlozeno-povecanje-naknade-koju-ep-bih-uplacuje-u-budzet-tuzle-i-kaknja\/#primaryimage"},"thumbnailUrl":"https:\/\/tuzlainfo.ba\/wp-content\/uploads\/2022\/01\/1901_termoelektrana_ugalj.jpg","datePublished":"2024-08-22T15:01:18+00:00","dateModified":"2024-08-22T13:02:08+00:00","breadcrumb":{"@id":"https:\/\/tuzlainfo.ba\/index.php\/novosti\/item\/247533-na-potezu-vlada-i-parlament-fbih-predlozeno-povecanje-naknade-koju-ep-bih-uplacuje-u-budzet-tuzle-i-kaknja\/#breadcrumb"},"inLanguage":"bs-BA","potentialAction":[{"@type":"ReadAction","target":["https:\/\/tuzlainfo.ba\/index.php\/novosti\/item\/247533-na-potezu-vlada-i-parlament-fbih-predlozeno-povecanje-naknade-koju-ep-bih-uplacuje-u-budzet-tuzle-i-kaknja\/"]}]},{"@type":"ImageObject","inLanguage":"bs-BA","@id":"https:\/\/tuzlainfo.ba\/index.php\/novosti\/item\/247533-na-potezu-vlada-i-parlament-fbih-predlozeno-povecanje-naknade-koju-ep-bih-uplacuje-u-budzet-tuzle-i-kaknja\/#primaryimage","url":"https:\/\/tuzlainfo.ba\/wp-content\/uploads\/2022\/01\/1901_termoelektrana_ugalj.jpg","contentUrl":"https:\/\/tuzlainfo.ba\/wp-content\/uploads\/2022\/01\/1901_termoelektrana_ugalj.jpg","width":1200,"height":800,"caption":"Termoelektrana Tuzla \/ Foto: EP BiH"},{"@type":"BreadcrumbList","@id":"https:\/\/tuzlainfo.ba\/index.php\/novosti\/item\/247533-na-potezu-vlada-i-parlament-fbih-predlozeno-povecanje-naknade-koju-ep-bih-uplacuje-u-budzet-tuzle-i-kaknja\/#breadcrumb","itemListElement":[{"@type":"ListItem","position":1,"name":"Home","item":"https:\/\/tuzlainfo.ba\/"},{"@type":"ListItem","position":2,"name":"Na potezu Vlada i Parlament FBiH: Predlo\u017eeno pove\u0107anje naknade koju EP BIH upla\u0107uje u bud\u017eet Tuzle i Kaknja"}]},{"@type":"WebSite","@id":"https:\/\/tuzlainfo.ba\/#website","url":"https:\/\/tuzlainfo.ba\/","name":"TuzlaInfo.ba","description":"Tuzla info, gradski informator - Tuzla na dlanu","publisher":{"@id":"https:\/\/tuzlainfo.ba\/#organization"},"potentialAction":[{"@type":"SearchAction","target":{"@type":"EntryPoint","urlTemplate":"https:\/\/tuzlainfo.ba\/?s={search_term_string}"},"query-input":{"@type":"PropertyValueSpecification","valueRequired":true,"valueName":"search_term_string"}}],"inLanguage":"bs-BA"},{"@type":"Organization","@id":"https:\/\/tuzlainfo.ba\/#organization","name":"TuzlaInfo.ba","url":"https:\/\/tuzlainfo.ba\/","logo":{"@type":"ImageObject","inLanguage":"bs-BA","@id":"https:\/\/tuzlainfo.ba\/#\/schema\/logo\/image\/","url":"https:\/\/tuzlainfo.ba\/wp-content\/uploads\/2021\/03\/logo-ver-3-1.png","contentUrl":"https:\/\/tuzlainfo.ba\/wp-content\/uploads\/2021\/03\/logo-ver-3-1.png","width":350,"height":95,"caption":"TuzlaInfo.ba"},"image":{"@id":"https:\/\/tuzlainfo.ba\/#\/schema\/logo\/image\/"},"sameAs":["https:\/\/www.facebook.com\/tuzlainfo.ba\/"]},{"@type":"Person","@id":"https:\/\/tuzlainfo.ba\/#\/schema\/person\/f434e20dc27ea133923aab08451b7f7f","name":"nedim","image":{"@type":"ImageObject","inLanguage":"bs-BA","@id":"https:\/\/tuzlainfo.ba\/#\/schema\/person\/image\/","url":"https:\/\/tuzlainfo.ba\/wp-content\/litespeed\/avatar\/aabad687af24844af817603ac1cbdc4f.jpg?ver=1776702173","contentUrl":"https:\/\/tuzlainfo.ba\/wp-content\/litespeed\/avatar\/aabad687af24844af817603ac1cbdc4f.jpg?ver=1776702173","caption":"nedim"},"description":"Tuzlainfo.ba pratite na dru\u0161tvenim mre\u017eama: Facebook, Instagram i Youtube. Svoje pri\u010de, upite i fotografije \u0161aljite na na\u0161u e-mail adresu."}]}},"_links":{"self":[{"href":"https:\/\/tuzlainfo.ba\/index.php\/wp-json\/wp\/v2\/posts\/247533"}],"collection":[{"href":"https:\/\/tuzlainfo.ba\/index.php\/wp-json\/wp\/v2\/posts"}],"about":[{"href":"https:\/\/tuzlainfo.ba\/index.php\/wp-json\/wp\/v2\/types\/post"}],"author":[{"embeddable":true,"href":"https:\/\/tuzlainfo.ba\/index.php\/wp-json\/wp\/v2\/users\/2"}],"replies":[{"embeddable":true,"href":"https:\/\/tuzlainfo.ba\/index.php\/wp-json\/wp\/v2\/comments?post=247533"}],"version-history":[{"count":1,"href":"https:\/\/tuzlainfo.ba\/index.php\/wp-json\/wp\/v2\/posts\/247533\/revisions"}],"predecessor-version":[{"id":247534,"href":"https:\/\/tuzlainfo.ba\/index.php\/wp-json\/wp\/v2\/posts\/247533\/revisions\/247534"}],"wp:featuredmedia":[{"embeddable":true,"href":"https:\/\/tuzlainfo.ba\/index.php\/wp-json\/wp\/v2\/media\/161520"}],"wp:attachment":[{"href":"https:\/\/tuzlainfo.ba\/index.php\/wp-json\/wp\/v2\/media?parent=247533"}],"wp:term":[{"taxonomy":"category","embeddable":true,"href":"https:\/\/tuzlainfo.ba\/index.php\/wp-json\/wp\/v2\/categories?post=247533"},{"taxonomy":"post_tag","embeddable":true,"href":"https:\/\/tuzlainfo.ba\/index.php\/wp-json\/wp\/v2\/tags?post=247533"}],"curies":[{"name":"wp","href":"https:\/\/api.w.org\/{rel}","templated":true}]}}