{"id":24744,"date":"2020-09-18T06:28:20","date_gmt":"2020-09-18T06:28:20","guid":{"rendered":"https:\/\/v2.tuzlainfo.ba\/2020\/09\/18\/narodno-pozoriste-tuzla-otvara-73-sezonu-veceras-premijera-predstave-carlijeva-tetka\/"},"modified":"2021-03-23T08:32:12","modified_gmt":"2021-03-23T08:32:12","slug":"narodno-pozoriste-tuzla-otvara-73-sezonu-veceras-premijera-predstave-carlijeva-tetka","status":"publish","type":"post","link":"https:\/\/tuzlainfo.ba\/index.php\/novosti\/item\/24744-narodno-pozoriste-tuzla-otvara-73-sezonu-veceras-premijera-predstave-carlijeva-tetka\/","title":{"rendered":"Narodno pozori\u0161te Tuzla otvara 73. sezonu: Ve\u010deras premijera predstave &#8220;\u010carlijeva tetka&#8221;"},"content":{"rendered":"<p>Premijerom predstave \u201c\u010carlijeva tetka\u201d rediteljke iz Zagreba Nine Kleflin, Narodno pozori\u0161te Tuzla ve\u010deras otvara 73. sezonu 2020\/21.<\/p>\n<p>Rije\u010d je o komediji ra\u0111enoj po tekstu autora Tomasa Brendona koja je stara preko 100 godina &#8211;&nbsp; kazala je rediteljka.<\/p>\n<p>Zbog trenutne epidemiolo\u0161ke situacije i donesenih mjera, za izvo\u0111enje predstava u zatvorenom prostoru dozvoljeno je maksimalno 50 posjetilaca.<\/p>\n<p>Narodno pozori\u0161te Tuzla je odlu\u010dilo da premijera bude izvedena tri ve\u010deri uzastopno, prva u petak 18. septembra, a druga i tre\u0107a u subotu, odnosno nedjelju 19 i 20.septembra. Sva izvo\u0111enja po\u010dinju u 19.30 \u010dasova.<\/p>\n<p><strong>(Tuzlainfo.ba)<\/strong><\/p>\n","protected":false},"excerpt":{"rendered":"<p>Premijerom predstave \u201c\u010carlijeva tetka\u201d rediteljke iz Zagreba Nine Kleflin, Narodno pozori\u0161te Tuzla ve\u010deras otvara 73.&hellip;<\/p>\n","protected":false},"author":3,"featured_media":82712,"comment_status":"open","ping_status":"closed","sticky":false,"template":"","format":"standard","meta":{"_acf_changed":false,"footnotes":""},"categories":[12],"tags":[],"acf":[],"yoast_head":"<!-- This site is optimized with the Yoast SEO plugin v23.5 - https:\/\/yoast.com\/wordpress\/plugins\/seo\/ -->\n<title>Narodno pozori\u0161te Tuzla otvara 73. sezonu: Ve\u010deras premijera predstave &quot;\u010carlijeva tetka&quot; - TuzlaInfo.ba<\/title>\n<meta name=\"robots\" content=\"index, follow, max-snippet:-1, max-image-preview:large, max-video-preview:-1\" \/>\n<link rel=\"canonical\" href=\"https:\/\/tuzlainfo.ba\/index.php\/novosti\/item\/24744-narodno-pozoriste-tuzla-otvara-73-sezonu-veceras-premijera-predstave-carlijeva-tetka\/\" \/>\n<meta property=\"og:locale\" content=\"bs_BA\" \/>\n<meta property=\"og:type\" content=\"article\" \/>\n<meta property=\"og:title\" content=\"Narodno pozori\u0161te Tuzla otvara 73. sezonu: Ve\u010deras premijera predstave &quot;\u010carlijeva tetka&quot; - TuzlaInfo.ba\" \/>\n<meta property=\"og:description\" content=\"Premijerom predstave \u201c\u010carlijeva tetka\u201d rediteljke iz Zagreba Nine Kleflin, Narodno pozori\u0161te Tuzla ve\u010deras otvara 73.&hellip;\" \/>\n<meta property=\"og:url\" content=\"https:\/\/tuzlainfo.ba\/index.php\/novosti\/item\/24744-narodno-pozoriste-tuzla-otvara-73-sezonu-veceras-premijera-predstave-carlijeva-tetka\/\" \/>\n<meta property=\"og:site_name\" content=\"TuzlaInfo.ba\" \/>\n<meta property=\"article:publisher\" content=\"https:\/\/www.facebook.com\/tuzlainfo.ba\/\" \/>\n<meta property=\"article:published_time\" content=\"2020-09-18T06:28:20+00:00\" \/>\n<meta property=\"article:modified_time\" content=\"2021-03-23T08:32:12+00:00\" \/>\n<meta property=\"og:image\" content=\"https:\/\/tuzlainfo.ba\/wp-content\/uploads\/2020\/09\/k2_items_src_583824b4641efa140e048f4a493e26fa.jpg\" \/>\n\t<meta property=\"og:image:width\" content=\"770\" \/>\n\t<meta property=\"og:image:height\" content=\"505\" \/>\n\t<meta property=\"og:image:type\" content=\"image\/jpeg\" \/>\n<meta name=\"author\" content=\"admin2\" \/>\n<meta name=\"twitter:card\" content=\"summary_large_image\" \/>\n<meta name=\"twitter:label1\" content=\"Written by\" \/>\n\t<meta name=\"twitter:data1\" content=\"admin2\" \/>\n<script type=\"application\/ld+json\" class=\"yoast-schema-graph\">{\"@context\":\"https:\/\/schema.org\",\"@graph\":[{\"@type\":\"Article\",\"@id\":\"https:\/\/tuzlainfo.ba\/index.php\/novosti\/item\/24744-narodno-pozoriste-tuzla-otvara-73-sezonu-veceras-premijera-predstave-carlijeva-tetka\/#article\",\"isPartOf\":{\"@id\":\"https:\/\/tuzlainfo.ba\/index.php\/novosti\/item\/24744-narodno-pozoriste-tuzla-otvara-73-sezonu-veceras-premijera-predstave-carlijeva-tetka\/\"},\"author\":{\"name\":\"admin2\",\"@id\":\"https:\/\/tuzlainfo.ba\/#\/schema\/person\/f4ebe4fff27e68efb65fa7e18f8af372\"},\"headline\":\"Narodno pozori\u0161te Tuzla otvara 73. sezonu: Ve\u010deras premijera predstave &#8220;\u010carlijeva tetka&#8221;\",\"datePublished\":\"2020-09-18T06:28:20+00:00\",\"dateModified\":\"2021-03-23T08:32:12+00:00\",\"mainEntityOfPage\":{\"@id\":\"https:\/\/tuzlainfo.ba\/index.php\/novosti\/item\/24744-narodno-pozoriste-tuzla-otvara-73-sezonu-veceras-premijera-predstave-carlijeva-tetka\/\"},\"wordCount\":108,\"commentCount\":0,\"publisher\":{\"@id\":\"https:\/\/tuzlainfo.ba\/#organization\"},\"image\":{\"@id\":\"https:\/\/tuzlainfo.ba\/index.php\/novosti\/item\/24744-narodno-pozoriste-tuzla-otvara-73-sezonu-veceras-premijera-predstave-carlijeva-tetka\/#primaryimage\"},\"thumbnailUrl\":\"https:\/\/tuzlainfo.ba\/wp-content\/uploads\/2020\/09\/k2_items_src_583824b4641efa140e048f4a493e26fa.jpg\",\"articleSection\":[\"Novosti\"],\"inLanguage\":\"bs-BA\"},{\"@type\":\"WebPage\",\"@id\":\"https:\/\/tuzlainfo.ba\/index.php\/novosti\/item\/24744-narodno-pozoriste-tuzla-otvara-73-sezonu-veceras-premijera-predstave-carlijeva-tetka\/\",\"url\":\"https:\/\/tuzlainfo.ba\/index.php\/novosti\/item\/24744-narodno-pozoriste-tuzla-otvara-73-sezonu-veceras-premijera-predstave-carlijeva-tetka\/\",\"name\":\"Narodno pozori\u0161te Tuzla otvara 73. sezonu: Ve\u010deras premijera predstave \\\"\u010carlijeva tetka\\\" - TuzlaInfo.ba\",\"isPartOf\":{\"@id\":\"https:\/\/tuzlainfo.ba\/#website\"},\"primaryImageOfPage\":{\"@id\":\"https:\/\/tuzlainfo.ba\/index.php\/novosti\/item\/24744-narodno-pozoriste-tuzla-otvara-73-sezonu-veceras-premijera-predstave-carlijeva-tetka\/#primaryimage\"},\"image\":{\"@id\":\"https:\/\/tuzlainfo.ba\/index.php\/novosti\/item\/24744-narodno-pozoriste-tuzla-otvara-73-sezonu-veceras-premijera-predstave-carlijeva-tetka\/#primaryimage\"},\"thumbnailUrl\":\"https:\/\/tuzlainfo.ba\/wp-content\/uploads\/2020\/09\/k2_items_src_583824b4641efa140e048f4a493e26fa.jpg\",\"datePublished\":\"2020-09-18T06:28:20+00:00\",\"dateModified\":\"2021-03-23T08:32:12+00:00\",\"breadcrumb\":{\"@id\":\"https:\/\/tuzlainfo.ba\/index.php\/novosti\/item\/24744-narodno-pozoriste-tuzla-otvara-73-sezonu-veceras-premijera-predstave-carlijeva-tetka\/#breadcrumb\"},\"inLanguage\":\"bs-BA\",\"potentialAction\":[{\"@type\":\"ReadAction\",\"target\":[\"https:\/\/tuzlainfo.ba\/index.php\/novosti\/item\/24744-narodno-pozoriste-tuzla-otvara-73-sezonu-veceras-premijera-predstave-carlijeva-tetka\/\"]}]},{\"@type\":\"ImageObject\",\"inLanguage\":\"bs-BA\",\"@id\":\"https:\/\/tuzlainfo.ba\/index.php\/novosti\/item\/24744-narodno-pozoriste-tuzla-otvara-73-sezonu-veceras-premijera-predstave-carlijeva-tetka\/#primaryimage\",\"url\":\"https:\/\/tuzlainfo.ba\/wp-content\/uploads\/2020\/09\/k2_items_src_583824b4641efa140e048f4a493e26fa.jpg\",\"contentUrl\":\"https:\/\/tuzlainfo.ba\/wp-content\/uploads\/2020\/09\/k2_items_src_583824b4641efa140e048f4a493e26fa.jpg\",\"width\":770,\"height\":505},{\"@type\":\"BreadcrumbList\",\"@id\":\"https:\/\/tuzlainfo.ba\/index.php\/novosti\/item\/24744-narodno-pozoriste-tuzla-otvara-73-sezonu-veceras-premijera-predstave-carlijeva-tetka\/#breadcrumb\",\"itemListElement\":[{\"@type\":\"ListItem\",\"position\":1,\"name\":\"Home\",\"item\":\"https:\/\/tuzlainfo.ba\/\"},{\"@type\":\"ListItem\",\"position\":2,\"name\":\"Narodno pozori\u0161te Tuzla otvara 73. sezonu: Ve\u010deras premijera predstave &#8220;\u010carlijeva tetka&#8221;\"}]},{\"@type\":\"WebSite\",\"@id\":\"https:\/\/tuzlainfo.ba\/#website\",\"url\":\"https:\/\/tuzlainfo.ba\/\",\"name\":\"TuzlaInfo.ba\",\"description\":\"Tuzla info, gradski informator - Tuzla na dlanu\",\"publisher\":{\"@id\":\"https:\/\/tuzlainfo.ba\/#organization\"},\"potentialAction\":[{\"@type\":\"SearchAction\",\"target\":{\"@type\":\"EntryPoint\",\"urlTemplate\":\"https:\/\/tuzlainfo.ba\/?s={search_term_string}\"},\"query-input\":{\"@type\":\"PropertyValueSpecification\",\"valueRequired\":true,\"valueName\":\"search_term_string\"}}],\"inLanguage\":\"bs-BA\"},{\"@type\":\"Organization\",\"@id\":\"https:\/\/tuzlainfo.ba\/#organization\",\"name\":\"TuzlaInfo.ba\",\"url\":\"https:\/\/tuzlainfo.ba\/\",\"logo\":{\"@type\":\"ImageObject\",\"inLanguage\":\"bs-BA\",\"@id\":\"https:\/\/tuzlainfo.ba\/#\/schema\/logo\/image\/\",\"url\":\"https:\/\/tuzlainfo.ba\/wp-content\/uploads\/2021\/03\/logo-ver-3-1.png\",\"contentUrl\":\"https:\/\/tuzlainfo.ba\/wp-content\/uploads\/2021\/03\/logo-ver-3-1.png\",\"width\":350,\"height\":95,\"caption\":\"TuzlaInfo.ba\"},\"image\":{\"@id\":\"https:\/\/tuzlainfo.ba\/#\/schema\/logo\/image\/\"},\"sameAs\":[\"https:\/\/www.facebook.com\/tuzlainfo.ba\/\"]},{\"@type\":\"Person\",\"@id\":\"https:\/\/tuzlainfo.ba\/#\/schema\/person\/f4ebe4fff27e68efb65fa7e18f8af372\",\"name\":\"admin2\",\"image\":{\"@type\":\"ImageObject\",\"inLanguage\":\"bs-BA\",\"@id\":\"https:\/\/tuzlainfo.ba\/#\/schema\/person\/image\/\",\"url\":\"https:\/\/tuzlainfo.ba\/wp-content\/litespeed\/avatar\/8219eeb9a43cff2d096e773737736f62.jpg?ver=1777309398\",\"contentUrl\":\"https:\/\/tuzlainfo.ba\/wp-content\/litespeed\/avatar\/8219eeb9a43cff2d096e773737736f62.jpg?ver=1777309398\",\"caption\":\"admin2\"},\"description\":\"Tuzlainfo.ba pratite na dru\u0161tvenim mre\u017eama: Facebook, Instagram i Youtube. Svoje pri\u010de, upite i fotografije \u0161aljite na na\u0161u e-mail adresu.\",\"sameAs\":[\"admin\"]}]}<\/script>\n<!-- \/ Yoast SEO plugin. -->","yoast_head_json":{"title":"Narodno pozori\u0161te Tuzla otvara 73. sezonu: Ve\u010deras premijera predstave \"\u010carlijeva tetka\" - TuzlaInfo.ba","robots":{"index":"index","follow":"follow","max-snippet":"max-snippet:-1","max-image-preview":"max-image-preview:large","max-video-preview":"max-video-preview:-1"},"canonical":"https:\/\/tuzlainfo.ba\/index.php\/novosti\/item\/24744-narodno-pozoriste-tuzla-otvara-73-sezonu-veceras-premijera-predstave-carlijeva-tetka\/","og_locale":"bs_BA","og_type":"article","og_title":"Narodno pozori\u0161te Tuzla otvara 73. sezonu: Ve\u010deras premijera predstave \"\u010carlijeva tetka\" - TuzlaInfo.ba","og_description":"Premijerom predstave \u201c\u010carlijeva tetka\u201d rediteljke iz Zagreba Nine Kleflin, Narodno pozori\u0161te Tuzla ve\u010deras otvara 73.&hellip;","og_url":"https:\/\/tuzlainfo.ba\/index.php\/novosti\/item\/24744-narodno-pozoriste-tuzla-otvara-73-sezonu-veceras-premijera-predstave-carlijeva-tetka\/","og_site_name":"TuzlaInfo.ba","article_publisher":"https:\/\/www.facebook.com\/tuzlainfo.ba\/","article_published_time":"2020-09-18T06:28:20+00:00","article_modified_time":"2021-03-23T08:32:12+00:00","og_image":[{"width":770,"height":505,"url":"https:\/\/tuzlainfo.ba\/wp-content\/uploads\/2020\/09\/k2_items_src_583824b4641efa140e048f4a493e26fa.jpg","type":"image\/jpeg"}],"author":"admin2","twitter_card":"summary_large_image","twitter_misc":{"Written by":"admin2"},"schema":{"@context":"https:\/\/schema.org","@graph":[{"@type":"Article","@id":"https:\/\/tuzlainfo.ba\/index.php\/novosti\/item\/24744-narodno-pozoriste-tuzla-otvara-73-sezonu-veceras-premijera-predstave-carlijeva-tetka\/#article","isPartOf":{"@id":"https:\/\/tuzlainfo.ba\/index.php\/novosti\/item\/24744-narodno-pozoriste-tuzla-otvara-73-sezonu-veceras-premijera-predstave-carlijeva-tetka\/"},"author":{"name":"admin2","@id":"https:\/\/tuzlainfo.ba\/#\/schema\/person\/f4ebe4fff27e68efb65fa7e18f8af372"},"headline":"Narodno pozori\u0161te Tuzla otvara 73. sezonu: Ve\u010deras premijera predstave &#8220;\u010carlijeva tetka&#8221;","datePublished":"2020-09-18T06:28:20+00:00","dateModified":"2021-03-23T08:32:12+00:00","mainEntityOfPage":{"@id":"https:\/\/tuzlainfo.ba\/index.php\/novosti\/item\/24744-narodno-pozoriste-tuzla-otvara-73-sezonu-veceras-premijera-predstave-carlijeva-tetka\/"},"wordCount":108,"commentCount":0,"publisher":{"@id":"https:\/\/tuzlainfo.ba\/#organization"},"image":{"@id":"https:\/\/tuzlainfo.ba\/index.php\/novosti\/item\/24744-narodno-pozoriste-tuzla-otvara-73-sezonu-veceras-premijera-predstave-carlijeva-tetka\/#primaryimage"},"thumbnailUrl":"https:\/\/tuzlainfo.ba\/wp-content\/uploads\/2020\/09\/k2_items_src_583824b4641efa140e048f4a493e26fa.jpg","articleSection":["Novosti"],"inLanguage":"bs-BA"},{"@type":"WebPage","@id":"https:\/\/tuzlainfo.ba\/index.php\/novosti\/item\/24744-narodno-pozoriste-tuzla-otvara-73-sezonu-veceras-premijera-predstave-carlijeva-tetka\/","url":"https:\/\/tuzlainfo.ba\/index.php\/novosti\/item\/24744-narodno-pozoriste-tuzla-otvara-73-sezonu-veceras-premijera-predstave-carlijeva-tetka\/","name":"Narodno pozori\u0161te Tuzla otvara 73. sezonu: Ve\u010deras premijera predstave \"\u010carlijeva tetka\" - TuzlaInfo.ba","isPartOf":{"@id":"https:\/\/tuzlainfo.ba\/#website"},"primaryImageOfPage":{"@id":"https:\/\/tuzlainfo.ba\/index.php\/novosti\/item\/24744-narodno-pozoriste-tuzla-otvara-73-sezonu-veceras-premijera-predstave-carlijeva-tetka\/#primaryimage"},"image":{"@id":"https:\/\/tuzlainfo.ba\/index.php\/novosti\/item\/24744-narodno-pozoriste-tuzla-otvara-73-sezonu-veceras-premijera-predstave-carlijeva-tetka\/#primaryimage"},"thumbnailUrl":"https:\/\/tuzlainfo.ba\/wp-content\/uploads\/2020\/09\/k2_items_src_583824b4641efa140e048f4a493e26fa.jpg","datePublished":"2020-09-18T06:28:20+00:00","dateModified":"2021-03-23T08:32:12+00:00","breadcrumb":{"@id":"https:\/\/tuzlainfo.ba\/index.php\/novosti\/item\/24744-narodno-pozoriste-tuzla-otvara-73-sezonu-veceras-premijera-predstave-carlijeva-tetka\/#breadcrumb"},"inLanguage":"bs-BA","potentialAction":[{"@type":"ReadAction","target":["https:\/\/tuzlainfo.ba\/index.php\/novosti\/item\/24744-narodno-pozoriste-tuzla-otvara-73-sezonu-veceras-premijera-predstave-carlijeva-tetka\/"]}]},{"@type":"ImageObject","inLanguage":"bs-BA","@id":"https:\/\/tuzlainfo.ba\/index.php\/novosti\/item\/24744-narodno-pozoriste-tuzla-otvara-73-sezonu-veceras-premijera-predstave-carlijeva-tetka\/#primaryimage","url":"https:\/\/tuzlainfo.ba\/wp-content\/uploads\/2020\/09\/k2_items_src_583824b4641efa140e048f4a493e26fa.jpg","contentUrl":"https:\/\/tuzlainfo.ba\/wp-content\/uploads\/2020\/09\/k2_items_src_583824b4641efa140e048f4a493e26fa.jpg","width":770,"height":505},{"@type":"BreadcrumbList","@id":"https:\/\/tuzlainfo.ba\/index.php\/novosti\/item\/24744-narodno-pozoriste-tuzla-otvara-73-sezonu-veceras-premijera-predstave-carlijeva-tetka\/#breadcrumb","itemListElement":[{"@type":"ListItem","position":1,"name":"Home","item":"https:\/\/tuzlainfo.ba\/"},{"@type":"ListItem","position":2,"name":"Narodno pozori\u0161te Tuzla otvara 73. sezonu: Ve\u010deras premijera predstave &#8220;\u010carlijeva tetka&#8221;"}]},{"@type":"WebSite","@id":"https:\/\/tuzlainfo.ba\/#website","url":"https:\/\/tuzlainfo.ba\/","name":"TuzlaInfo.ba","description":"Tuzla info, gradski informator - Tuzla na dlanu","publisher":{"@id":"https:\/\/tuzlainfo.ba\/#organization"},"potentialAction":[{"@type":"SearchAction","target":{"@type":"EntryPoint","urlTemplate":"https:\/\/tuzlainfo.ba\/?s={search_term_string}"},"query-input":{"@type":"PropertyValueSpecification","valueRequired":true,"valueName":"search_term_string"}}],"inLanguage":"bs-BA"},{"@type":"Organization","@id":"https:\/\/tuzlainfo.ba\/#organization","name":"TuzlaInfo.ba","url":"https:\/\/tuzlainfo.ba\/","logo":{"@type":"ImageObject","inLanguage":"bs-BA","@id":"https:\/\/tuzlainfo.ba\/#\/schema\/logo\/image\/","url":"https:\/\/tuzlainfo.ba\/wp-content\/uploads\/2021\/03\/logo-ver-3-1.png","contentUrl":"https:\/\/tuzlainfo.ba\/wp-content\/uploads\/2021\/03\/logo-ver-3-1.png","width":350,"height":95,"caption":"TuzlaInfo.ba"},"image":{"@id":"https:\/\/tuzlainfo.ba\/#\/schema\/logo\/image\/"},"sameAs":["https:\/\/www.facebook.com\/tuzlainfo.ba\/"]},{"@type":"Person","@id":"https:\/\/tuzlainfo.ba\/#\/schema\/person\/f4ebe4fff27e68efb65fa7e18f8af372","name":"admin2","image":{"@type":"ImageObject","inLanguage":"bs-BA","@id":"https:\/\/tuzlainfo.ba\/#\/schema\/person\/image\/","url":"https:\/\/tuzlainfo.ba\/wp-content\/litespeed\/avatar\/8219eeb9a43cff2d096e773737736f62.jpg?ver=1777309398","contentUrl":"https:\/\/tuzlainfo.ba\/wp-content\/litespeed\/avatar\/8219eeb9a43cff2d096e773737736f62.jpg?ver=1777309398","caption":"admin2"},"description":"Tuzlainfo.ba pratite na dru\u0161tvenim mre\u017eama: Facebook, Instagram i Youtube. Svoje pri\u010de, upite i fotografije \u0161aljite na na\u0161u e-mail adresu.","sameAs":["admin"]}]}},"_links":{"self":[{"href":"https:\/\/tuzlainfo.ba\/index.php\/wp-json\/wp\/v2\/posts\/24744"}],"collection":[{"href":"https:\/\/tuzlainfo.ba\/index.php\/wp-json\/wp\/v2\/posts"}],"about":[{"href":"https:\/\/tuzlainfo.ba\/index.php\/wp-json\/wp\/v2\/types\/post"}],"author":[{"embeddable":true,"href":"https:\/\/tuzlainfo.ba\/index.php\/wp-json\/wp\/v2\/users\/3"}],"replies":[{"embeddable":true,"href":"https:\/\/tuzlainfo.ba\/index.php\/wp-json\/wp\/v2\/comments?post=24744"}],"version-history":[{"count":0,"href":"https:\/\/tuzlainfo.ba\/index.php\/wp-json\/wp\/v2\/posts\/24744\/revisions"}],"wp:featuredmedia":[{"embeddable":true,"href":"https:\/\/tuzlainfo.ba\/index.php\/wp-json\/wp\/v2\/media\/82712"}],"wp:attachment":[{"href":"https:\/\/tuzlainfo.ba\/index.php\/wp-json\/wp\/v2\/media?parent=24744"}],"wp:term":[{"taxonomy":"category","embeddable":true,"href":"https:\/\/tuzlainfo.ba\/index.php\/wp-json\/wp\/v2\/categories?post=24744"},{"taxonomy":"post_tag","embeddable":true,"href":"https:\/\/tuzlainfo.ba\/index.php\/wp-json\/wp\/v2\/tags?post=24744"}],"curies":[{"name":"wp","href":"https:\/\/api.w.org\/{rel}","templated":true}]}}