{"id":247277,"date":"2024-08-20T09:38:22","date_gmt":"2024-08-20T07:38:22","guid":{"rendered":"https:\/\/tuzlainfo.ba\/?p=247277"},"modified":"2024-08-20T09:40:23","modified_gmt":"2024-08-20T07:40:23","slug":"njemackoj-su-potrebni-strani-radnici-morate-zadovoljiti-dva-glavna-uvjeta-a-ovo-su-prosjecne-plate","status":"publish","type":"post","link":"https:\/\/tuzlainfo.ba\/index.php\/bosna-i-hercegovina\/item\/247277-njemackoj-su-potrebni-strani-radnici-morate-zadovoljiti-dva-glavna-uvjeta-a-ovo-su-prosjecne-plate\/","title":{"rendered":"Njema\u010dkoj su potrebni strani radnici: Morate zadovoljiti dva glavna uvjeta, a ovo su prosje\u010dne plate"},"content":{"rendered":"<p>Mnogi iz Bosne i Hercegovine, ali i regiona su zainteresovani za rad i studiranje u Njema\u010dkoj. Nedostatak radne snage u ovoj zemlji je prisutan, novi radnici u ovom momentu su svakako dobrodo\u0161li.<\/p>\n<p>Dva klju\u010dna uslova za rad i studiranje u Njema\u010dkoj su da imate vizu i dovoljno novca na ra\u010dunu. Novac na ra\u010dunu njema\u010dkim vlastima pokazuje da imate dovoljno novca da se izdr\u017eavate u ovoj zemlji i na osnovu toga dobijate i vizu.<\/p>\n<p>Ovaj navedeni iznos treba da bude deponovan na bankovni ra\u010dun koji se zove Blokirani ra\u010dun (Blocked Account).<\/p>\n<p>Od januara 2023. godine iznos koji se mora uplatiti na poseban ra\u010dun prilikom podno\u0161enja zahtjeva za njema\u010dku studentsku vizu iznosio je 11.208 eura &#8211; 934 eura mjese\u010dno (22.013 KM &#8211; 1834 KM mjese\u010dno) . Me\u0111utim, prema &#8220;Studying-in-germany.org podacima, a koje su podijelili sa &#8220;Blic Biznisom&#8221;, od septembra 2024. o\u010dekuje se da \u0107e se ovaj iznos pove\u0107ati na 11.904 eura za 12 mjeseci, odnosno 992 eura mjese\u010dno.<\/p>\n<p>Ovaj zahtjev je zasnovan na stopi BAfoG, nema\u010dkom programu finansijske pomo\u0107i studentima. Ovaj depozit je minimum koji morate imati na svom ra\u010dunu da biste dokazali da imate finansijska sredstva (Finanzierungsnachveis) za studentsku vizu.<\/p>\n<p>Ovaj mjese\u010dni iznos tako\u0111er ograni\u010dava koliko mo\u017eete da povu\u010dete ili prenesete svakog mjeseca osim ako niste deponovali vi\u0161e od potrebnog minimuma.<\/p>\n<p>Prosje\u010dne plate za poslove koje obavljaju studenti:<\/p>\n<p>Gra\u0111evinski radnik: 12 eura<br \/>\nUsluge dostave: 12 eura<br \/>\nKonobar u restoranu: 13 eura<br \/>\nDoma\u0107in restorana: 13 eura<br \/>\nPomo\u0107nik kuhara: 13 eura<br \/>\nPranje sudova: 13 eura<br \/>\n\u010cuvanje djece: 14 eura<br \/>\nRadnik u fabrici: 15 eura<br \/>\nProdava\u0107 (prodavnice prehrambenih proizvoda, prodavnice odje\u0107e, itd.): 15 eura<br \/>\nNastava engleskog: 16 eura<br \/>\nFarma usjeva: 18 eura<br \/>\nRadnik u vinariji: 20 eura<\/p>\n<p>Od 1. juna Njema\u010dka je odobrila dolazak duplo vi\u0161e radnika sa Zapadnog Balkana u odnosu na prethodne godine. Novina u njema\u010dkom zakonu je uvo\u0111enje karti \u0161ansi koje funkcioni\u0161u tako \u0161to se radnicima dodjeljuju bodovi po razli\u010ditim kriterijima, kao \u0161to su znanje jezika, radno iskustvo, starost.<\/p>\n<p>Prema ovom pravilu, radnici iz Srbije, Bosne i Hercegovine, Crne Gore, Sjeverne Makedonije i Albanije mogu znatno lak\u0161e da odu na neodre\u0111eno vreme u Njema\u010dku, i to do 50.000 njih godi\u0161nje, \u0161to je duplo vi\u0161e nego do sada, navedeno je na sajtu Ministarstva.<\/p>\n<p>Nova pravila, poznata kao &#8220;karta \u0161ansi&#8221; za tra\u017eenje posla u Njema\u010dkoj, va\u017ee za one sa najmanje dvije godine stru\u010dne obuke ili univerzitetskom diplomom priznatom u zemlji u kojoj je kvalifikacija ste\u010dena.<\/p>\n<p>Tako\u0111er je potrebno poznavanje njema\u010dkog ili engleskog jezika.<\/p>\n<p>Kada se karta odobri, podnosilac zahtjeva mo\u017ee da u\u0111e u Nema\u010dku i tra\u017ei posao do godinu dana, \u0161to zna\u010di da vi\u0161e ne mora da podnosi ugovor sa njema\u010dkom kompanijom prije nego \u0161to mu bude dozvoljeno da u\u0111e u Njema\u010dku da radi.<\/p>\n","protected":false},"excerpt":{"rendered":"<p>Mnogi iz Bosne i Hercegovine, ali i regiona su zainteresovani za rad i studiranje u&hellip;<\/p>\n","protected":false},"author":3,"featured_media":141058,"comment_status":"closed","ping_status":"closed","sticky":false,"template":"","format":"standard","meta":{"_acf_changed":false,"footnotes":""},"categories":[291],"tags":[6778],"acf":[],"yoast_head":"<!-- This site is optimized with the Yoast SEO plugin v23.5 - https:\/\/yoast.com\/wordpress\/plugins\/seo\/ -->\n<title>Njema\u010dkoj su potrebni strani radnici: Morate zadovoljiti dva glavna uvjeta, a ovo su prosje\u010dne plate - TuzlaInfo.ba<\/title>\n<meta name=\"robots\" content=\"index, follow, max-snippet:-1, max-image-preview:large, max-video-preview:-1\" \/>\n<link rel=\"canonical\" href=\"https:\/\/tuzlainfo.ba\/index.php\/bosna-i-hercegovina\/item\/247277-njemackoj-su-potrebni-strani-radnici-morate-zadovoljiti-dva-glavna-uvjeta-a-ovo-su-prosjecne-plate\/\" \/>\n<meta property=\"og:locale\" content=\"bs_BA\" \/>\n<meta property=\"og:type\" content=\"article\" \/>\n<meta property=\"og:title\" content=\"Njema\u010dkoj su potrebni strani radnici: Morate zadovoljiti dva glavna uvjeta, a ovo su prosje\u010dne plate - TuzlaInfo.ba\" \/>\n<meta property=\"og:description\" content=\"Mnogi iz Bosne i Hercegovine, ali i regiona su zainteresovani za rad i studiranje u&hellip;\" \/>\n<meta property=\"og:url\" content=\"https:\/\/tuzlainfo.ba\/index.php\/bosna-i-hercegovina\/item\/247277-njemackoj-su-potrebni-strani-radnici-morate-zadovoljiti-dva-glavna-uvjeta-a-ovo-su-prosjecne-plate\/\" \/>\n<meta property=\"og:site_name\" content=\"TuzlaInfo.ba\" \/>\n<meta property=\"article:publisher\" content=\"https:\/\/www.facebook.com\/tuzlainfo.ba\/\" \/>\n<meta property=\"article:published_time\" content=\"2024-08-20T07:38:22+00:00\" \/>\n<meta property=\"article:modified_time\" content=\"2024-08-20T07:40:23+00:00\" \/>\n<meta property=\"og:image\" content=\"https:\/\/tuzlainfo.ba\/wp-content\/uploads\/2021\/07\/0607_njemacka-e1625551892215.jpg\" \/>\n\t<meta property=\"og:image:width\" content=\"800\" \/>\n\t<meta property=\"og:image:height\" content=\"507\" \/>\n\t<meta property=\"og:image:type\" content=\"image\/jpeg\" \/>\n<meta name=\"author\" content=\"admin2\" \/>\n<meta name=\"twitter:card\" content=\"summary_large_image\" \/>\n<meta name=\"twitter:label1\" content=\"Written by\" \/>\n\t<meta name=\"twitter:data1\" content=\"admin2\" \/>\n\t<meta name=\"twitter:label2\" content=\"Est. reading time\" \/>\n\t<meta name=\"twitter:data2\" content=\"3 minute\" \/>\n<script type=\"application\/ld+json\" class=\"yoast-schema-graph\">{\"@context\":\"https:\/\/schema.org\",\"@graph\":[{\"@type\":\"Article\",\"@id\":\"https:\/\/tuzlainfo.ba\/index.php\/bosna-i-hercegovina\/item\/247277-njemackoj-su-potrebni-strani-radnici-morate-zadovoljiti-dva-glavna-uvjeta-a-ovo-su-prosjecne-plate\/#article\",\"isPartOf\":{\"@id\":\"https:\/\/tuzlainfo.ba\/index.php\/bosna-i-hercegovina\/item\/247277-njemackoj-su-potrebni-strani-radnici-morate-zadovoljiti-dva-glavna-uvjeta-a-ovo-su-prosjecne-plate\/\"},\"author\":{\"name\":\"admin2\",\"@id\":\"https:\/\/tuzlainfo.ba\/#\/schema\/person\/f4ebe4fff27e68efb65fa7e18f8af372\"},\"headline\":\"Njema\u010dkoj su potrebni strani radnici: Morate zadovoljiti dva glavna uvjeta, a ovo su prosje\u010dne plate\",\"datePublished\":\"2024-08-20T07:38:22+00:00\",\"dateModified\":\"2024-08-20T07:40:23+00:00\",\"mainEntityOfPage\":{\"@id\":\"https:\/\/tuzlainfo.ba\/index.php\/bosna-i-hercegovina\/item\/247277-njemackoj-su-potrebni-strani-radnici-morate-zadovoljiti-dva-glavna-uvjeta-a-ovo-su-prosjecne-plate\/\"},\"wordCount\":495,\"publisher\":{\"@id\":\"https:\/\/tuzlainfo.ba\/#organization\"},\"image\":{\"@id\":\"https:\/\/tuzlainfo.ba\/index.php\/bosna-i-hercegovina\/item\/247277-njemackoj-su-potrebni-strani-radnici-morate-zadovoljiti-dva-glavna-uvjeta-a-ovo-su-prosjecne-plate\/#primaryimage\"},\"thumbnailUrl\":\"https:\/\/tuzlainfo.ba\/wp-content\/uploads\/2021\/07\/0607_njemacka-e1625551892215.jpg\",\"keywords\":[\"rad u njema\u010dkoj\"],\"articleSection\":[\"Bosna i Hercegovina\"],\"inLanguage\":\"bs-BA\"},{\"@type\":\"WebPage\",\"@id\":\"https:\/\/tuzlainfo.ba\/index.php\/bosna-i-hercegovina\/item\/247277-njemackoj-su-potrebni-strani-radnici-morate-zadovoljiti-dva-glavna-uvjeta-a-ovo-su-prosjecne-plate\/\",\"url\":\"https:\/\/tuzlainfo.ba\/index.php\/bosna-i-hercegovina\/item\/247277-njemackoj-su-potrebni-strani-radnici-morate-zadovoljiti-dva-glavna-uvjeta-a-ovo-su-prosjecne-plate\/\",\"name\":\"Njema\u010dkoj su potrebni strani radnici: Morate zadovoljiti dva glavna uvjeta, a ovo su prosje\u010dne plate - TuzlaInfo.ba\",\"isPartOf\":{\"@id\":\"https:\/\/tuzlainfo.ba\/#website\"},\"primaryImageOfPage\":{\"@id\":\"https:\/\/tuzlainfo.ba\/index.php\/bosna-i-hercegovina\/item\/247277-njemackoj-su-potrebni-strani-radnici-morate-zadovoljiti-dva-glavna-uvjeta-a-ovo-su-prosjecne-plate\/#primaryimage\"},\"image\":{\"@id\":\"https:\/\/tuzlainfo.ba\/index.php\/bosna-i-hercegovina\/item\/247277-njemackoj-su-potrebni-strani-radnici-morate-zadovoljiti-dva-glavna-uvjeta-a-ovo-su-prosjecne-plate\/#primaryimage\"},\"thumbnailUrl\":\"https:\/\/tuzlainfo.ba\/wp-content\/uploads\/2021\/07\/0607_njemacka-e1625551892215.jpg\",\"datePublished\":\"2024-08-20T07:38:22+00:00\",\"dateModified\":\"2024-08-20T07:40:23+00:00\",\"breadcrumb\":{\"@id\":\"https:\/\/tuzlainfo.ba\/index.php\/bosna-i-hercegovina\/item\/247277-njemackoj-su-potrebni-strani-radnici-morate-zadovoljiti-dva-glavna-uvjeta-a-ovo-su-prosjecne-plate\/#breadcrumb\"},\"inLanguage\":\"bs-BA\",\"potentialAction\":[{\"@type\":\"ReadAction\",\"target\":[\"https:\/\/tuzlainfo.ba\/index.php\/bosna-i-hercegovina\/item\/247277-njemackoj-su-potrebni-strani-radnici-morate-zadovoljiti-dva-glavna-uvjeta-a-ovo-su-prosjecne-plate\/\"]}]},{\"@type\":\"ImageObject\",\"inLanguage\":\"bs-BA\",\"@id\":\"https:\/\/tuzlainfo.ba\/index.php\/bosna-i-hercegovina\/item\/247277-njemackoj-su-potrebni-strani-radnici-morate-zadovoljiti-dva-glavna-uvjeta-a-ovo-su-prosjecne-plate\/#primaryimage\",\"url\":\"https:\/\/tuzlainfo.ba\/wp-content\/uploads\/2021\/07\/0607_njemacka-e1625551892215.jpg\",\"contentUrl\":\"https:\/\/tuzlainfo.ba\/wp-content\/uploads\/2021\/07\/0607_njemacka-e1625551892215.jpg\",\"width\":800,\"height\":507},{\"@type\":\"BreadcrumbList\",\"@id\":\"https:\/\/tuzlainfo.ba\/index.php\/bosna-i-hercegovina\/item\/247277-njemackoj-su-potrebni-strani-radnici-morate-zadovoljiti-dva-glavna-uvjeta-a-ovo-su-prosjecne-plate\/#breadcrumb\",\"itemListElement\":[{\"@type\":\"ListItem\",\"position\":1,\"name\":\"Home\",\"item\":\"https:\/\/tuzlainfo.ba\/\"},{\"@type\":\"ListItem\",\"position\":2,\"name\":\"Njema\u010dkoj su potrebni strani radnici: Morate zadovoljiti dva glavna uvjeta, a ovo su prosje\u010dne plate\"}]},{\"@type\":\"WebSite\",\"@id\":\"https:\/\/tuzlainfo.ba\/#website\",\"url\":\"https:\/\/tuzlainfo.ba\/\",\"name\":\"TuzlaInfo.ba\",\"description\":\"Tuzla info, gradski informator - Tuzla na dlanu\",\"publisher\":{\"@id\":\"https:\/\/tuzlainfo.ba\/#organization\"},\"potentialAction\":[{\"@type\":\"SearchAction\",\"target\":{\"@type\":\"EntryPoint\",\"urlTemplate\":\"https:\/\/tuzlainfo.ba\/?s={search_term_string}\"},\"query-input\":{\"@type\":\"PropertyValueSpecification\",\"valueRequired\":true,\"valueName\":\"search_term_string\"}}],\"inLanguage\":\"bs-BA\"},{\"@type\":\"Organization\",\"@id\":\"https:\/\/tuzlainfo.ba\/#organization\",\"name\":\"TuzlaInfo.ba\",\"url\":\"https:\/\/tuzlainfo.ba\/\",\"logo\":{\"@type\":\"ImageObject\",\"inLanguage\":\"bs-BA\",\"@id\":\"https:\/\/tuzlainfo.ba\/#\/schema\/logo\/image\/\",\"url\":\"https:\/\/tuzlainfo.ba\/wp-content\/uploads\/2021\/03\/logo-ver-3-1.png\",\"contentUrl\":\"https:\/\/tuzlainfo.ba\/wp-content\/uploads\/2021\/03\/logo-ver-3-1.png\",\"width\":350,\"height\":95,\"caption\":\"TuzlaInfo.ba\"},\"image\":{\"@id\":\"https:\/\/tuzlainfo.ba\/#\/schema\/logo\/image\/\"},\"sameAs\":[\"https:\/\/www.facebook.com\/tuzlainfo.ba\/\"]},{\"@type\":\"Person\",\"@id\":\"https:\/\/tuzlainfo.ba\/#\/schema\/person\/f4ebe4fff27e68efb65fa7e18f8af372\",\"name\":\"admin2\",\"image\":{\"@type\":\"ImageObject\",\"inLanguage\":\"bs-BA\",\"@id\":\"https:\/\/tuzlainfo.ba\/#\/schema\/person\/image\/\",\"url\":\"https:\/\/tuzlainfo.ba\/wp-content\/litespeed\/avatar\/8219eeb9a43cff2d096e773737736f62.jpg?ver=1777309398\",\"contentUrl\":\"https:\/\/tuzlainfo.ba\/wp-content\/litespeed\/avatar\/8219eeb9a43cff2d096e773737736f62.jpg?ver=1777309398\",\"caption\":\"admin2\"},\"description\":\"Tuzlainfo.ba pratite na dru\u0161tvenim mre\u017eama: Facebook, Instagram i Youtube. Svoje pri\u010de, upite i fotografije \u0161aljite na na\u0161u e-mail adresu.\",\"sameAs\":[\"admin\"]}]}<\/script>\n<!-- \/ Yoast SEO plugin. -->","yoast_head_json":{"title":"Njema\u010dkoj su potrebni strani radnici: Morate zadovoljiti dva glavna uvjeta, a ovo su prosje\u010dne plate - TuzlaInfo.ba","robots":{"index":"index","follow":"follow","max-snippet":"max-snippet:-1","max-image-preview":"max-image-preview:large","max-video-preview":"max-video-preview:-1"},"canonical":"https:\/\/tuzlainfo.ba\/index.php\/bosna-i-hercegovina\/item\/247277-njemackoj-su-potrebni-strani-radnici-morate-zadovoljiti-dva-glavna-uvjeta-a-ovo-su-prosjecne-plate\/","og_locale":"bs_BA","og_type":"article","og_title":"Njema\u010dkoj su potrebni strani radnici: Morate zadovoljiti dva glavna uvjeta, a ovo su prosje\u010dne plate - TuzlaInfo.ba","og_description":"Mnogi iz Bosne i Hercegovine, ali i regiona su zainteresovani za rad i studiranje u&hellip;","og_url":"https:\/\/tuzlainfo.ba\/index.php\/bosna-i-hercegovina\/item\/247277-njemackoj-su-potrebni-strani-radnici-morate-zadovoljiti-dva-glavna-uvjeta-a-ovo-su-prosjecne-plate\/","og_site_name":"TuzlaInfo.ba","article_publisher":"https:\/\/www.facebook.com\/tuzlainfo.ba\/","article_published_time":"2024-08-20T07:38:22+00:00","article_modified_time":"2024-08-20T07:40:23+00:00","og_image":[{"width":800,"height":507,"url":"https:\/\/tuzlainfo.ba\/wp-content\/uploads\/2021\/07\/0607_njemacka-e1625551892215.jpg","type":"image\/jpeg"}],"author":"admin2","twitter_card":"summary_large_image","twitter_misc":{"Written by":"admin2","Est. reading time":"3 minute"},"schema":{"@context":"https:\/\/schema.org","@graph":[{"@type":"Article","@id":"https:\/\/tuzlainfo.ba\/index.php\/bosna-i-hercegovina\/item\/247277-njemackoj-su-potrebni-strani-radnici-morate-zadovoljiti-dva-glavna-uvjeta-a-ovo-su-prosjecne-plate\/#article","isPartOf":{"@id":"https:\/\/tuzlainfo.ba\/index.php\/bosna-i-hercegovina\/item\/247277-njemackoj-su-potrebni-strani-radnici-morate-zadovoljiti-dva-glavna-uvjeta-a-ovo-su-prosjecne-plate\/"},"author":{"name":"admin2","@id":"https:\/\/tuzlainfo.ba\/#\/schema\/person\/f4ebe4fff27e68efb65fa7e18f8af372"},"headline":"Njema\u010dkoj su potrebni strani radnici: Morate zadovoljiti dva glavna uvjeta, a ovo su prosje\u010dne plate","datePublished":"2024-08-20T07:38:22+00:00","dateModified":"2024-08-20T07:40:23+00:00","mainEntityOfPage":{"@id":"https:\/\/tuzlainfo.ba\/index.php\/bosna-i-hercegovina\/item\/247277-njemackoj-su-potrebni-strani-radnici-morate-zadovoljiti-dva-glavna-uvjeta-a-ovo-su-prosjecne-plate\/"},"wordCount":495,"publisher":{"@id":"https:\/\/tuzlainfo.ba\/#organization"},"image":{"@id":"https:\/\/tuzlainfo.ba\/index.php\/bosna-i-hercegovina\/item\/247277-njemackoj-su-potrebni-strani-radnici-morate-zadovoljiti-dva-glavna-uvjeta-a-ovo-su-prosjecne-plate\/#primaryimage"},"thumbnailUrl":"https:\/\/tuzlainfo.ba\/wp-content\/uploads\/2021\/07\/0607_njemacka-e1625551892215.jpg","keywords":["rad u njema\u010dkoj"],"articleSection":["Bosna i Hercegovina"],"inLanguage":"bs-BA"},{"@type":"WebPage","@id":"https:\/\/tuzlainfo.ba\/index.php\/bosna-i-hercegovina\/item\/247277-njemackoj-su-potrebni-strani-radnici-morate-zadovoljiti-dva-glavna-uvjeta-a-ovo-su-prosjecne-plate\/","url":"https:\/\/tuzlainfo.ba\/index.php\/bosna-i-hercegovina\/item\/247277-njemackoj-su-potrebni-strani-radnici-morate-zadovoljiti-dva-glavna-uvjeta-a-ovo-su-prosjecne-plate\/","name":"Njema\u010dkoj su potrebni strani radnici: Morate zadovoljiti dva glavna uvjeta, a ovo su prosje\u010dne plate - TuzlaInfo.ba","isPartOf":{"@id":"https:\/\/tuzlainfo.ba\/#website"},"primaryImageOfPage":{"@id":"https:\/\/tuzlainfo.ba\/index.php\/bosna-i-hercegovina\/item\/247277-njemackoj-su-potrebni-strani-radnici-morate-zadovoljiti-dva-glavna-uvjeta-a-ovo-su-prosjecne-plate\/#primaryimage"},"image":{"@id":"https:\/\/tuzlainfo.ba\/index.php\/bosna-i-hercegovina\/item\/247277-njemackoj-su-potrebni-strani-radnici-morate-zadovoljiti-dva-glavna-uvjeta-a-ovo-su-prosjecne-plate\/#primaryimage"},"thumbnailUrl":"https:\/\/tuzlainfo.ba\/wp-content\/uploads\/2021\/07\/0607_njemacka-e1625551892215.jpg","datePublished":"2024-08-20T07:38:22+00:00","dateModified":"2024-08-20T07:40:23+00:00","breadcrumb":{"@id":"https:\/\/tuzlainfo.ba\/index.php\/bosna-i-hercegovina\/item\/247277-njemackoj-su-potrebni-strani-radnici-morate-zadovoljiti-dva-glavna-uvjeta-a-ovo-su-prosjecne-plate\/#breadcrumb"},"inLanguage":"bs-BA","potentialAction":[{"@type":"ReadAction","target":["https:\/\/tuzlainfo.ba\/index.php\/bosna-i-hercegovina\/item\/247277-njemackoj-su-potrebni-strani-radnici-morate-zadovoljiti-dva-glavna-uvjeta-a-ovo-su-prosjecne-plate\/"]}]},{"@type":"ImageObject","inLanguage":"bs-BA","@id":"https:\/\/tuzlainfo.ba\/index.php\/bosna-i-hercegovina\/item\/247277-njemackoj-su-potrebni-strani-radnici-morate-zadovoljiti-dva-glavna-uvjeta-a-ovo-su-prosjecne-plate\/#primaryimage","url":"https:\/\/tuzlainfo.ba\/wp-content\/uploads\/2021\/07\/0607_njemacka-e1625551892215.jpg","contentUrl":"https:\/\/tuzlainfo.ba\/wp-content\/uploads\/2021\/07\/0607_njemacka-e1625551892215.jpg","width":800,"height":507},{"@type":"BreadcrumbList","@id":"https:\/\/tuzlainfo.ba\/index.php\/bosna-i-hercegovina\/item\/247277-njemackoj-su-potrebni-strani-radnici-morate-zadovoljiti-dva-glavna-uvjeta-a-ovo-su-prosjecne-plate\/#breadcrumb","itemListElement":[{"@type":"ListItem","position":1,"name":"Home","item":"https:\/\/tuzlainfo.ba\/"},{"@type":"ListItem","position":2,"name":"Njema\u010dkoj su potrebni strani radnici: Morate zadovoljiti dva glavna uvjeta, a ovo su prosje\u010dne plate"}]},{"@type":"WebSite","@id":"https:\/\/tuzlainfo.ba\/#website","url":"https:\/\/tuzlainfo.ba\/","name":"TuzlaInfo.ba","description":"Tuzla info, gradski informator - Tuzla na dlanu","publisher":{"@id":"https:\/\/tuzlainfo.ba\/#organization"},"potentialAction":[{"@type":"SearchAction","target":{"@type":"EntryPoint","urlTemplate":"https:\/\/tuzlainfo.ba\/?s={search_term_string}"},"query-input":{"@type":"PropertyValueSpecification","valueRequired":true,"valueName":"search_term_string"}}],"inLanguage":"bs-BA"},{"@type":"Organization","@id":"https:\/\/tuzlainfo.ba\/#organization","name":"TuzlaInfo.ba","url":"https:\/\/tuzlainfo.ba\/","logo":{"@type":"ImageObject","inLanguage":"bs-BA","@id":"https:\/\/tuzlainfo.ba\/#\/schema\/logo\/image\/","url":"https:\/\/tuzlainfo.ba\/wp-content\/uploads\/2021\/03\/logo-ver-3-1.png","contentUrl":"https:\/\/tuzlainfo.ba\/wp-content\/uploads\/2021\/03\/logo-ver-3-1.png","width":350,"height":95,"caption":"TuzlaInfo.ba"},"image":{"@id":"https:\/\/tuzlainfo.ba\/#\/schema\/logo\/image\/"},"sameAs":["https:\/\/www.facebook.com\/tuzlainfo.ba\/"]},{"@type":"Person","@id":"https:\/\/tuzlainfo.ba\/#\/schema\/person\/f4ebe4fff27e68efb65fa7e18f8af372","name":"admin2","image":{"@type":"ImageObject","inLanguage":"bs-BA","@id":"https:\/\/tuzlainfo.ba\/#\/schema\/person\/image\/","url":"https:\/\/tuzlainfo.ba\/wp-content\/litespeed\/avatar\/8219eeb9a43cff2d096e773737736f62.jpg?ver=1777309398","contentUrl":"https:\/\/tuzlainfo.ba\/wp-content\/litespeed\/avatar\/8219eeb9a43cff2d096e773737736f62.jpg?ver=1777309398","caption":"admin2"},"description":"Tuzlainfo.ba pratite na dru\u0161tvenim mre\u017eama: Facebook, Instagram i Youtube. Svoje pri\u010de, upite i fotografije \u0161aljite na na\u0161u e-mail adresu.","sameAs":["admin"]}]}},"_links":{"self":[{"href":"https:\/\/tuzlainfo.ba\/index.php\/wp-json\/wp\/v2\/posts\/247277"}],"collection":[{"href":"https:\/\/tuzlainfo.ba\/index.php\/wp-json\/wp\/v2\/posts"}],"about":[{"href":"https:\/\/tuzlainfo.ba\/index.php\/wp-json\/wp\/v2\/types\/post"}],"author":[{"embeddable":true,"href":"https:\/\/tuzlainfo.ba\/index.php\/wp-json\/wp\/v2\/users\/3"}],"replies":[{"embeddable":true,"href":"https:\/\/tuzlainfo.ba\/index.php\/wp-json\/wp\/v2\/comments?post=247277"}],"version-history":[{"count":3,"href":"https:\/\/tuzlainfo.ba\/index.php\/wp-json\/wp\/v2\/posts\/247277\/revisions"}],"predecessor-version":[{"id":247283,"href":"https:\/\/tuzlainfo.ba\/index.php\/wp-json\/wp\/v2\/posts\/247277\/revisions\/247283"}],"wp:featuredmedia":[{"embeddable":true,"href":"https:\/\/tuzlainfo.ba\/index.php\/wp-json\/wp\/v2\/media\/141058"}],"wp:attachment":[{"href":"https:\/\/tuzlainfo.ba\/index.php\/wp-json\/wp\/v2\/media?parent=247277"}],"wp:term":[{"taxonomy":"category","embeddable":true,"href":"https:\/\/tuzlainfo.ba\/index.php\/wp-json\/wp\/v2\/categories?post=247277"},{"taxonomy":"post_tag","embeddable":true,"href":"https:\/\/tuzlainfo.ba\/index.php\/wp-json\/wp\/v2\/tags?post=247277"}],"curies":[{"name":"wp","href":"https:\/\/api.w.org\/{rel}","templated":true}]}}