{"id":247212,"date":"2024-08-19T13:01:46","date_gmt":"2024-08-19T11:01:46","guid":{"rendered":"https:\/\/tuzlainfo.ba\/?p=247212"},"modified":"2024-08-19T13:01:46","modified_gmt":"2024-08-19T11:01:46","slug":"atletska-staza-na-stadionu-tusanj-van-funkcije-u-narednih-sedam-dana","status":"publish","type":"post","link":"https:\/\/tuzlainfo.ba\/index.php\/novosti\/item\/247212-atletska-staza-na-stadionu-tusanj-van-funkcije-u-narednih-sedam-dana\/","title":{"rendered":"Atletska staza na stadionu Tu\u0161anj van funkcije u narednih sedam dana"},"content":{"rendered":"<p dir=\"ltr\">Tokom izvo\u0111enja radova na glavnom terenu JU &#8220;Gradski stadion Tu\u0161anj&#8221;, a u sklopu projekta NS BiH i Grada Tuzla, atletska staza na ovom stadionu je o\u0161te\u0107ena,.<\/p>\n<p dir=\"ltr\">Nakon dvije godine JU Gradski stadion Tu\u0161anj je uspio posti\u0107i dogovor sa predstavnicima NS BiH da se kona\u010dno staza sanira i dovede u stanje u kakvom je i bila prije po\u010detka radova.<\/p>\n<p dir=\"ltr\">Zbog radova u narednih sedam dana staza se ne\u0107e mo\u0107i koristiti za sportske i druge aktivnosti.<\/p>\n<p dir=\"ltr\">&#8211; Molimo na\u0161e cijenjene korisnike klubove i sportske organizacije koji trenutno koriste stazu za podizanje fizi\u010dke spreme i odra\u0111ivanje bazi\u010dnih priprema, da svoje trena\u017ene procese preusmjere na druge terene. O daljim koracima u vezi kori\u0161tenja atletske staze i termina za gra\u0111anstvo i rekreativce \u0107ete biti blagovremeno obavje\u0161teni kada uskladimo termine sa trena\u017enim procesom i takmi\u010denjima na\u0161ih prioritetnih korisnika AK &#8220;Sloboda Tehnograd&#8221; Tuzla i FK &#8220;Sloboda&#8221; Tuzla &#8211; istakli su iz JU &#8220;Gradski stadion Tu\u0161anj&#8221;.<\/p>\n","protected":false},"excerpt":{"rendered":"<p>Tokom izvo\u0111enja radova na glavnom terenu JU &#8220;Gradski stadion Tu\u0161anj&#8221;, a u sklopu projekta NS&hellip;<\/p>\n","protected":false},"author":2,"featured_media":198073,"comment_status":"closed","ping_status":"closed","sticky":false,"template":"","format":"standard","meta":{"_acf_changed":false,"footnotes":""},"categories":[304,12],"tags":[10778,2388],"acf":[],"yoast_head":"<!-- This site is optimized with the Yoast SEO plugin v23.5 - https:\/\/yoast.com\/wordpress\/plugins\/seo\/ -->\n<title>Atletska staza na stadionu Tu\u0161anj van funkcije u narednih sedam dana - TuzlaInfo.ba<\/title>\n<meta name=\"robots\" content=\"index, follow, max-snippet:-1, max-image-preview:large, max-video-preview:-1\" \/>\n<link rel=\"canonical\" href=\"https:\/\/tuzlainfo.ba\/index.php\/novosti\/item\/247212-atletska-staza-na-stadionu-tusanj-van-funkcije-u-narednih-sedam-dana\/\" \/>\n<meta property=\"og:locale\" content=\"bs_BA\" \/>\n<meta property=\"og:type\" content=\"article\" \/>\n<meta property=\"og:title\" content=\"Atletska staza na stadionu Tu\u0161anj van funkcije u narednih sedam dana - TuzlaInfo.ba\" \/>\n<meta property=\"og:description\" content=\"Tokom izvo\u0111enja radova na glavnom terenu JU &#8220;Gradski stadion Tu\u0161anj&#8221;, a u sklopu projekta NS&hellip;\" \/>\n<meta property=\"og:url\" content=\"https:\/\/tuzlainfo.ba\/index.php\/novosti\/item\/247212-atletska-staza-na-stadionu-tusanj-van-funkcije-u-narednih-sedam-dana\/\" \/>\n<meta property=\"og:site_name\" content=\"TuzlaInfo.ba\" \/>\n<meta property=\"article:publisher\" content=\"https:\/\/www.facebook.com\/tuzlainfo.ba\/\" \/>\n<meta property=\"article:published_time\" content=\"2024-08-19T11:01:46+00:00\" \/>\n<meta property=\"og:image\" content=\"https:\/\/tuzlainfo.ba\/wp-content\/uploads\/2023\/02\/2302_tusanj-4.jpg\" \/>\n\t<meta property=\"og:image:width\" content=\"1000\" \/>\n\t<meta property=\"og:image:height\" content=\"549\" \/>\n\t<meta property=\"og:image:type\" content=\"image\/jpeg\" \/>\n<meta name=\"author\" content=\"nedim\" \/>\n<meta name=\"twitter:card\" content=\"summary_large_image\" \/>\n<meta name=\"twitter:label1\" content=\"Written by\" \/>\n\t<meta name=\"twitter:data1\" content=\"nedim\" \/>\n\t<meta name=\"twitter:label2\" content=\"Est. reading time\" \/>\n\t<meta name=\"twitter:data2\" content=\"1 minuta\" \/>\n<script type=\"application\/ld+json\" class=\"yoast-schema-graph\">{\"@context\":\"https:\/\/schema.org\",\"@graph\":[{\"@type\":\"Article\",\"@id\":\"https:\/\/tuzlainfo.ba\/index.php\/novosti\/item\/247212-atletska-staza-na-stadionu-tusanj-van-funkcije-u-narednih-sedam-dana\/#article\",\"isPartOf\":{\"@id\":\"https:\/\/tuzlainfo.ba\/index.php\/novosti\/item\/247212-atletska-staza-na-stadionu-tusanj-van-funkcije-u-narednih-sedam-dana\/\"},\"author\":{\"name\":\"nedim\",\"@id\":\"https:\/\/tuzlainfo.ba\/#\/schema\/person\/f434e20dc27ea133923aab08451b7f7f\"},\"headline\":\"Atletska staza na stadionu Tu\u0161anj van funkcije u narednih sedam dana\",\"datePublished\":\"2024-08-19T11:01:46+00:00\",\"dateModified\":\"2024-08-19T11:01:46+00:00\",\"mainEntityOfPage\":{\"@id\":\"https:\/\/tuzlainfo.ba\/index.php\/novosti\/item\/247212-atletska-staza-na-stadionu-tusanj-van-funkcije-u-narednih-sedam-dana\/\"},\"wordCount\":182,\"publisher\":{\"@id\":\"https:\/\/tuzlainfo.ba\/#organization\"},\"image\":{\"@id\":\"https:\/\/tuzlainfo.ba\/index.php\/novosti\/item\/247212-atletska-staza-na-stadionu-tusanj-van-funkcije-u-narednih-sedam-dana\/#primaryimage\"},\"thumbnailUrl\":\"https:\/\/tuzlainfo.ba\/wp-content\/uploads\/2023\/02\/2302_tusanj-4.jpg\",\"keywords\":[\"JU Gradski stadion Tu\u0161anj\",\"stadion tu\u0161anj\"],\"articleSection\":[\"Istaknuto\",\"Novosti\"],\"inLanguage\":\"bs-BA\"},{\"@type\":\"WebPage\",\"@id\":\"https:\/\/tuzlainfo.ba\/index.php\/novosti\/item\/247212-atletska-staza-na-stadionu-tusanj-van-funkcije-u-narednih-sedam-dana\/\",\"url\":\"https:\/\/tuzlainfo.ba\/index.php\/novosti\/item\/247212-atletska-staza-na-stadionu-tusanj-van-funkcije-u-narednih-sedam-dana\/\",\"name\":\"Atletska staza na stadionu Tu\u0161anj van funkcije u narednih sedam dana - TuzlaInfo.ba\",\"isPartOf\":{\"@id\":\"https:\/\/tuzlainfo.ba\/#website\"},\"primaryImageOfPage\":{\"@id\":\"https:\/\/tuzlainfo.ba\/index.php\/novosti\/item\/247212-atletska-staza-na-stadionu-tusanj-van-funkcije-u-narednih-sedam-dana\/#primaryimage\"},\"image\":{\"@id\":\"https:\/\/tuzlainfo.ba\/index.php\/novosti\/item\/247212-atletska-staza-na-stadionu-tusanj-van-funkcije-u-narednih-sedam-dana\/#primaryimage\"},\"thumbnailUrl\":\"https:\/\/tuzlainfo.ba\/wp-content\/uploads\/2023\/02\/2302_tusanj-4.jpg\",\"datePublished\":\"2024-08-19T11:01:46+00:00\",\"dateModified\":\"2024-08-19T11:01:46+00:00\",\"breadcrumb\":{\"@id\":\"https:\/\/tuzlainfo.ba\/index.php\/novosti\/item\/247212-atletska-staza-na-stadionu-tusanj-van-funkcije-u-narednih-sedam-dana\/#breadcrumb\"},\"inLanguage\":\"bs-BA\",\"potentialAction\":[{\"@type\":\"ReadAction\",\"target\":[\"https:\/\/tuzlainfo.ba\/index.php\/novosti\/item\/247212-atletska-staza-na-stadionu-tusanj-van-funkcije-u-narednih-sedam-dana\/\"]}]},{\"@type\":\"ImageObject\",\"inLanguage\":\"bs-BA\",\"@id\":\"https:\/\/tuzlainfo.ba\/index.php\/novosti\/item\/247212-atletska-staza-na-stadionu-tusanj-van-funkcije-u-narednih-sedam-dana\/#primaryimage\",\"url\":\"https:\/\/tuzlainfo.ba\/wp-content\/uploads\/2023\/02\/2302_tusanj-4.jpg\",\"contentUrl\":\"https:\/\/tuzlainfo.ba\/wp-content\/uploads\/2023\/02\/2302_tusanj-4.jpg\",\"width\":1000,\"height\":549,\"caption\":\"Foto: Stadion Tuu\u0161anj , Foto: Dronos.ba\/Tuzlainfo.ba\"},{\"@type\":\"BreadcrumbList\",\"@id\":\"https:\/\/tuzlainfo.ba\/index.php\/novosti\/item\/247212-atletska-staza-na-stadionu-tusanj-van-funkcije-u-narednih-sedam-dana\/#breadcrumb\",\"itemListElement\":[{\"@type\":\"ListItem\",\"position\":1,\"name\":\"Home\",\"item\":\"https:\/\/tuzlainfo.ba\/\"},{\"@type\":\"ListItem\",\"position\":2,\"name\":\"Atletska staza na stadionu Tu\u0161anj van funkcije u narednih sedam dana\"}]},{\"@type\":\"WebSite\",\"@id\":\"https:\/\/tuzlainfo.ba\/#website\",\"url\":\"https:\/\/tuzlainfo.ba\/\",\"name\":\"TuzlaInfo.ba\",\"description\":\"Tuzla info, gradski informator - Tuzla na dlanu\",\"publisher\":{\"@id\":\"https:\/\/tuzlainfo.ba\/#organization\"},\"potentialAction\":[{\"@type\":\"SearchAction\",\"target\":{\"@type\":\"EntryPoint\",\"urlTemplate\":\"https:\/\/tuzlainfo.ba\/?s={search_term_string}\"},\"query-input\":{\"@type\":\"PropertyValueSpecification\",\"valueRequired\":true,\"valueName\":\"search_term_string\"}}],\"inLanguage\":\"bs-BA\"},{\"@type\":\"Organization\",\"@id\":\"https:\/\/tuzlainfo.ba\/#organization\",\"name\":\"TuzlaInfo.ba\",\"url\":\"https:\/\/tuzlainfo.ba\/\",\"logo\":{\"@type\":\"ImageObject\",\"inLanguage\":\"bs-BA\",\"@id\":\"https:\/\/tuzlainfo.ba\/#\/schema\/logo\/image\/\",\"url\":\"https:\/\/tuzlainfo.ba\/wp-content\/uploads\/2021\/03\/logo-ver-3-1.png\",\"contentUrl\":\"https:\/\/tuzlainfo.ba\/wp-content\/uploads\/2021\/03\/logo-ver-3-1.png\",\"width\":350,\"height\":95,\"caption\":\"TuzlaInfo.ba\"},\"image\":{\"@id\":\"https:\/\/tuzlainfo.ba\/#\/schema\/logo\/image\/\"},\"sameAs\":[\"https:\/\/www.facebook.com\/tuzlainfo.ba\/\"]},{\"@type\":\"Person\",\"@id\":\"https:\/\/tuzlainfo.ba\/#\/schema\/person\/f434e20dc27ea133923aab08451b7f7f\",\"name\":\"nedim\",\"image\":{\"@type\":\"ImageObject\",\"inLanguage\":\"bs-BA\",\"@id\":\"https:\/\/tuzlainfo.ba\/#\/schema\/person\/image\/\",\"url\":\"https:\/\/tuzlainfo.ba\/wp-content\/litespeed\/avatar\/aabad687af24844af817603ac1cbdc4f.jpg?ver=1776702173\",\"contentUrl\":\"https:\/\/tuzlainfo.ba\/wp-content\/litespeed\/avatar\/aabad687af24844af817603ac1cbdc4f.jpg?ver=1776702173\",\"caption\":\"nedim\"},\"description\":\"Tuzlainfo.ba pratite na dru\u0161tvenim mre\u017eama: Facebook, Instagram i Youtube. Svoje pri\u010de, upite i fotografije \u0161aljite na na\u0161u e-mail adresu.\"}]}<\/script>\n<!-- \/ Yoast SEO plugin. -->","yoast_head_json":{"title":"Atletska staza na stadionu Tu\u0161anj van funkcije u narednih sedam dana - TuzlaInfo.ba","robots":{"index":"index","follow":"follow","max-snippet":"max-snippet:-1","max-image-preview":"max-image-preview:large","max-video-preview":"max-video-preview:-1"},"canonical":"https:\/\/tuzlainfo.ba\/index.php\/novosti\/item\/247212-atletska-staza-na-stadionu-tusanj-van-funkcije-u-narednih-sedam-dana\/","og_locale":"bs_BA","og_type":"article","og_title":"Atletska staza na stadionu Tu\u0161anj van funkcije u narednih sedam dana - TuzlaInfo.ba","og_description":"Tokom izvo\u0111enja radova na glavnom terenu JU &#8220;Gradski stadion Tu\u0161anj&#8221;, a u sklopu projekta NS&hellip;","og_url":"https:\/\/tuzlainfo.ba\/index.php\/novosti\/item\/247212-atletska-staza-na-stadionu-tusanj-van-funkcije-u-narednih-sedam-dana\/","og_site_name":"TuzlaInfo.ba","article_publisher":"https:\/\/www.facebook.com\/tuzlainfo.ba\/","article_published_time":"2024-08-19T11:01:46+00:00","og_image":[{"width":1000,"height":549,"url":"https:\/\/tuzlainfo.ba\/wp-content\/uploads\/2023\/02\/2302_tusanj-4.jpg","type":"image\/jpeg"}],"author":"nedim","twitter_card":"summary_large_image","twitter_misc":{"Written by":"nedim","Est. reading time":"1 minuta"},"schema":{"@context":"https:\/\/schema.org","@graph":[{"@type":"Article","@id":"https:\/\/tuzlainfo.ba\/index.php\/novosti\/item\/247212-atletska-staza-na-stadionu-tusanj-van-funkcije-u-narednih-sedam-dana\/#article","isPartOf":{"@id":"https:\/\/tuzlainfo.ba\/index.php\/novosti\/item\/247212-atletska-staza-na-stadionu-tusanj-van-funkcije-u-narednih-sedam-dana\/"},"author":{"name":"nedim","@id":"https:\/\/tuzlainfo.ba\/#\/schema\/person\/f434e20dc27ea133923aab08451b7f7f"},"headline":"Atletska staza na stadionu Tu\u0161anj van funkcije u narednih sedam dana","datePublished":"2024-08-19T11:01:46+00:00","dateModified":"2024-08-19T11:01:46+00:00","mainEntityOfPage":{"@id":"https:\/\/tuzlainfo.ba\/index.php\/novosti\/item\/247212-atletska-staza-na-stadionu-tusanj-van-funkcije-u-narednih-sedam-dana\/"},"wordCount":182,"publisher":{"@id":"https:\/\/tuzlainfo.ba\/#organization"},"image":{"@id":"https:\/\/tuzlainfo.ba\/index.php\/novosti\/item\/247212-atletska-staza-na-stadionu-tusanj-van-funkcije-u-narednih-sedam-dana\/#primaryimage"},"thumbnailUrl":"https:\/\/tuzlainfo.ba\/wp-content\/uploads\/2023\/02\/2302_tusanj-4.jpg","keywords":["JU Gradski stadion Tu\u0161anj","stadion tu\u0161anj"],"articleSection":["Istaknuto","Novosti"],"inLanguage":"bs-BA"},{"@type":"WebPage","@id":"https:\/\/tuzlainfo.ba\/index.php\/novosti\/item\/247212-atletska-staza-na-stadionu-tusanj-van-funkcije-u-narednih-sedam-dana\/","url":"https:\/\/tuzlainfo.ba\/index.php\/novosti\/item\/247212-atletska-staza-na-stadionu-tusanj-van-funkcije-u-narednih-sedam-dana\/","name":"Atletska staza na stadionu Tu\u0161anj van funkcije u narednih sedam dana - TuzlaInfo.ba","isPartOf":{"@id":"https:\/\/tuzlainfo.ba\/#website"},"primaryImageOfPage":{"@id":"https:\/\/tuzlainfo.ba\/index.php\/novosti\/item\/247212-atletska-staza-na-stadionu-tusanj-van-funkcije-u-narednih-sedam-dana\/#primaryimage"},"image":{"@id":"https:\/\/tuzlainfo.ba\/index.php\/novosti\/item\/247212-atletska-staza-na-stadionu-tusanj-van-funkcije-u-narednih-sedam-dana\/#primaryimage"},"thumbnailUrl":"https:\/\/tuzlainfo.ba\/wp-content\/uploads\/2023\/02\/2302_tusanj-4.jpg","datePublished":"2024-08-19T11:01:46+00:00","dateModified":"2024-08-19T11:01:46+00:00","breadcrumb":{"@id":"https:\/\/tuzlainfo.ba\/index.php\/novosti\/item\/247212-atletska-staza-na-stadionu-tusanj-van-funkcije-u-narednih-sedam-dana\/#breadcrumb"},"inLanguage":"bs-BA","potentialAction":[{"@type":"ReadAction","target":["https:\/\/tuzlainfo.ba\/index.php\/novosti\/item\/247212-atletska-staza-na-stadionu-tusanj-van-funkcije-u-narednih-sedam-dana\/"]}]},{"@type":"ImageObject","inLanguage":"bs-BA","@id":"https:\/\/tuzlainfo.ba\/index.php\/novosti\/item\/247212-atletska-staza-na-stadionu-tusanj-van-funkcije-u-narednih-sedam-dana\/#primaryimage","url":"https:\/\/tuzlainfo.ba\/wp-content\/uploads\/2023\/02\/2302_tusanj-4.jpg","contentUrl":"https:\/\/tuzlainfo.ba\/wp-content\/uploads\/2023\/02\/2302_tusanj-4.jpg","width":1000,"height":549,"caption":"Foto: Stadion Tuu\u0161anj , Foto: Dronos.ba\/Tuzlainfo.ba"},{"@type":"BreadcrumbList","@id":"https:\/\/tuzlainfo.ba\/index.php\/novosti\/item\/247212-atletska-staza-na-stadionu-tusanj-van-funkcije-u-narednih-sedam-dana\/#breadcrumb","itemListElement":[{"@type":"ListItem","position":1,"name":"Home","item":"https:\/\/tuzlainfo.ba\/"},{"@type":"ListItem","position":2,"name":"Atletska staza na stadionu Tu\u0161anj van funkcije u narednih sedam dana"}]},{"@type":"WebSite","@id":"https:\/\/tuzlainfo.ba\/#website","url":"https:\/\/tuzlainfo.ba\/","name":"TuzlaInfo.ba","description":"Tuzla info, gradski informator - Tuzla na dlanu","publisher":{"@id":"https:\/\/tuzlainfo.ba\/#organization"},"potentialAction":[{"@type":"SearchAction","target":{"@type":"EntryPoint","urlTemplate":"https:\/\/tuzlainfo.ba\/?s={search_term_string}"},"query-input":{"@type":"PropertyValueSpecification","valueRequired":true,"valueName":"search_term_string"}}],"inLanguage":"bs-BA"},{"@type":"Organization","@id":"https:\/\/tuzlainfo.ba\/#organization","name":"TuzlaInfo.ba","url":"https:\/\/tuzlainfo.ba\/","logo":{"@type":"ImageObject","inLanguage":"bs-BA","@id":"https:\/\/tuzlainfo.ba\/#\/schema\/logo\/image\/","url":"https:\/\/tuzlainfo.ba\/wp-content\/uploads\/2021\/03\/logo-ver-3-1.png","contentUrl":"https:\/\/tuzlainfo.ba\/wp-content\/uploads\/2021\/03\/logo-ver-3-1.png","width":350,"height":95,"caption":"TuzlaInfo.ba"},"image":{"@id":"https:\/\/tuzlainfo.ba\/#\/schema\/logo\/image\/"},"sameAs":["https:\/\/www.facebook.com\/tuzlainfo.ba\/"]},{"@type":"Person","@id":"https:\/\/tuzlainfo.ba\/#\/schema\/person\/f434e20dc27ea133923aab08451b7f7f","name":"nedim","image":{"@type":"ImageObject","inLanguage":"bs-BA","@id":"https:\/\/tuzlainfo.ba\/#\/schema\/person\/image\/","url":"https:\/\/tuzlainfo.ba\/wp-content\/litespeed\/avatar\/aabad687af24844af817603ac1cbdc4f.jpg?ver=1776702173","contentUrl":"https:\/\/tuzlainfo.ba\/wp-content\/litespeed\/avatar\/aabad687af24844af817603ac1cbdc4f.jpg?ver=1776702173","caption":"nedim"},"description":"Tuzlainfo.ba pratite na dru\u0161tvenim mre\u017eama: Facebook, Instagram i Youtube. Svoje pri\u010de, upite i fotografije \u0161aljite na na\u0161u e-mail adresu."}]}},"_links":{"self":[{"href":"https:\/\/tuzlainfo.ba\/index.php\/wp-json\/wp\/v2\/posts\/247212"}],"collection":[{"href":"https:\/\/tuzlainfo.ba\/index.php\/wp-json\/wp\/v2\/posts"}],"about":[{"href":"https:\/\/tuzlainfo.ba\/index.php\/wp-json\/wp\/v2\/types\/post"}],"author":[{"embeddable":true,"href":"https:\/\/tuzlainfo.ba\/index.php\/wp-json\/wp\/v2\/users\/2"}],"replies":[{"embeddable":true,"href":"https:\/\/tuzlainfo.ba\/index.php\/wp-json\/wp\/v2\/comments?post=247212"}],"version-history":[{"count":1,"href":"https:\/\/tuzlainfo.ba\/index.php\/wp-json\/wp\/v2\/posts\/247212\/revisions"}],"predecessor-version":[{"id":247213,"href":"https:\/\/tuzlainfo.ba\/index.php\/wp-json\/wp\/v2\/posts\/247212\/revisions\/247213"}],"wp:featuredmedia":[{"embeddable":true,"href":"https:\/\/tuzlainfo.ba\/index.php\/wp-json\/wp\/v2\/media\/198073"}],"wp:attachment":[{"href":"https:\/\/tuzlainfo.ba\/index.php\/wp-json\/wp\/v2\/media?parent=247212"}],"wp:term":[{"taxonomy":"category","embeddable":true,"href":"https:\/\/tuzlainfo.ba\/index.php\/wp-json\/wp\/v2\/categories?post=247212"},{"taxonomy":"post_tag","embeddable":true,"href":"https:\/\/tuzlainfo.ba\/index.php\/wp-json\/wp\/v2\/tags?post=247212"}],"curies":[{"name":"wp","href":"https:\/\/api.w.org\/{rel}","templated":true}]}}