{"id":247028,"date":"2024-08-16T20:45:52","date_gmt":"2024-08-16T18:45:52","guid":{"rendered":"https:\/\/tuzlainfo.ba\/?p=247028"},"modified":"2024-08-16T20:45:52","modified_gmt":"2024-08-16T18:45:52","slug":"trebevic-pronadjeno-tijelo-muskarca-u-miniranom-podrucju","status":"publish","type":"post","link":"https:\/\/tuzlainfo.ba\/index.php\/bosna-i-hercegovina\/item\/247028-trebevic-pronadjeno-tijelo-muskarca-u-miniranom-podrucju\/","title":{"rendered":"Trebevi\u0107: Prona\u0111eno tijelo mu\u0161karca u miniranom podru\u010dju"},"content":{"rendered":"<p>Na Trebevi\u0107u je danas u miniranom podru\u010dju prona\u0111eno tijelo mu\u0161karca.<\/p>\n<p>&#8211; Prona\u0111eno je mu\u0161ko tijelo oko 17 sati u miniranom podru\u010dju, a<strong>\u00a0policija trenutno osigurava lokaciju<\/strong> na kojoj se nalazi tijelo. \u010ceka se ekipa deminera kako bi se izvr\u0161io KDZ pregled i do\u0161lo do tijela &#8211; istaknuto je iz PU Isto\u010dno Sarajevo.<\/p>\n<p>Podsje\u0107amo, ranije u roku dana su iz Profesionalne vatrogasne brigade Kantona Sarajevo naveli kako je njihova ekipa ugasila dio po\u017eara u blizini ove lokacije, a do drugog dijela nisu mogli jer je bio u miniranom podru\u010dju.<\/p>\n","protected":false},"excerpt":{"rendered":"<p>Na Trebevi\u0107u je danas u miniranom podru\u010dju prona\u0111eno tijelo mu\u0161karca. &#8211; Prona\u0111eno je mu\u0161ko tijelo oko 17 sati u miniranom podru\u010dju, a\u00a0policija trenutno osigurava lokaciju na kojoj se nalazi tijelo. \u010ceka se ekipa deminera kako bi se izvr\u0161io KDZ pregled i do\u0161lo do tijela &#8211; istaknuto je iz PU Isto\u010dno Sarajevo. Podsje\u0107amo, ranije u roku [&hellip;]<\/p>\n","protected":false},"author":2,"featured_media":85891,"comment_status":"closed","ping_status":"closed","sticky":false,"template":"","format":"standard","meta":{"footnotes":""},"categories":[291],"tags":[43,3975],"class_list":["post-247028","post","type-post","status-publish","format-standard","has-post-thumbnail","hentry","category-bosna-i-hercegovina","tag-sarajevo","tag-trebevic"],"yoast_head":"<!-- This site is optimized with the Yoast SEO plugin v28.4 - https:\/\/yoast.com\/product\/yoast-seo-wordpress\/ -->\n<title>Trebevi\u0107: Prona\u0111eno tijelo mu\u0161karca u miniranom podru\u010dju<\/title>\n<meta name=\"robots\" content=\"index, follow, max-snippet:-1, max-image-preview:large, max-video-preview:-1\" \/>\n<link rel=\"canonical\" href=\"https:\/\/tuzlainfo.ba\/index.php\/bosna-i-hercegovina\/item\/247028-trebevic-pronadjeno-tijelo-muskarca-u-miniranom-podrucju\/\" \/>\n<meta property=\"og:locale\" content=\"bs_BA\" \/>\n<meta property=\"og:type\" content=\"article\" \/>\n<meta property=\"og:title\" content=\"Trebevi\u0107: Prona\u0111eno tijelo mu\u0161karca u miniranom podru\u010dju\" \/>\n<meta property=\"og:description\" content=\"Na Trebevi\u0107u je danas u miniranom podru\u010dju prona\u0111eno tijelo mu\u0161karca. &#8211; Prona\u0111eno je mu\u0161ko tijelo oko 17 sati u miniranom podru\u010dju, a\u00a0policija trenutno osigurava lokaciju na kojoj se nalazi tijelo. \u010ceka se ekipa deminera kako bi se izvr\u0161io KDZ pregled i do\u0161lo do tijela &#8211; istaknuto je iz PU Isto\u010dno Sarajevo. Podsje\u0107amo, ranije u roku [&hellip;]\" \/>\n<meta property=\"og:url\" content=\"https:\/\/tuzlainfo.ba\/index.php\/bosna-i-hercegovina\/item\/247028-trebevic-pronadjeno-tijelo-muskarca-u-miniranom-podrucju\/\" \/>\n<meta property=\"og:site_name\" content=\"TuzlaInfo.ba\" \/>\n<meta property=\"article:publisher\" content=\"https:\/\/www.facebook.com\/tuzlainfo.ba\/\" \/>\n<meta property=\"article:published_time\" content=\"2024-08-16T18:45:52+00:00\" \/>\n<meta property=\"og:image\" content=\"https:\/\/tuzlainfo.ba\/wp-content\/uploads\/2021\/01\/sadrzaj_2016_2016-crna_0101_policija_rotacija.jpg\" \/>\n\t<meta property=\"og:image:width\" content=\"770\" \/>\n\t<meta property=\"og:image:height\" content=\"513\" \/>\n\t<meta property=\"og:image:type\" content=\"image\/jpeg\" \/>\n<meta name=\"author\" content=\"nedim\" \/>\n<meta name=\"twitter:card\" content=\"summary_large_image\" \/>\n<meta name=\"twitter:label1\" content=\"Written by\" \/>\n\t<meta name=\"twitter:data1\" content=\"nedim\" \/>\n\t<meta name=\"twitter:label2\" content=\"Est. reading time\" \/>\n\t<meta name=\"twitter:data2\" content=\"1 minuta\" \/>\n<script type=\"application\/ld+json\" class=\"yoast-schema-graph\">{\"@context\":\"https:\\\/\\\/schema.org\",\"@graph\":[{\"@type\":\"Article\",\"@id\":\"https:\\\/\\\/tuzlainfo.ba\\\/index.php\\\/bosna-i-hercegovina\\\/item\\\/247028-trebevic-pronadjeno-tijelo-muskarca-u-miniranom-podrucju\\\/#article\",\"isPartOf\":{\"@id\":\"https:\\\/\\\/tuzlainfo.ba\\\/index.php\\\/bosna-i-hercegovina\\\/item\\\/247028-trebevic-pronadjeno-tijelo-muskarca-u-miniranom-podrucju\\\/\"},\"author\":{\"name\":\"nedim\",\"@id\":\"https:\\\/\\\/tuzlainfo.ba\\\/#\\\/schema\\\/person\\\/f434e20dc27ea133923aab08451b7f7f\"},\"headline\":\"Trebevi\u0107: Prona\u0111eno tijelo mu\u0161karca u miniranom podru\u010dju\",\"datePublished\":\"2024-08-16T18:45:52+00:00\",\"mainEntityOfPage\":{\"@id\":\"https:\\\/\\\/tuzlainfo.ba\\\/index.php\\\/bosna-i-hercegovina\\\/item\\\/247028-trebevic-pronadjeno-tijelo-muskarca-u-miniranom-podrucju\\\/\"},\"wordCount\":110,\"publisher\":{\"@id\":\"https:\\\/\\\/tuzlainfo.ba\\\/#organization\"},\"image\":{\"@id\":\"https:\\\/\\\/tuzlainfo.ba\\\/index.php\\\/bosna-i-hercegovina\\\/item\\\/247028-trebevic-pronadjeno-tijelo-muskarca-u-miniranom-podrucju\\\/#primaryimage\"},\"thumbnailUrl\":\"https:\\\/\\\/tuzlainfo.ba\\\/wp-content\\\/uploads\\\/2021\\\/01\\\/sadrzaj_2016_2016-crna_0101_policija_rotacija.jpg\",\"keywords\":[\"sarajevo\",\"Trebevi\u0107\"],\"articleSection\":[\"Bosna i Hercegovina\"],\"inLanguage\":\"bs-BA\",\"copyrightYear\":\"2024\",\"copyrightHolder\":{\"@id\":\"https:\\\/\\\/tuzlainfo.ba\\\/#organization\"}},{\"@type\":\"WebPage\",\"@id\":\"https:\\\/\\\/tuzlainfo.ba\\\/index.php\\\/bosna-i-hercegovina\\\/item\\\/247028-trebevic-pronadjeno-tijelo-muskarca-u-miniranom-podrucju\\\/\",\"url\":\"https:\\\/\\\/tuzlainfo.ba\\\/index.php\\\/bosna-i-hercegovina\\\/item\\\/247028-trebevic-pronadjeno-tijelo-muskarca-u-miniranom-podrucju\\\/\",\"name\":\"Trebevi\u0107: Prona\u0111eno tijelo mu\u0161karca u miniranom podru\u010dju\",\"isPartOf\":{\"@id\":\"https:\\\/\\\/tuzlainfo.ba\\\/#website\"},\"primaryImageOfPage\":{\"@id\":\"https:\\\/\\\/tuzlainfo.ba\\\/index.php\\\/bosna-i-hercegovina\\\/item\\\/247028-trebevic-pronadjeno-tijelo-muskarca-u-miniranom-podrucju\\\/#primaryimage\"},\"image\":{\"@id\":\"https:\\\/\\\/tuzlainfo.ba\\\/index.php\\\/bosna-i-hercegovina\\\/item\\\/247028-trebevic-pronadjeno-tijelo-muskarca-u-miniranom-podrucju\\\/#primaryimage\"},\"thumbnailUrl\":\"https:\\\/\\\/tuzlainfo.ba\\\/wp-content\\\/uploads\\\/2021\\\/01\\\/sadrzaj_2016_2016-crna_0101_policija_rotacija.jpg\",\"datePublished\":\"2024-08-16T18:45:52+00:00\",\"breadcrumb\":{\"@id\":\"https:\\\/\\\/tuzlainfo.ba\\\/index.php\\\/bosna-i-hercegovina\\\/item\\\/247028-trebevic-pronadjeno-tijelo-muskarca-u-miniranom-podrucju\\\/#breadcrumb\"},\"inLanguage\":\"bs-BA\",\"potentialAction\":[{\"@type\":\"ReadAction\",\"target\":[\"https:\\\/\\\/tuzlainfo.ba\\\/index.php\\\/bosna-i-hercegovina\\\/item\\\/247028-trebevic-pronadjeno-tijelo-muskarca-u-miniranom-podrucju\\\/\"]}]},{\"@type\":\"ImageObject\",\"inLanguage\":\"bs-BA\",\"@id\":\"https:\\\/\\\/tuzlainfo.ba\\\/index.php\\\/bosna-i-hercegovina\\\/item\\\/247028-trebevic-pronadjeno-tijelo-muskarca-u-miniranom-podrucju\\\/#primaryimage\",\"url\":\"https:\\\/\\\/tuzlainfo.ba\\\/wp-content\\\/uploads\\\/2021\\\/01\\\/sadrzaj_2016_2016-crna_0101_policija_rotacija.jpg\",\"contentUrl\":\"https:\\\/\\\/tuzlainfo.ba\\\/wp-content\\\/uploads\\\/2021\\\/01\\\/sadrzaj_2016_2016-crna_0101_policija_rotacija.jpg\",\"width\":770,\"height\":513,\"caption\":\"0101 policija rotacija\"},{\"@type\":\"BreadcrumbList\",\"@id\":\"https:\\\/\\\/tuzlainfo.ba\\\/index.php\\\/bosna-i-hercegovina\\\/item\\\/247028-trebevic-pronadjeno-tijelo-muskarca-u-miniranom-podrucju\\\/#breadcrumb\",\"itemListElement\":[{\"@type\":\"ListItem\",\"position\":1,\"name\":\"Home\",\"item\":\"https:\\\/\\\/tuzlainfo.ba\\\/\"},{\"@type\":\"ListItem\",\"position\":2,\"name\":\"Trebevi\u0107: Prona\u0111eno tijelo mu\u0161karca u miniranom podru\u010dju\"}]},{\"@type\":\"WebSite\",\"@id\":\"https:\\\/\\\/tuzlainfo.ba\\\/#website\",\"url\":\"https:\\\/\\\/tuzlainfo.ba\\\/\",\"name\":\"TuzlaInfo.ba\",\"description\":\"Tuzla info, gradski informator - Tuzla na dlanu\",\"publisher\":{\"@id\":\"https:\\\/\\\/tuzlainfo.ba\\\/#organization\"},\"potentialAction\":[{\"@type\":\"SearchAction\",\"target\":{\"@type\":\"EntryPoint\",\"urlTemplate\":\"https:\\\/\\\/tuzlainfo.ba\\\/?s={search_term_string}\"},\"query-input\":{\"@type\":\"PropertyValueSpecification\",\"valueRequired\":true,\"valueName\":\"search_term_string\"}}],\"inLanguage\":\"bs-BA\"},{\"@type\":\"Organization\",\"@id\":\"https:\\\/\\\/tuzlainfo.ba\\\/#organization\",\"name\":\"TuzlaInfo.ba\",\"url\":\"https:\\\/\\\/tuzlainfo.ba\\\/\",\"logo\":{\"@type\":\"ImageObject\",\"inLanguage\":\"bs-BA\",\"@id\":\"https:\\\/\\\/tuzlainfo.ba\\\/#\\\/schema\\\/logo\\\/image\\\/\",\"url\":\"https:\\\/\\\/tuzlainfo.ba\\\/wp-content\\\/uploads\\\/2021\\\/03\\\/logo-ver-3-1.png\",\"contentUrl\":\"https:\\\/\\\/tuzlainfo.ba\\\/wp-content\\\/uploads\\\/2021\\\/03\\\/logo-ver-3-1.png\",\"width\":350,\"height\":95,\"caption\":\"TuzlaInfo.ba\"},\"image\":{\"@id\":\"https:\\\/\\\/tuzlainfo.ba\\\/#\\\/schema\\\/logo\\\/image\\\/\"},\"sameAs\":[\"https:\\\/\\\/www.facebook.com\\\/tuzlainfo.ba\\\/\"]},{\"@type\":\"Person\",\"@id\":\"https:\\\/\\\/tuzlainfo.ba\\\/#\\\/schema\\\/person\\\/f434e20dc27ea133923aab08451b7f7f\",\"name\":\"nedim\",\"image\":{\"@type\":\"ImageObject\",\"inLanguage\":\"bs-BA\",\"@id\":\"https:\\\/\\\/secure.gravatar.com\\\/avatar\\\/5b928a2e7e70a54208d2eb6c1edcb75a5350d6ae97d5f0a701203d456823f6f3?s=96&d=mm&r=g\",\"url\":\"https:\\\/\\\/secure.gravatar.com\\\/avatar\\\/5b928a2e7e70a54208d2eb6c1edcb75a5350d6ae97d5f0a701203d456823f6f3?s=96&d=mm&r=g\",\"contentUrl\":\"https:\\\/\\\/secure.gravatar.com\\\/avatar\\\/5b928a2e7e70a54208d2eb6c1edcb75a5350d6ae97d5f0a701203d456823f6f3?s=96&d=mm&r=g\",\"caption\":\"nedim\"},\"description\":\"Tuzlainfo.ba pratite na dru\u0161tvenim mre\u017eama: Facebook, Instagram i Youtube. Svoje pri\u010de, upite i fotografije \u0161aljite na na\u0161u e-mail adresu.\"}]}<\/script>\n<!-- \/ Yoast SEO plugin. -->","yoast_head_json":{"title":"Trebevi\u0107: Prona\u0111eno tijelo mu\u0161karca u miniranom podru\u010dju","robots":{"index":"index","follow":"follow","max-snippet":"max-snippet:-1","max-image-preview":"max-image-preview:large","max-video-preview":"max-video-preview:-1"},"canonical":"https:\/\/tuzlainfo.ba\/index.php\/bosna-i-hercegovina\/item\/247028-trebevic-pronadjeno-tijelo-muskarca-u-miniranom-podrucju\/","og_locale":"bs_BA","og_type":"article","og_title":"Trebevi\u0107: Prona\u0111eno tijelo mu\u0161karca u miniranom podru\u010dju","og_description":"Na Trebevi\u0107u je danas u miniranom podru\u010dju prona\u0111eno tijelo mu\u0161karca. &#8211; Prona\u0111eno je mu\u0161ko tijelo oko 17 sati u miniranom podru\u010dju, a\u00a0policija trenutno osigurava lokaciju na kojoj se nalazi tijelo. \u010ceka se ekipa deminera kako bi se izvr\u0161io KDZ pregled i do\u0161lo do tijela &#8211; istaknuto je iz PU Isto\u010dno Sarajevo. Podsje\u0107amo, ranije u roku [&hellip;]","og_url":"https:\/\/tuzlainfo.ba\/index.php\/bosna-i-hercegovina\/item\/247028-trebevic-pronadjeno-tijelo-muskarca-u-miniranom-podrucju\/","og_site_name":"TuzlaInfo.ba","article_publisher":"https:\/\/www.facebook.com\/tuzlainfo.ba\/","article_published_time":"2024-08-16T18:45:52+00:00","og_image":[{"width":770,"height":513,"url":"https:\/\/tuzlainfo.ba\/wp-content\/uploads\/2021\/01\/sadrzaj_2016_2016-crna_0101_policija_rotacija.jpg","type":"image\/jpeg"}],"author":"nedim","twitter_card":"summary_large_image","twitter_misc":{"Written by":"nedim","Est. reading time":"1 minuta"},"schema":{"@context":"https:\/\/schema.org","@graph":[{"@type":"Article","@id":"https:\/\/tuzlainfo.ba\/index.php\/bosna-i-hercegovina\/item\/247028-trebevic-pronadjeno-tijelo-muskarca-u-miniranom-podrucju\/#article","isPartOf":{"@id":"https:\/\/tuzlainfo.ba\/index.php\/bosna-i-hercegovina\/item\/247028-trebevic-pronadjeno-tijelo-muskarca-u-miniranom-podrucju\/"},"author":{"name":"nedim","@id":"https:\/\/tuzlainfo.ba\/#\/schema\/person\/f434e20dc27ea133923aab08451b7f7f"},"headline":"Trebevi\u0107: Prona\u0111eno tijelo mu\u0161karca u miniranom podru\u010dju","datePublished":"2024-08-16T18:45:52+00:00","mainEntityOfPage":{"@id":"https:\/\/tuzlainfo.ba\/index.php\/bosna-i-hercegovina\/item\/247028-trebevic-pronadjeno-tijelo-muskarca-u-miniranom-podrucju\/"},"wordCount":110,"publisher":{"@id":"https:\/\/tuzlainfo.ba\/#organization"},"image":{"@id":"https:\/\/tuzlainfo.ba\/index.php\/bosna-i-hercegovina\/item\/247028-trebevic-pronadjeno-tijelo-muskarca-u-miniranom-podrucju\/#primaryimage"},"thumbnailUrl":"https:\/\/tuzlainfo.ba\/wp-content\/uploads\/2021\/01\/sadrzaj_2016_2016-crna_0101_policija_rotacija.jpg","keywords":["sarajevo","Trebevi\u0107"],"articleSection":["Bosna i Hercegovina"],"inLanguage":"bs-BA","copyrightYear":"2024","copyrightHolder":{"@id":"https:\/\/tuzlainfo.ba\/#organization"}},{"@type":"WebPage","@id":"https:\/\/tuzlainfo.ba\/index.php\/bosna-i-hercegovina\/item\/247028-trebevic-pronadjeno-tijelo-muskarca-u-miniranom-podrucju\/","url":"https:\/\/tuzlainfo.ba\/index.php\/bosna-i-hercegovina\/item\/247028-trebevic-pronadjeno-tijelo-muskarca-u-miniranom-podrucju\/","name":"Trebevi\u0107: Prona\u0111eno tijelo mu\u0161karca u miniranom podru\u010dju","isPartOf":{"@id":"https:\/\/tuzlainfo.ba\/#website"},"primaryImageOfPage":{"@id":"https:\/\/tuzlainfo.ba\/index.php\/bosna-i-hercegovina\/item\/247028-trebevic-pronadjeno-tijelo-muskarca-u-miniranom-podrucju\/#primaryimage"},"image":{"@id":"https:\/\/tuzlainfo.ba\/index.php\/bosna-i-hercegovina\/item\/247028-trebevic-pronadjeno-tijelo-muskarca-u-miniranom-podrucju\/#primaryimage"},"thumbnailUrl":"https:\/\/tuzlainfo.ba\/wp-content\/uploads\/2021\/01\/sadrzaj_2016_2016-crna_0101_policija_rotacija.jpg","datePublished":"2024-08-16T18:45:52+00:00","breadcrumb":{"@id":"https:\/\/tuzlainfo.ba\/index.php\/bosna-i-hercegovina\/item\/247028-trebevic-pronadjeno-tijelo-muskarca-u-miniranom-podrucju\/#breadcrumb"},"inLanguage":"bs-BA","potentialAction":[{"@type":"ReadAction","target":["https:\/\/tuzlainfo.ba\/index.php\/bosna-i-hercegovina\/item\/247028-trebevic-pronadjeno-tijelo-muskarca-u-miniranom-podrucju\/"]}]},{"@type":"ImageObject","inLanguage":"bs-BA","@id":"https:\/\/tuzlainfo.ba\/index.php\/bosna-i-hercegovina\/item\/247028-trebevic-pronadjeno-tijelo-muskarca-u-miniranom-podrucju\/#primaryimage","url":"https:\/\/tuzlainfo.ba\/wp-content\/uploads\/2021\/01\/sadrzaj_2016_2016-crna_0101_policija_rotacija.jpg","contentUrl":"https:\/\/tuzlainfo.ba\/wp-content\/uploads\/2021\/01\/sadrzaj_2016_2016-crna_0101_policija_rotacija.jpg","width":770,"height":513,"caption":"0101 policija rotacija"},{"@type":"BreadcrumbList","@id":"https:\/\/tuzlainfo.ba\/index.php\/bosna-i-hercegovina\/item\/247028-trebevic-pronadjeno-tijelo-muskarca-u-miniranom-podrucju\/#breadcrumb","itemListElement":[{"@type":"ListItem","position":1,"name":"Home","item":"https:\/\/tuzlainfo.ba\/"},{"@type":"ListItem","position":2,"name":"Trebevi\u0107: Prona\u0111eno tijelo mu\u0161karca u miniranom podru\u010dju"}]},{"@type":"WebSite","@id":"https:\/\/tuzlainfo.ba\/#website","url":"https:\/\/tuzlainfo.ba\/","name":"TuzlaInfo.ba","description":"Tuzla info, gradski informator - Tuzla na dlanu","publisher":{"@id":"https:\/\/tuzlainfo.ba\/#organization"},"potentialAction":[{"@type":"SearchAction","target":{"@type":"EntryPoint","urlTemplate":"https:\/\/tuzlainfo.ba\/?s={search_term_string}"},"query-input":{"@type":"PropertyValueSpecification","valueRequired":true,"valueName":"search_term_string"}}],"inLanguage":"bs-BA"},{"@type":"Organization","@id":"https:\/\/tuzlainfo.ba\/#organization","name":"TuzlaInfo.ba","url":"https:\/\/tuzlainfo.ba\/","logo":{"@type":"ImageObject","inLanguage":"bs-BA","@id":"https:\/\/tuzlainfo.ba\/#\/schema\/logo\/image\/","url":"https:\/\/tuzlainfo.ba\/wp-content\/uploads\/2021\/03\/logo-ver-3-1.png","contentUrl":"https:\/\/tuzlainfo.ba\/wp-content\/uploads\/2021\/03\/logo-ver-3-1.png","width":350,"height":95,"caption":"TuzlaInfo.ba"},"image":{"@id":"https:\/\/tuzlainfo.ba\/#\/schema\/logo\/image\/"},"sameAs":["https:\/\/www.facebook.com\/tuzlainfo.ba\/"]},{"@type":"Person","@id":"https:\/\/tuzlainfo.ba\/#\/schema\/person\/f434e20dc27ea133923aab08451b7f7f","name":"nedim","image":{"@type":"ImageObject","inLanguage":"bs-BA","@id":"https:\/\/secure.gravatar.com\/avatar\/5b928a2e7e70a54208d2eb6c1edcb75a5350d6ae97d5f0a701203d456823f6f3?s=96&d=mm&r=g","url":"https:\/\/secure.gravatar.com\/avatar\/5b928a2e7e70a54208d2eb6c1edcb75a5350d6ae97d5f0a701203d456823f6f3?s=96&d=mm&r=g","contentUrl":"https:\/\/secure.gravatar.com\/avatar\/5b928a2e7e70a54208d2eb6c1edcb75a5350d6ae97d5f0a701203d456823f6f3?s=96&d=mm&r=g","caption":"nedim"},"description":"Tuzlainfo.ba pratite na dru\u0161tvenim mre\u017eama: Facebook, Instagram i Youtube. Svoje pri\u010de, upite i fotografije \u0161aljite na na\u0161u e-mail adresu."}]}},"_links":{"self":[{"href":"https:\/\/tuzlainfo.ba\/index.php\/wp-json\/wp\/v2\/posts\/247028","targetHints":{"allow":["GET"]}}],"collection":[{"href":"https:\/\/tuzlainfo.ba\/index.php\/wp-json\/wp\/v2\/posts"}],"about":[{"href":"https:\/\/tuzlainfo.ba\/index.php\/wp-json\/wp\/v2\/types\/post"}],"author":[{"embeddable":true,"href":"https:\/\/tuzlainfo.ba\/index.php\/wp-json\/wp\/v2\/users\/2"}],"replies":[{"embeddable":true,"href":"https:\/\/tuzlainfo.ba\/index.php\/wp-json\/wp\/v2\/comments?post=247028"}],"version-history":[{"count":1,"href":"https:\/\/tuzlainfo.ba\/index.php\/wp-json\/wp\/v2\/posts\/247028\/revisions"}],"predecessor-version":[{"id":247029,"href":"https:\/\/tuzlainfo.ba\/index.php\/wp-json\/wp\/v2\/posts\/247028\/revisions\/247029"}],"wp:featuredmedia":[{"embeddable":true,"href":"https:\/\/tuzlainfo.ba\/index.php\/wp-json\/wp\/v2\/media\/85891"}],"wp:attachment":[{"href":"https:\/\/tuzlainfo.ba\/index.php\/wp-json\/wp\/v2\/media?parent=247028"}],"wp:term":[{"taxonomy":"category","embeddable":true,"href":"https:\/\/tuzlainfo.ba\/index.php\/wp-json\/wp\/v2\/categories?post=247028"},{"taxonomy":"post_tag","embeddable":true,"href":"https:\/\/tuzlainfo.ba\/index.php\/wp-json\/wp\/v2\/tags?post=247028"}],"curies":[{"name":"wp","href":"https:\/\/api.w.org\/{rel}","templated":true}]}}