{"id":246913,"date":"2024-08-15T16:40:30","date_gmt":"2024-08-15T14:40:30","guid":{"rendered":"https:\/\/tuzlainfo.ba\/?p=246913"},"modified":"2024-08-15T16:42:35","modified_gmt":"2024-08-15T14:42:35","slug":"za-djecu-sa-poremecajima-u-ponasanju-u-tk-uskoro-uspostava-malog-porodicnog-doma","status":"publish","type":"post","link":"https:\/\/tuzlainfo.ba\/index.php\/istaknuto\/item\/246913-za-djecu-sa-poremecajima-u-ponasanju-u-tk-uskoro-uspostava-malog-porodicnog-doma\/","title":{"rendered":"Za djecu sa poreme\u0107ajima u pona\u0161anju: U TK uskoro uspostava \u201eMalog porodi\u010dnog doma\u201c"},"content":{"rendered":"<p dir=\"ltr\">Vlada Tuzlanskog kantona prihvatila je danas Informaciju Radne grupe o postupanju u za\u0161titi djece sa poreme\u0107ajima u pona\u0161anju. Ova informacija jedan je od odgovora Tuzlanskog kantona na kontinunuirano suo\u010davanje sa izazovom da nema usluge smje\u0161taja za djecu sa problemima i poreme\u0107ajima u pona\u0161anju, kao ni za djecu sa pote\u0161ko\u0107ama u razvoju. Primjer je postupanje nadle\u017enih institucija i za\u0161tita odre\u0111enog broja djece koja u neadekvatnim uslovima, gdje im se ne mo\u017ee pru\u017eiti adekvatna pomo\u0107 i podr\u0161ka, \u010dekaju drugi oblik za\u0161tite i smje\u0161taja. Upravo zbog toga, nemogu\u0107e je o\u010dekivati \u017eeljene rezultate, a to su usvajanje obrazaca pona\u0161anja koji bi doprinijeli da adolescenti nesmetano funkcioni\u0161u u zajednicama iz kojih dolaze, stav je Radne grupe.<\/p>\n<p dir=\"ltr\"><strong>Imaju\u0107i uvidu procese reforme i deinstitucionalizacije koji, shodno Konvenciji o pravima djeteta, ne podr\u017eavaju ustanove ve\u0107ih smje\u0161tajnih kapaciteta, prijedlog Radne grupe je uspostavljanje usluge \u201eMalog porodi\u010dnog doma\u201c koja zna\u010di obi\u010dna ku\u0107a u obi\u010dnom naselju sa kapacitetom usluge za 8 &#8211; 10 djece, a koja bi se pru\u017eala transformacijom Odgojnog centra Tuzlanskog kantona i usvajanjem nove djelatnosti \u201eSlu\u017eba za zbrinjavanje djece u stanju potrebe\u201c. Sli\u010dna praksa ve\u0107 postoji \u0161to je to definisano u Odgojnom Centru u Sarajevu.\u00a0<\/strong><\/p>\n<p dir=\"ltr\">U tom smislu predlo\u017eeno je formiranje Radne grupe, koja bi izvr\u0161ila uvid u ta\u010dan broj i vrstu pote\u0161ko\u0107a i izazova sa kojima se susre\u0107u postoje\u0107i oblici alternativne brige, kao i centri za socijalni rad, te u skladu s tim procijenila mogu\u0107nost implementacije navedenih servisa.<\/p>\n<p dir=\"ltr\">U vezi sa svim navedenim Vlada je dana\u0161njim zaklju\u010dkom zadu\u017eila Ministarstvo za rad socijalnu politiku i povratak TK da u roku od 15 dana imenuje interesornu radnu grupu koja \u0107e u naredna dva mjeseca analizirati pojavu poreme\u0107aja u pona\u0161anju na podru\u010dju TK, te u skladu s tim procijeniti mogu\u0107nost i potrebe uspostavljanja usluge Malog porodi\u010dnog doma ili Slu\u017ebe za zbrinjavanje djece u stanju potrebe imaju\u0107i u vidu ve\u0107 postoje\u0107e raspolo\u017eive servise na podru\u010dju TK. Kona\u010dna procjena za uslugu Malog porodi\u010dnog doma ili Slu\u017ebe za zbrinjavanje djece u stanju potrebe o broju i vrsti servisa za ovu ciljnu grupu mora da sadr\u017eati i prijedlog neophodnog stru\u010dnog kadra kao i prostorne uslove uz procjenu potrebnih sredstava na godi\u0161njem nivou, koje bi trebala da obezbijedi Vlada TK.<\/p>\n","protected":false},"excerpt":{"rendered":"<p>Vlada Tuzlanskog kantona prihvatila je danas Informaciju Radne grupe o postupanju u za\u0161titi djece sa&hellip;<\/p>\n","protected":false},"author":4,"featured_media":241852,"comment_status":"closed","ping_status":"closed","sticky":false,"template":"","format":"standard","meta":{"_acf_changed":false,"footnotes":""},"categories":[304,12],"tags":[2498,10755,336],"acf":[],"yoast_head":"<!-- This site is optimized with the Yoast SEO plugin v23.5 - https:\/\/yoast.com\/wordpress\/plugins\/seo\/ -->\n<title>Za djecu sa poreme\u0107ajima u pona\u0161anju: U TK uskoro uspostava \u201eMalog porodi\u010dnog doma\u201c - TuzlaInfo.ba<\/title>\n<meta name=\"robots\" content=\"index, follow, max-snippet:-1, max-image-preview:large, max-video-preview:-1\" \/>\n<link rel=\"canonical\" href=\"https:\/\/tuzlainfo.ba\/index.php\/novosti\/item\/246913-za-djecu-sa-poremecajima-u-ponasanju-u-tk-uskoro-uspostava-malog-porodicnog-doma\/\" \/>\n<meta property=\"og:locale\" content=\"bs_BA\" \/>\n<meta property=\"og:type\" content=\"article\" \/>\n<meta property=\"og:title\" content=\"Za djecu sa poreme\u0107ajima u pona\u0161anju: U TK uskoro uspostava \u201eMalog porodi\u010dnog doma\u201c - TuzlaInfo.ba\" \/>\n<meta property=\"og:description\" content=\"Vlada Tuzlanskog kantona prihvatila je danas Informaciju Radne grupe o postupanju u za\u0161titi djece sa&hellip;\" \/>\n<meta property=\"og:url\" content=\"https:\/\/tuzlainfo.ba\/index.php\/novosti\/item\/246913-za-djecu-sa-poremecajima-u-ponasanju-u-tk-uskoro-uspostava-malog-porodicnog-doma\/\" \/>\n<meta property=\"og:site_name\" content=\"TuzlaInfo.ba\" \/>\n<meta property=\"article:publisher\" content=\"https:\/\/www.facebook.com\/tuzlainfo.ba\/\" \/>\n<meta property=\"article:published_time\" content=\"2024-08-15T14:40:30+00:00\" \/>\n<meta property=\"article:modified_time\" content=\"2024-08-15T14:42:35+00:00\" \/>\n<meta property=\"og:image\" content=\"https:\/\/tuzlainfo.ba\/wp-content\/uploads\/2024\/06\/2006_vladatk.jpg\" \/>\n\t<meta property=\"og:image:width\" content=\"800\" \/>\n\t<meta property=\"og:image:height\" content=\"533\" \/>\n\t<meta property=\"og:image:type\" content=\"image\/jpeg\" \/>\n<meta name=\"author\" content=\"Tuzla Info\" \/>\n<meta name=\"twitter:card\" content=\"summary_large_image\" \/>\n<meta name=\"twitter:label1\" content=\"Written by\" \/>\n\t<meta name=\"twitter:data1\" content=\"Tuzla Info\" \/>\n\t<meta name=\"twitter:label2\" content=\"Est. reading time\" \/>\n\t<meta name=\"twitter:data2\" content=\"3 minute\" \/>\n<script type=\"application\/ld+json\" class=\"yoast-schema-graph\">{\"@context\":\"https:\/\/schema.org\",\"@graph\":[{\"@type\":\"Article\",\"@id\":\"https:\/\/tuzlainfo.ba\/index.php\/novosti\/item\/246913-za-djecu-sa-poremecajima-u-ponasanju-u-tk-uskoro-uspostava-malog-porodicnog-doma\/#article\",\"isPartOf\":{\"@id\":\"https:\/\/tuzlainfo.ba\/index.php\/novosti\/item\/246913-za-djecu-sa-poremecajima-u-ponasanju-u-tk-uskoro-uspostava-malog-porodicnog-doma\/\"},\"author\":{\"name\":\"Tuzla Info\",\"@id\":\"https:\/\/tuzlainfo.ba\/#\/schema\/person\/46cad4c57790cbc50781edd14870825a\"},\"headline\":\"Za djecu sa poreme\u0107ajima u pona\u0161anju: U TK uskoro uspostava \u201eMalog porodi\u010dnog doma\u201c\",\"datePublished\":\"2024-08-15T14:40:30+00:00\",\"dateModified\":\"2024-08-15T14:42:35+00:00\",\"mainEntityOfPage\":{\"@id\":\"https:\/\/tuzlainfo.ba\/index.php\/novosti\/item\/246913-za-djecu-sa-poremecajima-u-ponasanju-u-tk-uskoro-uspostava-malog-porodicnog-doma\/\"},\"wordCount\":428,\"publisher\":{\"@id\":\"https:\/\/tuzlainfo.ba\/#organization\"},\"image\":{\"@id\":\"https:\/\/tuzlainfo.ba\/index.php\/novosti\/item\/246913-za-djecu-sa-poremecajima-u-ponasanju-u-tk-uskoro-uspostava-malog-porodicnog-doma\/#primaryimage\"},\"thumbnailUrl\":\"https:\/\/tuzlainfo.ba\/wp-content\/uploads\/2024\/06\/2006_vladatk.jpg\",\"keywords\":[\"djeca\",\"poreme\u0107aji u pona\u0161anju\",\"vlada tk\"],\"articleSection\":[\"Istaknuto\",\"Novosti\"],\"inLanguage\":\"bs-BA\"},{\"@type\":\"WebPage\",\"@id\":\"https:\/\/tuzlainfo.ba\/index.php\/novosti\/item\/246913-za-djecu-sa-poremecajima-u-ponasanju-u-tk-uskoro-uspostava-malog-porodicnog-doma\/\",\"url\":\"https:\/\/tuzlainfo.ba\/index.php\/novosti\/item\/246913-za-djecu-sa-poremecajima-u-ponasanju-u-tk-uskoro-uspostava-malog-porodicnog-doma\/\",\"name\":\"Za djecu sa poreme\u0107ajima u pona\u0161anju: U TK uskoro uspostava \u201eMalog porodi\u010dnog doma\u201c - TuzlaInfo.ba\",\"isPartOf\":{\"@id\":\"https:\/\/tuzlainfo.ba\/#website\"},\"primaryImageOfPage\":{\"@id\":\"https:\/\/tuzlainfo.ba\/index.php\/novosti\/item\/246913-za-djecu-sa-poremecajima-u-ponasanju-u-tk-uskoro-uspostava-malog-porodicnog-doma\/#primaryimage\"},\"image\":{\"@id\":\"https:\/\/tuzlainfo.ba\/index.php\/novosti\/item\/246913-za-djecu-sa-poremecajima-u-ponasanju-u-tk-uskoro-uspostava-malog-porodicnog-doma\/#primaryimage\"},\"thumbnailUrl\":\"https:\/\/tuzlainfo.ba\/wp-content\/uploads\/2024\/06\/2006_vladatk.jpg\",\"datePublished\":\"2024-08-15T14:40:30+00:00\",\"dateModified\":\"2024-08-15T14:42:35+00:00\",\"breadcrumb\":{\"@id\":\"https:\/\/tuzlainfo.ba\/index.php\/novosti\/item\/246913-za-djecu-sa-poremecajima-u-ponasanju-u-tk-uskoro-uspostava-malog-porodicnog-doma\/#breadcrumb\"},\"inLanguage\":\"bs-BA\",\"potentialAction\":[{\"@type\":\"ReadAction\",\"target\":[\"https:\/\/tuzlainfo.ba\/index.php\/novosti\/item\/246913-za-djecu-sa-poremecajima-u-ponasanju-u-tk-uskoro-uspostava-malog-porodicnog-doma\/\"]}]},{\"@type\":\"ImageObject\",\"inLanguage\":\"bs-BA\",\"@id\":\"https:\/\/tuzlainfo.ba\/index.php\/novosti\/item\/246913-za-djecu-sa-poremecajima-u-ponasanju-u-tk-uskoro-uspostava-malog-porodicnog-doma\/#primaryimage\",\"url\":\"https:\/\/tuzlainfo.ba\/wp-content\/uploads\/2024\/06\/2006_vladatk.jpg\",\"contentUrl\":\"https:\/\/tuzlainfo.ba\/wp-content\/uploads\/2024\/06\/2006_vladatk.jpg\",\"width\":800,\"height\":533},{\"@type\":\"BreadcrumbList\",\"@id\":\"https:\/\/tuzlainfo.ba\/index.php\/novosti\/item\/246913-za-djecu-sa-poremecajima-u-ponasanju-u-tk-uskoro-uspostava-malog-porodicnog-doma\/#breadcrumb\",\"itemListElement\":[{\"@type\":\"ListItem\",\"position\":1,\"name\":\"Home\",\"item\":\"https:\/\/tuzlainfo.ba\/\"},{\"@type\":\"ListItem\",\"position\":2,\"name\":\"Za djecu sa poreme\u0107ajima u pona\u0161anju: U TK uskoro uspostava \u201eMalog porodi\u010dnog doma\u201c\"}]},{\"@type\":\"WebSite\",\"@id\":\"https:\/\/tuzlainfo.ba\/#website\",\"url\":\"https:\/\/tuzlainfo.ba\/\",\"name\":\"TuzlaInfo.ba\",\"description\":\"Tuzla info, gradski informator - Tuzla na dlanu\",\"publisher\":{\"@id\":\"https:\/\/tuzlainfo.ba\/#organization\"},\"potentialAction\":[{\"@type\":\"SearchAction\",\"target\":{\"@type\":\"EntryPoint\",\"urlTemplate\":\"https:\/\/tuzlainfo.ba\/?s={search_term_string}\"},\"query-input\":{\"@type\":\"PropertyValueSpecification\",\"valueRequired\":true,\"valueName\":\"search_term_string\"}}],\"inLanguage\":\"bs-BA\"},{\"@type\":\"Organization\",\"@id\":\"https:\/\/tuzlainfo.ba\/#organization\",\"name\":\"TuzlaInfo.ba\",\"url\":\"https:\/\/tuzlainfo.ba\/\",\"logo\":{\"@type\":\"ImageObject\",\"inLanguage\":\"bs-BA\",\"@id\":\"https:\/\/tuzlainfo.ba\/#\/schema\/logo\/image\/\",\"url\":\"https:\/\/tuzlainfo.ba\/wp-content\/uploads\/2021\/03\/logo-ver-3-1.png\",\"contentUrl\":\"https:\/\/tuzlainfo.ba\/wp-content\/uploads\/2021\/03\/logo-ver-3-1.png\",\"width\":350,\"height\":95,\"caption\":\"TuzlaInfo.ba\"},\"image\":{\"@id\":\"https:\/\/tuzlainfo.ba\/#\/schema\/logo\/image\/\"},\"sameAs\":[\"https:\/\/www.facebook.com\/tuzlainfo.ba\/\"]},{\"@type\":\"Person\",\"@id\":\"https:\/\/tuzlainfo.ba\/#\/schema\/person\/46cad4c57790cbc50781edd14870825a\",\"name\":\"Tuzla Info\",\"image\":{\"@type\":\"ImageObject\",\"inLanguage\":\"bs-BA\",\"@id\":\"https:\/\/tuzlainfo.ba\/#\/schema\/person\/image\/\",\"url\":\"https:\/\/tuzlainfo.ba\/wp-content\/litespeed\/avatar\/b6c453a6c38e3654f2e4416c643fc25c.jpg?ver=1777051911\",\"contentUrl\":\"https:\/\/tuzlainfo.ba\/wp-content\/litespeed\/avatar\/b6c453a6c38e3654f2e4416c643fc25c.jpg?ver=1777051911\",\"caption\":\"Tuzla Info\"}}]}<\/script>\n<!-- \/ Yoast SEO plugin. -->","yoast_head_json":{"title":"Za djecu sa poreme\u0107ajima u pona\u0161anju: U TK uskoro uspostava \u201eMalog porodi\u010dnog doma\u201c - TuzlaInfo.ba","robots":{"index":"index","follow":"follow","max-snippet":"max-snippet:-1","max-image-preview":"max-image-preview:large","max-video-preview":"max-video-preview:-1"},"canonical":"https:\/\/tuzlainfo.ba\/index.php\/novosti\/item\/246913-za-djecu-sa-poremecajima-u-ponasanju-u-tk-uskoro-uspostava-malog-porodicnog-doma\/","og_locale":"bs_BA","og_type":"article","og_title":"Za djecu sa poreme\u0107ajima u pona\u0161anju: U TK uskoro uspostava \u201eMalog porodi\u010dnog doma\u201c - TuzlaInfo.ba","og_description":"Vlada Tuzlanskog kantona prihvatila je danas Informaciju Radne grupe o postupanju u za\u0161titi djece sa&hellip;","og_url":"https:\/\/tuzlainfo.ba\/index.php\/novosti\/item\/246913-za-djecu-sa-poremecajima-u-ponasanju-u-tk-uskoro-uspostava-malog-porodicnog-doma\/","og_site_name":"TuzlaInfo.ba","article_publisher":"https:\/\/www.facebook.com\/tuzlainfo.ba\/","article_published_time":"2024-08-15T14:40:30+00:00","article_modified_time":"2024-08-15T14:42:35+00:00","og_image":[{"width":800,"height":533,"url":"https:\/\/tuzlainfo.ba\/wp-content\/uploads\/2024\/06\/2006_vladatk.jpg","type":"image\/jpeg"}],"author":"Tuzla Info","twitter_card":"summary_large_image","twitter_misc":{"Written by":"Tuzla Info","Est. reading time":"3 minute"},"schema":{"@context":"https:\/\/schema.org","@graph":[{"@type":"Article","@id":"https:\/\/tuzlainfo.ba\/index.php\/novosti\/item\/246913-za-djecu-sa-poremecajima-u-ponasanju-u-tk-uskoro-uspostava-malog-porodicnog-doma\/#article","isPartOf":{"@id":"https:\/\/tuzlainfo.ba\/index.php\/novosti\/item\/246913-za-djecu-sa-poremecajima-u-ponasanju-u-tk-uskoro-uspostava-malog-porodicnog-doma\/"},"author":{"name":"Tuzla Info","@id":"https:\/\/tuzlainfo.ba\/#\/schema\/person\/46cad4c57790cbc50781edd14870825a"},"headline":"Za djecu sa poreme\u0107ajima u pona\u0161anju: U TK uskoro uspostava \u201eMalog porodi\u010dnog doma\u201c","datePublished":"2024-08-15T14:40:30+00:00","dateModified":"2024-08-15T14:42:35+00:00","mainEntityOfPage":{"@id":"https:\/\/tuzlainfo.ba\/index.php\/novosti\/item\/246913-za-djecu-sa-poremecajima-u-ponasanju-u-tk-uskoro-uspostava-malog-porodicnog-doma\/"},"wordCount":428,"publisher":{"@id":"https:\/\/tuzlainfo.ba\/#organization"},"image":{"@id":"https:\/\/tuzlainfo.ba\/index.php\/novosti\/item\/246913-za-djecu-sa-poremecajima-u-ponasanju-u-tk-uskoro-uspostava-malog-porodicnog-doma\/#primaryimage"},"thumbnailUrl":"https:\/\/tuzlainfo.ba\/wp-content\/uploads\/2024\/06\/2006_vladatk.jpg","keywords":["djeca","poreme\u0107aji u pona\u0161anju","vlada tk"],"articleSection":["Istaknuto","Novosti"],"inLanguage":"bs-BA"},{"@type":"WebPage","@id":"https:\/\/tuzlainfo.ba\/index.php\/novosti\/item\/246913-za-djecu-sa-poremecajima-u-ponasanju-u-tk-uskoro-uspostava-malog-porodicnog-doma\/","url":"https:\/\/tuzlainfo.ba\/index.php\/novosti\/item\/246913-za-djecu-sa-poremecajima-u-ponasanju-u-tk-uskoro-uspostava-malog-porodicnog-doma\/","name":"Za djecu sa poreme\u0107ajima u pona\u0161anju: U TK uskoro uspostava \u201eMalog porodi\u010dnog doma\u201c - TuzlaInfo.ba","isPartOf":{"@id":"https:\/\/tuzlainfo.ba\/#website"},"primaryImageOfPage":{"@id":"https:\/\/tuzlainfo.ba\/index.php\/novosti\/item\/246913-za-djecu-sa-poremecajima-u-ponasanju-u-tk-uskoro-uspostava-malog-porodicnog-doma\/#primaryimage"},"image":{"@id":"https:\/\/tuzlainfo.ba\/index.php\/novosti\/item\/246913-za-djecu-sa-poremecajima-u-ponasanju-u-tk-uskoro-uspostava-malog-porodicnog-doma\/#primaryimage"},"thumbnailUrl":"https:\/\/tuzlainfo.ba\/wp-content\/uploads\/2024\/06\/2006_vladatk.jpg","datePublished":"2024-08-15T14:40:30+00:00","dateModified":"2024-08-15T14:42:35+00:00","breadcrumb":{"@id":"https:\/\/tuzlainfo.ba\/index.php\/novosti\/item\/246913-za-djecu-sa-poremecajima-u-ponasanju-u-tk-uskoro-uspostava-malog-porodicnog-doma\/#breadcrumb"},"inLanguage":"bs-BA","potentialAction":[{"@type":"ReadAction","target":["https:\/\/tuzlainfo.ba\/index.php\/novosti\/item\/246913-za-djecu-sa-poremecajima-u-ponasanju-u-tk-uskoro-uspostava-malog-porodicnog-doma\/"]}]},{"@type":"ImageObject","inLanguage":"bs-BA","@id":"https:\/\/tuzlainfo.ba\/index.php\/novosti\/item\/246913-za-djecu-sa-poremecajima-u-ponasanju-u-tk-uskoro-uspostava-malog-porodicnog-doma\/#primaryimage","url":"https:\/\/tuzlainfo.ba\/wp-content\/uploads\/2024\/06\/2006_vladatk.jpg","contentUrl":"https:\/\/tuzlainfo.ba\/wp-content\/uploads\/2024\/06\/2006_vladatk.jpg","width":800,"height":533},{"@type":"BreadcrumbList","@id":"https:\/\/tuzlainfo.ba\/index.php\/novosti\/item\/246913-za-djecu-sa-poremecajima-u-ponasanju-u-tk-uskoro-uspostava-malog-porodicnog-doma\/#breadcrumb","itemListElement":[{"@type":"ListItem","position":1,"name":"Home","item":"https:\/\/tuzlainfo.ba\/"},{"@type":"ListItem","position":2,"name":"Za djecu sa poreme\u0107ajima u pona\u0161anju: U TK uskoro uspostava \u201eMalog porodi\u010dnog doma\u201c"}]},{"@type":"WebSite","@id":"https:\/\/tuzlainfo.ba\/#website","url":"https:\/\/tuzlainfo.ba\/","name":"TuzlaInfo.ba","description":"Tuzla info, gradski informator - Tuzla na dlanu","publisher":{"@id":"https:\/\/tuzlainfo.ba\/#organization"},"potentialAction":[{"@type":"SearchAction","target":{"@type":"EntryPoint","urlTemplate":"https:\/\/tuzlainfo.ba\/?s={search_term_string}"},"query-input":{"@type":"PropertyValueSpecification","valueRequired":true,"valueName":"search_term_string"}}],"inLanguage":"bs-BA"},{"@type":"Organization","@id":"https:\/\/tuzlainfo.ba\/#organization","name":"TuzlaInfo.ba","url":"https:\/\/tuzlainfo.ba\/","logo":{"@type":"ImageObject","inLanguage":"bs-BA","@id":"https:\/\/tuzlainfo.ba\/#\/schema\/logo\/image\/","url":"https:\/\/tuzlainfo.ba\/wp-content\/uploads\/2021\/03\/logo-ver-3-1.png","contentUrl":"https:\/\/tuzlainfo.ba\/wp-content\/uploads\/2021\/03\/logo-ver-3-1.png","width":350,"height":95,"caption":"TuzlaInfo.ba"},"image":{"@id":"https:\/\/tuzlainfo.ba\/#\/schema\/logo\/image\/"},"sameAs":["https:\/\/www.facebook.com\/tuzlainfo.ba\/"]},{"@type":"Person","@id":"https:\/\/tuzlainfo.ba\/#\/schema\/person\/46cad4c57790cbc50781edd14870825a","name":"Tuzla Info","image":{"@type":"ImageObject","inLanguage":"bs-BA","@id":"https:\/\/tuzlainfo.ba\/#\/schema\/person\/image\/","url":"https:\/\/tuzlainfo.ba\/wp-content\/litespeed\/avatar\/b6c453a6c38e3654f2e4416c643fc25c.jpg?ver=1777051911","contentUrl":"https:\/\/tuzlainfo.ba\/wp-content\/litespeed\/avatar\/b6c453a6c38e3654f2e4416c643fc25c.jpg?ver=1777051911","caption":"Tuzla Info"}}]}},"_links":{"self":[{"href":"https:\/\/tuzlainfo.ba\/index.php\/wp-json\/wp\/v2\/posts\/246913"}],"collection":[{"href":"https:\/\/tuzlainfo.ba\/index.php\/wp-json\/wp\/v2\/posts"}],"about":[{"href":"https:\/\/tuzlainfo.ba\/index.php\/wp-json\/wp\/v2\/types\/post"}],"author":[{"embeddable":true,"href":"https:\/\/tuzlainfo.ba\/index.php\/wp-json\/wp\/v2\/users\/4"}],"replies":[{"embeddable":true,"href":"https:\/\/tuzlainfo.ba\/index.php\/wp-json\/wp\/v2\/comments?post=246913"}],"version-history":[{"count":1,"href":"https:\/\/tuzlainfo.ba\/index.php\/wp-json\/wp\/v2\/posts\/246913\/revisions"}],"predecessor-version":[{"id":246916,"href":"https:\/\/tuzlainfo.ba\/index.php\/wp-json\/wp\/v2\/posts\/246913\/revisions\/246916"}],"wp:featuredmedia":[{"embeddable":true,"href":"https:\/\/tuzlainfo.ba\/index.php\/wp-json\/wp\/v2\/media\/241852"}],"wp:attachment":[{"href":"https:\/\/tuzlainfo.ba\/index.php\/wp-json\/wp\/v2\/media?parent=246913"}],"wp:term":[{"taxonomy":"category","embeddable":true,"href":"https:\/\/tuzlainfo.ba\/index.php\/wp-json\/wp\/v2\/categories?post=246913"},{"taxonomy":"post_tag","embeddable":true,"href":"https:\/\/tuzlainfo.ba\/index.php\/wp-json\/wp\/v2\/tags?post=246913"}],"curies":[{"name":"wp","href":"https:\/\/api.w.org\/{rel}","templated":true}]}}