{"id":246907,"date":"2024-08-15T16:30:29","date_gmt":"2024-08-15T14:30:29","guid":{"rendered":"https:\/\/tuzlainfo.ba\/?p=246907"},"modified":"2024-08-15T14:36:25","modified_gmt":"2024-08-15T12:36:25","slug":"pronadjena-nestala-djevojcica-6-iz-bara-za-kojom-je-tragao-i-interpol","status":"publish","type":"post","link":"https:\/\/tuzlainfo.ba\/index.php\/clanci\/sa-svih-strana\/item\/246907-pronadjena-nestala-djevojcica-6-iz-bara-za-kojom-je-tragao-i-interpol\/","title":{"rendered":"Prona\u0111ena nestala djevoj\u010dica (6) iz Bara za kojom je tragao i Interpol"},"content":{"rendered":"<p>\u0160estogodi\u0161nja djevoj\u010dica iz Bara \u010diji je nestanak prijavljen ju\u010der prona\u0111ena je i bit \u0107e vra\u0107ena majci.<\/p>\n<p>Majka, ina\u010de dr\u017eavljanka Amerike, je na krenula za Tiranu gdje je k\u0107erka \u010deka, dok je otac djevoj\u010dice, prema\u00a0saznanjima\u00a0Pobjede u bjekstvu, a prenose Nezavisne.<\/p>\n<p>Uprava policije je ju\u010der saop\u0161tila da je postupaju\u0107i po prijavi majke raspisala me\u0111unarodnu objavu preko NCB Interpola Podgorica, kojom se potra\u017euje nestala maloljetna osoba \u2013 djevoj\u010dica stara \u0161est godina, sa boravkom u Baru.<\/p>\n<p>Podsje\u0107amo, ameri\u010dka dr\u017eavljanka Tracy Shannon Lyn koja \u010detvrtu godinu ima stalni boravak u Baru prijavila je policiji da je njenu maloljetnu k\u0107erku Zynleea Ryan kidnapovao njen otac Thomas Hollenbeck.<\/p>\n<p>\u201cMajka djevoj\u010dice, T.\u0160., dr\u017eavljanka Sjedinjenih Ameri\u010dkih Dr\u017eava, sa boravkom u Baru, je 13. augusta u kasnim ve\u010dernjim satima, pristupila prostorijama Odjeljenja sigurnosti Bar, i prijavila policiji da njen biv\u0161i suprug, otac djeteta,T.V.H., tako\u0111er dr\u017eavljanin Sjedinjenih Ameri\u010dkih Dr\u017eava, nije iste ve\u010deri, shodno presudi Osnovnog suda u Baru, kojom je utvr\u0111eno vrijeme koje otac provodi sa djetetom, vratio majci djevoj\u010dicu na dogovoreno mjesto i u dogovoreno vrijeme\u201d, navodi se u saop\u0161tenju UP.<\/p>\n<p>Policijski slu\u017ebenici su, kako se navodi, odmah po prijavi preduzeli koordinirane mjere i radnje iz svoje nadle\u017enosti, me\u0111u kojima je i odlazak na mjesto stanovanja lica T.V.H. kojom prilikom otac i djevoj\u010dica nisu prona\u0111eni na adresi.<\/p>\n<p>O navedenom doga\u0111aju bio je upoznat i NCB Interpol Podgorica koji je preduzimao mjere i radnje iz svoje nadle\u017enosti u cilju lociranja osoba, dok su sa prijavom doga\u0111aja upoznati svi nacionalni centralni biroi Interpola.<\/p>\n<p>&nbsp;<\/p>\n","protected":false},"excerpt":{"rendered":"<p>\u0160estogodi\u0161nja djevoj\u010dica iz Bara \u010diji je nestanak prijavljen ju\u010der prona\u0111ena je i bit \u0107e vra\u0107ena&hellip;<\/p>\n","protected":false},"author":3,"featured_media":81146,"comment_status":"closed","ping_status":"closed","sticky":false,"template":"","format":"standard","meta":{"_acf_changed":false,"footnotes":""},"categories":[16],"tags":[456,2803],"acf":[],"yoast_head":"<!-- This site is optimized with the Yoast SEO plugin v23.5 - https:\/\/yoast.com\/wordpress\/plugins\/seo\/ -->\n<title>Prona\u0111ena nestala djevoj\u010dica (6) iz Bara za kojom je tragao i Interpol - TuzlaInfo.ba<\/title>\n<meta name=\"robots\" content=\"index, follow, max-snippet:-1, max-image-preview:large, max-video-preview:-1\" \/>\n<link rel=\"canonical\" href=\"https:\/\/tuzlainfo.ba\/index.php\/clanci\/sa-svih-strana\/item\/246907-pronadjena-nestala-djevojcica-6-iz-bara-za-kojom-je-tragao-i-interpol\/\" \/>\n<meta property=\"og:locale\" content=\"bs_BA\" \/>\n<meta property=\"og:type\" content=\"article\" \/>\n<meta property=\"og:title\" content=\"Prona\u0111ena nestala djevoj\u010dica (6) iz Bara za kojom je tragao i Interpol - TuzlaInfo.ba\" \/>\n<meta property=\"og:description\" content=\"\u0160estogodi\u0161nja djevoj\u010dica iz Bara \u010diji je nestanak prijavljen ju\u010der prona\u0111ena je i bit \u0107e vra\u0107ena&hellip;\" \/>\n<meta property=\"og:url\" content=\"https:\/\/tuzlainfo.ba\/index.php\/clanci\/sa-svih-strana\/item\/246907-pronadjena-nestala-djevojcica-6-iz-bara-za-kojom-je-tragao-i-interpol\/\" \/>\n<meta property=\"og:site_name\" content=\"TuzlaInfo.ba\" \/>\n<meta property=\"article:publisher\" content=\"https:\/\/www.facebook.com\/tuzlainfo.ba\/\" \/>\n<meta property=\"article:published_time\" content=\"2024-08-15T14:30:29+00:00\" \/>\n<meta property=\"article:modified_time\" content=\"2024-08-15T12:36:25+00:00\" \/>\n<meta property=\"og:image\" content=\"https:\/\/tuzlainfo.ba\/wp-content\/uploads\/2020\/07\/sadrzaj_2020_20200701_2207_crna_gora.jpg\" \/>\n\t<meta property=\"og:image:width\" content=\"770\" \/>\n\t<meta property=\"og:image:height\" content=\"538\" \/>\n\t<meta property=\"og:image:type\" content=\"image\/jpeg\" \/>\n<meta name=\"author\" content=\"admin2\" \/>\n<meta name=\"twitter:card\" content=\"summary_large_image\" \/>\n<meta name=\"twitter:label1\" content=\"Written by\" \/>\n\t<meta name=\"twitter:data1\" content=\"admin2\" \/>\n\t<meta name=\"twitter:label2\" content=\"Est. reading time\" \/>\n\t<meta name=\"twitter:data2\" content=\"2 minute\" \/>\n<script type=\"application\/ld+json\" class=\"yoast-schema-graph\">{\"@context\":\"https:\/\/schema.org\",\"@graph\":[{\"@type\":\"Article\",\"@id\":\"https:\/\/tuzlainfo.ba\/index.php\/clanci\/sa-svih-strana\/item\/246907-pronadjena-nestala-djevojcica-6-iz-bara-za-kojom-je-tragao-i-interpol\/#article\",\"isPartOf\":{\"@id\":\"https:\/\/tuzlainfo.ba\/index.php\/clanci\/sa-svih-strana\/item\/246907-pronadjena-nestala-djevojcica-6-iz-bara-za-kojom-je-tragao-i-interpol\/\"},\"author\":{\"name\":\"admin2\",\"@id\":\"https:\/\/tuzlainfo.ba\/#\/schema\/person\/f4ebe4fff27e68efb65fa7e18f8af372\"},\"headline\":\"Prona\u0111ena nestala djevoj\u010dica (6) iz Bara za kojom je tragao i Interpol\",\"datePublished\":\"2024-08-15T14:30:29+00:00\",\"dateModified\":\"2024-08-15T12:36:25+00:00\",\"mainEntityOfPage\":{\"@id\":\"https:\/\/tuzlainfo.ba\/index.php\/clanci\/sa-svih-strana\/item\/246907-pronadjena-nestala-djevojcica-6-iz-bara-za-kojom-je-tragao-i-interpol\/\"},\"wordCount\":301,\"publisher\":{\"@id\":\"https:\/\/tuzlainfo.ba\/#organization\"},\"image\":{\"@id\":\"https:\/\/tuzlainfo.ba\/index.php\/clanci\/sa-svih-strana\/item\/246907-pronadjena-nestala-djevojcica-6-iz-bara-za-kojom-je-tragao-i-interpol\/#primaryimage\"},\"thumbnailUrl\":\"https:\/\/tuzlainfo.ba\/wp-content\/uploads\/2020\/07\/sadrzaj_2020_20200701_2207_crna_gora.jpg\",\"keywords\":[\"crna gora\",\"interpol\"],\"articleSection\":[\"Sa svih strana\"],\"inLanguage\":\"bs-BA\"},{\"@type\":\"WebPage\",\"@id\":\"https:\/\/tuzlainfo.ba\/index.php\/clanci\/sa-svih-strana\/item\/246907-pronadjena-nestala-djevojcica-6-iz-bara-za-kojom-je-tragao-i-interpol\/\",\"url\":\"https:\/\/tuzlainfo.ba\/index.php\/clanci\/sa-svih-strana\/item\/246907-pronadjena-nestala-djevojcica-6-iz-bara-za-kojom-je-tragao-i-interpol\/\",\"name\":\"Prona\u0111ena nestala djevoj\u010dica (6) iz Bara za kojom je tragao i Interpol - TuzlaInfo.ba\",\"isPartOf\":{\"@id\":\"https:\/\/tuzlainfo.ba\/#website\"},\"primaryImageOfPage\":{\"@id\":\"https:\/\/tuzlainfo.ba\/index.php\/clanci\/sa-svih-strana\/item\/246907-pronadjena-nestala-djevojcica-6-iz-bara-za-kojom-je-tragao-i-interpol\/#primaryimage\"},\"image\":{\"@id\":\"https:\/\/tuzlainfo.ba\/index.php\/clanci\/sa-svih-strana\/item\/246907-pronadjena-nestala-djevojcica-6-iz-bara-za-kojom-je-tragao-i-interpol\/#primaryimage\"},\"thumbnailUrl\":\"https:\/\/tuzlainfo.ba\/wp-content\/uploads\/2020\/07\/sadrzaj_2020_20200701_2207_crna_gora.jpg\",\"datePublished\":\"2024-08-15T14:30:29+00:00\",\"dateModified\":\"2024-08-15T12:36:25+00:00\",\"breadcrumb\":{\"@id\":\"https:\/\/tuzlainfo.ba\/index.php\/clanci\/sa-svih-strana\/item\/246907-pronadjena-nestala-djevojcica-6-iz-bara-za-kojom-je-tragao-i-interpol\/#breadcrumb\"},\"inLanguage\":\"bs-BA\",\"potentialAction\":[{\"@type\":\"ReadAction\",\"target\":[\"https:\/\/tuzlainfo.ba\/index.php\/clanci\/sa-svih-strana\/item\/246907-pronadjena-nestala-djevojcica-6-iz-bara-za-kojom-je-tragao-i-interpol\/\"]}]},{\"@type\":\"ImageObject\",\"inLanguage\":\"bs-BA\",\"@id\":\"https:\/\/tuzlainfo.ba\/index.php\/clanci\/sa-svih-strana\/item\/246907-pronadjena-nestala-djevojcica-6-iz-bara-za-kojom-je-tragao-i-interpol\/#primaryimage\",\"url\":\"https:\/\/tuzlainfo.ba\/wp-content\/uploads\/2020\/07\/sadrzaj_2020_20200701_2207_crna_gora.jpg\",\"contentUrl\":\"https:\/\/tuzlainfo.ba\/wp-content\/uploads\/2020\/07\/sadrzaj_2020_20200701_2207_crna_gora.jpg\",\"width\":770,\"height\":538,\"caption\":\"2207 crna gora\"},{\"@type\":\"BreadcrumbList\",\"@id\":\"https:\/\/tuzlainfo.ba\/index.php\/clanci\/sa-svih-strana\/item\/246907-pronadjena-nestala-djevojcica-6-iz-bara-za-kojom-je-tragao-i-interpol\/#breadcrumb\",\"itemListElement\":[{\"@type\":\"ListItem\",\"position\":1,\"name\":\"Home\",\"item\":\"https:\/\/tuzlainfo.ba\/\"},{\"@type\":\"ListItem\",\"position\":2,\"name\":\"Prona\u0111ena nestala djevoj\u010dica (6) iz Bara za kojom je tragao i Interpol\"}]},{\"@type\":\"WebSite\",\"@id\":\"https:\/\/tuzlainfo.ba\/#website\",\"url\":\"https:\/\/tuzlainfo.ba\/\",\"name\":\"TuzlaInfo.ba\",\"description\":\"Tuzla info, gradski informator - Tuzla na dlanu\",\"publisher\":{\"@id\":\"https:\/\/tuzlainfo.ba\/#organization\"},\"potentialAction\":[{\"@type\":\"SearchAction\",\"target\":{\"@type\":\"EntryPoint\",\"urlTemplate\":\"https:\/\/tuzlainfo.ba\/?s={search_term_string}\"},\"query-input\":{\"@type\":\"PropertyValueSpecification\",\"valueRequired\":true,\"valueName\":\"search_term_string\"}}],\"inLanguage\":\"bs-BA\"},{\"@type\":\"Organization\",\"@id\":\"https:\/\/tuzlainfo.ba\/#organization\",\"name\":\"TuzlaInfo.ba\",\"url\":\"https:\/\/tuzlainfo.ba\/\",\"logo\":{\"@type\":\"ImageObject\",\"inLanguage\":\"bs-BA\",\"@id\":\"https:\/\/tuzlainfo.ba\/#\/schema\/logo\/image\/\",\"url\":\"https:\/\/tuzlainfo.ba\/wp-content\/uploads\/2021\/03\/logo-ver-3-1.png\",\"contentUrl\":\"https:\/\/tuzlainfo.ba\/wp-content\/uploads\/2021\/03\/logo-ver-3-1.png\",\"width\":350,\"height\":95,\"caption\":\"TuzlaInfo.ba\"},\"image\":{\"@id\":\"https:\/\/tuzlainfo.ba\/#\/schema\/logo\/image\/\"},\"sameAs\":[\"https:\/\/www.facebook.com\/tuzlainfo.ba\/\"]},{\"@type\":\"Person\",\"@id\":\"https:\/\/tuzlainfo.ba\/#\/schema\/person\/f4ebe4fff27e68efb65fa7e18f8af372\",\"name\":\"admin2\",\"image\":{\"@type\":\"ImageObject\",\"inLanguage\":\"bs-BA\",\"@id\":\"https:\/\/tuzlainfo.ba\/#\/schema\/person\/image\/\",\"url\":\"https:\/\/tuzlainfo.ba\/wp-content\/litespeed\/avatar\/8219eeb9a43cff2d096e773737736f62.jpg?ver=1777309398\",\"contentUrl\":\"https:\/\/tuzlainfo.ba\/wp-content\/litespeed\/avatar\/8219eeb9a43cff2d096e773737736f62.jpg?ver=1777309398\",\"caption\":\"admin2\"},\"description\":\"Tuzlainfo.ba pratite na dru\u0161tvenim mre\u017eama: Facebook, Instagram i Youtube. Svoje pri\u010de, upite i fotografije \u0161aljite na na\u0161u e-mail adresu.\",\"sameAs\":[\"admin\"]}]}<\/script>\n<!-- \/ Yoast SEO plugin. -->","yoast_head_json":{"title":"Prona\u0111ena nestala djevoj\u010dica (6) iz Bara za kojom je tragao i Interpol - TuzlaInfo.ba","robots":{"index":"index","follow":"follow","max-snippet":"max-snippet:-1","max-image-preview":"max-image-preview:large","max-video-preview":"max-video-preview:-1"},"canonical":"https:\/\/tuzlainfo.ba\/index.php\/clanci\/sa-svih-strana\/item\/246907-pronadjena-nestala-djevojcica-6-iz-bara-za-kojom-je-tragao-i-interpol\/","og_locale":"bs_BA","og_type":"article","og_title":"Prona\u0111ena nestala djevoj\u010dica (6) iz Bara za kojom je tragao i Interpol - TuzlaInfo.ba","og_description":"\u0160estogodi\u0161nja djevoj\u010dica iz Bara \u010diji je nestanak prijavljen ju\u010der prona\u0111ena je i bit \u0107e vra\u0107ena&hellip;","og_url":"https:\/\/tuzlainfo.ba\/index.php\/clanci\/sa-svih-strana\/item\/246907-pronadjena-nestala-djevojcica-6-iz-bara-za-kojom-je-tragao-i-interpol\/","og_site_name":"TuzlaInfo.ba","article_publisher":"https:\/\/www.facebook.com\/tuzlainfo.ba\/","article_published_time":"2024-08-15T14:30:29+00:00","article_modified_time":"2024-08-15T12:36:25+00:00","og_image":[{"width":770,"height":538,"url":"https:\/\/tuzlainfo.ba\/wp-content\/uploads\/2020\/07\/sadrzaj_2020_20200701_2207_crna_gora.jpg","type":"image\/jpeg"}],"author":"admin2","twitter_card":"summary_large_image","twitter_misc":{"Written by":"admin2","Est. reading time":"2 minute"},"schema":{"@context":"https:\/\/schema.org","@graph":[{"@type":"Article","@id":"https:\/\/tuzlainfo.ba\/index.php\/clanci\/sa-svih-strana\/item\/246907-pronadjena-nestala-djevojcica-6-iz-bara-za-kojom-je-tragao-i-interpol\/#article","isPartOf":{"@id":"https:\/\/tuzlainfo.ba\/index.php\/clanci\/sa-svih-strana\/item\/246907-pronadjena-nestala-djevojcica-6-iz-bara-za-kojom-je-tragao-i-interpol\/"},"author":{"name":"admin2","@id":"https:\/\/tuzlainfo.ba\/#\/schema\/person\/f4ebe4fff27e68efb65fa7e18f8af372"},"headline":"Prona\u0111ena nestala djevoj\u010dica (6) iz Bara za kojom je tragao i Interpol","datePublished":"2024-08-15T14:30:29+00:00","dateModified":"2024-08-15T12:36:25+00:00","mainEntityOfPage":{"@id":"https:\/\/tuzlainfo.ba\/index.php\/clanci\/sa-svih-strana\/item\/246907-pronadjena-nestala-djevojcica-6-iz-bara-za-kojom-je-tragao-i-interpol\/"},"wordCount":301,"publisher":{"@id":"https:\/\/tuzlainfo.ba\/#organization"},"image":{"@id":"https:\/\/tuzlainfo.ba\/index.php\/clanci\/sa-svih-strana\/item\/246907-pronadjena-nestala-djevojcica-6-iz-bara-za-kojom-je-tragao-i-interpol\/#primaryimage"},"thumbnailUrl":"https:\/\/tuzlainfo.ba\/wp-content\/uploads\/2020\/07\/sadrzaj_2020_20200701_2207_crna_gora.jpg","keywords":["crna gora","interpol"],"articleSection":["Sa svih strana"],"inLanguage":"bs-BA"},{"@type":"WebPage","@id":"https:\/\/tuzlainfo.ba\/index.php\/clanci\/sa-svih-strana\/item\/246907-pronadjena-nestala-djevojcica-6-iz-bara-za-kojom-je-tragao-i-interpol\/","url":"https:\/\/tuzlainfo.ba\/index.php\/clanci\/sa-svih-strana\/item\/246907-pronadjena-nestala-djevojcica-6-iz-bara-za-kojom-je-tragao-i-interpol\/","name":"Prona\u0111ena nestala djevoj\u010dica (6) iz Bara za kojom je tragao i Interpol - TuzlaInfo.ba","isPartOf":{"@id":"https:\/\/tuzlainfo.ba\/#website"},"primaryImageOfPage":{"@id":"https:\/\/tuzlainfo.ba\/index.php\/clanci\/sa-svih-strana\/item\/246907-pronadjena-nestala-djevojcica-6-iz-bara-za-kojom-je-tragao-i-interpol\/#primaryimage"},"image":{"@id":"https:\/\/tuzlainfo.ba\/index.php\/clanci\/sa-svih-strana\/item\/246907-pronadjena-nestala-djevojcica-6-iz-bara-za-kojom-je-tragao-i-interpol\/#primaryimage"},"thumbnailUrl":"https:\/\/tuzlainfo.ba\/wp-content\/uploads\/2020\/07\/sadrzaj_2020_20200701_2207_crna_gora.jpg","datePublished":"2024-08-15T14:30:29+00:00","dateModified":"2024-08-15T12:36:25+00:00","breadcrumb":{"@id":"https:\/\/tuzlainfo.ba\/index.php\/clanci\/sa-svih-strana\/item\/246907-pronadjena-nestala-djevojcica-6-iz-bara-za-kojom-je-tragao-i-interpol\/#breadcrumb"},"inLanguage":"bs-BA","potentialAction":[{"@type":"ReadAction","target":["https:\/\/tuzlainfo.ba\/index.php\/clanci\/sa-svih-strana\/item\/246907-pronadjena-nestala-djevojcica-6-iz-bara-za-kojom-je-tragao-i-interpol\/"]}]},{"@type":"ImageObject","inLanguage":"bs-BA","@id":"https:\/\/tuzlainfo.ba\/index.php\/clanci\/sa-svih-strana\/item\/246907-pronadjena-nestala-djevojcica-6-iz-bara-za-kojom-je-tragao-i-interpol\/#primaryimage","url":"https:\/\/tuzlainfo.ba\/wp-content\/uploads\/2020\/07\/sadrzaj_2020_20200701_2207_crna_gora.jpg","contentUrl":"https:\/\/tuzlainfo.ba\/wp-content\/uploads\/2020\/07\/sadrzaj_2020_20200701_2207_crna_gora.jpg","width":770,"height":538,"caption":"2207 crna gora"},{"@type":"BreadcrumbList","@id":"https:\/\/tuzlainfo.ba\/index.php\/clanci\/sa-svih-strana\/item\/246907-pronadjena-nestala-djevojcica-6-iz-bara-za-kojom-je-tragao-i-interpol\/#breadcrumb","itemListElement":[{"@type":"ListItem","position":1,"name":"Home","item":"https:\/\/tuzlainfo.ba\/"},{"@type":"ListItem","position":2,"name":"Prona\u0111ena nestala djevoj\u010dica (6) iz Bara za kojom je tragao i Interpol"}]},{"@type":"WebSite","@id":"https:\/\/tuzlainfo.ba\/#website","url":"https:\/\/tuzlainfo.ba\/","name":"TuzlaInfo.ba","description":"Tuzla info, gradski informator - Tuzla na dlanu","publisher":{"@id":"https:\/\/tuzlainfo.ba\/#organization"},"potentialAction":[{"@type":"SearchAction","target":{"@type":"EntryPoint","urlTemplate":"https:\/\/tuzlainfo.ba\/?s={search_term_string}"},"query-input":{"@type":"PropertyValueSpecification","valueRequired":true,"valueName":"search_term_string"}}],"inLanguage":"bs-BA"},{"@type":"Organization","@id":"https:\/\/tuzlainfo.ba\/#organization","name":"TuzlaInfo.ba","url":"https:\/\/tuzlainfo.ba\/","logo":{"@type":"ImageObject","inLanguage":"bs-BA","@id":"https:\/\/tuzlainfo.ba\/#\/schema\/logo\/image\/","url":"https:\/\/tuzlainfo.ba\/wp-content\/uploads\/2021\/03\/logo-ver-3-1.png","contentUrl":"https:\/\/tuzlainfo.ba\/wp-content\/uploads\/2021\/03\/logo-ver-3-1.png","width":350,"height":95,"caption":"TuzlaInfo.ba"},"image":{"@id":"https:\/\/tuzlainfo.ba\/#\/schema\/logo\/image\/"},"sameAs":["https:\/\/www.facebook.com\/tuzlainfo.ba\/"]},{"@type":"Person","@id":"https:\/\/tuzlainfo.ba\/#\/schema\/person\/f4ebe4fff27e68efb65fa7e18f8af372","name":"admin2","image":{"@type":"ImageObject","inLanguage":"bs-BA","@id":"https:\/\/tuzlainfo.ba\/#\/schema\/person\/image\/","url":"https:\/\/tuzlainfo.ba\/wp-content\/litespeed\/avatar\/8219eeb9a43cff2d096e773737736f62.jpg?ver=1777309398","contentUrl":"https:\/\/tuzlainfo.ba\/wp-content\/litespeed\/avatar\/8219eeb9a43cff2d096e773737736f62.jpg?ver=1777309398","caption":"admin2"},"description":"Tuzlainfo.ba pratite na dru\u0161tvenim mre\u017eama: Facebook, Instagram i Youtube. Svoje pri\u010de, upite i fotografije \u0161aljite na na\u0161u e-mail adresu.","sameAs":["admin"]}]}},"_links":{"self":[{"href":"https:\/\/tuzlainfo.ba\/index.php\/wp-json\/wp\/v2\/posts\/246907"}],"collection":[{"href":"https:\/\/tuzlainfo.ba\/index.php\/wp-json\/wp\/v2\/posts"}],"about":[{"href":"https:\/\/tuzlainfo.ba\/index.php\/wp-json\/wp\/v2\/types\/post"}],"author":[{"embeddable":true,"href":"https:\/\/tuzlainfo.ba\/index.php\/wp-json\/wp\/v2\/users\/3"}],"replies":[{"embeddable":true,"href":"https:\/\/tuzlainfo.ba\/index.php\/wp-json\/wp\/v2\/comments?post=246907"}],"version-history":[{"count":1,"href":"https:\/\/tuzlainfo.ba\/index.php\/wp-json\/wp\/v2\/posts\/246907\/revisions"}],"predecessor-version":[{"id":246908,"href":"https:\/\/tuzlainfo.ba\/index.php\/wp-json\/wp\/v2\/posts\/246907\/revisions\/246908"}],"wp:featuredmedia":[{"embeddable":true,"href":"https:\/\/tuzlainfo.ba\/index.php\/wp-json\/wp\/v2\/media\/81146"}],"wp:attachment":[{"href":"https:\/\/tuzlainfo.ba\/index.php\/wp-json\/wp\/v2\/media?parent=246907"}],"wp:term":[{"taxonomy":"category","embeddable":true,"href":"https:\/\/tuzlainfo.ba\/index.php\/wp-json\/wp\/v2\/categories?post=246907"},{"taxonomy":"post_tag","embeddable":true,"href":"https:\/\/tuzlainfo.ba\/index.php\/wp-json\/wp\/v2\/tags?post=246907"}],"curies":[{"name":"wp","href":"https:\/\/api.w.org\/{rel}","templated":true}]}}