{"id":246795,"date":"2024-08-14T20:16:15","date_gmt":"2024-08-14T18:16:15","guid":{"rendered":"https:\/\/tuzlainfo.ba\/?p=246795"},"modified":"2024-08-14T20:16:15","modified_gmt":"2024-08-14T18:16:15","slug":"video-jako-nevrijeme-u-podrinju-vjetar-i-led-pricinili-veliku-stetu","status":"publish","type":"post","link":"https:\/\/tuzlainfo.ba\/index.php\/bosna-i-hercegovina\/item\/246795-video-jako-nevrijeme-u-podrinju-vjetar-i-led-pricinili-veliku-stetu\/","title":{"rendered":"VIDEO \/ Jako nevrijeme u Podrinju, vjetar i led pri\u010dinili veliku \u0161tetu"},"content":{"rendered":"<p>Nevrijeme koje je u posljednjim popodnevnim satima pogodilo mjesto Liplje u op\u0161tini Zvornik izazvalo je \u0161tetu kako na doma\u0107instvima stanovnika, tako i na lokalnoj infrastrukturi.<\/p>\n<p>Kratkotrajno, ali intenzivno nevrijeme donijelo je obilne padavine i jak vjetar, koji su uzrokovali o\u0161te\u0107enja na poljoprivrednim kulturama, te putnoj infrastrukturi.<\/p>\n<p>Lokalne vlasti i mje\u0161tani su ve\u0107 po\u010deli s procjenom \u0161tete i sanacijom posljedica kako bi se \u017eivot u Lipju \u0161to prije vratio u normalu.<\/p>\n<p><iframe style=\"border: none; overflow: hidden;\" src=\"https:\/\/www.facebook.com\/plugins\/video.php?height=314&amp;href=https%3A%2F%2Fwww.facebook.com%2Fvijestiztuzle%2Fvideos%2F2042001836246861%2F&amp;show_text=false&amp;width=560&amp;t=0\" width=\"560\" height=\"314\" frameborder=\"0\" scrolling=\"no\" allowfullscreen=\"allowfullscreen\"><\/iframe><\/p>\n","protected":false},"excerpt":{"rendered":"<p>Nevrijeme koje je u posljednjim popodnevnim satima pogodilo mjesto Liplje u op\u0161tini Zvornik izazvalo je&hellip;<\/p>\n","protected":false},"author":2,"featured_media":246796,"comment_status":"closed","ping_status":"closed","sticky":false,"template":"","format":"standard","meta":{"_acf_changed":false,"footnotes":""},"categories":[291],"tags":[10749,1510,1454],"acf":[],"yoast_head":"<!-- This site is optimized with the Yoast SEO plugin v23.5 - https:\/\/yoast.com\/wordpress\/plugins\/seo\/ -->\n<title>VIDEO \/ Jako nevrijeme u Podrinju, vjetar i led pri\u010dinili veliku \u0161tetu - TuzlaInfo.ba<\/title>\n<meta name=\"robots\" content=\"index, follow, max-snippet:-1, max-image-preview:large, max-video-preview:-1\" \/>\n<link rel=\"canonical\" href=\"https:\/\/tuzlainfo.ba\/index.php\/bosna-i-hercegovina\/item\/246795-video-jako-nevrijeme-u-podrinju-vjetar-i-led-pricinili-veliku-stetu\/\" \/>\n<meta property=\"og:locale\" content=\"bs_BA\" \/>\n<meta property=\"og:type\" content=\"article\" \/>\n<meta property=\"og:title\" content=\"VIDEO \/ Jako nevrijeme u Podrinju, vjetar i led pri\u010dinili veliku \u0161tetu - TuzlaInfo.ba\" \/>\n<meta property=\"og:description\" content=\"Nevrijeme koje je u posljednjim popodnevnim satima pogodilo mjesto Liplje u op\u0161tini Zvornik izazvalo je&hellip;\" \/>\n<meta property=\"og:url\" content=\"https:\/\/tuzlainfo.ba\/index.php\/bosna-i-hercegovina\/item\/246795-video-jako-nevrijeme-u-podrinju-vjetar-i-led-pricinili-veliku-stetu\/\" \/>\n<meta property=\"og:site_name\" content=\"TuzlaInfo.ba\" \/>\n<meta property=\"article:publisher\" content=\"https:\/\/www.facebook.com\/tuzlainfo.ba\/\" \/>\n<meta property=\"article:published_time\" content=\"2024-08-14T18:16:15+00:00\" \/>\n<meta property=\"og:image\" content=\"https:\/\/tuzlainfo.ba\/wp-content\/uploads\/2024\/08\/1408_liplje.jpg\" \/>\n\t<meta property=\"og:image:width\" content=\"800\" \/>\n\t<meta property=\"og:image:height\" content=\"535\" \/>\n\t<meta property=\"og:image:type\" content=\"image\/jpeg\" \/>\n<meta name=\"author\" content=\"nedim\" \/>\n<meta name=\"twitter:card\" content=\"summary_large_image\" \/>\n<meta name=\"twitter:label1\" content=\"Written by\" \/>\n\t<meta name=\"twitter:data1\" content=\"nedim\" \/>\n\t<meta name=\"twitter:label2\" content=\"Est. reading time\" \/>\n\t<meta name=\"twitter:data2\" content=\"1 minuta\" \/>\n<script type=\"application\/ld+json\" class=\"yoast-schema-graph\">{\"@context\":\"https:\/\/schema.org\",\"@graph\":[{\"@type\":\"Article\",\"@id\":\"https:\/\/tuzlainfo.ba\/index.php\/bosna-i-hercegovina\/item\/246795-video-jako-nevrijeme-u-podrinju-vjetar-i-led-pricinili-veliku-stetu\/#article\",\"isPartOf\":{\"@id\":\"https:\/\/tuzlainfo.ba\/index.php\/bosna-i-hercegovina\/item\/246795-video-jako-nevrijeme-u-podrinju-vjetar-i-led-pricinili-veliku-stetu\/\"},\"author\":{\"name\":\"nedim\",\"@id\":\"https:\/\/tuzlainfo.ba\/#\/schema\/person\/f434e20dc27ea133923aab08451b7f7f\"},\"headline\":\"VIDEO \/ Jako nevrijeme u Podrinju, vjetar i led pri\u010dinili veliku \u0161tetu\",\"datePublished\":\"2024-08-14T18:16:15+00:00\",\"dateModified\":\"2024-08-14T18:16:15+00:00\",\"mainEntityOfPage\":{\"@id\":\"https:\/\/tuzlainfo.ba\/index.php\/bosna-i-hercegovina\/item\/246795-video-jako-nevrijeme-u-podrinju-vjetar-i-led-pricinili-veliku-stetu\/\"},\"wordCount\":88,\"publisher\":{\"@id\":\"https:\/\/tuzlainfo.ba\/#organization\"},\"image\":{\"@id\":\"https:\/\/tuzlainfo.ba\/index.php\/bosna-i-hercegovina\/item\/246795-video-jako-nevrijeme-u-podrinju-vjetar-i-led-pricinili-veliku-stetu\/#primaryimage\"},\"thumbnailUrl\":\"https:\/\/tuzlainfo.ba\/wp-content\/uploads\/2024\/08\/1408_liplje.jpg\",\"keywords\":[\"liplje\",\"nevrijeme\",\"zvornik\"],\"articleSection\":[\"Bosna i Hercegovina\"],\"inLanguage\":\"bs-BA\"},{\"@type\":\"WebPage\",\"@id\":\"https:\/\/tuzlainfo.ba\/index.php\/bosna-i-hercegovina\/item\/246795-video-jako-nevrijeme-u-podrinju-vjetar-i-led-pricinili-veliku-stetu\/\",\"url\":\"https:\/\/tuzlainfo.ba\/index.php\/bosna-i-hercegovina\/item\/246795-video-jako-nevrijeme-u-podrinju-vjetar-i-led-pricinili-veliku-stetu\/\",\"name\":\"VIDEO \/ Jako nevrijeme u Podrinju, vjetar i led pri\u010dinili veliku \u0161tetu - TuzlaInfo.ba\",\"isPartOf\":{\"@id\":\"https:\/\/tuzlainfo.ba\/#website\"},\"primaryImageOfPage\":{\"@id\":\"https:\/\/tuzlainfo.ba\/index.php\/bosna-i-hercegovina\/item\/246795-video-jako-nevrijeme-u-podrinju-vjetar-i-led-pricinili-veliku-stetu\/#primaryimage\"},\"image\":{\"@id\":\"https:\/\/tuzlainfo.ba\/index.php\/bosna-i-hercegovina\/item\/246795-video-jako-nevrijeme-u-podrinju-vjetar-i-led-pricinili-veliku-stetu\/#primaryimage\"},\"thumbnailUrl\":\"https:\/\/tuzlainfo.ba\/wp-content\/uploads\/2024\/08\/1408_liplje.jpg\",\"datePublished\":\"2024-08-14T18:16:15+00:00\",\"dateModified\":\"2024-08-14T18:16:15+00:00\",\"breadcrumb\":{\"@id\":\"https:\/\/tuzlainfo.ba\/index.php\/bosna-i-hercegovina\/item\/246795-video-jako-nevrijeme-u-podrinju-vjetar-i-led-pricinili-veliku-stetu\/#breadcrumb\"},\"inLanguage\":\"bs-BA\",\"potentialAction\":[{\"@type\":\"ReadAction\",\"target\":[\"https:\/\/tuzlainfo.ba\/index.php\/bosna-i-hercegovina\/item\/246795-video-jako-nevrijeme-u-podrinju-vjetar-i-led-pricinili-veliku-stetu\/\"]}]},{\"@type\":\"ImageObject\",\"inLanguage\":\"bs-BA\",\"@id\":\"https:\/\/tuzlainfo.ba\/index.php\/bosna-i-hercegovina\/item\/246795-video-jako-nevrijeme-u-podrinju-vjetar-i-led-pricinili-veliku-stetu\/#primaryimage\",\"url\":\"https:\/\/tuzlainfo.ba\/wp-content\/uploads\/2024\/08\/1408_liplje.jpg\",\"contentUrl\":\"https:\/\/tuzlainfo.ba\/wp-content\/uploads\/2024\/08\/1408_liplje.jpg\",\"width\":800,\"height\":535},{\"@type\":\"BreadcrumbList\",\"@id\":\"https:\/\/tuzlainfo.ba\/index.php\/bosna-i-hercegovina\/item\/246795-video-jako-nevrijeme-u-podrinju-vjetar-i-led-pricinili-veliku-stetu\/#breadcrumb\",\"itemListElement\":[{\"@type\":\"ListItem\",\"position\":1,\"name\":\"Home\",\"item\":\"https:\/\/tuzlainfo.ba\/\"},{\"@type\":\"ListItem\",\"position\":2,\"name\":\"VIDEO \/ Jako nevrijeme u Podrinju, vjetar i led pri\u010dinili veliku \u0161tetu\"}]},{\"@type\":\"WebSite\",\"@id\":\"https:\/\/tuzlainfo.ba\/#website\",\"url\":\"https:\/\/tuzlainfo.ba\/\",\"name\":\"TuzlaInfo.ba\",\"description\":\"Tuzla info, gradski informator - Tuzla na dlanu\",\"publisher\":{\"@id\":\"https:\/\/tuzlainfo.ba\/#organization\"},\"potentialAction\":[{\"@type\":\"SearchAction\",\"target\":{\"@type\":\"EntryPoint\",\"urlTemplate\":\"https:\/\/tuzlainfo.ba\/?s={search_term_string}\"},\"query-input\":{\"@type\":\"PropertyValueSpecification\",\"valueRequired\":true,\"valueName\":\"search_term_string\"}}],\"inLanguage\":\"bs-BA\"},{\"@type\":\"Organization\",\"@id\":\"https:\/\/tuzlainfo.ba\/#organization\",\"name\":\"TuzlaInfo.ba\",\"url\":\"https:\/\/tuzlainfo.ba\/\",\"logo\":{\"@type\":\"ImageObject\",\"inLanguage\":\"bs-BA\",\"@id\":\"https:\/\/tuzlainfo.ba\/#\/schema\/logo\/image\/\",\"url\":\"https:\/\/tuzlainfo.ba\/wp-content\/uploads\/2021\/03\/logo-ver-3-1.png\",\"contentUrl\":\"https:\/\/tuzlainfo.ba\/wp-content\/uploads\/2021\/03\/logo-ver-3-1.png\",\"width\":350,\"height\":95,\"caption\":\"TuzlaInfo.ba\"},\"image\":{\"@id\":\"https:\/\/tuzlainfo.ba\/#\/schema\/logo\/image\/\"},\"sameAs\":[\"https:\/\/www.facebook.com\/tuzlainfo.ba\/\"]},{\"@type\":\"Person\",\"@id\":\"https:\/\/tuzlainfo.ba\/#\/schema\/person\/f434e20dc27ea133923aab08451b7f7f\",\"name\":\"nedim\",\"image\":{\"@type\":\"ImageObject\",\"inLanguage\":\"bs-BA\",\"@id\":\"https:\/\/tuzlainfo.ba\/#\/schema\/person\/image\/\",\"url\":\"https:\/\/tuzlainfo.ba\/wp-content\/litespeed\/avatar\/aabad687af24844af817603ac1cbdc4f.jpg?ver=1776702173\",\"contentUrl\":\"https:\/\/tuzlainfo.ba\/wp-content\/litespeed\/avatar\/aabad687af24844af817603ac1cbdc4f.jpg?ver=1776702173\",\"caption\":\"nedim\"},\"description\":\"Tuzlainfo.ba pratite na dru\u0161tvenim mre\u017eama: Facebook, Instagram i Youtube. Svoje pri\u010de, upite i fotografije \u0161aljite na na\u0161u e-mail adresu.\"}]}<\/script>\n<!-- \/ Yoast SEO plugin. -->","yoast_head_json":{"title":"VIDEO \/ Jako nevrijeme u Podrinju, vjetar i led pri\u010dinili veliku \u0161tetu - TuzlaInfo.ba","robots":{"index":"index","follow":"follow","max-snippet":"max-snippet:-1","max-image-preview":"max-image-preview:large","max-video-preview":"max-video-preview:-1"},"canonical":"https:\/\/tuzlainfo.ba\/index.php\/bosna-i-hercegovina\/item\/246795-video-jako-nevrijeme-u-podrinju-vjetar-i-led-pricinili-veliku-stetu\/","og_locale":"bs_BA","og_type":"article","og_title":"VIDEO \/ Jako nevrijeme u Podrinju, vjetar i led pri\u010dinili veliku \u0161tetu - TuzlaInfo.ba","og_description":"Nevrijeme koje je u posljednjim popodnevnim satima pogodilo mjesto Liplje u op\u0161tini Zvornik izazvalo je&hellip;","og_url":"https:\/\/tuzlainfo.ba\/index.php\/bosna-i-hercegovina\/item\/246795-video-jako-nevrijeme-u-podrinju-vjetar-i-led-pricinili-veliku-stetu\/","og_site_name":"TuzlaInfo.ba","article_publisher":"https:\/\/www.facebook.com\/tuzlainfo.ba\/","article_published_time":"2024-08-14T18:16:15+00:00","og_image":[{"width":800,"height":535,"url":"https:\/\/tuzlainfo.ba\/wp-content\/uploads\/2024\/08\/1408_liplje.jpg","type":"image\/jpeg"}],"author":"nedim","twitter_card":"summary_large_image","twitter_misc":{"Written by":"nedim","Est. reading time":"1 minuta"},"schema":{"@context":"https:\/\/schema.org","@graph":[{"@type":"Article","@id":"https:\/\/tuzlainfo.ba\/index.php\/bosna-i-hercegovina\/item\/246795-video-jako-nevrijeme-u-podrinju-vjetar-i-led-pricinili-veliku-stetu\/#article","isPartOf":{"@id":"https:\/\/tuzlainfo.ba\/index.php\/bosna-i-hercegovina\/item\/246795-video-jako-nevrijeme-u-podrinju-vjetar-i-led-pricinili-veliku-stetu\/"},"author":{"name":"nedim","@id":"https:\/\/tuzlainfo.ba\/#\/schema\/person\/f434e20dc27ea133923aab08451b7f7f"},"headline":"VIDEO \/ Jako nevrijeme u Podrinju, vjetar i led pri\u010dinili veliku \u0161tetu","datePublished":"2024-08-14T18:16:15+00:00","dateModified":"2024-08-14T18:16:15+00:00","mainEntityOfPage":{"@id":"https:\/\/tuzlainfo.ba\/index.php\/bosna-i-hercegovina\/item\/246795-video-jako-nevrijeme-u-podrinju-vjetar-i-led-pricinili-veliku-stetu\/"},"wordCount":88,"publisher":{"@id":"https:\/\/tuzlainfo.ba\/#organization"},"image":{"@id":"https:\/\/tuzlainfo.ba\/index.php\/bosna-i-hercegovina\/item\/246795-video-jako-nevrijeme-u-podrinju-vjetar-i-led-pricinili-veliku-stetu\/#primaryimage"},"thumbnailUrl":"https:\/\/tuzlainfo.ba\/wp-content\/uploads\/2024\/08\/1408_liplje.jpg","keywords":["liplje","nevrijeme","zvornik"],"articleSection":["Bosna i Hercegovina"],"inLanguage":"bs-BA"},{"@type":"WebPage","@id":"https:\/\/tuzlainfo.ba\/index.php\/bosna-i-hercegovina\/item\/246795-video-jako-nevrijeme-u-podrinju-vjetar-i-led-pricinili-veliku-stetu\/","url":"https:\/\/tuzlainfo.ba\/index.php\/bosna-i-hercegovina\/item\/246795-video-jako-nevrijeme-u-podrinju-vjetar-i-led-pricinili-veliku-stetu\/","name":"VIDEO \/ Jako nevrijeme u Podrinju, vjetar i led pri\u010dinili veliku \u0161tetu - TuzlaInfo.ba","isPartOf":{"@id":"https:\/\/tuzlainfo.ba\/#website"},"primaryImageOfPage":{"@id":"https:\/\/tuzlainfo.ba\/index.php\/bosna-i-hercegovina\/item\/246795-video-jako-nevrijeme-u-podrinju-vjetar-i-led-pricinili-veliku-stetu\/#primaryimage"},"image":{"@id":"https:\/\/tuzlainfo.ba\/index.php\/bosna-i-hercegovina\/item\/246795-video-jako-nevrijeme-u-podrinju-vjetar-i-led-pricinili-veliku-stetu\/#primaryimage"},"thumbnailUrl":"https:\/\/tuzlainfo.ba\/wp-content\/uploads\/2024\/08\/1408_liplje.jpg","datePublished":"2024-08-14T18:16:15+00:00","dateModified":"2024-08-14T18:16:15+00:00","breadcrumb":{"@id":"https:\/\/tuzlainfo.ba\/index.php\/bosna-i-hercegovina\/item\/246795-video-jako-nevrijeme-u-podrinju-vjetar-i-led-pricinili-veliku-stetu\/#breadcrumb"},"inLanguage":"bs-BA","potentialAction":[{"@type":"ReadAction","target":["https:\/\/tuzlainfo.ba\/index.php\/bosna-i-hercegovina\/item\/246795-video-jako-nevrijeme-u-podrinju-vjetar-i-led-pricinili-veliku-stetu\/"]}]},{"@type":"ImageObject","inLanguage":"bs-BA","@id":"https:\/\/tuzlainfo.ba\/index.php\/bosna-i-hercegovina\/item\/246795-video-jako-nevrijeme-u-podrinju-vjetar-i-led-pricinili-veliku-stetu\/#primaryimage","url":"https:\/\/tuzlainfo.ba\/wp-content\/uploads\/2024\/08\/1408_liplje.jpg","contentUrl":"https:\/\/tuzlainfo.ba\/wp-content\/uploads\/2024\/08\/1408_liplje.jpg","width":800,"height":535},{"@type":"BreadcrumbList","@id":"https:\/\/tuzlainfo.ba\/index.php\/bosna-i-hercegovina\/item\/246795-video-jako-nevrijeme-u-podrinju-vjetar-i-led-pricinili-veliku-stetu\/#breadcrumb","itemListElement":[{"@type":"ListItem","position":1,"name":"Home","item":"https:\/\/tuzlainfo.ba\/"},{"@type":"ListItem","position":2,"name":"VIDEO \/ Jako nevrijeme u Podrinju, vjetar i led pri\u010dinili veliku \u0161tetu"}]},{"@type":"WebSite","@id":"https:\/\/tuzlainfo.ba\/#website","url":"https:\/\/tuzlainfo.ba\/","name":"TuzlaInfo.ba","description":"Tuzla info, gradski informator - Tuzla na dlanu","publisher":{"@id":"https:\/\/tuzlainfo.ba\/#organization"},"potentialAction":[{"@type":"SearchAction","target":{"@type":"EntryPoint","urlTemplate":"https:\/\/tuzlainfo.ba\/?s={search_term_string}"},"query-input":{"@type":"PropertyValueSpecification","valueRequired":true,"valueName":"search_term_string"}}],"inLanguage":"bs-BA"},{"@type":"Organization","@id":"https:\/\/tuzlainfo.ba\/#organization","name":"TuzlaInfo.ba","url":"https:\/\/tuzlainfo.ba\/","logo":{"@type":"ImageObject","inLanguage":"bs-BA","@id":"https:\/\/tuzlainfo.ba\/#\/schema\/logo\/image\/","url":"https:\/\/tuzlainfo.ba\/wp-content\/uploads\/2021\/03\/logo-ver-3-1.png","contentUrl":"https:\/\/tuzlainfo.ba\/wp-content\/uploads\/2021\/03\/logo-ver-3-1.png","width":350,"height":95,"caption":"TuzlaInfo.ba"},"image":{"@id":"https:\/\/tuzlainfo.ba\/#\/schema\/logo\/image\/"},"sameAs":["https:\/\/www.facebook.com\/tuzlainfo.ba\/"]},{"@type":"Person","@id":"https:\/\/tuzlainfo.ba\/#\/schema\/person\/f434e20dc27ea133923aab08451b7f7f","name":"nedim","image":{"@type":"ImageObject","inLanguage":"bs-BA","@id":"https:\/\/tuzlainfo.ba\/#\/schema\/person\/image\/","url":"https:\/\/tuzlainfo.ba\/wp-content\/litespeed\/avatar\/aabad687af24844af817603ac1cbdc4f.jpg?ver=1776702173","contentUrl":"https:\/\/tuzlainfo.ba\/wp-content\/litespeed\/avatar\/aabad687af24844af817603ac1cbdc4f.jpg?ver=1776702173","caption":"nedim"},"description":"Tuzlainfo.ba pratite na dru\u0161tvenim mre\u017eama: Facebook, Instagram i Youtube. Svoje pri\u010de, upite i fotografije \u0161aljite na na\u0161u e-mail adresu."}]}},"_links":{"self":[{"href":"https:\/\/tuzlainfo.ba\/index.php\/wp-json\/wp\/v2\/posts\/246795"}],"collection":[{"href":"https:\/\/tuzlainfo.ba\/index.php\/wp-json\/wp\/v2\/posts"}],"about":[{"href":"https:\/\/tuzlainfo.ba\/index.php\/wp-json\/wp\/v2\/types\/post"}],"author":[{"embeddable":true,"href":"https:\/\/tuzlainfo.ba\/index.php\/wp-json\/wp\/v2\/users\/2"}],"replies":[{"embeddable":true,"href":"https:\/\/tuzlainfo.ba\/index.php\/wp-json\/wp\/v2\/comments?post=246795"}],"version-history":[{"count":1,"href":"https:\/\/tuzlainfo.ba\/index.php\/wp-json\/wp\/v2\/posts\/246795\/revisions"}],"predecessor-version":[{"id":246797,"href":"https:\/\/tuzlainfo.ba\/index.php\/wp-json\/wp\/v2\/posts\/246795\/revisions\/246797"}],"wp:featuredmedia":[{"embeddable":true,"href":"https:\/\/tuzlainfo.ba\/index.php\/wp-json\/wp\/v2\/media\/246796"}],"wp:attachment":[{"href":"https:\/\/tuzlainfo.ba\/index.php\/wp-json\/wp\/v2\/media?parent=246795"}],"wp:term":[{"taxonomy":"category","embeddable":true,"href":"https:\/\/tuzlainfo.ba\/index.php\/wp-json\/wp\/v2\/categories?post=246795"},{"taxonomy":"post_tag","embeddable":true,"href":"https:\/\/tuzlainfo.ba\/index.php\/wp-json\/wp\/v2\/tags?post=246795"}],"curies":[{"name":"wp","href":"https:\/\/api.w.org\/{rel}","templated":true}]}}