{"id":246763,"date":"2024-08-14T16:09:27","date_gmt":"2024-08-14T14:09:27","guid":{"rendered":"https:\/\/tuzlainfo.ba\/?p=246763"},"modified":"2024-08-14T14:24:03","modified_gmt":"2024-08-14T12:24:03","slug":"grad-tuzla-produzen-rok-za-prijavu-na-program-siguran-start","status":"publish","type":"post","link":"https:\/\/tuzlainfo.ba\/index.php\/novosti\/item\/246763-grad-tuzla-produzen-rok-za-prijavu-na-program-siguran-start\/","title":{"rendered":"Grad Tuzla: Produ\u017een rok za prijavu na Program \u201eSiguran start\u201c"},"content":{"rendered":"<p>Produ\u017een je rok za prijavu na Javni poziv za dodjelu sredstava iz Bud\u017eeta Grada Tuzle u okviru Programa \u201eSiguran start\u201c.<\/p>\n<p>&#8220;Obavje\u0161tavaju se samostalne poduzetni\u010dke djelatnosti u osnovnom zanimanju i privredna dru\u0161tva, registrovani na podru\u010dju grada Tuzle, koji imaju pravo u\u010de\u0161\u0107a u\u00a0<u>Javnom pozivu za dodjelu sredstava u okviru programa raspodjele sredstava iz Bud\u017eeta Grada Tuzle za 2024. godinu namijenjenih za podr\u0161ku privatnih preduze\u0107a i poduzetnika,\u00a0<strong>po Projektu \u201eSiguran start\u201c, da je produ\u017een rok prijave na ovaj Javni poziv ,<\/strong>\u00a0tako da je umjesto prvobitnog roka sa danom 14.8.2024. godine,\u00a0<strong>novi rok za prijavu dana 23.8.2024. godine.<\/strong><\/u><\/p>\n<p>Naime, kako bi se omogu\u0107ilo zainteresiranim subjektima koji imaju pravo prijave na ovaj Javni poziv a koji nisu uspjeli do isteka prvobitnog roka za prijavu (sa danom 14.8.2024, godine) da pribave neophodnu dokumentaciju koja se obavezno prila\u017ee uz prijavu,\u00a0<strong><u>produ\u017een je rok za prijavu zaklju\u010dno sa 23.8.2024. godine.<\/u><\/strong><\/p>\n<p>Kao \u0161to je prvobitno objavljeno, u okviru\u00a0<u>Javnog poziva za u\u010de\u0161\u0107e u programu raspodjele sredstava iz Bud\u017eeta Grada Tuzle za 2024. godinu namijenjenih za podr\u0161ku privatnih preduze\u0107a i poduzetnika, po Projektu \u201eSiguran start\u201c , otvorene su dvije linije podr\u0161ke:<\/u><\/p>\n<ol>\n<li>Podr\u0161ka za samostalne poduzetni\u010dke djelatnosti u osnovnom zanimanju i privredna dru\u0161tva, koji su novoregistrovani u 2024. godini na podru\u010dju grada Tuzle.<\/li>\n<li>Podr\u0161ka za samostalne poduzetni\u010dke djelatnosti u osnovnom zanimanju i privredna dru\u0161tva, koji su registrovani u 2023. godini na podru\u010dju grada Tuzle.<\/li>\n<\/ol>\n<p>Tekst Javnog poziva sa prate\u0107im obrascima za prijavu, neizmijenjen u odnosu na prvobitnu objavu (dana 24.7.2024. godine),\u00a0<strong><u>osim \u0161to je izmijenjen rok prijave i koji je produ\u017een do 23.8.2024. godine,\u00a0\u00a0<\/u><\/strong>mo\u017ee se preuzeti putem linka:<\/p>\n<ul>\n<li><a role=\"link\" href=\"https:\/\/grad.tuzla.ba\/wp-content\/uploads\/2017\/09\/Javni-poziv-Siguran-start-za-2024-juli-2024.pdf\">Javni poziv za u\u010de\u0161\u0107e u programu raspodjele sredstava iz Bud\u017eeta Grada Tuzle za 2024. godinu namjenjenih za podr\u0161ku privatnim preduze\u0107ima i poduzetnicima po Projektu: \u201cSiguran start\u201d\u00a0<\/a>(Datum objave:24.07.2024.)<\/li>\n<\/ul>\n<ul>\n<li><a role=\"link\" href=\"https:\/\/grad.tuzla.ba\/wp-content\/uploads\/2017\/09\/Prijavni-obrazac-za-javni-poziv-Siguran-start-u-2024-registrovani-u-2023.docx\">Prijavni obrazac za javni poziv Siguran start u 2024-registrovani u 2023<\/a><\/li>\n<li><a role=\"link\" href=\"https:\/\/grad.tuzla.ba\/wp-content\/uploads\/2017\/09\/Obrazac-izjave-uz-prijavni-obrazac-za-javni-poziv-Siguran-start-2024-subjekti-iz-2023.docx\">Obrazac izjave uz prijavni obrazac za javni poziv-Siguran start 2024-subjekti iz 2023<\/a><\/li>\n<li><a role=\"link\" href=\"https:\/\/grad.tuzla.ba\/wp-content\/uploads\/2017\/09\/Prijavni-obrazac-za-javni-poziv-Siguran-start-u-2024-novoregistrovani-u-2024.docx\">Prijavni obrazac za javni poziv Siguran start u 2024-novoregistrovani u 2024<\/a><\/li>\n<li><a role=\"link\" href=\"https:\/\/grad.tuzla.ba\/wp-content\/uploads\/2017\/09\/Obrazac-izjave-uz-prijavni-obrazac-za-javni-poziv-Siguran-start-2024-subjekti-iz-2024.docx\">Obrazac izjave uz prijavni obrazac za javni poziv-Siguran start 2024-subjekti iz 2024<\/a><\/li>\n<li><a role=\"link\" href=\"https:\/\/grad.tuzla.ba\/wp-content\/uploads\/2017\/09\/LISTA-ZA-PROVJERU-DOSTAVLJENE-DOKUMENTACIJE-Siguran-start-2024.pdf\">Lista za provjeru dostavljene dokumentacije-Siguran start -2024<\/a><\/li>\n<\/ul>\n<p>Za dodatne informacije postupku u\u010de\u0161\u0107a\u00a0<strong><u>i novom roku za prijavu\u00a0<\/u><\/strong><u>na ovaj Javni poziv<\/u>, zainteresirani aplikanti mogu se obratiti u Slu\u017ebu za ekonomski razvoj, poduzetni\u0161tvo i poljoprivredu, putem telefona: 035\/307-380, 307-383 i 307-387&#8221; &#8211; saop\u0107eno je iz Grada Tuzla.<\/p>\n","protected":false},"excerpt":{"rendered":"<p>Produ\u017een je rok za prijavu na Javni poziv za dodjelu sredstava iz Bud\u017eeta Grada Tuzle&hellip;<\/p>\n","protected":false},"author":4,"featured_media":135585,"comment_status":"closed","ping_status":"closed","sticky":false,"template":"","format":"standard","meta":{"_acf_changed":false,"footnotes":""},"categories":[304,12],"tags":[331,8210],"acf":[],"yoast_head":"<!-- This site is optimized with the Yoast SEO plugin v23.5 - https:\/\/yoast.com\/wordpress\/plugins\/seo\/ -->\n<title>Grad Tuzla: Produ\u017een rok za prijavu na Program \u201eSiguran start\u201c - TuzlaInfo.ba<\/title>\n<meta name=\"robots\" content=\"index, follow, max-snippet:-1, max-image-preview:large, max-video-preview:-1\" \/>\n<link rel=\"canonical\" href=\"https:\/\/tuzlainfo.ba\/index.php\/novosti\/item\/246763-grad-tuzla-produzen-rok-za-prijavu-na-program-siguran-start\/\" \/>\n<meta property=\"og:locale\" content=\"bs_BA\" \/>\n<meta property=\"og:type\" content=\"article\" \/>\n<meta property=\"og:title\" content=\"Grad Tuzla: Produ\u017een rok za prijavu na Program \u201eSiguran start\u201c - TuzlaInfo.ba\" \/>\n<meta property=\"og:description\" content=\"Produ\u017een je rok za prijavu na Javni poziv za dodjelu sredstava iz Bud\u017eeta Grada Tuzle&hellip;\" \/>\n<meta property=\"og:url\" content=\"https:\/\/tuzlainfo.ba\/index.php\/novosti\/item\/246763-grad-tuzla-produzen-rok-za-prijavu-na-program-siguran-start\/\" \/>\n<meta property=\"og:site_name\" content=\"TuzlaInfo.ba\" \/>\n<meta property=\"article:publisher\" content=\"https:\/\/www.facebook.com\/tuzlainfo.ba\/\" \/>\n<meta property=\"article:published_time\" content=\"2024-08-14T14:09:27+00:00\" \/>\n<meta property=\"article:modified_time\" content=\"2024-08-14T12:24:03+00:00\" \/>\n<meta property=\"og:image\" content=\"https:\/\/tuzlainfo.ba\/wp-content\/uploads\/2021\/04\/1504-grad-tuzla.jpg\" \/>\n\t<meta property=\"og:image:width\" content=\"800\" \/>\n\t<meta property=\"og:image:height\" content=\"426\" \/>\n\t<meta property=\"og:image:type\" content=\"image\/jpeg\" \/>\n<meta name=\"author\" content=\"Tuzla Info\" \/>\n<meta name=\"twitter:card\" content=\"summary_large_image\" \/>\n<meta name=\"twitter:label1\" content=\"Written by\" \/>\n\t<meta name=\"twitter:data1\" content=\"Tuzla Info\" \/>\n\t<meta name=\"twitter:label2\" content=\"Est. reading time\" \/>\n\t<meta name=\"twitter:data2\" content=\"3 minute\" \/>\n<script type=\"application\/ld+json\" class=\"yoast-schema-graph\">{\"@context\":\"https:\/\/schema.org\",\"@graph\":[{\"@type\":\"Article\",\"@id\":\"https:\/\/tuzlainfo.ba\/index.php\/novosti\/item\/246763-grad-tuzla-produzen-rok-za-prijavu-na-program-siguran-start\/#article\",\"isPartOf\":{\"@id\":\"https:\/\/tuzlainfo.ba\/index.php\/novosti\/item\/246763-grad-tuzla-produzen-rok-za-prijavu-na-program-siguran-start\/\"},\"author\":{\"name\":\"Tuzla Info\",\"@id\":\"https:\/\/tuzlainfo.ba\/#\/schema\/person\/46cad4c57790cbc50781edd14870825a\"},\"headline\":\"Grad Tuzla: Produ\u017een rok za prijavu na Program \u201eSiguran start\u201c\",\"datePublished\":\"2024-08-14T14:09:27+00:00\",\"dateModified\":\"2024-08-14T12:24:03+00:00\",\"mainEntityOfPage\":{\"@id\":\"https:\/\/tuzlainfo.ba\/index.php\/novosti\/item\/246763-grad-tuzla-produzen-rok-za-prijavu-na-program-siguran-start\/\"},\"wordCount\":417,\"publisher\":{\"@id\":\"https:\/\/tuzlainfo.ba\/#organization\"},\"image\":{\"@id\":\"https:\/\/tuzlainfo.ba\/index.php\/novosti\/item\/246763-grad-tuzla-produzen-rok-za-prijavu-na-program-siguran-start\/#primaryimage\"},\"thumbnailUrl\":\"https:\/\/tuzlainfo.ba\/wp-content\/uploads\/2021\/04\/1504-grad-tuzla.jpg\",\"keywords\":[\"grad tuzla\",\"siguran start\"],\"articleSection\":[\"Istaknuto\",\"Novosti\"],\"inLanguage\":\"bs-BA\"},{\"@type\":\"WebPage\",\"@id\":\"https:\/\/tuzlainfo.ba\/index.php\/novosti\/item\/246763-grad-tuzla-produzen-rok-za-prijavu-na-program-siguran-start\/\",\"url\":\"https:\/\/tuzlainfo.ba\/index.php\/novosti\/item\/246763-grad-tuzla-produzen-rok-za-prijavu-na-program-siguran-start\/\",\"name\":\"Grad Tuzla: Produ\u017een rok za prijavu na Program \u201eSiguran start\u201c - TuzlaInfo.ba\",\"isPartOf\":{\"@id\":\"https:\/\/tuzlainfo.ba\/#website\"},\"primaryImageOfPage\":{\"@id\":\"https:\/\/tuzlainfo.ba\/index.php\/novosti\/item\/246763-grad-tuzla-produzen-rok-za-prijavu-na-program-siguran-start\/#primaryimage\"},\"image\":{\"@id\":\"https:\/\/tuzlainfo.ba\/index.php\/novosti\/item\/246763-grad-tuzla-produzen-rok-za-prijavu-na-program-siguran-start\/#primaryimage\"},\"thumbnailUrl\":\"https:\/\/tuzlainfo.ba\/wp-content\/uploads\/2021\/04\/1504-grad-tuzla.jpg\",\"datePublished\":\"2024-08-14T14:09:27+00:00\",\"dateModified\":\"2024-08-14T12:24:03+00:00\",\"breadcrumb\":{\"@id\":\"https:\/\/tuzlainfo.ba\/index.php\/novosti\/item\/246763-grad-tuzla-produzen-rok-za-prijavu-na-program-siguran-start\/#breadcrumb\"},\"inLanguage\":\"bs-BA\",\"potentialAction\":[{\"@type\":\"ReadAction\",\"target\":[\"https:\/\/tuzlainfo.ba\/index.php\/novosti\/item\/246763-grad-tuzla-produzen-rok-za-prijavu-na-program-siguran-start\/\"]}]},{\"@type\":\"ImageObject\",\"inLanguage\":\"bs-BA\",\"@id\":\"https:\/\/tuzlainfo.ba\/index.php\/novosti\/item\/246763-grad-tuzla-produzen-rok-za-prijavu-na-program-siguran-start\/#primaryimage\",\"url\":\"https:\/\/tuzlainfo.ba\/wp-content\/uploads\/2021\/04\/1504-grad-tuzla.jpg\",\"contentUrl\":\"https:\/\/tuzlainfo.ba\/wp-content\/uploads\/2021\/04\/1504-grad-tuzla.jpg\",\"width\":800,\"height\":426},{\"@type\":\"BreadcrumbList\",\"@id\":\"https:\/\/tuzlainfo.ba\/index.php\/novosti\/item\/246763-grad-tuzla-produzen-rok-za-prijavu-na-program-siguran-start\/#breadcrumb\",\"itemListElement\":[{\"@type\":\"ListItem\",\"position\":1,\"name\":\"Home\",\"item\":\"https:\/\/tuzlainfo.ba\/\"},{\"@type\":\"ListItem\",\"position\":2,\"name\":\"Grad Tuzla: Produ\u017een rok za prijavu na Program \u201eSiguran start\u201c\"}]},{\"@type\":\"WebSite\",\"@id\":\"https:\/\/tuzlainfo.ba\/#website\",\"url\":\"https:\/\/tuzlainfo.ba\/\",\"name\":\"TuzlaInfo.ba\",\"description\":\"Tuzla info, gradski informator - Tuzla na dlanu\",\"publisher\":{\"@id\":\"https:\/\/tuzlainfo.ba\/#organization\"},\"potentialAction\":[{\"@type\":\"SearchAction\",\"target\":{\"@type\":\"EntryPoint\",\"urlTemplate\":\"https:\/\/tuzlainfo.ba\/?s={search_term_string}\"},\"query-input\":{\"@type\":\"PropertyValueSpecification\",\"valueRequired\":true,\"valueName\":\"search_term_string\"}}],\"inLanguage\":\"bs-BA\"},{\"@type\":\"Organization\",\"@id\":\"https:\/\/tuzlainfo.ba\/#organization\",\"name\":\"TuzlaInfo.ba\",\"url\":\"https:\/\/tuzlainfo.ba\/\",\"logo\":{\"@type\":\"ImageObject\",\"inLanguage\":\"bs-BA\",\"@id\":\"https:\/\/tuzlainfo.ba\/#\/schema\/logo\/image\/\",\"url\":\"https:\/\/tuzlainfo.ba\/wp-content\/uploads\/2021\/03\/logo-ver-3-1.png\",\"contentUrl\":\"https:\/\/tuzlainfo.ba\/wp-content\/uploads\/2021\/03\/logo-ver-3-1.png\",\"width\":350,\"height\":95,\"caption\":\"TuzlaInfo.ba\"},\"image\":{\"@id\":\"https:\/\/tuzlainfo.ba\/#\/schema\/logo\/image\/\"},\"sameAs\":[\"https:\/\/www.facebook.com\/tuzlainfo.ba\/\"]},{\"@type\":\"Person\",\"@id\":\"https:\/\/tuzlainfo.ba\/#\/schema\/person\/46cad4c57790cbc50781edd14870825a\",\"name\":\"Tuzla Info\",\"image\":{\"@type\":\"ImageObject\",\"inLanguage\":\"bs-BA\",\"@id\":\"https:\/\/tuzlainfo.ba\/#\/schema\/person\/image\/\",\"url\":\"https:\/\/tuzlainfo.ba\/wp-content\/litespeed\/avatar\/b6c453a6c38e3654f2e4416c643fc25c.jpg?ver=1777051911\",\"contentUrl\":\"https:\/\/tuzlainfo.ba\/wp-content\/litespeed\/avatar\/b6c453a6c38e3654f2e4416c643fc25c.jpg?ver=1777051911\",\"caption\":\"Tuzla Info\"}}]}<\/script>\n<!-- \/ Yoast SEO plugin. -->","yoast_head_json":{"title":"Grad Tuzla: Produ\u017een rok za prijavu na Program \u201eSiguran start\u201c - TuzlaInfo.ba","robots":{"index":"index","follow":"follow","max-snippet":"max-snippet:-1","max-image-preview":"max-image-preview:large","max-video-preview":"max-video-preview:-1"},"canonical":"https:\/\/tuzlainfo.ba\/index.php\/novosti\/item\/246763-grad-tuzla-produzen-rok-za-prijavu-na-program-siguran-start\/","og_locale":"bs_BA","og_type":"article","og_title":"Grad Tuzla: Produ\u017een rok za prijavu na Program \u201eSiguran start\u201c - TuzlaInfo.ba","og_description":"Produ\u017een je rok za prijavu na Javni poziv za dodjelu sredstava iz Bud\u017eeta Grada Tuzle&hellip;","og_url":"https:\/\/tuzlainfo.ba\/index.php\/novosti\/item\/246763-grad-tuzla-produzen-rok-za-prijavu-na-program-siguran-start\/","og_site_name":"TuzlaInfo.ba","article_publisher":"https:\/\/www.facebook.com\/tuzlainfo.ba\/","article_published_time":"2024-08-14T14:09:27+00:00","article_modified_time":"2024-08-14T12:24:03+00:00","og_image":[{"width":800,"height":426,"url":"https:\/\/tuzlainfo.ba\/wp-content\/uploads\/2021\/04\/1504-grad-tuzla.jpg","type":"image\/jpeg"}],"author":"Tuzla Info","twitter_card":"summary_large_image","twitter_misc":{"Written by":"Tuzla Info","Est. reading time":"3 minute"},"schema":{"@context":"https:\/\/schema.org","@graph":[{"@type":"Article","@id":"https:\/\/tuzlainfo.ba\/index.php\/novosti\/item\/246763-grad-tuzla-produzen-rok-za-prijavu-na-program-siguran-start\/#article","isPartOf":{"@id":"https:\/\/tuzlainfo.ba\/index.php\/novosti\/item\/246763-grad-tuzla-produzen-rok-za-prijavu-na-program-siguran-start\/"},"author":{"name":"Tuzla Info","@id":"https:\/\/tuzlainfo.ba\/#\/schema\/person\/46cad4c57790cbc50781edd14870825a"},"headline":"Grad Tuzla: Produ\u017een rok za prijavu na Program \u201eSiguran start\u201c","datePublished":"2024-08-14T14:09:27+00:00","dateModified":"2024-08-14T12:24:03+00:00","mainEntityOfPage":{"@id":"https:\/\/tuzlainfo.ba\/index.php\/novosti\/item\/246763-grad-tuzla-produzen-rok-za-prijavu-na-program-siguran-start\/"},"wordCount":417,"publisher":{"@id":"https:\/\/tuzlainfo.ba\/#organization"},"image":{"@id":"https:\/\/tuzlainfo.ba\/index.php\/novosti\/item\/246763-grad-tuzla-produzen-rok-za-prijavu-na-program-siguran-start\/#primaryimage"},"thumbnailUrl":"https:\/\/tuzlainfo.ba\/wp-content\/uploads\/2021\/04\/1504-grad-tuzla.jpg","keywords":["grad tuzla","siguran start"],"articleSection":["Istaknuto","Novosti"],"inLanguage":"bs-BA"},{"@type":"WebPage","@id":"https:\/\/tuzlainfo.ba\/index.php\/novosti\/item\/246763-grad-tuzla-produzen-rok-za-prijavu-na-program-siguran-start\/","url":"https:\/\/tuzlainfo.ba\/index.php\/novosti\/item\/246763-grad-tuzla-produzen-rok-za-prijavu-na-program-siguran-start\/","name":"Grad Tuzla: Produ\u017een rok za prijavu na Program \u201eSiguran start\u201c - TuzlaInfo.ba","isPartOf":{"@id":"https:\/\/tuzlainfo.ba\/#website"},"primaryImageOfPage":{"@id":"https:\/\/tuzlainfo.ba\/index.php\/novosti\/item\/246763-grad-tuzla-produzen-rok-za-prijavu-na-program-siguran-start\/#primaryimage"},"image":{"@id":"https:\/\/tuzlainfo.ba\/index.php\/novosti\/item\/246763-grad-tuzla-produzen-rok-za-prijavu-na-program-siguran-start\/#primaryimage"},"thumbnailUrl":"https:\/\/tuzlainfo.ba\/wp-content\/uploads\/2021\/04\/1504-grad-tuzla.jpg","datePublished":"2024-08-14T14:09:27+00:00","dateModified":"2024-08-14T12:24:03+00:00","breadcrumb":{"@id":"https:\/\/tuzlainfo.ba\/index.php\/novosti\/item\/246763-grad-tuzla-produzen-rok-za-prijavu-na-program-siguran-start\/#breadcrumb"},"inLanguage":"bs-BA","potentialAction":[{"@type":"ReadAction","target":["https:\/\/tuzlainfo.ba\/index.php\/novosti\/item\/246763-grad-tuzla-produzen-rok-za-prijavu-na-program-siguran-start\/"]}]},{"@type":"ImageObject","inLanguage":"bs-BA","@id":"https:\/\/tuzlainfo.ba\/index.php\/novosti\/item\/246763-grad-tuzla-produzen-rok-za-prijavu-na-program-siguran-start\/#primaryimage","url":"https:\/\/tuzlainfo.ba\/wp-content\/uploads\/2021\/04\/1504-grad-tuzla.jpg","contentUrl":"https:\/\/tuzlainfo.ba\/wp-content\/uploads\/2021\/04\/1504-grad-tuzla.jpg","width":800,"height":426},{"@type":"BreadcrumbList","@id":"https:\/\/tuzlainfo.ba\/index.php\/novosti\/item\/246763-grad-tuzla-produzen-rok-za-prijavu-na-program-siguran-start\/#breadcrumb","itemListElement":[{"@type":"ListItem","position":1,"name":"Home","item":"https:\/\/tuzlainfo.ba\/"},{"@type":"ListItem","position":2,"name":"Grad Tuzla: Produ\u017een rok za prijavu na Program \u201eSiguran start\u201c"}]},{"@type":"WebSite","@id":"https:\/\/tuzlainfo.ba\/#website","url":"https:\/\/tuzlainfo.ba\/","name":"TuzlaInfo.ba","description":"Tuzla info, gradski informator - Tuzla na dlanu","publisher":{"@id":"https:\/\/tuzlainfo.ba\/#organization"},"potentialAction":[{"@type":"SearchAction","target":{"@type":"EntryPoint","urlTemplate":"https:\/\/tuzlainfo.ba\/?s={search_term_string}"},"query-input":{"@type":"PropertyValueSpecification","valueRequired":true,"valueName":"search_term_string"}}],"inLanguage":"bs-BA"},{"@type":"Organization","@id":"https:\/\/tuzlainfo.ba\/#organization","name":"TuzlaInfo.ba","url":"https:\/\/tuzlainfo.ba\/","logo":{"@type":"ImageObject","inLanguage":"bs-BA","@id":"https:\/\/tuzlainfo.ba\/#\/schema\/logo\/image\/","url":"https:\/\/tuzlainfo.ba\/wp-content\/uploads\/2021\/03\/logo-ver-3-1.png","contentUrl":"https:\/\/tuzlainfo.ba\/wp-content\/uploads\/2021\/03\/logo-ver-3-1.png","width":350,"height":95,"caption":"TuzlaInfo.ba"},"image":{"@id":"https:\/\/tuzlainfo.ba\/#\/schema\/logo\/image\/"},"sameAs":["https:\/\/www.facebook.com\/tuzlainfo.ba\/"]},{"@type":"Person","@id":"https:\/\/tuzlainfo.ba\/#\/schema\/person\/46cad4c57790cbc50781edd14870825a","name":"Tuzla Info","image":{"@type":"ImageObject","inLanguage":"bs-BA","@id":"https:\/\/tuzlainfo.ba\/#\/schema\/person\/image\/","url":"https:\/\/tuzlainfo.ba\/wp-content\/litespeed\/avatar\/b6c453a6c38e3654f2e4416c643fc25c.jpg?ver=1777051911","contentUrl":"https:\/\/tuzlainfo.ba\/wp-content\/litespeed\/avatar\/b6c453a6c38e3654f2e4416c643fc25c.jpg?ver=1777051911","caption":"Tuzla Info"}}]}},"_links":{"self":[{"href":"https:\/\/tuzlainfo.ba\/index.php\/wp-json\/wp\/v2\/posts\/246763"}],"collection":[{"href":"https:\/\/tuzlainfo.ba\/index.php\/wp-json\/wp\/v2\/posts"}],"about":[{"href":"https:\/\/tuzlainfo.ba\/index.php\/wp-json\/wp\/v2\/types\/post"}],"author":[{"embeddable":true,"href":"https:\/\/tuzlainfo.ba\/index.php\/wp-json\/wp\/v2\/users\/4"}],"replies":[{"embeddable":true,"href":"https:\/\/tuzlainfo.ba\/index.php\/wp-json\/wp\/v2\/comments?post=246763"}],"version-history":[{"count":1,"href":"https:\/\/tuzlainfo.ba\/index.php\/wp-json\/wp\/v2\/posts\/246763\/revisions"}],"predecessor-version":[{"id":246764,"href":"https:\/\/tuzlainfo.ba\/index.php\/wp-json\/wp\/v2\/posts\/246763\/revisions\/246764"}],"wp:featuredmedia":[{"embeddable":true,"href":"https:\/\/tuzlainfo.ba\/index.php\/wp-json\/wp\/v2\/media\/135585"}],"wp:attachment":[{"href":"https:\/\/tuzlainfo.ba\/index.php\/wp-json\/wp\/v2\/media?parent=246763"}],"wp:term":[{"taxonomy":"category","embeddable":true,"href":"https:\/\/tuzlainfo.ba\/index.php\/wp-json\/wp\/v2\/categories?post=246763"},{"taxonomy":"post_tag","embeddable":true,"href":"https:\/\/tuzlainfo.ba\/index.php\/wp-json\/wp\/v2\/tags?post=246763"}],"curies":[{"name":"wp","href":"https:\/\/api.w.org\/{rel}","templated":true}]}}