{"id":246741,"date":"2024-08-14T11:39:12","date_gmt":"2024-08-14T09:39:12","guid":{"rendered":"https:\/\/tuzlainfo.ba\/?p=246741"},"modified":"2024-08-14T11:41:20","modified_gmt":"2024-08-14T09:41:20","slug":"u-saobracajnoj-nesreci-u-solani-dvije-osobe-lakse-povrijedjene","status":"publish","type":"post","link":"https:\/\/tuzlainfo.ba\/index.php\/novosti\/item\/246741-u-saobracajnoj-nesreci-u-solani-dvije-osobe-lakse-povrijedjene\/","title":{"rendered":"U saobra\u0107ajnoj nesre\u0107i u Solani dvije osobe lak\u0161e povrije\u0111ene"},"content":{"rendered":"<p>U tuzlanskom naselju Solana u Tuzli, jutros oko 8.20 sati dogodila se\u00a0 saobra\u0107ajna nesre\u0107a u kojoj su u\u010destvovala dva putni\u010dka motorna vozila, a o \u010demu smoi ve\u0107 pisali.<\/p>\n<p>Kako smo i objavili tri osobe su prevezene u JZU UKC Tuzla zbog zadobivenih povreda, odakle nam je potvr\u0111eno njihovo zdravstveno stanje.<\/p>\n<p>&#8211; U UKC Tuzla su se javila dva pacijenta koji su obra\u0111eni na prijemnom odjeljenju Klinike za hirurgiju. Konstatovane su lake tjelesne povrede kod oba pacijenta, nakon \u010dega su upu\u0107eni na ku\u0107no lije\u010denje. Jednom pacijentu je predlagana opservacija, ali je je odbio hospitalizaciju &#8211; potvrdila nam je Ersija A\u0161\u010deri\u0107 Mujedinovi\u0107, glasnogovornica UKC Tuzla.<\/p>\n<p>Na mjestu nesre\u0107e gdje je jedno vozilo i udarilo u stub koji je nakon toga oboren, uvi\u0111aj vr\u0161e policijski slu\u017ebenici PU Tuzla &#8211; PS Zapad.<\/p>\n<p>Saobra\u0107aj se na ovom dijelu puta odvija naizmjeni\u010dno jednom trakom.<\/p>\n<p>Podjse\u0107amo na ovoj dionici puta je istaknuto ograni\u010denje koje se odnosi na vo\u017enju kroz naseljeno mjesto, a zbog \u0161kole je na pje\u0161a\u010dkom prijelazu ura\u0111en i &#8220;le\u017ee\u0107i policajac&#8221;.\/<strong>Tuzlainfo.ba\/<\/strong><\/p>\n","protected":false},"excerpt":{"rendered":"<p>U tuzlanskom naselju Solana u Tuzli, jutros oko 8.20 sati dogodila se\u00a0 saobra\u0107ajna nesre\u0107a u&hellip;<\/p>\n","protected":false},"author":2,"featured_media":246742,"comment_status":"closed","ping_status":"closed","sticky":false,"template":"","format":"standard","meta":{"_acf_changed":false,"footnotes":""},"categories":[304,12],"tags":[417,338,468,42],"acf":[],"yoast_head":"<!-- This site is optimized with the Yoast SEO plugin v23.5 - https:\/\/yoast.com\/wordpress\/plugins\/seo\/ -->\n<title>U saobra\u0107ajnoj nesre\u0107i u Solani dvije osobe lak\u0161e povrije\u0111ene - TuzlaInfo.ba<\/title>\n<meta name=\"robots\" content=\"index, follow, max-snippet:-1, max-image-preview:large, max-video-preview:-1\" \/>\n<link rel=\"canonical\" href=\"https:\/\/tuzlainfo.ba\/index.php\/novosti\/item\/246741-u-saobracajnoj-nesreci-u-solani-dvije-osobe-lakse-povrijedjene\/\" \/>\n<meta property=\"og:locale\" content=\"bs_BA\" \/>\n<meta property=\"og:type\" content=\"article\" \/>\n<meta property=\"og:title\" content=\"U saobra\u0107ajnoj nesre\u0107i u Solani dvije osobe lak\u0161e povrije\u0111ene - TuzlaInfo.ba\" \/>\n<meta property=\"og:description\" content=\"U tuzlanskom naselju Solana u Tuzli, jutros oko 8.20 sati dogodila se\u00a0 saobra\u0107ajna nesre\u0107a u&hellip;\" \/>\n<meta property=\"og:url\" content=\"https:\/\/tuzlainfo.ba\/index.php\/novosti\/item\/246741-u-saobracajnoj-nesreci-u-solani-dvije-osobe-lakse-povrijedjene\/\" \/>\n<meta property=\"og:site_name\" content=\"TuzlaInfo.ba\" \/>\n<meta property=\"article:publisher\" content=\"https:\/\/www.facebook.com\/tuzlainfo.ba\/\" \/>\n<meta property=\"article:published_time\" content=\"2024-08-14T09:39:12+00:00\" \/>\n<meta property=\"article:modified_time\" content=\"2024-08-14T09:41:20+00:00\" \/>\n<meta property=\"og:image\" content=\"https:\/\/tuzlainfo.ba\/wp-content\/uploads\/2024\/08\/1408_saobacajna_solana.jpg\" \/>\n\t<meta property=\"og:image:width\" content=\"800\" \/>\n\t<meta property=\"og:image:height\" content=\"534\" \/>\n\t<meta property=\"og:image:type\" content=\"image\/jpeg\" \/>\n<meta name=\"author\" content=\"nedim\" \/>\n<meta name=\"twitter:card\" content=\"summary_large_image\" \/>\n<meta name=\"twitter:label1\" content=\"Written by\" \/>\n\t<meta name=\"twitter:data1\" content=\"nedim\" \/>\n\t<meta name=\"twitter:label2\" content=\"Est. reading time\" \/>\n\t<meta name=\"twitter:data2\" content=\"2 minute\" \/>\n<script type=\"application\/ld+json\" class=\"yoast-schema-graph\">{\"@context\":\"https:\/\/schema.org\",\"@graph\":[{\"@type\":\"Article\",\"@id\":\"https:\/\/tuzlainfo.ba\/index.php\/novosti\/item\/246741-u-saobracajnoj-nesreci-u-solani-dvije-osobe-lakse-povrijedjene\/#article\",\"isPartOf\":{\"@id\":\"https:\/\/tuzlainfo.ba\/index.php\/novosti\/item\/246741-u-saobracajnoj-nesreci-u-solani-dvije-osobe-lakse-povrijedjene\/\"},\"author\":{\"name\":\"nedim\",\"@id\":\"https:\/\/tuzlainfo.ba\/#\/schema\/person\/f434e20dc27ea133923aab08451b7f7f\"},\"headline\":\"U saobra\u0107ajnoj nesre\u0107i u Solani dvije osobe lak\u0161e povrije\u0111ene\",\"datePublished\":\"2024-08-14T09:39:12+00:00\",\"dateModified\":\"2024-08-14T09:41:20+00:00\",\"mainEntityOfPage\":{\"@id\":\"https:\/\/tuzlainfo.ba\/index.php\/novosti\/item\/246741-u-saobracajnoj-nesreci-u-solani-dvije-osobe-lakse-povrijedjene\/\"},\"wordCount\":203,\"publisher\":{\"@id\":\"https:\/\/tuzlainfo.ba\/#organization\"},\"image\":{\"@id\":\"https:\/\/tuzlainfo.ba\/index.php\/novosti\/item\/246741-u-saobracajnoj-nesreci-u-solani-dvije-osobe-lakse-povrijedjene\/#primaryimage\"},\"thumbnailUrl\":\"https:\/\/tuzlainfo.ba\/wp-content\/uploads\/2024\/08\/1408_saobacajna_solana.jpg\",\"keywords\":[\"crna hronika\",\"saobracajna nesreca\",\"solana\",\"tuzla\"],\"articleSection\":[\"Istaknuto\",\"Novosti\"],\"inLanguage\":\"bs-BA\"},{\"@type\":\"WebPage\",\"@id\":\"https:\/\/tuzlainfo.ba\/index.php\/novosti\/item\/246741-u-saobracajnoj-nesreci-u-solani-dvije-osobe-lakse-povrijedjene\/\",\"url\":\"https:\/\/tuzlainfo.ba\/index.php\/novosti\/item\/246741-u-saobracajnoj-nesreci-u-solani-dvije-osobe-lakse-povrijedjene\/\",\"name\":\"U saobra\u0107ajnoj nesre\u0107i u Solani dvije osobe lak\u0161e povrije\u0111ene - TuzlaInfo.ba\",\"isPartOf\":{\"@id\":\"https:\/\/tuzlainfo.ba\/#website\"},\"primaryImageOfPage\":{\"@id\":\"https:\/\/tuzlainfo.ba\/index.php\/novosti\/item\/246741-u-saobracajnoj-nesreci-u-solani-dvije-osobe-lakse-povrijedjene\/#primaryimage\"},\"image\":{\"@id\":\"https:\/\/tuzlainfo.ba\/index.php\/novosti\/item\/246741-u-saobracajnoj-nesreci-u-solani-dvije-osobe-lakse-povrijedjene\/#primaryimage\"},\"thumbnailUrl\":\"https:\/\/tuzlainfo.ba\/wp-content\/uploads\/2024\/08\/1408_saobacajna_solana.jpg\",\"datePublished\":\"2024-08-14T09:39:12+00:00\",\"dateModified\":\"2024-08-14T09:41:20+00:00\",\"breadcrumb\":{\"@id\":\"https:\/\/tuzlainfo.ba\/index.php\/novosti\/item\/246741-u-saobracajnoj-nesreci-u-solani-dvije-osobe-lakse-povrijedjene\/#breadcrumb\"},\"inLanguage\":\"bs-BA\",\"potentialAction\":[{\"@type\":\"ReadAction\",\"target\":[\"https:\/\/tuzlainfo.ba\/index.php\/novosti\/item\/246741-u-saobracajnoj-nesreci-u-solani-dvije-osobe-lakse-povrijedjene\/\"]}]},{\"@type\":\"ImageObject\",\"inLanguage\":\"bs-BA\",\"@id\":\"https:\/\/tuzlainfo.ba\/index.php\/novosti\/item\/246741-u-saobracajnoj-nesreci-u-solani-dvije-osobe-lakse-povrijedjene\/#primaryimage\",\"url\":\"https:\/\/tuzlainfo.ba\/wp-content\/uploads\/2024\/08\/1408_saobacajna_solana.jpg\",\"contentUrl\":\"https:\/\/tuzlainfo.ba\/wp-content\/uploads\/2024\/08\/1408_saobacajna_solana.jpg\",\"width\":800,\"height\":534},{\"@type\":\"BreadcrumbList\",\"@id\":\"https:\/\/tuzlainfo.ba\/index.php\/novosti\/item\/246741-u-saobracajnoj-nesreci-u-solani-dvije-osobe-lakse-povrijedjene\/#breadcrumb\",\"itemListElement\":[{\"@type\":\"ListItem\",\"position\":1,\"name\":\"Home\",\"item\":\"https:\/\/tuzlainfo.ba\/\"},{\"@type\":\"ListItem\",\"position\":2,\"name\":\"U saobra\u0107ajnoj nesre\u0107i u Solani dvije osobe lak\u0161e povrije\u0111ene\"}]},{\"@type\":\"WebSite\",\"@id\":\"https:\/\/tuzlainfo.ba\/#website\",\"url\":\"https:\/\/tuzlainfo.ba\/\",\"name\":\"TuzlaInfo.ba\",\"description\":\"Tuzla info, gradski informator - Tuzla na dlanu\",\"publisher\":{\"@id\":\"https:\/\/tuzlainfo.ba\/#organization\"},\"potentialAction\":[{\"@type\":\"SearchAction\",\"target\":{\"@type\":\"EntryPoint\",\"urlTemplate\":\"https:\/\/tuzlainfo.ba\/?s={search_term_string}\"},\"query-input\":{\"@type\":\"PropertyValueSpecification\",\"valueRequired\":true,\"valueName\":\"search_term_string\"}}],\"inLanguage\":\"bs-BA\"},{\"@type\":\"Organization\",\"@id\":\"https:\/\/tuzlainfo.ba\/#organization\",\"name\":\"TuzlaInfo.ba\",\"url\":\"https:\/\/tuzlainfo.ba\/\",\"logo\":{\"@type\":\"ImageObject\",\"inLanguage\":\"bs-BA\",\"@id\":\"https:\/\/tuzlainfo.ba\/#\/schema\/logo\/image\/\",\"url\":\"https:\/\/tuzlainfo.ba\/wp-content\/uploads\/2021\/03\/logo-ver-3-1.png\",\"contentUrl\":\"https:\/\/tuzlainfo.ba\/wp-content\/uploads\/2021\/03\/logo-ver-3-1.png\",\"width\":350,\"height\":95,\"caption\":\"TuzlaInfo.ba\"},\"image\":{\"@id\":\"https:\/\/tuzlainfo.ba\/#\/schema\/logo\/image\/\"},\"sameAs\":[\"https:\/\/www.facebook.com\/tuzlainfo.ba\/\"]},{\"@type\":\"Person\",\"@id\":\"https:\/\/tuzlainfo.ba\/#\/schema\/person\/f434e20dc27ea133923aab08451b7f7f\",\"name\":\"nedim\",\"image\":{\"@type\":\"ImageObject\",\"inLanguage\":\"bs-BA\",\"@id\":\"https:\/\/tuzlainfo.ba\/#\/schema\/person\/image\/\",\"url\":\"https:\/\/tuzlainfo.ba\/wp-content\/litespeed\/avatar\/aabad687af24844af817603ac1cbdc4f.jpg?ver=1777306975\",\"contentUrl\":\"https:\/\/tuzlainfo.ba\/wp-content\/litespeed\/avatar\/aabad687af24844af817603ac1cbdc4f.jpg?ver=1777306975\",\"caption\":\"nedim\"},\"description\":\"Tuzlainfo.ba pratite na dru\u0161tvenim mre\u017eama: Facebook, Instagram i Youtube. Svoje pri\u010de, upite i fotografije \u0161aljite na na\u0161u e-mail adresu.\"}]}<\/script>\n<!-- \/ Yoast SEO plugin. -->","yoast_head_json":{"title":"U saobra\u0107ajnoj nesre\u0107i u Solani dvije osobe lak\u0161e povrije\u0111ene - TuzlaInfo.ba","robots":{"index":"index","follow":"follow","max-snippet":"max-snippet:-1","max-image-preview":"max-image-preview:large","max-video-preview":"max-video-preview:-1"},"canonical":"https:\/\/tuzlainfo.ba\/index.php\/novosti\/item\/246741-u-saobracajnoj-nesreci-u-solani-dvije-osobe-lakse-povrijedjene\/","og_locale":"bs_BA","og_type":"article","og_title":"U saobra\u0107ajnoj nesre\u0107i u Solani dvije osobe lak\u0161e povrije\u0111ene - TuzlaInfo.ba","og_description":"U tuzlanskom naselju Solana u Tuzli, jutros oko 8.20 sati dogodila se\u00a0 saobra\u0107ajna nesre\u0107a u&hellip;","og_url":"https:\/\/tuzlainfo.ba\/index.php\/novosti\/item\/246741-u-saobracajnoj-nesreci-u-solani-dvije-osobe-lakse-povrijedjene\/","og_site_name":"TuzlaInfo.ba","article_publisher":"https:\/\/www.facebook.com\/tuzlainfo.ba\/","article_published_time":"2024-08-14T09:39:12+00:00","article_modified_time":"2024-08-14T09:41:20+00:00","og_image":[{"width":800,"height":534,"url":"https:\/\/tuzlainfo.ba\/wp-content\/uploads\/2024\/08\/1408_saobacajna_solana.jpg","type":"image\/jpeg"}],"author":"nedim","twitter_card":"summary_large_image","twitter_misc":{"Written by":"nedim","Est. reading time":"2 minute"},"schema":{"@context":"https:\/\/schema.org","@graph":[{"@type":"Article","@id":"https:\/\/tuzlainfo.ba\/index.php\/novosti\/item\/246741-u-saobracajnoj-nesreci-u-solani-dvije-osobe-lakse-povrijedjene\/#article","isPartOf":{"@id":"https:\/\/tuzlainfo.ba\/index.php\/novosti\/item\/246741-u-saobracajnoj-nesreci-u-solani-dvije-osobe-lakse-povrijedjene\/"},"author":{"name":"nedim","@id":"https:\/\/tuzlainfo.ba\/#\/schema\/person\/f434e20dc27ea133923aab08451b7f7f"},"headline":"U saobra\u0107ajnoj nesre\u0107i u Solani dvije osobe lak\u0161e povrije\u0111ene","datePublished":"2024-08-14T09:39:12+00:00","dateModified":"2024-08-14T09:41:20+00:00","mainEntityOfPage":{"@id":"https:\/\/tuzlainfo.ba\/index.php\/novosti\/item\/246741-u-saobracajnoj-nesreci-u-solani-dvije-osobe-lakse-povrijedjene\/"},"wordCount":203,"publisher":{"@id":"https:\/\/tuzlainfo.ba\/#organization"},"image":{"@id":"https:\/\/tuzlainfo.ba\/index.php\/novosti\/item\/246741-u-saobracajnoj-nesreci-u-solani-dvije-osobe-lakse-povrijedjene\/#primaryimage"},"thumbnailUrl":"https:\/\/tuzlainfo.ba\/wp-content\/uploads\/2024\/08\/1408_saobacajna_solana.jpg","keywords":["crna hronika","saobracajna nesreca","solana","tuzla"],"articleSection":["Istaknuto","Novosti"],"inLanguage":"bs-BA"},{"@type":"WebPage","@id":"https:\/\/tuzlainfo.ba\/index.php\/novosti\/item\/246741-u-saobracajnoj-nesreci-u-solani-dvije-osobe-lakse-povrijedjene\/","url":"https:\/\/tuzlainfo.ba\/index.php\/novosti\/item\/246741-u-saobracajnoj-nesreci-u-solani-dvije-osobe-lakse-povrijedjene\/","name":"U saobra\u0107ajnoj nesre\u0107i u Solani dvije osobe lak\u0161e povrije\u0111ene - TuzlaInfo.ba","isPartOf":{"@id":"https:\/\/tuzlainfo.ba\/#website"},"primaryImageOfPage":{"@id":"https:\/\/tuzlainfo.ba\/index.php\/novosti\/item\/246741-u-saobracajnoj-nesreci-u-solani-dvije-osobe-lakse-povrijedjene\/#primaryimage"},"image":{"@id":"https:\/\/tuzlainfo.ba\/index.php\/novosti\/item\/246741-u-saobracajnoj-nesreci-u-solani-dvije-osobe-lakse-povrijedjene\/#primaryimage"},"thumbnailUrl":"https:\/\/tuzlainfo.ba\/wp-content\/uploads\/2024\/08\/1408_saobacajna_solana.jpg","datePublished":"2024-08-14T09:39:12+00:00","dateModified":"2024-08-14T09:41:20+00:00","breadcrumb":{"@id":"https:\/\/tuzlainfo.ba\/index.php\/novosti\/item\/246741-u-saobracajnoj-nesreci-u-solani-dvije-osobe-lakse-povrijedjene\/#breadcrumb"},"inLanguage":"bs-BA","potentialAction":[{"@type":"ReadAction","target":["https:\/\/tuzlainfo.ba\/index.php\/novosti\/item\/246741-u-saobracajnoj-nesreci-u-solani-dvije-osobe-lakse-povrijedjene\/"]}]},{"@type":"ImageObject","inLanguage":"bs-BA","@id":"https:\/\/tuzlainfo.ba\/index.php\/novosti\/item\/246741-u-saobracajnoj-nesreci-u-solani-dvije-osobe-lakse-povrijedjene\/#primaryimage","url":"https:\/\/tuzlainfo.ba\/wp-content\/uploads\/2024\/08\/1408_saobacajna_solana.jpg","contentUrl":"https:\/\/tuzlainfo.ba\/wp-content\/uploads\/2024\/08\/1408_saobacajna_solana.jpg","width":800,"height":534},{"@type":"BreadcrumbList","@id":"https:\/\/tuzlainfo.ba\/index.php\/novosti\/item\/246741-u-saobracajnoj-nesreci-u-solani-dvije-osobe-lakse-povrijedjene\/#breadcrumb","itemListElement":[{"@type":"ListItem","position":1,"name":"Home","item":"https:\/\/tuzlainfo.ba\/"},{"@type":"ListItem","position":2,"name":"U saobra\u0107ajnoj nesre\u0107i u Solani dvije osobe lak\u0161e povrije\u0111ene"}]},{"@type":"WebSite","@id":"https:\/\/tuzlainfo.ba\/#website","url":"https:\/\/tuzlainfo.ba\/","name":"TuzlaInfo.ba","description":"Tuzla info, gradski informator - Tuzla na dlanu","publisher":{"@id":"https:\/\/tuzlainfo.ba\/#organization"},"potentialAction":[{"@type":"SearchAction","target":{"@type":"EntryPoint","urlTemplate":"https:\/\/tuzlainfo.ba\/?s={search_term_string}"},"query-input":{"@type":"PropertyValueSpecification","valueRequired":true,"valueName":"search_term_string"}}],"inLanguage":"bs-BA"},{"@type":"Organization","@id":"https:\/\/tuzlainfo.ba\/#organization","name":"TuzlaInfo.ba","url":"https:\/\/tuzlainfo.ba\/","logo":{"@type":"ImageObject","inLanguage":"bs-BA","@id":"https:\/\/tuzlainfo.ba\/#\/schema\/logo\/image\/","url":"https:\/\/tuzlainfo.ba\/wp-content\/uploads\/2021\/03\/logo-ver-3-1.png","contentUrl":"https:\/\/tuzlainfo.ba\/wp-content\/uploads\/2021\/03\/logo-ver-3-1.png","width":350,"height":95,"caption":"TuzlaInfo.ba"},"image":{"@id":"https:\/\/tuzlainfo.ba\/#\/schema\/logo\/image\/"},"sameAs":["https:\/\/www.facebook.com\/tuzlainfo.ba\/"]},{"@type":"Person","@id":"https:\/\/tuzlainfo.ba\/#\/schema\/person\/f434e20dc27ea133923aab08451b7f7f","name":"nedim","image":{"@type":"ImageObject","inLanguage":"bs-BA","@id":"https:\/\/tuzlainfo.ba\/#\/schema\/person\/image\/","url":"https:\/\/tuzlainfo.ba\/wp-content\/litespeed\/avatar\/aabad687af24844af817603ac1cbdc4f.jpg?ver=1777306975","contentUrl":"https:\/\/tuzlainfo.ba\/wp-content\/litespeed\/avatar\/aabad687af24844af817603ac1cbdc4f.jpg?ver=1777306975","caption":"nedim"},"description":"Tuzlainfo.ba pratite na dru\u0161tvenim mre\u017eama: Facebook, Instagram i Youtube. Svoje pri\u010de, upite i fotografije \u0161aljite na na\u0161u e-mail adresu."}]}},"_links":{"self":[{"href":"https:\/\/tuzlainfo.ba\/index.php\/wp-json\/wp\/v2\/posts\/246741"}],"collection":[{"href":"https:\/\/tuzlainfo.ba\/index.php\/wp-json\/wp\/v2\/posts"}],"about":[{"href":"https:\/\/tuzlainfo.ba\/index.php\/wp-json\/wp\/v2\/types\/post"}],"author":[{"embeddable":true,"href":"https:\/\/tuzlainfo.ba\/index.php\/wp-json\/wp\/v2\/users\/2"}],"replies":[{"embeddable":true,"href":"https:\/\/tuzlainfo.ba\/index.php\/wp-json\/wp\/v2\/comments?post=246741"}],"version-history":[{"count":2,"href":"https:\/\/tuzlainfo.ba\/index.php\/wp-json\/wp\/v2\/posts\/246741\/revisions"}],"predecessor-version":[{"id":246744,"href":"https:\/\/tuzlainfo.ba\/index.php\/wp-json\/wp\/v2\/posts\/246741\/revisions\/246744"}],"wp:featuredmedia":[{"embeddable":true,"href":"https:\/\/tuzlainfo.ba\/index.php\/wp-json\/wp\/v2\/media\/246742"}],"wp:attachment":[{"href":"https:\/\/tuzlainfo.ba\/index.php\/wp-json\/wp\/v2\/media?parent=246741"}],"wp:term":[{"taxonomy":"category","embeddable":true,"href":"https:\/\/tuzlainfo.ba\/index.php\/wp-json\/wp\/v2\/categories?post=246741"},{"taxonomy":"post_tag","embeddable":true,"href":"https:\/\/tuzlainfo.ba\/index.php\/wp-json\/wp\/v2\/tags?post=246741"}],"curies":[{"name":"wp","href":"https:\/\/api.w.org\/{rel}","templated":true}]}}