{"id":246669,"date":"2024-08-13T15:09:49","date_gmt":"2024-08-13T13:09:49","guid":{"rendered":"https:\/\/tuzlainfo.ba\/?p=246669"},"modified":"2024-08-13T15:09:49","modified_gmt":"2024-08-13T13:09:49","slug":"pronadjeno-bezivotno-tijelo-u-srebreniku-sumnja-se-na-nestalog-muskarca","status":"publish","type":"post","link":"https:\/\/tuzlainfo.ba\/index.php\/istaknuto\/item\/246669-pronadjeno-bezivotno-tijelo-u-srebreniku-sumnja-se-na-nestalog-muskarca\/","title":{"rendered":"Prona\u0111eno be\u017eivotno tijelo u Srebreniku, sumnja se na nestalog mu\u0161karca"},"content":{"rendered":"<div class=\"x78zum5 xdt5ytf xz62fqu x16ldp7u\">\n<div class=\"xu06os2 x1ok221b\">\n<div class=\"xdj266r x11i5rnm xat24cr x1mh8g0r x1vvkbs x126k92a\">\n<p dir=\"auto\">Gorska slu\u017eba spa\u0161avanja Srebrenik sino\u0107 je prona\u0161la be\u017eivotno tijelo. Sumnja se da se radi o nestalom mu\u0161karcu, inicijala \u0160.M.<\/p>\n<p dir=\"auto\">\n<em>&#8220;Dana 12.08. u 22:35h prona\u0111eno je be\u017eivotno tijelo, postoji velika osnovana sumnja da se radi o nestalom \u0160.M. <\/em><em>Nakon obdukcije i DNK analize bit \u0107e potvr\u0111eno da li se radi o nestalom \u0160.M.&#8221;<\/em> &#8211; saop\u0107eno je iz Gorske slu\u017ebe spa\u0161avanja Srebrenik.<\/p>\n<\/div>\n<\/div>\n<\/div>\n<div class=\"x78zum5 xdt5ytf xz62fqu x16ldp7u\">\n<p dir=\"auto\">\nNakon prijave, Gorska slu\u017eba spa\u0161avanja ju\u010der je tokom dana po\u010dela tra\u017eiti nestalog mu\u0161karca.<\/p>\n<p dir=\"auto\"><a href=\"https:\/\/iframe%20src=https:\/\/www.facebook.com\/plugins\/post.php?href=https%3A%2F%2Fwww.facebook.com%2Fgorskasluzbaspasavanja.srebrenik%2Fposts%2Fpfbid027M1RhUNK24H5ekAZg8eeusno5CSNgfGCjWTHGfwrejoq7BWBqetPimRSwXCqcfNml&amp;show_text=true&amp;width=500%20width=500%20height=570%20style=border:none;overflow:hidden%20scrolling=no%20frameborder=0%20allowfullscreen=true%20allow=autoplay;%20clipboard-write;%20encrypted-media;%20picture-in-picture;%20web-share\/iframe\">https:\/\/<iframe style=\"border: none; overflow: hidden;\" src=\"https:\/\/www.facebook.com\/plugins\/post.php?href=https%3A%2F%2Fwww.facebook.com%2Fgorskasluzbaspasavanja.srebrenik%2Fposts%2Fpfbid027M1RhUNK24H5ekAZg8eeusno5CSNgfGCjWTHGfwrejoq7BWBqetPimRSwXCqcfNml&amp;show_text=true&amp;width=500\" width=\"500\" height=\"570\" frameborder=\"0\" scrolling=\"no\" allowfullscreen=\"allowfullscreen\"><\/iframe><\/a><\/p>\n<\/div>\n","protected":false},"excerpt":{"rendered":"<p>Gorska slu\u017eba spa\u0161avanja Srebrenik sino\u0107 je prona\u0161la be\u017eivotno tijelo. Sumnja se da se radi o&hellip;<\/p>\n","protected":false},"author":4,"featured_media":246671,"comment_status":"closed","ping_status":"closed","sticky":false,"template":"","format":"standard","meta":{"_acf_changed":false,"footnotes":""},"categories":[304,12],"tags":[417,2788],"acf":[],"yoast_head":"<!-- This site is optimized with the Yoast SEO plugin v23.5 - https:\/\/yoast.com\/wordpress\/plugins\/seo\/ -->\n<title>Prona\u0111eno be\u017eivotno tijelo u Srebreniku, sumnja se na nestalog mu\u0161karca - TuzlaInfo.ba<\/title>\n<meta name=\"robots\" content=\"index, follow, max-snippet:-1, max-image-preview:large, max-video-preview:-1\" \/>\n<link rel=\"canonical\" href=\"https:\/\/tuzlainfo.ba\/index.php\/istaknuto\/item\/246669-pronadjeno-bezivotno-tijelo-u-srebreniku-sumnja-se-na-nestalog-muskarca\/\" \/>\n<meta property=\"og:locale\" content=\"bs_BA\" \/>\n<meta property=\"og:type\" content=\"article\" \/>\n<meta property=\"og:title\" content=\"Prona\u0111eno be\u017eivotno tijelo u Srebreniku, sumnja se na nestalog mu\u0161karca - TuzlaInfo.ba\" \/>\n<meta property=\"og:description\" content=\"Gorska slu\u017eba spa\u0161avanja Srebrenik sino\u0107 je prona\u0161la be\u017eivotno tijelo. Sumnja se da se radi o&hellip;\" \/>\n<meta property=\"og:url\" content=\"https:\/\/tuzlainfo.ba\/index.php\/istaknuto\/item\/246669-pronadjeno-bezivotno-tijelo-u-srebreniku-sumnja-se-na-nestalog-muskarca\/\" \/>\n<meta property=\"og:site_name\" content=\"TuzlaInfo.ba\" \/>\n<meta property=\"article:publisher\" content=\"https:\/\/www.facebook.com\/tuzlainfo.ba\/\" \/>\n<meta property=\"article:published_time\" content=\"2024-08-13T13:09:49+00:00\" \/>\n<meta property=\"og:image\" content=\"https:\/\/tuzlainfo.ba\/wp-content\/uploads\/2024\/08\/gss-srebrenik.jpg\" \/>\n\t<meta property=\"og:image:width\" content=\"1350\" \/>\n\t<meta property=\"og:image:height\" content=\"1106\" \/>\n\t<meta property=\"og:image:type\" content=\"image\/jpeg\" \/>\n<meta name=\"author\" content=\"Tuzla Info\" \/>\n<meta name=\"twitter:card\" content=\"summary_large_image\" \/>\n<meta name=\"twitter:label1\" content=\"Written by\" \/>\n\t<meta name=\"twitter:data1\" content=\"Tuzla Info\" \/>\n\t<meta name=\"twitter:label2\" content=\"Est. reading time\" \/>\n\t<meta name=\"twitter:data2\" content=\"1 minuta\" \/>\n<script type=\"application\/ld+json\" class=\"yoast-schema-graph\">{\"@context\":\"https:\/\/schema.org\",\"@graph\":[{\"@type\":\"Article\",\"@id\":\"https:\/\/tuzlainfo.ba\/index.php\/istaknuto\/item\/246669-pronadjeno-bezivotno-tijelo-u-srebreniku-sumnja-se-na-nestalog-muskarca\/#article\",\"isPartOf\":{\"@id\":\"https:\/\/tuzlainfo.ba\/index.php\/istaknuto\/item\/246669-pronadjeno-bezivotno-tijelo-u-srebreniku-sumnja-se-na-nestalog-muskarca\/\"},\"author\":{\"name\":\"Tuzla Info\",\"@id\":\"https:\/\/tuzlainfo.ba\/#\/schema\/person\/46cad4c57790cbc50781edd14870825a\"},\"headline\":\"Prona\u0111eno be\u017eivotno tijelo u Srebreniku, sumnja se na nestalog mu\u0161karca\",\"datePublished\":\"2024-08-13T13:09:49+00:00\",\"dateModified\":\"2024-08-13T13:09:49+00:00\",\"mainEntityOfPage\":{\"@id\":\"https:\/\/tuzlainfo.ba\/index.php\/istaknuto\/item\/246669-pronadjeno-bezivotno-tijelo-u-srebreniku-sumnja-se-na-nestalog-muskarca\/\"},\"wordCount\":103,\"publisher\":{\"@id\":\"https:\/\/tuzlainfo.ba\/#organization\"},\"image\":{\"@id\":\"https:\/\/tuzlainfo.ba\/index.php\/istaknuto\/item\/246669-pronadjeno-bezivotno-tijelo-u-srebreniku-sumnja-se-na-nestalog-muskarca\/#primaryimage\"},\"thumbnailUrl\":\"https:\/\/tuzlainfo.ba\/wp-content\/uploads\/2024\/08\/gss-srebrenik.jpg\",\"keywords\":[\"crna hronika\",\"GSS Srebrenik\"],\"articleSection\":[\"Istaknuto\",\"Novosti\"],\"inLanguage\":\"bs-BA\"},{\"@type\":\"WebPage\",\"@id\":\"https:\/\/tuzlainfo.ba\/index.php\/istaknuto\/item\/246669-pronadjeno-bezivotno-tijelo-u-srebreniku-sumnja-se-na-nestalog-muskarca\/\",\"url\":\"https:\/\/tuzlainfo.ba\/index.php\/istaknuto\/item\/246669-pronadjeno-bezivotno-tijelo-u-srebreniku-sumnja-se-na-nestalog-muskarca\/\",\"name\":\"Prona\u0111eno be\u017eivotno tijelo u Srebreniku, sumnja se na nestalog mu\u0161karca - TuzlaInfo.ba\",\"isPartOf\":{\"@id\":\"https:\/\/tuzlainfo.ba\/#website\"},\"primaryImageOfPage\":{\"@id\":\"https:\/\/tuzlainfo.ba\/index.php\/istaknuto\/item\/246669-pronadjeno-bezivotno-tijelo-u-srebreniku-sumnja-se-na-nestalog-muskarca\/#primaryimage\"},\"image\":{\"@id\":\"https:\/\/tuzlainfo.ba\/index.php\/istaknuto\/item\/246669-pronadjeno-bezivotno-tijelo-u-srebreniku-sumnja-se-na-nestalog-muskarca\/#primaryimage\"},\"thumbnailUrl\":\"https:\/\/tuzlainfo.ba\/wp-content\/uploads\/2024\/08\/gss-srebrenik.jpg\",\"datePublished\":\"2024-08-13T13:09:49+00:00\",\"dateModified\":\"2024-08-13T13:09:49+00:00\",\"breadcrumb\":{\"@id\":\"https:\/\/tuzlainfo.ba\/index.php\/istaknuto\/item\/246669-pronadjeno-bezivotno-tijelo-u-srebreniku-sumnja-se-na-nestalog-muskarca\/#breadcrumb\"},\"inLanguage\":\"bs-BA\",\"potentialAction\":[{\"@type\":\"ReadAction\",\"target\":[\"https:\/\/tuzlainfo.ba\/index.php\/istaknuto\/item\/246669-pronadjeno-bezivotno-tijelo-u-srebreniku-sumnja-se-na-nestalog-muskarca\/\"]}]},{\"@type\":\"ImageObject\",\"inLanguage\":\"bs-BA\",\"@id\":\"https:\/\/tuzlainfo.ba\/index.php\/istaknuto\/item\/246669-pronadjeno-bezivotno-tijelo-u-srebreniku-sumnja-se-na-nestalog-muskarca\/#primaryimage\",\"url\":\"https:\/\/tuzlainfo.ba\/wp-content\/uploads\/2024\/08\/gss-srebrenik.jpg\",\"contentUrl\":\"https:\/\/tuzlainfo.ba\/wp-content\/uploads\/2024\/08\/gss-srebrenik.jpg\",\"width\":1350,\"height\":1106},{\"@type\":\"BreadcrumbList\",\"@id\":\"https:\/\/tuzlainfo.ba\/index.php\/istaknuto\/item\/246669-pronadjeno-bezivotno-tijelo-u-srebreniku-sumnja-se-na-nestalog-muskarca\/#breadcrumb\",\"itemListElement\":[{\"@type\":\"ListItem\",\"position\":1,\"name\":\"Home\",\"item\":\"https:\/\/tuzlainfo.ba\/\"},{\"@type\":\"ListItem\",\"position\":2,\"name\":\"Prona\u0111eno be\u017eivotno tijelo u Srebreniku, sumnja se na nestalog mu\u0161karca\"}]},{\"@type\":\"WebSite\",\"@id\":\"https:\/\/tuzlainfo.ba\/#website\",\"url\":\"https:\/\/tuzlainfo.ba\/\",\"name\":\"TuzlaInfo.ba\",\"description\":\"Tuzla info, gradski informator - Tuzla na dlanu\",\"publisher\":{\"@id\":\"https:\/\/tuzlainfo.ba\/#organization\"},\"potentialAction\":[{\"@type\":\"SearchAction\",\"target\":{\"@type\":\"EntryPoint\",\"urlTemplate\":\"https:\/\/tuzlainfo.ba\/?s={search_term_string}\"},\"query-input\":{\"@type\":\"PropertyValueSpecification\",\"valueRequired\":true,\"valueName\":\"search_term_string\"}}],\"inLanguage\":\"bs-BA\"},{\"@type\":\"Organization\",\"@id\":\"https:\/\/tuzlainfo.ba\/#organization\",\"name\":\"TuzlaInfo.ba\",\"url\":\"https:\/\/tuzlainfo.ba\/\",\"logo\":{\"@type\":\"ImageObject\",\"inLanguage\":\"bs-BA\",\"@id\":\"https:\/\/tuzlainfo.ba\/#\/schema\/logo\/image\/\",\"url\":\"https:\/\/tuzlainfo.ba\/wp-content\/uploads\/2021\/03\/logo-ver-3-1.png\",\"contentUrl\":\"https:\/\/tuzlainfo.ba\/wp-content\/uploads\/2021\/03\/logo-ver-3-1.png\",\"width\":350,\"height\":95,\"caption\":\"TuzlaInfo.ba\"},\"image\":{\"@id\":\"https:\/\/tuzlainfo.ba\/#\/schema\/logo\/image\/\"},\"sameAs\":[\"https:\/\/www.facebook.com\/tuzlainfo.ba\/\"]},{\"@type\":\"Person\",\"@id\":\"https:\/\/tuzlainfo.ba\/#\/schema\/person\/46cad4c57790cbc50781edd14870825a\",\"name\":\"Tuzla Info\",\"image\":{\"@type\":\"ImageObject\",\"inLanguage\":\"bs-BA\",\"@id\":\"https:\/\/tuzlainfo.ba\/#\/schema\/person\/image\/\",\"url\":\"https:\/\/tuzlainfo.ba\/wp-content\/litespeed\/avatar\/b6c453a6c38e3654f2e4416c643fc25c.jpg?ver=1777051911\",\"contentUrl\":\"https:\/\/tuzlainfo.ba\/wp-content\/litespeed\/avatar\/b6c453a6c38e3654f2e4416c643fc25c.jpg?ver=1777051911\",\"caption\":\"Tuzla Info\"}}]}<\/script>\n<!-- \/ Yoast SEO plugin. -->","yoast_head_json":{"title":"Prona\u0111eno be\u017eivotno tijelo u Srebreniku, sumnja se na nestalog mu\u0161karca - TuzlaInfo.ba","robots":{"index":"index","follow":"follow","max-snippet":"max-snippet:-1","max-image-preview":"max-image-preview:large","max-video-preview":"max-video-preview:-1"},"canonical":"https:\/\/tuzlainfo.ba\/index.php\/istaknuto\/item\/246669-pronadjeno-bezivotno-tijelo-u-srebreniku-sumnja-se-na-nestalog-muskarca\/","og_locale":"bs_BA","og_type":"article","og_title":"Prona\u0111eno be\u017eivotno tijelo u Srebreniku, sumnja se na nestalog mu\u0161karca - TuzlaInfo.ba","og_description":"Gorska slu\u017eba spa\u0161avanja Srebrenik sino\u0107 je prona\u0161la be\u017eivotno tijelo. Sumnja se da se radi o&hellip;","og_url":"https:\/\/tuzlainfo.ba\/index.php\/istaknuto\/item\/246669-pronadjeno-bezivotno-tijelo-u-srebreniku-sumnja-se-na-nestalog-muskarca\/","og_site_name":"TuzlaInfo.ba","article_publisher":"https:\/\/www.facebook.com\/tuzlainfo.ba\/","article_published_time":"2024-08-13T13:09:49+00:00","og_image":[{"width":1350,"height":1106,"url":"https:\/\/tuzlainfo.ba\/wp-content\/uploads\/2024\/08\/gss-srebrenik.jpg","type":"image\/jpeg"}],"author":"Tuzla Info","twitter_card":"summary_large_image","twitter_misc":{"Written by":"Tuzla Info","Est. reading time":"1 minuta"},"schema":{"@context":"https:\/\/schema.org","@graph":[{"@type":"Article","@id":"https:\/\/tuzlainfo.ba\/index.php\/istaknuto\/item\/246669-pronadjeno-bezivotno-tijelo-u-srebreniku-sumnja-se-na-nestalog-muskarca\/#article","isPartOf":{"@id":"https:\/\/tuzlainfo.ba\/index.php\/istaknuto\/item\/246669-pronadjeno-bezivotno-tijelo-u-srebreniku-sumnja-se-na-nestalog-muskarca\/"},"author":{"name":"Tuzla Info","@id":"https:\/\/tuzlainfo.ba\/#\/schema\/person\/46cad4c57790cbc50781edd14870825a"},"headline":"Prona\u0111eno be\u017eivotno tijelo u Srebreniku, sumnja se na nestalog mu\u0161karca","datePublished":"2024-08-13T13:09:49+00:00","dateModified":"2024-08-13T13:09:49+00:00","mainEntityOfPage":{"@id":"https:\/\/tuzlainfo.ba\/index.php\/istaknuto\/item\/246669-pronadjeno-bezivotno-tijelo-u-srebreniku-sumnja-se-na-nestalog-muskarca\/"},"wordCount":103,"publisher":{"@id":"https:\/\/tuzlainfo.ba\/#organization"},"image":{"@id":"https:\/\/tuzlainfo.ba\/index.php\/istaknuto\/item\/246669-pronadjeno-bezivotno-tijelo-u-srebreniku-sumnja-se-na-nestalog-muskarca\/#primaryimage"},"thumbnailUrl":"https:\/\/tuzlainfo.ba\/wp-content\/uploads\/2024\/08\/gss-srebrenik.jpg","keywords":["crna hronika","GSS Srebrenik"],"articleSection":["Istaknuto","Novosti"],"inLanguage":"bs-BA"},{"@type":"WebPage","@id":"https:\/\/tuzlainfo.ba\/index.php\/istaknuto\/item\/246669-pronadjeno-bezivotno-tijelo-u-srebreniku-sumnja-se-na-nestalog-muskarca\/","url":"https:\/\/tuzlainfo.ba\/index.php\/istaknuto\/item\/246669-pronadjeno-bezivotno-tijelo-u-srebreniku-sumnja-se-na-nestalog-muskarca\/","name":"Prona\u0111eno be\u017eivotno tijelo u Srebreniku, sumnja se na nestalog mu\u0161karca - TuzlaInfo.ba","isPartOf":{"@id":"https:\/\/tuzlainfo.ba\/#website"},"primaryImageOfPage":{"@id":"https:\/\/tuzlainfo.ba\/index.php\/istaknuto\/item\/246669-pronadjeno-bezivotno-tijelo-u-srebreniku-sumnja-se-na-nestalog-muskarca\/#primaryimage"},"image":{"@id":"https:\/\/tuzlainfo.ba\/index.php\/istaknuto\/item\/246669-pronadjeno-bezivotno-tijelo-u-srebreniku-sumnja-se-na-nestalog-muskarca\/#primaryimage"},"thumbnailUrl":"https:\/\/tuzlainfo.ba\/wp-content\/uploads\/2024\/08\/gss-srebrenik.jpg","datePublished":"2024-08-13T13:09:49+00:00","dateModified":"2024-08-13T13:09:49+00:00","breadcrumb":{"@id":"https:\/\/tuzlainfo.ba\/index.php\/istaknuto\/item\/246669-pronadjeno-bezivotno-tijelo-u-srebreniku-sumnja-se-na-nestalog-muskarca\/#breadcrumb"},"inLanguage":"bs-BA","potentialAction":[{"@type":"ReadAction","target":["https:\/\/tuzlainfo.ba\/index.php\/istaknuto\/item\/246669-pronadjeno-bezivotno-tijelo-u-srebreniku-sumnja-se-na-nestalog-muskarca\/"]}]},{"@type":"ImageObject","inLanguage":"bs-BA","@id":"https:\/\/tuzlainfo.ba\/index.php\/istaknuto\/item\/246669-pronadjeno-bezivotno-tijelo-u-srebreniku-sumnja-se-na-nestalog-muskarca\/#primaryimage","url":"https:\/\/tuzlainfo.ba\/wp-content\/uploads\/2024\/08\/gss-srebrenik.jpg","contentUrl":"https:\/\/tuzlainfo.ba\/wp-content\/uploads\/2024\/08\/gss-srebrenik.jpg","width":1350,"height":1106},{"@type":"BreadcrumbList","@id":"https:\/\/tuzlainfo.ba\/index.php\/istaknuto\/item\/246669-pronadjeno-bezivotno-tijelo-u-srebreniku-sumnja-se-na-nestalog-muskarca\/#breadcrumb","itemListElement":[{"@type":"ListItem","position":1,"name":"Home","item":"https:\/\/tuzlainfo.ba\/"},{"@type":"ListItem","position":2,"name":"Prona\u0111eno be\u017eivotno tijelo u Srebreniku, sumnja se na nestalog mu\u0161karca"}]},{"@type":"WebSite","@id":"https:\/\/tuzlainfo.ba\/#website","url":"https:\/\/tuzlainfo.ba\/","name":"TuzlaInfo.ba","description":"Tuzla info, gradski informator - Tuzla na dlanu","publisher":{"@id":"https:\/\/tuzlainfo.ba\/#organization"},"potentialAction":[{"@type":"SearchAction","target":{"@type":"EntryPoint","urlTemplate":"https:\/\/tuzlainfo.ba\/?s={search_term_string}"},"query-input":{"@type":"PropertyValueSpecification","valueRequired":true,"valueName":"search_term_string"}}],"inLanguage":"bs-BA"},{"@type":"Organization","@id":"https:\/\/tuzlainfo.ba\/#organization","name":"TuzlaInfo.ba","url":"https:\/\/tuzlainfo.ba\/","logo":{"@type":"ImageObject","inLanguage":"bs-BA","@id":"https:\/\/tuzlainfo.ba\/#\/schema\/logo\/image\/","url":"https:\/\/tuzlainfo.ba\/wp-content\/uploads\/2021\/03\/logo-ver-3-1.png","contentUrl":"https:\/\/tuzlainfo.ba\/wp-content\/uploads\/2021\/03\/logo-ver-3-1.png","width":350,"height":95,"caption":"TuzlaInfo.ba"},"image":{"@id":"https:\/\/tuzlainfo.ba\/#\/schema\/logo\/image\/"},"sameAs":["https:\/\/www.facebook.com\/tuzlainfo.ba\/"]},{"@type":"Person","@id":"https:\/\/tuzlainfo.ba\/#\/schema\/person\/46cad4c57790cbc50781edd14870825a","name":"Tuzla Info","image":{"@type":"ImageObject","inLanguage":"bs-BA","@id":"https:\/\/tuzlainfo.ba\/#\/schema\/person\/image\/","url":"https:\/\/tuzlainfo.ba\/wp-content\/litespeed\/avatar\/b6c453a6c38e3654f2e4416c643fc25c.jpg?ver=1777051911","contentUrl":"https:\/\/tuzlainfo.ba\/wp-content\/litespeed\/avatar\/b6c453a6c38e3654f2e4416c643fc25c.jpg?ver=1777051911","caption":"Tuzla Info"}}]}},"_links":{"self":[{"href":"https:\/\/tuzlainfo.ba\/index.php\/wp-json\/wp\/v2\/posts\/246669"}],"collection":[{"href":"https:\/\/tuzlainfo.ba\/index.php\/wp-json\/wp\/v2\/posts"}],"about":[{"href":"https:\/\/tuzlainfo.ba\/index.php\/wp-json\/wp\/v2\/types\/post"}],"author":[{"embeddable":true,"href":"https:\/\/tuzlainfo.ba\/index.php\/wp-json\/wp\/v2\/users\/4"}],"replies":[{"embeddable":true,"href":"https:\/\/tuzlainfo.ba\/index.php\/wp-json\/wp\/v2\/comments?post=246669"}],"version-history":[{"count":1,"href":"https:\/\/tuzlainfo.ba\/index.php\/wp-json\/wp\/v2\/posts\/246669\/revisions"}],"predecessor-version":[{"id":246672,"href":"https:\/\/tuzlainfo.ba\/index.php\/wp-json\/wp\/v2\/posts\/246669\/revisions\/246672"}],"wp:featuredmedia":[{"embeddable":true,"href":"https:\/\/tuzlainfo.ba\/index.php\/wp-json\/wp\/v2\/media\/246671"}],"wp:attachment":[{"href":"https:\/\/tuzlainfo.ba\/index.php\/wp-json\/wp\/v2\/media?parent=246669"}],"wp:term":[{"taxonomy":"category","embeddable":true,"href":"https:\/\/tuzlainfo.ba\/index.php\/wp-json\/wp\/v2\/categories?post=246669"},{"taxonomy":"post_tag","embeddable":true,"href":"https:\/\/tuzlainfo.ba\/index.php\/wp-json\/wp\/v2\/tags?post=246669"}],"curies":[{"name":"wp","href":"https:\/\/api.w.org\/{rel}","templated":true}]}}