{"id":246523,"date":"2024-08-12T14:08:24","date_gmt":"2024-08-12T12:08:24","guid":{"rendered":"https:\/\/tuzlainfo.ba\/?p=246523"},"modified":"2024-08-12T14:08:24","modified_gmt":"2024-08-12T12:08:24","slug":"trgovina-diplomama-u-bih-potvrdjena-optuznica-protiv-15-lica-i-sest-univerziteta","status":"publish","type":"post","link":"https:\/\/tuzlainfo.ba\/index.php\/bosna-i-hercegovina\/item\/246523-trgovina-diplomama-u-bih-potvrdjena-optuznica-protiv-15-lica-i-sest-univerziteta\/","title":{"rendered":"Trgovina diplomama u BiH: Potvr\u0111ena optu\u017enica protiv 15 lica i \u0161est univerziteta"},"content":{"rendered":"<p>Sud BiH potvrdio je optu\u017enicu protiv 15 fizi\u010dkih lica i \u0161est privatnih visoko\u0161kolskih ustanova zbog trgovine visoko\u0161kolskim diplomama. Optu\u017enica uklju\u010duje osobe povezane sa univerzitetima u Banjaluci, Mostaru i Br\u010dko distriktu, a me\u0111u optu\u017eenima su biv\u0161i rektori, profesori i menad\u017eeri.<\/p>\n<p>Optu\u017eeni su Zoran Kalini\u0107, biv\u0161i rektor Nezavisnog univerziteta Banjaluka, Dragan Ili\u0107, biv\u0161i suvlasnik Visoke \u0161kole za primijenjene i pravne nauke \u201cPrometej\u201d Banjaluka, te Vladimir Stojanovi\u0107, biv\u0161i vr\u0161ilac du\u017enosti rektora Univerziteta modernih nauka CKM Mostar i direktor Visoke \u0161kole \u201cUnion\u201d Mostar. Tako\u0111e su optu\u017eeni Dragan \u0110uranovi\u0107, biv\u0161i rektor Univerziteta za poslovni in\u017eenjering i menad\u017ement PIM Banjaluka, Denis Pra\u010di\u0107, biv\u0161i menad\u017eer na Visokoj \u0161koli \u201cUnion\u201d Mostar i Univerzitetu modernih nauka Mostar, kao i Mirko Tufegd\u017eija, biv\u0161i zaposlenik Univerziteta PIM Banjaluka.<\/p>\n<p>Ljubi\u0161a Todorovi\u0107, biv\u0161i zaposlenik Visoke \u0161kole \u201cPrometej\u201d Banjaluka i CKM Univerziteta Mostar, Dragan Golijan, biv\u0161i profesor na Viktorija internacionalnom univerzitetu Mostar, te Vaso Paji\u0107, koji je pod mjerama zabrane, tako\u0111e su me\u0111u optu\u017eenima. Ostali optu\u017eeni uklju\u010duju Vojislava \u0160krbi\u0107a, profesora emeritusa na PIM Banjaluka, Goran Lalovi\u0107, i Du\u0161ana Peri\u0107a, biv\u0161eg zaposlenika Nezavisnog univerziteta Banjaluka. Senad Sinanovi\u0107, Ljubinka Dobra\u0161 i Miodrag Tepi\u0107 tako\u0111e su navedeni u optu\u017enici.<\/p>\n","protected":false},"excerpt":{"rendered":"<p>Sud BiH potvrdio je optu\u017enicu protiv 15 fizi\u010dkih lica i \u0161est privatnih visoko\u0161kolskih ustanova zbog&hellip;<\/p>\n","protected":false},"author":2,"featured_media":86769,"comment_status":"closed","ping_status":"closed","sticky":false,"template":"","format":"standard","meta":{"_acf_changed":false,"footnotes":""},"categories":[291,304],"tags":[6341,726],"acf":[],"yoast_head":"<!-- This site is optimized with the Yoast SEO plugin v23.5 - https:\/\/yoast.com\/wordpress\/plugins\/seo\/ -->\n<title>Trgovina diplomama u BiH: Potvr\u0111ena optu\u017enica protiv 15 lica i \u0161est univerziteta - TuzlaInfo.ba<\/title>\n<meta name=\"robots\" content=\"index, follow, max-snippet:-1, max-image-preview:large, max-video-preview:-1\" \/>\n<link rel=\"canonical\" href=\"https:\/\/tuzlainfo.ba\/index.php\/bosna-i-hercegovina\/item\/246523-trgovina-diplomama-u-bih-potvrdjena-optuznica-protiv-15-lica-i-sest-univerziteta\/\" \/>\n<meta property=\"og:locale\" content=\"bs_BA\" \/>\n<meta property=\"og:type\" content=\"article\" \/>\n<meta property=\"og:title\" content=\"Trgovina diplomama u BiH: Potvr\u0111ena optu\u017enica protiv 15 lica i \u0161est univerziteta - TuzlaInfo.ba\" \/>\n<meta property=\"og:description\" content=\"Sud BiH potvrdio je optu\u017enicu protiv 15 fizi\u010dkih lica i \u0161est privatnih visoko\u0161kolskih ustanova zbog&hellip;\" \/>\n<meta property=\"og:url\" content=\"https:\/\/tuzlainfo.ba\/index.php\/bosna-i-hercegovina\/item\/246523-trgovina-diplomama-u-bih-potvrdjena-optuznica-protiv-15-lica-i-sest-univerziteta\/\" \/>\n<meta property=\"og:site_name\" content=\"TuzlaInfo.ba\" \/>\n<meta property=\"article:publisher\" content=\"https:\/\/www.facebook.com\/tuzlainfo.ba\/\" \/>\n<meta property=\"article:published_time\" content=\"2024-08-12T12:08:24+00:00\" \/>\n<meta property=\"og:image\" content=\"https:\/\/tuzlainfo.ba\/wp-content\/uploads\/2021\/02\/sadrzaj_2021_20210201_2302_diplome.jpg\" \/>\n\t<meta property=\"og:image:width\" content=\"770\" \/>\n\t<meta property=\"og:image:height\" content=\"415\" \/>\n\t<meta property=\"og:image:type\" content=\"image\/jpeg\" \/>\n<meta name=\"author\" content=\"nedim\" \/>\n<meta name=\"twitter:card\" content=\"summary_large_image\" \/>\n<meta name=\"twitter:label1\" content=\"Written by\" \/>\n\t<meta name=\"twitter:data1\" content=\"nedim\" \/>\n\t<meta name=\"twitter:label2\" content=\"Est. reading time\" \/>\n\t<meta name=\"twitter:data2\" content=\"2 minute\" \/>\n<script type=\"application\/ld+json\" class=\"yoast-schema-graph\">{\"@context\":\"https:\/\/schema.org\",\"@graph\":[{\"@type\":\"Article\",\"@id\":\"https:\/\/tuzlainfo.ba\/index.php\/bosna-i-hercegovina\/item\/246523-trgovina-diplomama-u-bih-potvrdjena-optuznica-protiv-15-lica-i-sest-univerziteta\/#article\",\"isPartOf\":{\"@id\":\"https:\/\/tuzlainfo.ba\/index.php\/bosna-i-hercegovina\/item\/246523-trgovina-diplomama-u-bih-potvrdjena-optuznica-protiv-15-lica-i-sest-univerziteta\/\"},\"author\":{\"name\":\"nedim\",\"@id\":\"https:\/\/tuzlainfo.ba\/#\/schema\/person\/f434e20dc27ea133923aab08451b7f7f\"},\"headline\":\"Trgovina diplomama u BiH: Potvr\u0111ena optu\u017enica protiv 15 lica i \u0161est univerziteta\",\"datePublished\":\"2024-08-12T12:08:24+00:00\",\"dateModified\":\"2024-08-12T12:08:24+00:00\",\"mainEntityOfPage\":{\"@id\":\"https:\/\/tuzlainfo.ba\/index.php\/bosna-i-hercegovina\/item\/246523-trgovina-diplomama-u-bih-potvrdjena-optuznica-protiv-15-lica-i-sest-univerziteta\/\"},\"wordCount\":235,\"publisher\":{\"@id\":\"https:\/\/tuzlainfo.ba\/#organization\"},\"image\":{\"@id\":\"https:\/\/tuzlainfo.ba\/index.php\/bosna-i-hercegovina\/item\/246523-trgovina-diplomama-u-bih-potvrdjena-optuznica-protiv-15-lica-i-sest-univerziteta\/#primaryimage\"},\"thumbnailUrl\":\"https:\/\/tuzlainfo.ba\/wp-content\/uploads\/2021\/02\/sadrzaj_2021_20210201_2302_diplome.jpg\",\"keywords\":[\"kupovina diploma\",\"sud bih\"],\"articleSection\":[\"Bosna i Hercegovina\",\"Istaknuto\"],\"inLanguage\":\"bs-BA\"},{\"@type\":\"WebPage\",\"@id\":\"https:\/\/tuzlainfo.ba\/index.php\/bosna-i-hercegovina\/item\/246523-trgovina-diplomama-u-bih-potvrdjena-optuznica-protiv-15-lica-i-sest-univerziteta\/\",\"url\":\"https:\/\/tuzlainfo.ba\/index.php\/bosna-i-hercegovina\/item\/246523-trgovina-diplomama-u-bih-potvrdjena-optuznica-protiv-15-lica-i-sest-univerziteta\/\",\"name\":\"Trgovina diplomama u BiH: Potvr\u0111ena optu\u017enica protiv 15 lica i \u0161est univerziteta - TuzlaInfo.ba\",\"isPartOf\":{\"@id\":\"https:\/\/tuzlainfo.ba\/#website\"},\"primaryImageOfPage\":{\"@id\":\"https:\/\/tuzlainfo.ba\/index.php\/bosna-i-hercegovina\/item\/246523-trgovina-diplomama-u-bih-potvrdjena-optuznica-protiv-15-lica-i-sest-univerziteta\/#primaryimage\"},\"image\":{\"@id\":\"https:\/\/tuzlainfo.ba\/index.php\/bosna-i-hercegovina\/item\/246523-trgovina-diplomama-u-bih-potvrdjena-optuznica-protiv-15-lica-i-sest-univerziteta\/#primaryimage\"},\"thumbnailUrl\":\"https:\/\/tuzlainfo.ba\/wp-content\/uploads\/2021\/02\/sadrzaj_2021_20210201_2302_diplome.jpg\",\"datePublished\":\"2024-08-12T12:08:24+00:00\",\"dateModified\":\"2024-08-12T12:08:24+00:00\",\"breadcrumb\":{\"@id\":\"https:\/\/tuzlainfo.ba\/index.php\/bosna-i-hercegovina\/item\/246523-trgovina-diplomama-u-bih-potvrdjena-optuznica-protiv-15-lica-i-sest-univerziteta\/#breadcrumb\"},\"inLanguage\":\"bs-BA\",\"potentialAction\":[{\"@type\":\"ReadAction\",\"target\":[\"https:\/\/tuzlainfo.ba\/index.php\/bosna-i-hercegovina\/item\/246523-trgovina-diplomama-u-bih-potvrdjena-optuznica-protiv-15-lica-i-sest-univerziteta\/\"]}]},{\"@type\":\"ImageObject\",\"inLanguage\":\"bs-BA\",\"@id\":\"https:\/\/tuzlainfo.ba\/index.php\/bosna-i-hercegovina\/item\/246523-trgovina-diplomama-u-bih-potvrdjena-optuznica-protiv-15-lica-i-sest-univerziteta\/#primaryimage\",\"url\":\"https:\/\/tuzlainfo.ba\/wp-content\/uploads\/2021\/02\/sadrzaj_2021_20210201_2302_diplome.jpg\",\"contentUrl\":\"https:\/\/tuzlainfo.ba\/wp-content\/uploads\/2021\/02\/sadrzaj_2021_20210201_2302_diplome.jpg\",\"width\":770,\"height\":415,\"caption\":\"2302 diplome\"},{\"@type\":\"BreadcrumbList\",\"@id\":\"https:\/\/tuzlainfo.ba\/index.php\/bosna-i-hercegovina\/item\/246523-trgovina-diplomama-u-bih-potvrdjena-optuznica-protiv-15-lica-i-sest-univerziteta\/#breadcrumb\",\"itemListElement\":[{\"@type\":\"ListItem\",\"position\":1,\"name\":\"Home\",\"item\":\"https:\/\/tuzlainfo.ba\/\"},{\"@type\":\"ListItem\",\"position\":2,\"name\":\"Trgovina diplomama u BiH: Potvr\u0111ena optu\u017enica protiv 15 lica i \u0161est univerziteta\"}]},{\"@type\":\"WebSite\",\"@id\":\"https:\/\/tuzlainfo.ba\/#website\",\"url\":\"https:\/\/tuzlainfo.ba\/\",\"name\":\"TuzlaInfo.ba\",\"description\":\"Tuzla info, gradski informator - Tuzla na dlanu\",\"publisher\":{\"@id\":\"https:\/\/tuzlainfo.ba\/#organization\"},\"potentialAction\":[{\"@type\":\"SearchAction\",\"target\":{\"@type\":\"EntryPoint\",\"urlTemplate\":\"https:\/\/tuzlainfo.ba\/?s={search_term_string}\"},\"query-input\":{\"@type\":\"PropertyValueSpecification\",\"valueRequired\":true,\"valueName\":\"search_term_string\"}}],\"inLanguage\":\"bs-BA\"},{\"@type\":\"Organization\",\"@id\":\"https:\/\/tuzlainfo.ba\/#organization\",\"name\":\"TuzlaInfo.ba\",\"url\":\"https:\/\/tuzlainfo.ba\/\",\"logo\":{\"@type\":\"ImageObject\",\"inLanguage\":\"bs-BA\",\"@id\":\"https:\/\/tuzlainfo.ba\/#\/schema\/logo\/image\/\",\"url\":\"https:\/\/tuzlainfo.ba\/wp-content\/uploads\/2021\/03\/logo-ver-3-1.png\",\"contentUrl\":\"https:\/\/tuzlainfo.ba\/wp-content\/uploads\/2021\/03\/logo-ver-3-1.png\",\"width\":350,\"height\":95,\"caption\":\"TuzlaInfo.ba\"},\"image\":{\"@id\":\"https:\/\/tuzlainfo.ba\/#\/schema\/logo\/image\/\"},\"sameAs\":[\"https:\/\/www.facebook.com\/tuzlainfo.ba\/\"]},{\"@type\":\"Person\",\"@id\":\"https:\/\/tuzlainfo.ba\/#\/schema\/person\/f434e20dc27ea133923aab08451b7f7f\",\"name\":\"nedim\",\"image\":{\"@type\":\"ImageObject\",\"inLanguage\":\"bs-BA\",\"@id\":\"https:\/\/tuzlainfo.ba\/#\/schema\/person\/image\/\",\"url\":\"https:\/\/tuzlainfo.ba\/wp-content\/litespeed\/avatar\/aabad687af24844af817603ac1cbdc4f.jpg?ver=1777306975\",\"contentUrl\":\"https:\/\/tuzlainfo.ba\/wp-content\/litespeed\/avatar\/aabad687af24844af817603ac1cbdc4f.jpg?ver=1777306975\",\"caption\":\"nedim\"},\"description\":\"Tuzlainfo.ba pratite na dru\u0161tvenim mre\u017eama: Facebook, Instagram i Youtube. Svoje pri\u010de, upite i fotografije \u0161aljite na na\u0161u e-mail adresu.\"}]}<\/script>\n<!-- \/ Yoast SEO plugin. -->","yoast_head_json":{"title":"Trgovina diplomama u BiH: Potvr\u0111ena optu\u017enica protiv 15 lica i \u0161est univerziteta - TuzlaInfo.ba","robots":{"index":"index","follow":"follow","max-snippet":"max-snippet:-1","max-image-preview":"max-image-preview:large","max-video-preview":"max-video-preview:-1"},"canonical":"https:\/\/tuzlainfo.ba\/index.php\/bosna-i-hercegovina\/item\/246523-trgovina-diplomama-u-bih-potvrdjena-optuznica-protiv-15-lica-i-sest-univerziteta\/","og_locale":"bs_BA","og_type":"article","og_title":"Trgovina diplomama u BiH: Potvr\u0111ena optu\u017enica protiv 15 lica i \u0161est univerziteta - TuzlaInfo.ba","og_description":"Sud BiH potvrdio je optu\u017enicu protiv 15 fizi\u010dkih lica i \u0161est privatnih visoko\u0161kolskih ustanova zbog&hellip;","og_url":"https:\/\/tuzlainfo.ba\/index.php\/bosna-i-hercegovina\/item\/246523-trgovina-diplomama-u-bih-potvrdjena-optuznica-protiv-15-lica-i-sest-univerziteta\/","og_site_name":"TuzlaInfo.ba","article_publisher":"https:\/\/www.facebook.com\/tuzlainfo.ba\/","article_published_time":"2024-08-12T12:08:24+00:00","og_image":[{"width":770,"height":415,"url":"https:\/\/tuzlainfo.ba\/wp-content\/uploads\/2021\/02\/sadrzaj_2021_20210201_2302_diplome.jpg","type":"image\/jpeg"}],"author":"nedim","twitter_card":"summary_large_image","twitter_misc":{"Written by":"nedim","Est. reading time":"2 minute"},"schema":{"@context":"https:\/\/schema.org","@graph":[{"@type":"Article","@id":"https:\/\/tuzlainfo.ba\/index.php\/bosna-i-hercegovina\/item\/246523-trgovina-diplomama-u-bih-potvrdjena-optuznica-protiv-15-lica-i-sest-univerziteta\/#article","isPartOf":{"@id":"https:\/\/tuzlainfo.ba\/index.php\/bosna-i-hercegovina\/item\/246523-trgovina-diplomama-u-bih-potvrdjena-optuznica-protiv-15-lica-i-sest-univerziteta\/"},"author":{"name":"nedim","@id":"https:\/\/tuzlainfo.ba\/#\/schema\/person\/f434e20dc27ea133923aab08451b7f7f"},"headline":"Trgovina diplomama u BiH: Potvr\u0111ena optu\u017enica protiv 15 lica i \u0161est univerziteta","datePublished":"2024-08-12T12:08:24+00:00","dateModified":"2024-08-12T12:08:24+00:00","mainEntityOfPage":{"@id":"https:\/\/tuzlainfo.ba\/index.php\/bosna-i-hercegovina\/item\/246523-trgovina-diplomama-u-bih-potvrdjena-optuznica-protiv-15-lica-i-sest-univerziteta\/"},"wordCount":235,"publisher":{"@id":"https:\/\/tuzlainfo.ba\/#organization"},"image":{"@id":"https:\/\/tuzlainfo.ba\/index.php\/bosna-i-hercegovina\/item\/246523-trgovina-diplomama-u-bih-potvrdjena-optuznica-protiv-15-lica-i-sest-univerziteta\/#primaryimage"},"thumbnailUrl":"https:\/\/tuzlainfo.ba\/wp-content\/uploads\/2021\/02\/sadrzaj_2021_20210201_2302_diplome.jpg","keywords":["kupovina diploma","sud bih"],"articleSection":["Bosna i Hercegovina","Istaknuto"],"inLanguage":"bs-BA"},{"@type":"WebPage","@id":"https:\/\/tuzlainfo.ba\/index.php\/bosna-i-hercegovina\/item\/246523-trgovina-diplomama-u-bih-potvrdjena-optuznica-protiv-15-lica-i-sest-univerziteta\/","url":"https:\/\/tuzlainfo.ba\/index.php\/bosna-i-hercegovina\/item\/246523-trgovina-diplomama-u-bih-potvrdjena-optuznica-protiv-15-lica-i-sest-univerziteta\/","name":"Trgovina diplomama u BiH: Potvr\u0111ena optu\u017enica protiv 15 lica i \u0161est univerziteta - TuzlaInfo.ba","isPartOf":{"@id":"https:\/\/tuzlainfo.ba\/#website"},"primaryImageOfPage":{"@id":"https:\/\/tuzlainfo.ba\/index.php\/bosna-i-hercegovina\/item\/246523-trgovina-diplomama-u-bih-potvrdjena-optuznica-protiv-15-lica-i-sest-univerziteta\/#primaryimage"},"image":{"@id":"https:\/\/tuzlainfo.ba\/index.php\/bosna-i-hercegovina\/item\/246523-trgovina-diplomama-u-bih-potvrdjena-optuznica-protiv-15-lica-i-sest-univerziteta\/#primaryimage"},"thumbnailUrl":"https:\/\/tuzlainfo.ba\/wp-content\/uploads\/2021\/02\/sadrzaj_2021_20210201_2302_diplome.jpg","datePublished":"2024-08-12T12:08:24+00:00","dateModified":"2024-08-12T12:08:24+00:00","breadcrumb":{"@id":"https:\/\/tuzlainfo.ba\/index.php\/bosna-i-hercegovina\/item\/246523-trgovina-diplomama-u-bih-potvrdjena-optuznica-protiv-15-lica-i-sest-univerziteta\/#breadcrumb"},"inLanguage":"bs-BA","potentialAction":[{"@type":"ReadAction","target":["https:\/\/tuzlainfo.ba\/index.php\/bosna-i-hercegovina\/item\/246523-trgovina-diplomama-u-bih-potvrdjena-optuznica-protiv-15-lica-i-sest-univerziteta\/"]}]},{"@type":"ImageObject","inLanguage":"bs-BA","@id":"https:\/\/tuzlainfo.ba\/index.php\/bosna-i-hercegovina\/item\/246523-trgovina-diplomama-u-bih-potvrdjena-optuznica-protiv-15-lica-i-sest-univerziteta\/#primaryimage","url":"https:\/\/tuzlainfo.ba\/wp-content\/uploads\/2021\/02\/sadrzaj_2021_20210201_2302_diplome.jpg","contentUrl":"https:\/\/tuzlainfo.ba\/wp-content\/uploads\/2021\/02\/sadrzaj_2021_20210201_2302_diplome.jpg","width":770,"height":415,"caption":"2302 diplome"},{"@type":"BreadcrumbList","@id":"https:\/\/tuzlainfo.ba\/index.php\/bosna-i-hercegovina\/item\/246523-trgovina-diplomama-u-bih-potvrdjena-optuznica-protiv-15-lica-i-sest-univerziteta\/#breadcrumb","itemListElement":[{"@type":"ListItem","position":1,"name":"Home","item":"https:\/\/tuzlainfo.ba\/"},{"@type":"ListItem","position":2,"name":"Trgovina diplomama u BiH: Potvr\u0111ena optu\u017enica protiv 15 lica i \u0161est univerziteta"}]},{"@type":"WebSite","@id":"https:\/\/tuzlainfo.ba\/#website","url":"https:\/\/tuzlainfo.ba\/","name":"TuzlaInfo.ba","description":"Tuzla info, gradski informator - Tuzla na dlanu","publisher":{"@id":"https:\/\/tuzlainfo.ba\/#organization"},"potentialAction":[{"@type":"SearchAction","target":{"@type":"EntryPoint","urlTemplate":"https:\/\/tuzlainfo.ba\/?s={search_term_string}"},"query-input":{"@type":"PropertyValueSpecification","valueRequired":true,"valueName":"search_term_string"}}],"inLanguage":"bs-BA"},{"@type":"Organization","@id":"https:\/\/tuzlainfo.ba\/#organization","name":"TuzlaInfo.ba","url":"https:\/\/tuzlainfo.ba\/","logo":{"@type":"ImageObject","inLanguage":"bs-BA","@id":"https:\/\/tuzlainfo.ba\/#\/schema\/logo\/image\/","url":"https:\/\/tuzlainfo.ba\/wp-content\/uploads\/2021\/03\/logo-ver-3-1.png","contentUrl":"https:\/\/tuzlainfo.ba\/wp-content\/uploads\/2021\/03\/logo-ver-3-1.png","width":350,"height":95,"caption":"TuzlaInfo.ba"},"image":{"@id":"https:\/\/tuzlainfo.ba\/#\/schema\/logo\/image\/"},"sameAs":["https:\/\/www.facebook.com\/tuzlainfo.ba\/"]},{"@type":"Person","@id":"https:\/\/tuzlainfo.ba\/#\/schema\/person\/f434e20dc27ea133923aab08451b7f7f","name":"nedim","image":{"@type":"ImageObject","inLanguage":"bs-BA","@id":"https:\/\/tuzlainfo.ba\/#\/schema\/person\/image\/","url":"https:\/\/tuzlainfo.ba\/wp-content\/litespeed\/avatar\/aabad687af24844af817603ac1cbdc4f.jpg?ver=1777306975","contentUrl":"https:\/\/tuzlainfo.ba\/wp-content\/litespeed\/avatar\/aabad687af24844af817603ac1cbdc4f.jpg?ver=1777306975","caption":"nedim"},"description":"Tuzlainfo.ba pratite na dru\u0161tvenim mre\u017eama: Facebook, Instagram i Youtube. Svoje pri\u010de, upite i fotografije \u0161aljite na na\u0161u e-mail adresu."}]}},"_links":{"self":[{"href":"https:\/\/tuzlainfo.ba\/index.php\/wp-json\/wp\/v2\/posts\/246523"}],"collection":[{"href":"https:\/\/tuzlainfo.ba\/index.php\/wp-json\/wp\/v2\/posts"}],"about":[{"href":"https:\/\/tuzlainfo.ba\/index.php\/wp-json\/wp\/v2\/types\/post"}],"author":[{"embeddable":true,"href":"https:\/\/tuzlainfo.ba\/index.php\/wp-json\/wp\/v2\/users\/2"}],"replies":[{"embeddable":true,"href":"https:\/\/tuzlainfo.ba\/index.php\/wp-json\/wp\/v2\/comments?post=246523"}],"version-history":[{"count":1,"href":"https:\/\/tuzlainfo.ba\/index.php\/wp-json\/wp\/v2\/posts\/246523\/revisions"}],"predecessor-version":[{"id":246524,"href":"https:\/\/tuzlainfo.ba\/index.php\/wp-json\/wp\/v2\/posts\/246523\/revisions\/246524"}],"wp:featuredmedia":[{"embeddable":true,"href":"https:\/\/tuzlainfo.ba\/index.php\/wp-json\/wp\/v2\/media\/86769"}],"wp:attachment":[{"href":"https:\/\/tuzlainfo.ba\/index.php\/wp-json\/wp\/v2\/media?parent=246523"}],"wp:term":[{"taxonomy":"category","embeddable":true,"href":"https:\/\/tuzlainfo.ba\/index.php\/wp-json\/wp\/v2\/categories?post=246523"},{"taxonomy":"post_tag","embeddable":true,"href":"https:\/\/tuzlainfo.ba\/index.php\/wp-json\/wp\/v2\/tags?post=246523"}],"curies":[{"name":"wp","href":"https:\/\/api.w.org\/{rel}","templated":true}]}}