{"id":246497,"date":"2024-08-12T10:24:03","date_gmt":"2024-08-12T08:24:03","guid":{"rendered":"https:\/\/tuzlainfo.ba\/?p=246497"},"modified":"2024-08-12T10:24:03","modified_gmt":"2024-08-12T08:24:03","slug":"ubistvo-u-sapni-jedna-osoba-uhapsena","status":"publish","type":"post","link":"https:\/\/tuzlainfo.ba\/index.php\/istaknuto\/item\/246497-ubistvo-u-sapni-jedna-osoba-uhapsena\/","title":{"rendered":"Ubistvo u Sapni, jedna osoba uhap\u0161ena"},"content":{"rendered":"<p>Dana, 11.08.2024.godine, PU Kalesija\/PS Sapna je zaprimila prijavu da se u ku\u0107i na podru\u010dju op\u0107ine Sapna nalazi be\u017eivotno mu\u0161ko tijelo. Postupaju\u0107i po navedenoj prijavi, policijski slu\u017ebenici su odmah iza\u0161li na lice mjesta, kojom prilikom su potvr\u0111eni navodi prijave, te je utvr\u0111eno da se radi o S.M., ro\u0111en 1977.godine, \u010diju smrt je konstatovao de\u017eurni ljekar &#8211; mrtvozornik Doma zdravlja Sapna.<\/p>\n<p>Uvi\u0111aj na mjestu doga\u0111aja obavili su tu\u017eilac Kantonalnog tu\u017eila\u0161tva Tuzlanskog kantona i policijski slu\u017ebenici Sektora kriminalisti\u010dke policije Uprave policije MUP-a Tuzlanskog kantona.<\/p>\n<p>Sve dalje istra\u017ene mjere i radnje poduzimaju se po nalogu postupaju\u0107eg tu\u017eioca. Preduzetim operativnim radnjama policijskih slu\u017ebenika, do\u0161lo se do saznanja da se radi o krivi\u010dnom djelu Ubistvo, te je zbog postojanja osnova sumnje da je po\u010dinio navedeno krivi\u010dno djelo istog dana li\u0161en slobode E.A., ro\u0111en 1991.godine iz Sapne, koji je priveden u slu\u017ebene prostorije radi kriminalisti\u010dke odrade, nakon koje \u0107e uz Izvje\u0161taj biti predat Kantonalnom tu\u017eila\u0161tvu Tuzlanskog kantona na nadle\u017enost i dalje postupanje.<\/p>\n<p>&nbsp;<\/p>\n<p>&nbsp;<\/p>\n<div class=\"post_date\"><\/div>\n","protected":false},"excerpt":{"rendered":"<p>Dana, 11.08.2024.godine, PU Kalesija\/PS Sapna je zaprimila prijavu da se u ku\u0107i na podru\u010dju op\u0107ine&hellip;<\/p>\n","protected":false},"author":4,"featured_media":218123,"comment_status":"closed","ping_status":"closed","sticky":false,"template":"","format":"standard","meta":{"_acf_changed":false,"footnotes":""},"categories":[304,12],"tags":[856,1418],"acf":[],"yoast_head":"<!-- This site is optimized with the Yoast SEO plugin v23.5 - https:\/\/yoast.com\/wordpress\/plugins\/seo\/ -->\n<title>Ubistvo u Sapni, jedna osoba uhap\u0161ena - TuzlaInfo.ba<\/title>\n<meta name=\"robots\" content=\"index, follow, max-snippet:-1, max-image-preview:large, max-video-preview:-1\" \/>\n<link rel=\"canonical\" href=\"https:\/\/tuzlainfo.ba\/index.php\/istaknuto\/item\/246497-ubistvo-u-sapni-jedna-osoba-uhapsena\/\" \/>\n<meta property=\"og:locale\" content=\"bs_BA\" \/>\n<meta property=\"og:type\" content=\"article\" \/>\n<meta property=\"og:title\" content=\"Ubistvo u Sapni, jedna osoba uhap\u0161ena - TuzlaInfo.ba\" \/>\n<meta property=\"og:description\" content=\"Dana, 11.08.2024.godine, PU Kalesija\/PS Sapna je zaprimila prijavu da se u ku\u0107i na podru\u010dju op\u0107ine&hellip;\" \/>\n<meta property=\"og:url\" content=\"https:\/\/tuzlainfo.ba\/index.php\/istaknuto\/item\/246497-ubistvo-u-sapni-jedna-osoba-uhapsena\/\" \/>\n<meta property=\"og:site_name\" content=\"TuzlaInfo.ba\" \/>\n<meta property=\"article:publisher\" content=\"https:\/\/www.facebook.com\/tuzlainfo.ba\/\" \/>\n<meta property=\"article:published_time\" content=\"2024-08-12T08:24:03+00:00\" \/>\n<meta property=\"og:image\" content=\"https:\/\/tuzlainfo.ba\/wp-content\/uploads\/2023\/09\/stop_policija_-4.jpg\" \/>\n\t<meta property=\"og:image:width\" content=\"1000\" \/>\n\t<meta property=\"og:image:height\" content=\"697\" \/>\n\t<meta property=\"og:image:type\" content=\"image\/jpeg\" \/>\n<meta name=\"author\" content=\"Tuzla Info\" \/>\n<meta name=\"twitter:card\" content=\"summary_large_image\" \/>\n<meta name=\"twitter:label1\" content=\"Written by\" \/>\n\t<meta name=\"twitter:data1\" content=\"Tuzla Info\" \/>\n\t<meta name=\"twitter:label2\" content=\"Est. reading time\" \/>\n\t<meta name=\"twitter:data2\" content=\"2 minute\" \/>\n<script type=\"application\/ld+json\" class=\"yoast-schema-graph\">{\"@context\":\"https:\/\/schema.org\",\"@graph\":[{\"@type\":\"Article\",\"@id\":\"https:\/\/tuzlainfo.ba\/index.php\/istaknuto\/item\/246497-ubistvo-u-sapni-jedna-osoba-uhapsena\/#article\",\"isPartOf\":{\"@id\":\"https:\/\/tuzlainfo.ba\/index.php\/istaknuto\/item\/246497-ubistvo-u-sapni-jedna-osoba-uhapsena\/\"},\"author\":{\"name\":\"Tuzla Info\",\"@id\":\"https:\/\/tuzlainfo.ba\/#\/schema\/person\/46cad4c57790cbc50781edd14870825a\"},\"headline\":\"Ubistvo u Sapni, jedna osoba uhap\u0161ena\",\"datePublished\":\"2024-08-12T08:24:03+00:00\",\"dateModified\":\"2024-08-12T08:24:03+00:00\",\"mainEntityOfPage\":{\"@id\":\"https:\/\/tuzlainfo.ba\/index.php\/istaknuto\/item\/246497-ubistvo-u-sapni-jedna-osoba-uhapsena\/\"},\"wordCount\":202,\"publisher\":{\"@id\":\"https:\/\/tuzlainfo.ba\/#organization\"},\"image\":{\"@id\":\"https:\/\/tuzlainfo.ba\/index.php\/istaknuto\/item\/246497-ubistvo-u-sapni-jedna-osoba-uhapsena\/#primaryimage\"},\"thumbnailUrl\":\"https:\/\/tuzlainfo.ba\/wp-content\/uploads\/2023\/09\/stop_policija_-4.jpg\",\"keywords\":[\"sapna\",\"ubistvo\"],\"articleSection\":[\"Istaknuto\",\"Novosti\"],\"inLanguage\":\"bs-BA\"},{\"@type\":\"WebPage\",\"@id\":\"https:\/\/tuzlainfo.ba\/index.php\/istaknuto\/item\/246497-ubistvo-u-sapni-jedna-osoba-uhapsena\/\",\"url\":\"https:\/\/tuzlainfo.ba\/index.php\/istaknuto\/item\/246497-ubistvo-u-sapni-jedna-osoba-uhapsena\/\",\"name\":\"Ubistvo u Sapni, jedna osoba uhap\u0161ena - TuzlaInfo.ba\",\"isPartOf\":{\"@id\":\"https:\/\/tuzlainfo.ba\/#website\"},\"primaryImageOfPage\":{\"@id\":\"https:\/\/tuzlainfo.ba\/index.php\/istaknuto\/item\/246497-ubistvo-u-sapni-jedna-osoba-uhapsena\/#primaryimage\"},\"image\":{\"@id\":\"https:\/\/tuzlainfo.ba\/index.php\/istaknuto\/item\/246497-ubistvo-u-sapni-jedna-osoba-uhapsena\/#primaryimage\"},\"thumbnailUrl\":\"https:\/\/tuzlainfo.ba\/wp-content\/uploads\/2023\/09\/stop_policija_-4.jpg\",\"datePublished\":\"2024-08-12T08:24:03+00:00\",\"dateModified\":\"2024-08-12T08:24:03+00:00\",\"breadcrumb\":{\"@id\":\"https:\/\/tuzlainfo.ba\/index.php\/istaknuto\/item\/246497-ubistvo-u-sapni-jedna-osoba-uhapsena\/#breadcrumb\"},\"inLanguage\":\"bs-BA\",\"potentialAction\":[{\"@type\":\"ReadAction\",\"target\":[\"https:\/\/tuzlainfo.ba\/index.php\/istaknuto\/item\/246497-ubistvo-u-sapni-jedna-osoba-uhapsena\/\"]}]},{\"@type\":\"ImageObject\",\"inLanguage\":\"bs-BA\",\"@id\":\"https:\/\/tuzlainfo.ba\/index.php\/istaknuto\/item\/246497-ubistvo-u-sapni-jedna-osoba-uhapsena\/#primaryimage\",\"url\":\"https:\/\/tuzlainfo.ba\/wp-content\/uploads\/2023\/09\/stop_policija_-4.jpg\",\"contentUrl\":\"https:\/\/tuzlainfo.ba\/wp-content\/uploads\/2023\/09\/stop_policija_-4.jpg\",\"width\":1000,\"height\":697,\"caption\":\"Foto: Ilustracija \/ Arhiv Tuzlainfo.ba\"},{\"@type\":\"BreadcrumbList\",\"@id\":\"https:\/\/tuzlainfo.ba\/index.php\/istaknuto\/item\/246497-ubistvo-u-sapni-jedna-osoba-uhapsena\/#breadcrumb\",\"itemListElement\":[{\"@type\":\"ListItem\",\"position\":1,\"name\":\"Home\",\"item\":\"https:\/\/tuzlainfo.ba\/\"},{\"@type\":\"ListItem\",\"position\":2,\"name\":\"Ubistvo u Sapni, jedna osoba uhap\u0161ena\"}]},{\"@type\":\"WebSite\",\"@id\":\"https:\/\/tuzlainfo.ba\/#website\",\"url\":\"https:\/\/tuzlainfo.ba\/\",\"name\":\"TuzlaInfo.ba\",\"description\":\"Tuzla info, gradski informator - Tuzla na dlanu\",\"publisher\":{\"@id\":\"https:\/\/tuzlainfo.ba\/#organization\"},\"potentialAction\":[{\"@type\":\"SearchAction\",\"target\":{\"@type\":\"EntryPoint\",\"urlTemplate\":\"https:\/\/tuzlainfo.ba\/?s={search_term_string}\"},\"query-input\":{\"@type\":\"PropertyValueSpecification\",\"valueRequired\":true,\"valueName\":\"search_term_string\"}}],\"inLanguage\":\"bs-BA\"},{\"@type\":\"Organization\",\"@id\":\"https:\/\/tuzlainfo.ba\/#organization\",\"name\":\"TuzlaInfo.ba\",\"url\":\"https:\/\/tuzlainfo.ba\/\",\"logo\":{\"@type\":\"ImageObject\",\"inLanguage\":\"bs-BA\",\"@id\":\"https:\/\/tuzlainfo.ba\/#\/schema\/logo\/image\/\",\"url\":\"https:\/\/tuzlainfo.ba\/wp-content\/uploads\/2021\/03\/logo-ver-3-1.png\",\"contentUrl\":\"https:\/\/tuzlainfo.ba\/wp-content\/uploads\/2021\/03\/logo-ver-3-1.png\",\"width\":350,\"height\":95,\"caption\":\"TuzlaInfo.ba\"},\"image\":{\"@id\":\"https:\/\/tuzlainfo.ba\/#\/schema\/logo\/image\/\"},\"sameAs\":[\"https:\/\/www.facebook.com\/tuzlainfo.ba\/\"]},{\"@type\":\"Person\",\"@id\":\"https:\/\/tuzlainfo.ba\/#\/schema\/person\/46cad4c57790cbc50781edd14870825a\",\"name\":\"Tuzla Info\",\"image\":{\"@type\":\"ImageObject\",\"inLanguage\":\"bs-BA\",\"@id\":\"https:\/\/tuzlainfo.ba\/#\/schema\/person\/image\/\",\"url\":\"https:\/\/tuzlainfo.ba\/wp-content\/litespeed\/avatar\/b6c453a6c38e3654f2e4416c643fc25c.jpg?ver=1777051911\",\"contentUrl\":\"https:\/\/tuzlainfo.ba\/wp-content\/litespeed\/avatar\/b6c453a6c38e3654f2e4416c643fc25c.jpg?ver=1777051911\",\"caption\":\"Tuzla Info\"}}]}<\/script>\n<!-- \/ Yoast SEO plugin. -->","yoast_head_json":{"title":"Ubistvo u Sapni, jedna osoba uhap\u0161ena - TuzlaInfo.ba","robots":{"index":"index","follow":"follow","max-snippet":"max-snippet:-1","max-image-preview":"max-image-preview:large","max-video-preview":"max-video-preview:-1"},"canonical":"https:\/\/tuzlainfo.ba\/index.php\/istaknuto\/item\/246497-ubistvo-u-sapni-jedna-osoba-uhapsena\/","og_locale":"bs_BA","og_type":"article","og_title":"Ubistvo u Sapni, jedna osoba uhap\u0161ena - TuzlaInfo.ba","og_description":"Dana, 11.08.2024.godine, PU Kalesija\/PS Sapna je zaprimila prijavu da se u ku\u0107i na podru\u010dju op\u0107ine&hellip;","og_url":"https:\/\/tuzlainfo.ba\/index.php\/istaknuto\/item\/246497-ubistvo-u-sapni-jedna-osoba-uhapsena\/","og_site_name":"TuzlaInfo.ba","article_publisher":"https:\/\/www.facebook.com\/tuzlainfo.ba\/","article_published_time":"2024-08-12T08:24:03+00:00","og_image":[{"width":1000,"height":697,"url":"https:\/\/tuzlainfo.ba\/wp-content\/uploads\/2023\/09\/stop_policija_-4.jpg","type":"image\/jpeg"}],"author":"Tuzla Info","twitter_card":"summary_large_image","twitter_misc":{"Written by":"Tuzla Info","Est. reading time":"2 minute"},"schema":{"@context":"https:\/\/schema.org","@graph":[{"@type":"Article","@id":"https:\/\/tuzlainfo.ba\/index.php\/istaknuto\/item\/246497-ubistvo-u-sapni-jedna-osoba-uhapsena\/#article","isPartOf":{"@id":"https:\/\/tuzlainfo.ba\/index.php\/istaknuto\/item\/246497-ubistvo-u-sapni-jedna-osoba-uhapsena\/"},"author":{"name":"Tuzla Info","@id":"https:\/\/tuzlainfo.ba\/#\/schema\/person\/46cad4c57790cbc50781edd14870825a"},"headline":"Ubistvo u Sapni, jedna osoba uhap\u0161ena","datePublished":"2024-08-12T08:24:03+00:00","dateModified":"2024-08-12T08:24:03+00:00","mainEntityOfPage":{"@id":"https:\/\/tuzlainfo.ba\/index.php\/istaknuto\/item\/246497-ubistvo-u-sapni-jedna-osoba-uhapsena\/"},"wordCount":202,"publisher":{"@id":"https:\/\/tuzlainfo.ba\/#organization"},"image":{"@id":"https:\/\/tuzlainfo.ba\/index.php\/istaknuto\/item\/246497-ubistvo-u-sapni-jedna-osoba-uhapsena\/#primaryimage"},"thumbnailUrl":"https:\/\/tuzlainfo.ba\/wp-content\/uploads\/2023\/09\/stop_policija_-4.jpg","keywords":["sapna","ubistvo"],"articleSection":["Istaknuto","Novosti"],"inLanguage":"bs-BA"},{"@type":"WebPage","@id":"https:\/\/tuzlainfo.ba\/index.php\/istaknuto\/item\/246497-ubistvo-u-sapni-jedna-osoba-uhapsena\/","url":"https:\/\/tuzlainfo.ba\/index.php\/istaknuto\/item\/246497-ubistvo-u-sapni-jedna-osoba-uhapsena\/","name":"Ubistvo u Sapni, jedna osoba uhap\u0161ena - TuzlaInfo.ba","isPartOf":{"@id":"https:\/\/tuzlainfo.ba\/#website"},"primaryImageOfPage":{"@id":"https:\/\/tuzlainfo.ba\/index.php\/istaknuto\/item\/246497-ubistvo-u-sapni-jedna-osoba-uhapsena\/#primaryimage"},"image":{"@id":"https:\/\/tuzlainfo.ba\/index.php\/istaknuto\/item\/246497-ubistvo-u-sapni-jedna-osoba-uhapsena\/#primaryimage"},"thumbnailUrl":"https:\/\/tuzlainfo.ba\/wp-content\/uploads\/2023\/09\/stop_policija_-4.jpg","datePublished":"2024-08-12T08:24:03+00:00","dateModified":"2024-08-12T08:24:03+00:00","breadcrumb":{"@id":"https:\/\/tuzlainfo.ba\/index.php\/istaknuto\/item\/246497-ubistvo-u-sapni-jedna-osoba-uhapsena\/#breadcrumb"},"inLanguage":"bs-BA","potentialAction":[{"@type":"ReadAction","target":["https:\/\/tuzlainfo.ba\/index.php\/istaknuto\/item\/246497-ubistvo-u-sapni-jedna-osoba-uhapsena\/"]}]},{"@type":"ImageObject","inLanguage":"bs-BA","@id":"https:\/\/tuzlainfo.ba\/index.php\/istaknuto\/item\/246497-ubistvo-u-sapni-jedna-osoba-uhapsena\/#primaryimage","url":"https:\/\/tuzlainfo.ba\/wp-content\/uploads\/2023\/09\/stop_policija_-4.jpg","contentUrl":"https:\/\/tuzlainfo.ba\/wp-content\/uploads\/2023\/09\/stop_policija_-4.jpg","width":1000,"height":697,"caption":"Foto: Ilustracija \/ Arhiv Tuzlainfo.ba"},{"@type":"BreadcrumbList","@id":"https:\/\/tuzlainfo.ba\/index.php\/istaknuto\/item\/246497-ubistvo-u-sapni-jedna-osoba-uhapsena\/#breadcrumb","itemListElement":[{"@type":"ListItem","position":1,"name":"Home","item":"https:\/\/tuzlainfo.ba\/"},{"@type":"ListItem","position":2,"name":"Ubistvo u Sapni, jedna osoba uhap\u0161ena"}]},{"@type":"WebSite","@id":"https:\/\/tuzlainfo.ba\/#website","url":"https:\/\/tuzlainfo.ba\/","name":"TuzlaInfo.ba","description":"Tuzla info, gradski informator - Tuzla na dlanu","publisher":{"@id":"https:\/\/tuzlainfo.ba\/#organization"},"potentialAction":[{"@type":"SearchAction","target":{"@type":"EntryPoint","urlTemplate":"https:\/\/tuzlainfo.ba\/?s={search_term_string}"},"query-input":{"@type":"PropertyValueSpecification","valueRequired":true,"valueName":"search_term_string"}}],"inLanguage":"bs-BA"},{"@type":"Organization","@id":"https:\/\/tuzlainfo.ba\/#organization","name":"TuzlaInfo.ba","url":"https:\/\/tuzlainfo.ba\/","logo":{"@type":"ImageObject","inLanguage":"bs-BA","@id":"https:\/\/tuzlainfo.ba\/#\/schema\/logo\/image\/","url":"https:\/\/tuzlainfo.ba\/wp-content\/uploads\/2021\/03\/logo-ver-3-1.png","contentUrl":"https:\/\/tuzlainfo.ba\/wp-content\/uploads\/2021\/03\/logo-ver-3-1.png","width":350,"height":95,"caption":"TuzlaInfo.ba"},"image":{"@id":"https:\/\/tuzlainfo.ba\/#\/schema\/logo\/image\/"},"sameAs":["https:\/\/www.facebook.com\/tuzlainfo.ba\/"]},{"@type":"Person","@id":"https:\/\/tuzlainfo.ba\/#\/schema\/person\/46cad4c57790cbc50781edd14870825a","name":"Tuzla Info","image":{"@type":"ImageObject","inLanguage":"bs-BA","@id":"https:\/\/tuzlainfo.ba\/#\/schema\/person\/image\/","url":"https:\/\/tuzlainfo.ba\/wp-content\/litespeed\/avatar\/b6c453a6c38e3654f2e4416c643fc25c.jpg?ver=1777051911","contentUrl":"https:\/\/tuzlainfo.ba\/wp-content\/litespeed\/avatar\/b6c453a6c38e3654f2e4416c643fc25c.jpg?ver=1777051911","caption":"Tuzla Info"}}]}},"_links":{"self":[{"href":"https:\/\/tuzlainfo.ba\/index.php\/wp-json\/wp\/v2\/posts\/246497"}],"collection":[{"href":"https:\/\/tuzlainfo.ba\/index.php\/wp-json\/wp\/v2\/posts"}],"about":[{"href":"https:\/\/tuzlainfo.ba\/index.php\/wp-json\/wp\/v2\/types\/post"}],"author":[{"embeddable":true,"href":"https:\/\/tuzlainfo.ba\/index.php\/wp-json\/wp\/v2\/users\/4"}],"replies":[{"embeddable":true,"href":"https:\/\/tuzlainfo.ba\/index.php\/wp-json\/wp\/v2\/comments?post=246497"}],"version-history":[{"count":1,"href":"https:\/\/tuzlainfo.ba\/index.php\/wp-json\/wp\/v2\/posts\/246497\/revisions"}],"predecessor-version":[{"id":246498,"href":"https:\/\/tuzlainfo.ba\/index.php\/wp-json\/wp\/v2\/posts\/246497\/revisions\/246498"}],"wp:featuredmedia":[{"embeddable":true,"href":"https:\/\/tuzlainfo.ba\/index.php\/wp-json\/wp\/v2\/media\/218123"}],"wp:attachment":[{"href":"https:\/\/tuzlainfo.ba\/index.php\/wp-json\/wp\/v2\/media?parent=246497"}],"wp:term":[{"taxonomy":"category","embeddable":true,"href":"https:\/\/tuzlainfo.ba\/index.php\/wp-json\/wp\/v2\/categories?post=246497"},{"taxonomy":"post_tag","embeddable":true,"href":"https:\/\/tuzlainfo.ba\/index.php\/wp-json\/wp\/v2\/tags?post=246497"}],"curies":[{"name":"wp","href":"https:\/\/api.w.org\/{rel}","templated":true}]}}