{"id":246364,"date":"2024-08-10T10:09:46","date_gmt":"2024-08-10T08:09:46","guid":{"rendered":"https:\/\/tuzlainfo.ba\/?p=246364"},"modified":"2024-08-10T08:33:52","modified_gmt":"2024-08-10T06:33:52","slug":"danas-dvije-utakmice-premijer-lige-bih-sloboda-debituje-na-tusnju","status":"publish","type":"post","link":"https:\/\/tuzlainfo.ba\/index.php\/bosna-i-hercegovina\/item\/246364-danas-dvije-utakmice-premijer-lige-bih-sloboda-debituje-na-tusnju\/","title":{"rendered":"Danas dvije utakmice Premijer lige BIH, Sloboda debituje na Tu\u0161nju"},"content":{"rendered":"<div>\n<p class=\"lg:text-[20px] lg:leading-[30px] text-[18px] leading-[26px] leading-normal font-[400]\">Dvije utakmice drugog kola fudbalske Premijer lige Bosne i Hercegovine na rasporedu su danas.<\/p>\n<\/div>\n<p class=\"lg:text-[20px] lg:leading-[30px] text-[18px] leading-[26px] leading-normal font-[400]\">Program od 18.45 sati na stadionu Tu\u0161anj u Tuzli otvaraju Sloboda i Posu\u0161je.<\/p>\n<p>Sloboda je povratni\u010dku premijerliga\u0161ku sezonu po\u010dela porazom protiv Sarajeva na Ko\u0161evu rezultatom 3:1, a Posu\u0161je je slavilo minimalnu pobjedu protiv Igmana (1:0).<\/p>\n<p class=\"lg:text-[20px] lg:leading-[30px] text-[18px] leading-[26px] leading-normal font-[400]\">Posu\u0161acima u posljednje vrijeme le\u017ee me\u0111usobni ogledi sa Slobodom, a u posljednjih \u0161est utakmica protiv Tuzlaka slavili su \u010detiri pobjede i dva puta remizirali. Utakmicu u gradu soli vodit \u0107e Dragan Petrovi\u0107 iz Banje Luke.<\/p>\n<div>\n<div><\/div>\n<div class=\"lg:text-[20px] lg:leading-[30px] text-[18px] leading-[26px] leading-normal font-[400]\">Derbi kola igra se na stadionu Ro\u0111eni u Vrap\u010di\u0107ima gdje \u0107e Vele\u017e ugostiti \u017deljezni\u010dar.<\/div>\n<\/div>\n<p class=\"lg:text-[20px] lg:leading-[30px] text-[18px] leading-[26px] leading-normal font-[400]\">\nRo\u0111eni igraju prvu premijerliga\u0161ku utakmicu u sezoni, s obzirom na to da je njihova prva utakmica protiv Borca prolongirana na zahtjev Banjalu\u010dana, dok je \u017deljo na startu takmi\u010darske godine pora\u017een na Grbavici od \u0160irokog Brijega rezultatom 0:1.<\/p>\n<p>Navija\u010di Vele\u017ea \u0107e imati priliku da na djelu vide da li je njihov tim uspio preboliti evropsku blama\u017eu protiv Intera iz Andore, a u prilog im ide podatak da od \u017delje na doma\u0107em travnjaku za poraz ne znaju od marta 2016. godine. Ro\u0111eni su posljednja \u010detiri me\u010da protiv \u017delje pred svojim navija\u010dima u svim takmi\u010denjima rije\u0161ili u svoju korist.<\/p>\n<div>\n<p class=\"lg:text-[20px] lg:leading-[30px] text-[18px] leading-[26px] leading-normal font-[400]\">FSBiH je za utakmicu na stadionu Ro\u0111eni delegirao sudiju Harisa Halki\u0107a.<\/p>\n<p>Obje utakmice dana\u0161njeg programa prenosi Arena Sport.<\/p>\n<p>U nedjelju igraju Radnik &#8211; \u0160iroki Brijeg (18.45 sati) i GO\u0160K &#8211; Zrinjski (21 sat), a u ponedjeljak Sloga &#8211; Sarajevo (17.30 sati).<\/p>\n<p>Utakmica Igmana i Borca je odgo\u0111ena na zahtjev Banjalu\u010dana zbog evropskih nastupa.<\/p>\n<p>Svi dueli druge runde bh. elite \u0107e po\u010deti minutom \u0161utnje kako bi se odala po\u010dast preminulom D\u017eenanu U\u0161\u010dupli\u0107u.<\/p>\n<div>\n<p class=\"lg:text-[20px] lg:leading-[30px] text-[18px] leading-[26px] leading-normal font-[400]\">Nekada\u0161nji trener Sarajeva stradao je u \u010detvrtak na Zelengori od posljedica udara groma, pi\u0161e Faktor.<\/p>\n<\/div>\n<\/div>\n","protected":false},"excerpt":{"rendered":"<p>Dvije utakmice drugog kola fudbalske Premijer lige Bosne i Hercegovine na rasporedu su danas. Program&hellip;<\/p>\n","protected":false},"author":2,"featured_media":169532,"comment_status":"closed","ping_status":"closed","sticky":false,"template":"","format":"standard","meta":{"_acf_changed":false,"footnotes":""},"categories":[291,304],"tags":[466,697,915,7614],"acf":[],"yoast_head":"<!-- This site is optimized with the Yoast SEO plugin v23.5 - https:\/\/yoast.com\/wordpress\/plugins\/seo\/ -->\n<title>Danas dvije utakmice Premijer lige BIH, Sloboda debituje na Tu\u0161nju - TuzlaInfo.ba<\/title>\n<meta name=\"robots\" content=\"index, follow, max-snippet:-1, max-image-preview:large, max-video-preview:-1\" \/>\n<link rel=\"canonical\" href=\"https:\/\/tuzlainfo.ba\/index.php\/bosna-i-hercegovina\/item\/246364-danas-dvije-utakmice-premijer-lige-bih-sloboda-debituje-na-tusnju\/\" \/>\n<meta property=\"og:locale\" content=\"bs_BA\" \/>\n<meta property=\"og:type\" content=\"article\" \/>\n<meta property=\"og:title\" content=\"Danas dvije utakmice Premijer lige BIH, Sloboda debituje na Tu\u0161nju - TuzlaInfo.ba\" \/>\n<meta property=\"og:description\" content=\"Dvije utakmice drugog kola fudbalske Premijer lige Bosne i Hercegovine na rasporedu su danas. Program&hellip;\" \/>\n<meta property=\"og:url\" content=\"https:\/\/tuzlainfo.ba\/index.php\/bosna-i-hercegovina\/item\/246364-danas-dvije-utakmice-premijer-lige-bih-sloboda-debituje-na-tusnju\/\" \/>\n<meta property=\"og:site_name\" content=\"TuzlaInfo.ba\" \/>\n<meta property=\"article:publisher\" content=\"https:\/\/www.facebook.com\/tuzlainfo.ba\/\" \/>\n<meta property=\"article:published_time\" content=\"2024-08-10T08:09:46+00:00\" \/>\n<meta property=\"article:modified_time\" content=\"2024-08-10T06:33:52+00:00\" \/>\n<meta property=\"og:image\" content=\"https:\/\/tuzlainfo.ba\/wp-content\/uploads\/2022\/04\/1604_sloboda_posusje.jpg\" \/>\n\t<meta property=\"og:image:width\" content=\"1000\" \/>\n\t<meta property=\"og:image:height\" content=\"750\" \/>\n\t<meta property=\"og:image:type\" content=\"image\/jpeg\" \/>\n<meta name=\"author\" content=\"nedim\" \/>\n<meta name=\"twitter:card\" content=\"summary_large_image\" \/>\n<meta name=\"twitter:label1\" content=\"Written by\" \/>\n\t<meta name=\"twitter:data1\" content=\"nedim\" \/>\n\t<meta name=\"twitter:label2\" content=\"Est. reading time\" \/>\n\t<meta name=\"twitter:data2\" content=\"2 minute\" \/>\n<script type=\"application\/ld+json\" class=\"yoast-schema-graph\">{\"@context\":\"https:\/\/schema.org\",\"@graph\":[{\"@type\":\"Article\",\"@id\":\"https:\/\/tuzlainfo.ba\/index.php\/bosna-i-hercegovina\/item\/246364-danas-dvije-utakmice-premijer-lige-bih-sloboda-debituje-na-tusnju\/#article\",\"isPartOf\":{\"@id\":\"https:\/\/tuzlainfo.ba\/index.php\/bosna-i-hercegovina\/item\/246364-danas-dvije-utakmice-premijer-lige-bih-sloboda-debituje-na-tusnju\/\"},\"author\":{\"name\":\"nedim\",\"@id\":\"https:\/\/tuzlainfo.ba\/#\/schema\/person\/f434e20dc27ea133923aab08451b7f7f\"},\"headline\":\"Danas dvije utakmice Premijer lige BIH, Sloboda debituje na Tu\u0161nju\",\"datePublished\":\"2024-08-10T08:09:46+00:00\",\"dateModified\":\"2024-08-10T06:33:52+00:00\",\"mainEntityOfPage\":{\"@id\":\"https:\/\/tuzlainfo.ba\/index.php\/bosna-i-hercegovina\/item\/246364-danas-dvije-utakmice-premijer-lige-bih-sloboda-debituje-na-tusnju\/\"},\"wordCount\":324,\"publisher\":{\"@id\":\"https:\/\/tuzlainfo.ba\/#organization\"},\"image\":{\"@id\":\"https:\/\/tuzlainfo.ba\/index.php\/bosna-i-hercegovina\/item\/246364-danas-dvije-utakmice-premijer-lige-bih-sloboda-debituje-na-tusnju\/#primaryimage\"},\"thumbnailUrl\":\"https:\/\/tuzlainfo.ba\/wp-content\/uploads\/2022\/04\/1604_sloboda_posusje.jpg\",\"keywords\":[\"fk sloboda\",\"premijer liga bih\",\"sport\",\"sport tuzla\"],\"articleSection\":[\"Bosna i Hercegovina\",\"Istaknuto\"],\"inLanguage\":\"bs-BA\"},{\"@type\":\"WebPage\",\"@id\":\"https:\/\/tuzlainfo.ba\/index.php\/bosna-i-hercegovina\/item\/246364-danas-dvije-utakmice-premijer-lige-bih-sloboda-debituje-na-tusnju\/\",\"url\":\"https:\/\/tuzlainfo.ba\/index.php\/bosna-i-hercegovina\/item\/246364-danas-dvije-utakmice-premijer-lige-bih-sloboda-debituje-na-tusnju\/\",\"name\":\"Danas dvije utakmice Premijer lige BIH, Sloboda debituje na Tu\u0161nju - TuzlaInfo.ba\",\"isPartOf\":{\"@id\":\"https:\/\/tuzlainfo.ba\/#website\"},\"primaryImageOfPage\":{\"@id\":\"https:\/\/tuzlainfo.ba\/index.php\/bosna-i-hercegovina\/item\/246364-danas-dvije-utakmice-premijer-lige-bih-sloboda-debituje-na-tusnju\/#primaryimage\"},\"image\":{\"@id\":\"https:\/\/tuzlainfo.ba\/index.php\/bosna-i-hercegovina\/item\/246364-danas-dvije-utakmice-premijer-lige-bih-sloboda-debituje-na-tusnju\/#primaryimage\"},\"thumbnailUrl\":\"https:\/\/tuzlainfo.ba\/wp-content\/uploads\/2022\/04\/1604_sloboda_posusje.jpg\",\"datePublished\":\"2024-08-10T08:09:46+00:00\",\"dateModified\":\"2024-08-10T06:33:52+00:00\",\"breadcrumb\":{\"@id\":\"https:\/\/tuzlainfo.ba\/index.php\/bosna-i-hercegovina\/item\/246364-danas-dvije-utakmice-premijer-lige-bih-sloboda-debituje-na-tusnju\/#breadcrumb\"},\"inLanguage\":\"bs-BA\",\"potentialAction\":[{\"@type\":\"ReadAction\",\"target\":[\"https:\/\/tuzlainfo.ba\/index.php\/bosna-i-hercegovina\/item\/246364-danas-dvije-utakmice-premijer-lige-bih-sloboda-debituje-na-tusnju\/\"]}]},{\"@type\":\"ImageObject\",\"inLanguage\":\"bs-BA\",\"@id\":\"https:\/\/tuzlainfo.ba\/index.php\/bosna-i-hercegovina\/item\/246364-danas-dvije-utakmice-premijer-lige-bih-sloboda-debituje-na-tusnju\/#primaryimage\",\"url\":\"https:\/\/tuzlainfo.ba\/wp-content\/uploads\/2022\/04\/1604_sloboda_posusje.jpg\",\"contentUrl\":\"https:\/\/tuzlainfo.ba\/wp-content\/uploads\/2022\/04\/1604_sloboda_posusje.jpg\",\"width\":1000,\"height\":750,\"caption\":\"Foto by HSK Posu\u0161je\"},{\"@type\":\"BreadcrumbList\",\"@id\":\"https:\/\/tuzlainfo.ba\/index.php\/bosna-i-hercegovina\/item\/246364-danas-dvije-utakmice-premijer-lige-bih-sloboda-debituje-na-tusnju\/#breadcrumb\",\"itemListElement\":[{\"@type\":\"ListItem\",\"position\":1,\"name\":\"Home\",\"item\":\"https:\/\/tuzlainfo.ba\/\"},{\"@type\":\"ListItem\",\"position\":2,\"name\":\"Danas dvije utakmice Premijer lige BIH, Sloboda debituje na Tu\u0161nju\"}]},{\"@type\":\"WebSite\",\"@id\":\"https:\/\/tuzlainfo.ba\/#website\",\"url\":\"https:\/\/tuzlainfo.ba\/\",\"name\":\"TuzlaInfo.ba\",\"description\":\"Tuzla info, gradski informator - Tuzla na dlanu\",\"publisher\":{\"@id\":\"https:\/\/tuzlainfo.ba\/#organization\"},\"potentialAction\":[{\"@type\":\"SearchAction\",\"target\":{\"@type\":\"EntryPoint\",\"urlTemplate\":\"https:\/\/tuzlainfo.ba\/?s={search_term_string}\"},\"query-input\":{\"@type\":\"PropertyValueSpecification\",\"valueRequired\":true,\"valueName\":\"search_term_string\"}}],\"inLanguage\":\"bs-BA\"},{\"@type\":\"Organization\",\"@id\":\"https:\/\/tuzlainfo.ba\/#organization\",\"name\":\"TuzlaInfo.ba\",\"url\":\"https:\/\/tuzlainfo.ba\/\",\"logo\":{\"@type\":\"ImageObject\",\"inLanguage\":\"bs-BA\",\"@id\":\"https:\/\/tuzlainfo.ba\/#\/schema\/logo\/image\/\",\"url\":\"https:\/\/tuzlainfo.ba\/wp-content\/uploads\/2021\/03\/logo-ver-3-1.png\",\"contentUrl\":\"https:\/\/tuzlainfo.ba\/wp-content\/uploads\/2021\/03\/logo-ver-3-1.png\",\"width\":350,\"height\":95,\"caption\":\"TuzlaInfo.ba\"},\"image\":{\"@id\":\"https:\/\/tuzlainfo.ba\/#\/schema\/logo\/image\/\"},\"sameAs\":[\"https:\/\/www.facebook.com\/tuzlainfo.ba\/\"]},{\"@type\":\"Person\",\"@id\":\"https:\/\/tuzlainfo.ba\/#\/schema\/person\/f434e20dc27ea133923aab08451b7f7f\",\"name\":\"nedim\",\"image\":{\"@type\":\"ImageObject\",\"inLanguage\":\"bs-BA\",\"@id\":\"https:\/\/tuzlainfo.ba\/#\/schema\/person\/image\/\",\"url\":\"https:\/\/tuzlainfo.ba\/wp-content\/litespeed\/avatar\/aabad687af24844af817603ac1cbdc4f.jpg?ver=1776702173\",\"contentUrl\":\"https:\/\/tuzlainfo.ba\/wp-content\/litespeed\/avatar\/aabad687af24844af817603ac1cbdc4f.jpg?ver=1776702173\",\"caption\":\"nedim\"},\"description\":\"Tuzlainfo.ba pratite na dru\u0161tvenim mre\u017eama: Facebook, Instagram i Youtube. Svoje pri\u010de, upite i fotografije \u0161aljite na na\u0161u e-mail adresu.\"}]}<\/script>\n<!-- \/ Yoast SEO plugin. -->","yoast_head_json":{"title":"Danas dvije utakmice Premijer lige BIH, Sloboda debituje na Tu\u0161nju - TuzlaInfo.ba","robots":{"index":"index","follow":"follow","max-snippet":"max-snippet:-1","max-image-preview":"max-image-preview:large","max-video-preview":"max-video-preview:-1"},"canonical":"https:\/\/tuzlainfo.ba\/index.php\/bosna-i-hercegovina\/item\/246364-danas-dvije-utakmice-premijer-lige-bih-sloboda-debituje-na-tusnju\/","og_locale":"bs_BA","og_type":"article","og_title":"Danas dvije utakmice Premijer lige BIH, Sloboda debituje na Tu\u0161nju - TuzlaInfo.ba","og_description":"Dvije utakmice drugog kola fudbalske Premijer lige Bosne i Hercegovine na rasporedu su danas. Program&hellip;","og_url":"https:\/\/tuzlainfo.ba\/index.php\/bosna-i-hercegovina\/item\/246364-danas-dvije-utakmice-premijer-lige-bih-sloboda-debituje-na-tusnju\/","og_site_name":"TuzlaInfo.ba","article_publisher":"https:\/\/www.facebook.com\/tuzlainfo.ba\/","article_published_time":"2024-08-10T08:09:46+00:00","article_modified_time":"2024-08-10T06:33:52+00:00","og_image":[{"width":1000,"height":750,"url":"https:\/\/tuzlainfo.ba\/wp-content\/uploads\/2022\/04\/1604_sloboda_posusje.jpg","type":"image\/jpeg"}],"author":"nedim","twitter_card":"summary_large_image","twitter_misc":{"Written by":"nedim","Est. reading time":"2 minute"},"schema":{"@context":"https:\/\/schema.org","@graph":[{"@type":"Article","@id":"https:\/\/tuzlainfo.ba\/index.php\/bosna-i-hercegovina\/item\/246364-danas-dvije-utakmice-premijer-lige-bih-sloboda-debituje-na-tusnju\/#article","isPartOf":{"@id":"https:\/\/tuzlainfo.ba\/index.php\/bosna-i-hercegovina\/item\/246364-danas-dvije-utakmice-premijer-lige-bih-sloboda-debituje-na-tusnju\/"},"author":{"name":"nedim","@id":"https:\/\/tuzlainfo.ba\/#\/schema\/person\/f434e20dc27ea133923aab08451b7f7f"},"headline":"Danas dvije utakmice Premijer lige BIH, Sloboda debituje na Tu\u0161nju","datePublished":"2024-08-10T08:09:46+00:00","dateModified":"2024-08-10T06:33:52+00:00","mainEntityOfPage":{"@id":"https:\/\/tuzlainfo.ba\/index.php\/bosna-i-hercegovina\/item\/246364-danas-dvije-utakmice-premijer-lige-bih-sloboda-debituje-na-tusnju\/"},"wordCount":324,"publisher":{"@id":"https:\/\/tuzlainfo.ba\/#organization"},"image":{"@id":"https:\/\/tuzlainfo.ba\/index.php\/bosna-i-hercegovina\/item\/246364-danas-dvije-utakmice-premijer-lige-bih-sloboda-debituje-na-tusnju\/#primaryimage"},"thumbnailUrl":"https:\/\/tuzlainfo.ba\/wp-content\/uploads\/2022\/04\/1604_sloboda_posusje.jpg","keywords":["fk sloboda","premijer liga bih","sport","sport tuzla"],"articleSection":["Bosna i Hercegovina","Istaknuto"],"inLanguage":"bs-BA"},{"@type":"WebPage","@id":"https:\/\/tuzlainfo.ba\/index.php\/bosna-i-hercegovina\/item\/246364-danas-dvije-utakmice-premijer-lige-bih-sloboda-debituje-na-tusnju\/","url":"https:\/\/tuzlainfo.ba\/index.php\/bosna-i-hercegovina\/item\/246364-danas-dvije-utakmice-premijer-lige-bih-sloboda-debituje-na-tusnju\/","name":"Danas dvije utakmice Premijer lige BIH, Sloboda debituje na Tu\u0161nju - TuzlaInfo.ba","isPartOf":{"@id":"https:\/\/tuzlainfo.ba\/#website"},"primaryImageOfPage":{"@id":"https:\/\/tuzlainfo.ba\/index.php\/bosna-i-hercegovina\/item\/246364-danas-dvije-utakmice-premijer-lige-bih-sloboda-debituje-na-tusnju\/#primaryimage"},"image":{"@id":"https:\/\/tuzlainfo.ba\/index.php\/bosna-i-hercegovina\/item\/246364-danas-dvije-utakmice-premijer-lige-bih-sloboda-debituje-na-tusnju\/#primaryimage"},"thumbnailUrl":"https:\/\/tuzlainfo.ba\/wp-content\/uploads\/2022\/04\/1604_sloboda_posusje.jpg","datePublished":"2024-08-10T08:09:46+00:00","dateModified":"2024-08-10T06:33:52+00:00","breadcrumb":{"@id":"https:\/\/tuzlainfo.ba\/index.php\/bosna-i-hercegovina\/item\/246364-danas-dvije-utakmice-premijer-lige-bih-sloboda-debituje-na-tusnju\/#breadcrumb"},"inLanguage":"bs-BA","potentialAction":[{"@type":"ReadAction","target":["https:\/\/tuzlainfo.ba\/index.php\/bosna-i-hercegovina\/item\/246364-danas-dvije-utakmice-premijer-lige-bih-sloboda-debituje-na-tusnju\/"]}]},{"@type":"ImageObject","inLanguage":"bs-BA","@id":"https:\/\/tuzlainfo.ba\/index.php\/bosna-i-hercegovina\/item\/246364-danas-dvije-utakmice-premijer-lige-bih-sloboda-debituje-na-tusnju\/#primaryimage","url":"https:\/\/tuzlainfo.ba\/wp-content\/uploads\/2022\/04\/1604_sloboda_posusje.jpg","contentUrl":"https:\/\/tuzlainfo.ba\/wp-content\/uploads\/2022\/04\/1604_sloboda_posusje.jpg","width":1000,"height":750,"caption":"Foto by HSK Posu\u0161je"},{"@type":"BreadcrumbList","@id":"https:\/\/tuzlainfo.ba\/index.php\/bosna-i-hercegovina\/item\/246364-danas-dvije-utakmice-premijer-lige-bih-sloboda-debituje-na-tusnju\/#breadcrumb","itemListElement":[{"@type":"ListItem","position":1,"name":"Home","item":"https:\/\/tuzlainfo.ba\/"},{"@type":"ListItem","position":2,"name":"Danas dvije utakmice Premijer lige BIH, Sloboda debituje na Tu\u0161nju"}]},{"@type":"WebSite","@id":"https:\/\/tuzlainfo.ba\/#website","url":"https:\/\/tuzlainfo.ba\/","name":"TuzlaInfo.ba","description":"Tuzla info, gradski informator - Tuzla na dlanu","publisher":{"@id":"https:\/\/tuzlainfo.ba\/#organization"},"potentialAction":[{"@type":"SearchAction","target":{"@type":"EntryPoint","urlTemplate":"https:\/\/tuzlainfo.ba\/?s={search_term_string}"},"query-input":{"@type":"PropertyValueSpecification","valueRequired":true,"valueName":"search_term_string"}}],"inLanguage":"bs-BA"},{"@type":"Organization","@id":"https:\/\/tuzlainfo.ba\/#organization","name":"TuzlaInfo.ba","url":"https:\/\/tuzlainfo.ba\/","logo":{"@type":"ImageObject","inLanguage":"bs-BA","@id":"https:\/\/tuzlainfo.ba\/#\/schema\/logo\/image\/","url":"https:\/\/tuzlainfo.ba\/wp-content\/uploads\/2021\/03\/logo-ver-3-1.png","contentUrl":"https:\/\/tuzlainfo.ba\/wp-content\/uploads\/2021\/03\/logo-ver-3-1.png","width":350,"height":95,"caption":"TuzlaInfo.ba"},"image":{"@id":"https:\/\/tuzlainfo.ba\/#\/schema\/logo\/image\/"},"sameAs":["https:\/\/www.facebook.com\/tuzlainfo.ba\/"]},{"@type":"Person","@id":"https:\/\/tuzlainfo.ba\/#\/schema\/person\/f434e20dc27ea133923aab08451b7f7f","name":"nedim","image":{"@type":"ImageObject","inLanguage":"bs-BA","@id":"https:\/\/tuzlainfo.ba\/#\/schema\/person\/image\/","url":"https:\/\/tuzlainfo.ba\/wp-content\/litespeed\/avatar\/aabad687af24844af817603ac1cbdc4f.jpg?ver=1776702173","contentUrl":"https:\/\/tuzlainfo.ba\/wp-content\/litespeed\/avatar\/aabad687af24844af817603ac1cbdc4f.jpg?ver=1776702173","caption":"nedim"},"description":"Tuzlainfo.ba pratite na dru\u0161tvenim mre\u017eama: Facebook, Instagram i Youtube. Svoje pri\u010de, upite i fotografije \u0161aljite na na\u0161u e-mail adresu."}]}},"_links":{"self":[{"href":"https:\/\/tuzlainfo.ba\/index.php\/wp-json\/wp\/v2\/posts\/246364"}],"collection":[{"href":"https:\/\/tuzlainfo.ba\/index.php\/wp-json\/wp\/v2\/posts"}],"about":[{"href":"https:\/\/tuzlainfo.ba\/index.php\/wp-json\/wp\/v2\/types\/post"}],"author":[{"embeddable":true,"href":"https:\/\/tuzlainfo.ba\/index.php\/wp-json\/wp\/v2\/users\/2"}],"replies":[{"embeddable":true,"href":"https:\/\/tuzlainfo.ba\/index.php\/wp-json\/wp\/v2\/comments?post=246364"}],"version-history":[{"count":3,"href":"https:\/\/tuzlainfo.ba\/index.php\/wp-json\/wp\/v2\/posts\/246364\/revisions"}],"predecessor-version":[{"id":246367,"href":"https:\/\/tuzlainfo.ba\/index.php\/wp-json\/wp\/v2\/posts\/246364\/revisions\/246367"}],"wp:featuredmedia":[{"embeddable":true,"href":"https:\/\/tuzlainfo.ba\/index.php\/wp-json\/wp\/v2\/media\/169532"}],"wp:attachment":[{"href":"https:\/\/tuzlainfo.ba\/index.php\/wp-json\/wp\/v2\/media?parent=246364"}],"wp:term":[{"taxonomy":"category","embeddable":true,"href":"https:\/\/tuzlainfo.ba\/index.php\/wp-json\/wp\/v2\/categories?post=246364"},{"taxonomy":"post_tag","embeddable":true,"href":"https:\/\/tuzlainfo.ba\/index.php\/wp-json\/wp\/v2\/tags?post=246364"}],"curies":[{"name":"wp","href":"https:\/\/api.w.org\/{rel}","templated":true}]}}