{"id":246283,"date":"2024-08-09T14:27:42","date_gmt":"2024-08-09T12:27:42","guid":{"rendered":"https:\/\/tuzlainfo.ba\/?p=246283"},"modified":"2024-08-09T10:18:30","modified_gmt":"2024-08-09T08:18:30","slug":"sud-bih-izmirio-sve-obaveze-prema-advokatima-braniocima-nemaju-razloga-da-obustavljaju-rad","status":"publish","type":"post","link":"https:\/\/tuzlainfo.ba\/index.php\/bosna-i-hercegovina\/item\/246283-sud-bih-izmirio-sve-obaveze-prema-advokatima-braniocima-nemaju-razloga-da-obustavljaju-rad\/","title":{"rendered":"Sud BiH izmirio sve obaveze prema advokatima braniocima: \u201cNemaju razloga da obustavljaju rad\u201d"},"content":{"rendered":"<p>Sud Bosne i Hercegovine je izmirio sve obaveze prema advokatima &#8211; braniocima po slu\u017ebenoj du\u017enosti \u010dim su sredstva bud\u017eeta za 2024. godinu postala operativna, saop\u0107eno je iz Suda BiH povodom, kako navode, nazna\u010denih razloga za dono\u0161enje odluke o obustavi rada advokata advokatskih komora Federacije Bosne i Hercegovine i bh. entiteta Rs.<\/p>\n<p>Iz Suda BiH navode da je ukupno u 2024. godini pla\u0107eno 1.384.359,48 KM, od \u010dega su tro\u0161kovi advokata po slu\u017ebenoj du\u017enosti iznosili 1.303.685,55 KM, a tro\u0161kovi po osnovu osloba\u0111aju\u0107ih presuda 80.673,93 KM.<\/p>\n<p>Od tog ukupnog iznosa, 460.531,71 KM pla\u0107eno je u periodu januar-juli kroz raspolo\u017eiva sredstva u okviru operativnih planova tokom privremenog finansiranja, a nakon usvajanja bud\u017eeta pla\u0107eno je 923.827,77 KM.<\/p>\n<p>&#8220;Tako je Sud BiH, sa 7. augustom ove godine, izmirio sve do sada pristigle obaveze, zbog \u010dega advokatske komore Federacije BiH i bh. entiteta Rs vi\u0161e nemaju razloga za daljom obustavom rada branioca po slu\u017ebenoj du\u017enosti pred Sudom BiH, posebno imaju\u0107i u vidu da Sud BiH ne mo\u017ee uticati, niti je nadle\u017ean za izmjenu i dopunu Odluke Vije\u0107a ministara o naknadi tro\u0161kova krivi\u010dnog postupka prema Zakonu o krivi\u010dnom postupku BiH u vidu zatra\u017eenog pove\u0107anja tarife advokatima&#8221;\u00a0 navodi se u saop\u0107enju Suda BiH.<\/p>\n","protected":false},"excerpt":{"rendered":"<p>Sud Bosne i Hercegovine je izmirio sve obaveze prema advokatima &#8211; braniocima po slu\u017ebenoj du\u017enosti&hellip;<\/p>\n","protected":false},"author":3,"featured_media":80057,"comment_status":"closed","ping_status":"closed","sticky":false,"template":"","format":"standard","meta":{"_acf_changed":false,"footnotes":""},"categories":[291],"tags":[726],"acf":[],"yoast_head":"<!-- This site is optimized with the Yoast SEO plugin v23.5 - https:\/\/yoast.com\/wordpress\/plugins\/seo\/ -->\n<title>Sud BiH izmirio sve obaveze prema advokatima braniocima: \u201cNemaju razloga da obustavljaju rad\u201d - TuzlaInfo.ba<\/title>\n<meta name=\"robots\" content=\"index, follow, max-snippet:-1, max-image-preview:large, max-video-preview:-1\" \/>\n<link rel=\"canonical\" href=\"https:\/\/tuzlainfo.ba\/index.php\/bosna-i-hercegovina\/item\/246283-sud-bih-izmirio-sve-obaveze-prema-advokatima-braniocima-nemaju-razloga-da-obustavljaju-rad\/\" \/>\n<meta property=\"og:locale\" content=\"bs_BA\" \/>\n<meta property=\"og:type\" content=\"article\" \/>\n<meta property=\"og:title\" content=\"Sud BiH izmirio sve obaveze prema advokatima braniocima: \u201cNemaju razloga da obustavljaju rad\u201d - TuzlaInfo.ba\" \/>\n<meta property=\"og:description\" content=\"Sud Bosne i Hercegovine je izmirio sve obaveze prema advokatima &#8211; braniocima po slu\u017ebenoj du\u017enosti&hellip;\" \/>\n<meta property=\"og:url\" content=\"https:\/\/tuzlainfo.ba\/index.php\/bosna-i-hercegovina\/item\/246283-sud-bih-izmirio-sve-obaveze-prema-advokatima-braniocima-nemaju-razloga-da-obustavljaju-rad\/\" \/>\n<meta property=\"og:site_name\" content=\"TuzlaInfo.ba\" \/>\n<meta property=\"article:publisher\" content=\"https:\/\/www.facebook.com\/tuzlainfo.ba\/\" \/>\n<meta property=\"article:published_time\" content=\"2024-08-09T12:27:42+00:00\" \/>\n<meta property=\"article:modified_time\" content=\"2024-08-09T08:18:30+00:00\" \/>\n<meta property=\"og:image\" content=\"https:\/\/tuzlainfo.ba\/wp-content\/uploads\/2020\/06\/sadrzaj_2020_20200101_0101_2020_sud_bih.jpg\" \/>\n\t<meta property=\"og:image:width\" content=\"770\" \/>\n\t<meta property=\"og:image:height\" content=\"462\" \/>\n\t<meta property=\"og:image:type\" content=\"image\/jpeg\" \/>\n<meta name=\"author\" content=\"admin2\" \/>\n<meta name=\"twitter:card\" content=\"summary_large_image\" \/>\n<meta name=\"twitter:label1\" content=\"Written by\" \/>\n\t<meta name=\"twitter:data1\" content=\"admin2\" \/>\n\t<meta name=\"twitter:label2\" content=\"Est. reading time\" \/>\n\t<meta name=\"twitter:data2\" content=\"2 minute\" \/>\n<script type=\"application\/ld+json\" class=\"yoast-schema-graph\">{\"@context\":\"https:\/\/schema.org\",\"@graph\":[{\"@type\":\"Article\",\"@id\":\"https:\/\/tuzlainfo.ba\/index.php\/bosna-i-hercegovina\/item\/246283-sud-bih-izmirio-sve-obaveze-prema-advokatima-braniocima-nemaju-razloga-da-obustavljaju-rad\/#article\",\"isPartOf\":{\"@id\":\"https:\/\/tuzlainfo.ba\/index.php\/bosna-i-hercegovina\/item\/246283-sud-bih-izmirio-sve-obaveze-prema-advokatima-braniocima-nemaju-razloga-da-obustavljaju-rad\/\"},\"author\":{\"name\":\"admin2\",\"@id\":\"https:\/\/tuzlainfo.ba\/#\/schema\/person\/f4ebe4fff27e68efb65fa7e18f8af372\"},\"headline\":\"Sud BiH izmirio sve obaveze prema advokatima braniocima: \u201cNemaju razloga da obustavljaju rad\u201d\",\"datePublished\":\"2024-08-09T12:27:42+00:00\",\"dateModified\":\"2024-08-09T08:18:30+00:00\",\"mainEntityOfPage\":{\"@id\":\"https:\/\/tuzlainfo.ba\/index.php\/bosna-i-hercegovina\/item\/246283-sud-bih-izmirio-sve-obaveze-prema-advokatima-braniocima-nemaju-razloga-da-obustavljaju-rad\/\"},\"wordCount\":229,\"publisher\":{\"@id\":\"https:\/\/tuzlainfo.ba\/#organization\"},\"image\":{\"@id\":\"https:\/\/tuzlainfo.ba\/index.php\/bosna-i-hercegovina\/item\/246283-sud-bih-izmirio-sve-obaveze-prema-advokatima-braniocima-nemaju-razloga-da-obustavljaju-rad\/#primaryimage\"},\"thumbnailUrl\":\"https:\/\/tuzlainfo.ba\/wp-content\/uploads\/2020\/06\/sadrzaj_2020_20200101_0101_2020_sud_bih.jpg\",\"keywords\":[\"sud bih\"],\"articleSection\":[\"Bosna i Hercegovina\"],\"inLanguage\":\"bs-BA\"},{\"@type\":\"WebPage\",\"@id\":\"https:\/\/tuzlainfo.ba\/index.php\/bosna-i-hercegovina\/item\/246283-sud-bih-izmirio-sve-obaveze-prema-advokatima-braniocima-nemaju-razloga-da-obustavljaju-rad\/\",\"url\":\"https:\/\/tuzlainfo.ba\/index.php\/bosna-i-hercegovina\/item\/246283-sud-bih-izmirio-sve-obaveze-prema-advokatima-braniocima-nemaju-razloga-da-obustavljaju-rad\/\",\"name\":\"Sud BiH izmirio sve obaveze prema advokatima braniocima: \u201cNemaju razloga da obustavljaju rad\u201d - TuzlaInfo.ba\",\"isPartOf\":{\"@id\":\"https:\/\/tuzlainfo.ba\/#website\"},\"primaryImageOfPage\":{\"@id\":\"https:\/\/tuzlainfo.ba\/index.php\/bosna-i-hercegovina\/item\/246283-sud-bih-izmirio-sve-obaveze-prema-advokatima-braniocima-nemaju-razloga-da-obustavljaju-rad\/#primaryimage\"},\"image\":{\"@id\":\"https:\/\/tuzlainfo.ba\/index.php\/bosna-i-hercegovina\/item\/246283-sud-bih-izmirio-sve-obaveze-prema-advokatima-braniocima-nemaju-razloga-da-obustavljaju-rad\/#primaryimage\"},\"thumbnailUrl\":\"https:\/\/tuzlainfo.ba\/wp-content\/uploads\/2020\/06\/sadrzaj_2020_20200101_0101_2020_sud_bih.jpg\",\"datePublished\":\"2024-08-09T12:27:42+00:00\",\"dateModified\":\"2024-08-09T08:18:30+00:00\",\"breadcrumb\":{\"@id\":\"https:\/\/tuzlainfo.ba\/index.php\/bosna-i-hercegovina\/item\/246283-sud-bih-izmirio-sve-obaveze-prema-advokatima-braniocima-nemaju-razloga-da-obustavljaju-rad\/#breadcrumb\"},\"inLanguage\":\"bs-BA\",\"potentialAction\":[{\"@type\":\"ReadAction\",\"target\":[\"https:\/\/tuzlainfo.ba\/index.php\/bosna-i-hercegovina\/item\/246283-sud-bih-izmirio-sve-obaveze-prema-advokatima-braniocima-nemaju-razloga-da-obustavljaju-rad\/\"]}]},{\"@type\":\"ImageObject\",\"inLanguage\":\"bs-BA\",\"@id\":\"https:\/\/tuzlainfo.ba\/index.php\/bosna-i-hercegovina\/item\/246283-sud-bih-izmirio-sve-obaveze-prema-advokatima-braniocima-nemaju-razloga-da-obustavljaju-rad\/#primaryimage\",\"url\":\"https:\/\/tuzlainfo.ba\/wp-content\/uploads\/2020\/06\/sadrzaj_2020_20200101_0101_2020_sud_bih.jpg\",\"contentUrl\":\"https:\/\/tuzlainfo.ba\/wp-content\/uploads\/2020\/06\/sadrzaj_2020_20200101_0101_2020_sud_bih.jpg\",\"width\":770,\"height\":462,\"caption\":\"0101 2020 sud bih\"},{\"@type\":\"BreadcrumbList\",\"@id\":\"https:\/\/tuzlainfo.ba\/index.php\/bosna-i-hercegovina\/item\/246283-sud-bih-izmirio-sve-obaveze-prema-advokatima-braniocima-nemaju-razloga-da-obustavljaju-rad\/#breadcrumb\",\"itemListElement\":[{\"@type\":\"ListItem\",\"position\":1,\"name\":\"Home\",\"item\":\"https:\/\/tuzlainfo.ba\/\"},{\"@type\":\"ListItem\",\"position\":2,\"name\":\"Sud BiH izmirio sve obaveze prema advokatima braniocima: \u201cNemaju razloga da obustavljaju rad\u201d\"}]},{\"@type\":\"WebSite\",\"@id\":\"https:\/\/tuzlainfo.ba\/#website\",\"url\":\"https:\/\/tuzlainfo.ba\/\",\"name\":\"TuzlaInfo.ba\",\"description\":\"Tuzla info, gradski informator - Tuzla na dlanu\",\"publisher\":{\"@id\":\"https:\/\/tuzlainfo.ba\/#organization\"},\"potentialAction\":[{\"@type\":\"SearchAction\",\"target\":{\"@type\":\"EntryPoint\",\"urlTemplate\":\"https:\/\/tuzlainfo.ba\/?s={search_term_string}\"},\"query-input\":{\"@type\":\"PropertyValueSpecification\",\"valueRequired\":true,\"valueName\":\"search_term_string\"}}],\"inLanguage\":\"bs-BA\"},{\"@type\":\"Organization\",\"@id\":\"https:\/\/tuzlainfo.ba\/#organization\",\"name\":\"TuzlaInfo.ba\",\"url\":\"https:\/\/tuzlainfo.ba\/\",\"logo\":{\"@type\":\"ImageObject\",\"inLanguage\":\"bs-BA\",\"@id\":\"https:\/\/tuzlainfo.ba\/#\/schema\/logo\/image\/\",\"url\":\"https:\/\/tuzlainfo.ba\/wp-content\/uploads\/2021\/03\/logo-ver-3-1.png\",\"contentUrl\":\"https:\/\/tuzlainfo.ba\/wp-content\/uploads\/2021\/03\/logo-ver-3-1.png\",\"width\":350,\"height\":95,\"caption\":\"TuzlaInfo.ba\"},\"image\":{\"@id\":\"https:\/\/tuzlainfo.ba\/#\/schema\/logo\/image\/\"},\"sameAs\":[\"https:\/\/www.facebook.com\/tuzlainfo.ba\/\"]},{\"@type\":\"Person\",\"@id\":\"https:\/\/tuzlainfo.ba\/#\/schema\/person\/f4ebe4fff27e68efb65fa7e18f8af372\",\"name\":\"admin2\",\"image\":{\"@type\":\"ImageObject\",\"inLanguage\":\"bs-BA\",\"@id\":\"https:\/\/tuzlainfo.ba\/#\/schema\/person\/image\/\",\"url\":\"https:\/\/tuzlainfo.ba\/wp-content\/litespeed\/avatar\/8219eeb9a43cff2d096e773737736f62.jpg?ver=1777309398\",\"contentUrl\":\"https:\/\/tuzlainfo.ba\/wp-content\/litespeed\/avatar\/8219eeb9a43cff2d096e773737736f62.jpg?ver=1777309398\",\"caption\":\"admin2\"},\"description\":\"Tuzlainfo.ba pratite na dru\u0161tvenim mre\u017eama: Facebook, Instagram i Youtube. Svoje pri\u010de, upite i fotografije \u0161aljite na na\u0161u e-mail adresu.\",\"sameAs\":[\"admin\"]}]}<\/script>\n<!-- \/ Yoast SEO plugin. -->","yoast_head_json":{"title":"Sud BiH izmirio sve obaveze prema advokatima braniocima: \u201cNemaju razloga da obustavljaju rad\u201d - TuzlaInfo.ba","robots":{"index":"index","follow":"follow","max-snippet":"max-snippet:-1","max-image-preview":"max-image-preview:large","max-video-preview":"max-video-preview:-1"},"canonical":"https:\/\/tuzlainfo.ba\/index.php\/bosna-i-hercegovina\/item\/246283-sud-bih-izmirio-sve-obaveze-prema-advokatima-braniocima-nemaju-razloga-da-obustavljaju-rad\/","og_locale":"bs_BA","og_type":"article","og_title":"Sud BiH izmirio sve obaveze prema advokatima braniocima: \u201cNemaju razloga da obustavljaju rad\u201d - TuzlaInfo.ba","og_description":"Sud Bosne i Hercegovine je izmirio sve obaveze prema advokatima &#8211; braniocima po slu\u017ebenoj du\u017enosti&hellip;","og_url":"https:\/\/tuzlainfo.ba\/index.php\/bosna-i-hercegovina\/item\/246283-sud-bih-izmirio-sve-obaveze-prema-advokatima-braniocima-nemaju-razloga-da-obustavljaju-rad\/","og_site_name":"TuzlaInfo.ba","article_publisher":"https:\/\/www.facebook.com\/tuzlainfo.ba\/","article_published_time":"2024-08-09T12:27:42+00:00","article_modified_time":"2024-08-09T08:18:30+00:00","og_image":[{"width":770,"height":462,"url":"https:\/\/tuzlainfo.ba\/wp-content\/uploads\/2020\/06\/sadrzaj_2020_20200101_0101_2020_sud_bih.jpg","type":"image\/jpeg"}],"author":"admin2","twitter_card":"summary_large_image","twitter_misc":{"Written by":"admin2","Est. reading time":"2 minute"},"schema":{"@context":"https:\/\/schema.org","@graph":[{"@type":"Article","@id":"https:\/\/tuzlainfo.ba\/index.php\/bosna-i-hercegovina\/item\/246283-sud-bih-izmirio-sve-obaveze-prema-advokatima-braniocima-nemaju-razloga-da-obustavljaju-rad\/#article","isPartOf":{"@id":"https:\/\/tuzlainfo.ba\/index.php\/bosna-i-hercegovina\/item\/246283-sud-bih-izmirio-sve-obaveze-prema-advokatima-braniocima-nemaju-razloga-da-obustavljaju-rad\/"},"author":{"name":"admin2","@id":"https:\/\/tuzlainfo.ba\/#\/schema\/person\/f4ebe4fff27e68efb65fa7e18f8af372"},"headline":"Sud BiH izmirio sve obaveze prema advokatima braniocima: \u201cNemaju razloga da obustavljaju rad\u201d","datePublished":"2024-08-09T12:27:42+00:00","dateModified":"2024-08-09T08:18:30+00:00","mainEntityOfPage":{"@id":"https:\/\/tuzlainfo.ba\/index.php\/bosna-i-hercegovina\/item\/246283-sud-bih-izmirio-sve-obaveze-prema-advokatima-braniocima-nemaju-razloga-da-obustavljaju-rad\/"},"wordCount":229,"publisher":{"@id":"https:\/\/tuzlainfo.ba\/#organization"},"image":{"@id":"https:\/\/tuzlainfo.ba\/index.php\/bosna-i-hercegovina\/item\/246283-sud-bih-izmirio-sve-obaveze-prema-advokatima-braniocima-nemaju-razloga-da-obustavljaju-rad\/#primaryimage"},"thumbnailUrl":"https:\/\/tuzlainfo.ba\/wp-content\/uploads\/2020\/06\/sadrzaj_2020_20200101_0101_2020_sud_bih.jpg","keywords":["sud bih"],"articleSection":["Bosna i Hercegovina"],"inLanguage":"bs-BA"},{"@type":"WebPage","@id":"https:\/\/tuzlainfo.ba\/index.php\/bosna-i-hercegovina\/item\/246283-sud-bih-izmirio-sve-obaveze-prema-advokatima-braniocima-nemaju-razloga-da-obustavljaju-rad\/","url":"https:\/\/tuzlainfo.ba\/index.php\/bosna-i-hercegovina\/item\/246283-sud-bih-izmirio-sve-obaveze-prema-advokatima-braniocima-nemaju-razloga-da-obustavljaju-rad\/","name":"Sud BiH izmirio sve obaveze prema advokatima braniocima: \u201cNemaju razloga da obustavljaju rad\u201d - TuzlaInfo.ba","isPartOf":{"@id":"https:\/\/tuzlainfo.ba\/#website"},"primaryImageOfPage":{"@id":"https:\/\/tuzlainfo.ba\/index.php\/bosna-i-hercegovina\/item\/246283-sud-bih-izmirio-sve-obaveze-prema-advokatima-braniocima-nemaju-razloga-da-obustavljaju-rad\/#primaryimage"},"image":{"@id":"https:\/\/tuzlainfo.ba\/index.php\/bosna-i-hercegovina\/item\/246283-sud-bih-izmirio-sve-obaveze-prema-advokatima-braniocima-nemaju-razloga-da-obustavljaju-rad\/#primaryimage"},"thumbnailUrl":"https:\/\/tuzlainfo.ba\/wp-content\/uploads\/2020\/06\/sadrzaj_2020_20200101_0101_2020_sud_bih.jpg","datePublished":"2024-08-09T12:27:42+00:00","dateModified":"2024-08-09T08:18:30+00:00","breadcrumb":{"@id":"https:\/\/tuzlainfo.ba\/index.php\/bosna-i-hercegovina\/item\/246283-sud-bih-izmirio-sve-obaveze-prema-advokatima-braniocima-nemaju-razloga-da-obustavljaju-rad\/#breadcrumb"},"inLanguage":"bs-BA","potentialAction":[{"@type":"ReadAction","target":["https:\/\/tuzlainfo.ba\/index.php\/bosna-i-hercegovina\/item\/246283-sud-bih-izmirio-sve-obaveze-prema-advokatima-braniocima-nemaju-razloga-da-obustavljaju-rad\/"]}]},{"@type":"ImageObject","inLanguage":"bs-BA","@id":"https:\/\/tuzlainfo.ba\/index.php\/bosna-i-hercegovina\/item\/246283-sud-bih-izmirio-sve-obaveze-prema-advokatima-braniocima-nemaju-razloga-da-obustavljaju-rad\/#primaryimage","url":"https:\/\/tuzlainfo.ba\/wp-content\/uploads\/2020\/06\/sadrzaj_2020_20200101_0101_2020_sud_bih.jpg","contentUrl":"https:\/\/tuzlainfo.ba\/wp-content\/uploads\/2020\/06\/sadrzaj_2020_20200101_0101_2020_sud_bih.jpg","width":770,"height":462,"caption":"0101 2020 sud bih"},{"@type":"BreadcrumbList","@id":"https:\/\/tuzlainfo.ba\/index.php\/bosna-i-hercegovina\/item\/246283-sud-bih-izmirio-sve-obaveze-prema-advokatima-braniocima-nemaju-razloga-da-obustavljaju-rad\/#breadcrumb","itemListElement":[{"@type":"ListItem","position":1,"name":"Home","item":"https:\/\/tuzlainfo.ba\/"},{"@type":"ListItem","position":2,"name":"Sud BiH izmirio sve obaveze prema advokatima braniocima: \u201cNemaju razloga da obustavljaju rad\u201d"}]},{"@type":"WebSite","@id":"https:\/\/tuzlainfo.ba\/#website","url":"https:\/\/tuzlainfo.ba\/","name":"TuzlaInfo.ba","description":"Tuzla info, gradski informator - Tuzla na dlanu","publisher":{"@id":"https:\/\/tuzlainfo.ba\/#organization"},"potentialAction":[{"@type":"SearchAction","target":{"@type":"EntryPoint","urlTemplate":"https:\/\/tuzlainfo.ba\/?s={search_term_string}"},"query-input":{"@type":"PropertyValueSpecification","valueRequired":true,"valueName":"search_term_string"}}],"inLanguage":"bs-BA"},{"@type":"Organization","@id":"https:\/\/tuzlainfo.ba\/#organization","name":"TuzlaInfo.ba","url":"https:\/\/tuzlainfo.ba\/","logo":{"@type":"ImageObject","inLanguage":"bs-BA","@id":"https:\/\/tuzlainfo.ba\/#\/schema\/logo\/image\/","url":"https:\/\/tuzlainfo.ba\/wp-content\/uploads\/2021\/03\/logo-ver-3-1.png","contentUrl":"https:\/\/tuzlainfo.ba\/wp-content\/uploads\/2021\/03\/logo-ver-3-1.png","width":350,"height":95,"caption":"TuzlaInfo.ba"},"image":{"@id":"https:\/\/tuzlainfo.ba\/#\/schema\/logo\/image\/"},"sameAs":["https:\/\/www.facebook.com\/tuzlainfo.ba\/"]},{"@type":"Person","@id":"https:\/\/tuzlainfo.ba\/#\/schema\/person\/f4ebe4fff27e68efb65fa7e18f8af372","name":"admin2","image":{"@type":"ImageObject","inLanguage":"bs-BA","@id":"https:\/\/tuzlainfo.ba\/#\/schema\/person\/image\/","url":"https:\/\/tuzlainfo.ba\/wp-content\/litespeed\/avatar\/8219eeb9a43cff2d096e773737736f62.jpg?ver=1777309398","contentUrl":"https:\/\/tuzlainfo.ba\/wp-content\/litespeed\/avatar\/8219eeb9a43cff2d096e773737736f62.jpg?ver=1777309398","caption":"admin2"},"description":"Tuzlainfo.ba pratite na dru\u0161tvenim mre\u017eama: Facebook, Instagram i Youtube. Svoje pri\u010de, upite i fotografije \u0161aljite na na\u0161u e-mail adresu.","sameAs":["admin"]}]}},"_links":{"self":[{"href":"https:\/\/tuzlainfo.ba\/index.php\/wp-json\/wp\/v2\/posts\/246283"}],"collection":[{"href":"https:\/\/tuzlainfo.ba\/index.php\/wp-json\/wp\/v2\/posts"}],"about":[{"href":"https:\/\/tuzlainfo.ba\/index.php\/wp-json\/wp\/v2\/types\/post"}],"author":[{"embeddable":true,"href":"https:\/\/tuzlainfo.ba\/index.php\/wp-json\/wp\/v2\/users\/3"}],"replies":[{"embeddable":true,"href":"https:\/\/tuzlainfo.ba\/index.php\/wp-json\/wp\/v2\/comments?post=246283"}],"version-history":[{"count":1,"href":"https:\/\/tuzlainfo.ba\/index.php\/wp-json\/wp\/v2\/posts\/246283\/revisions"}],"predecessor-version":[{"id":246284,"href":"https:\/\/tuzlainfo.ba\/index.php\/wp-json\/wp\/v2\/posts\/246283\/revisions\/246284"}],"wp:featuredmedia":[{"embeddable":true,"href":"https:\/\/tuzlainfo.ba\/index.php\/wp-json\/wp\/v2\/media\/80057"}],"wp:attachment":[{"href":"https:\/\/tuzlainfo.ba\/index.php\/wp-json\/wp\/v2\/media?parent=246283"}],"wp:term":[{"taxonomy":"category","embeddable":true,"href":"https:\/\/tuzlainfo.ba\/index.php\/wp-json\/wp\/v2\/categories?post=246283"},{"taxonomy":"post_tag","embeddable":true,"href":"https:\/\/tuzlainfo.ba\/index.php\/wp-json\/wp\/v2\/tags?post=246283"}],"curies":[{"name":"wp","href":"https:\/\/api.w.org\/{rel}","templated":true}]}}