{"id":246236,"date":"2024-08-08T21:04:50","date_gmt":"2024-08-08T19:04:50","guid":{"rendered":"https:\/\/tuzlainfo.ba\/?p=246236"},"modified":"2024-08-08T17:31:29","modified_gmt":"2024-08-08T15:31:29","slug":"resorni-ministar-u-centru-za-socijalni-rad-gracanica-razgovarano-o-smjestaju-djece-s-poremecajima-u-ponasanju","status":"publish","type":"post","link":"https:\/\/tuzlainfo.ba\/index.php\/uncategorized\/item\/246236-resorni-ministar-u-centru-za-socijalni-rad-gracanica-razgovarano-o-smjestaju-djece-s-poremecajima-u-ponasanju\/","title":{"rendered":"Resorni ministar u Centru za socijalni rad Gra\u010danica: Razgovarano o smje\u0161taju djece s poreme\u0107ajima u pona\u0161anju"},"content":{"rendered":"<p><span data-contrast=\"auto\">Kako bi napravio uvid u tehni\u010dke i kadrovske kapacitete Centra za socijalni rad Gra\u010danica danas je ovu ustanovu posjetio ministar za rad, socijalnu politiku i povratak Tuzlanskog kantona Fadil Ali\u0107. Rije\u010d je o nastavku aktivnosti kada su u pitanju svi centri za socijalni rad na podru\u010dju TK a koje Ministarstvo poduzima u cilju pobolj\u0161anja uslova rada i funkcionisanja ustanova u sistemu socijalne i porodi\u010dne za\u0161tite.<\/span><span data-ccp-props=\"{&quot;201341983&quot;:0,&quot;335551550&quot;:6,&quot;335551620&quot;:6,&quot;335559731&quot;:708,&quot;335559739&quot;:0,&quot;335559740&quot;:240}\">\u00a0<\/span><\/p>\n<p><span data-contrast=\"auto\">Da se radi o izuzetno produktivnoj posjeti potvrdio je ministar Ali\u0107 naglasiv\u0161i da su prikupljene korisne informacije.<\/span><span data-ccp-props=\"{&quot;201341983&quot;:0,&quot;335551550&quot;:6,&quot;335551620&quot;:6,&quot;335559731&quot;:708,&quot;335559739&quot;:0,&quot;335559740&quot;:240}\">\u00a0<\/span><\/p>\n<p><span data-contrast=\"auto\">\u201eDio sastanka smo iskoristili za na\u0161u goru\u0107u temu a to je smje\u0161taj djece sa poreme\u0107ajima u pona\u0161anju. Ve\u0107 smo poduzeli odre\u0111ene korake i uskoro \u0107emo imati informaciju o sagledanom stanju institucija na podru\u010dju TK za smje\u0161taj djece sa poreme\u0107ajem u pona\u0161anju. To bi trebao biti neki sistematski korak u budu\u0107nosti da ne bismo dolazili u situacije u koje smo u prethodnim godinama imali a to je da nijedna institucija ne \u017eeli prihvatiti djecu sa ovakvim dijagnozama u svoje ustanove\u201c, kazao je ovom prilikom ministar Ali\u0107.\u00a0<\/span><span data-ccp-props=\"{&quot;201341983&quot;:0,&quot;335551550&quot;:6,&quot;335551620&quot;:6,&quot;335559731&quot;:708,&quot;335559739&quot;:0,&quot;335559740&quot;:240}\">\u00a0<\/span><\/p>\n<p><span data-contrast=\"auto\">Aktuelan problem smje\u0161taja djece sa pote\u0161ko\u0107ama u pona\u0161anju potvrdio je i v.d. direktor Centra za socijalni rad Gra\u010danica Hasan Durakovi\u0107 napominju\u0107i da su iz Ministarstva obe\u0107ali podr\u0161ku kako bi se to u narednom periodu rije\u0161ilo.<\/span><span data-ccp-props=\"{&quot;201341983&quot;:0,&quot;335551550&quot;:6,&quot;335551620&quot;:6,&quot;335559731&quot;:708,&quot;335559739&quot;:0,&quot;335559740&quot;:240}\">\u00a0<\/span><\/p>\n<p><span data-contrast=\"auto\">Najve\u0107i pru\u017ealac alternativne brige za djecu u na\u0161oj zemlji su SOS Dje\u010dija sela u BiH \u010dije selo u Gra\u010danici je posjetio danas ministar Ali\u0107 gdje je o budu\u0107oj saradnji razgovarao sa nacionalnim direktorom Malikom Garibijom.<\/span><span data-ccp-props=\"{&quot;201341983&quot;:0,&quot;335551550&quot;:6,&quot;335551620&quot;:6,&quot;335559731&quot;:708,&quot;335559739&quot;:0,&quot;335559740&quot;:240}\">\u00a0<\/span><\/p>\n","protected":false},"excerpt":{"rendered":"<p>Kako bi napravio uvid u tehni\u010dke i kadrovske kapacitete Centra za socijalni rad Gra\u010danica danas&hellip;<\/p>\n","protected":false},"author":4,"featured_media":246237,"comment_status":"closed","ping_status":"closed","sticky":false,"template":"","format":"standard","meta":{"_acf_changed":false,"footnotes":""},"categories":[1],"tags":[6294],"acf":[],"yoast_head":"<!-- This site is optimized with the Yoast SEO plugin v23.5 - https:\/\/yoast.com\/wordpress\/plugins\/seo\/ -->\n<title>Resorni ministar u Centru za socijalni rad Gra\u010danica: Razgovarano o smje\u0161taju djece s poreme\u0107ajima u pona\u0161anju - TuzlaInfo.ba<\/title>\n<meta name=\"robots\" content=\"index, follow, max-snippet:-1, max-image-preview:large, max-video-preview:-1\" \/>\n<link rel=\"canonical\" href=\"https:\/\/tuzlainfo.ba\/index.php\/uncategorized\/item\/246236-resorni-ministar-u-centru-za-socijalni-rad-gracanica-razgovarano-o-smjestaju-djece-s-poremecajima-u-ponasanju\/\" \/>\n<meta property=\"og:locale\" content=\"bs_BA\" \/>\n<meta property=\"og:type\" content=\"article\" \/>\n<meta property=\"og:title\" content=\"Resorni ministar u Centru za socijalni rad Gra\u010danica: Razgovarano o smje\u0161taju djece s poreme\u0107ajima u pona\u0161anju - TuzlaInfo.ba\" \/>\n<meta property=\"og:description\" content=\"Kako bi napravio uvid u tehni\u010dke i kadrovske kapacitete Centra za socijalni rad Gra\u010danica danas&hellip;\" \/>\n<meta property=\"og:url\" content=\"https:\/\/tuzlainfo.ba\/index.php\/uncategorized\/item\/246236-resorni-ministar-u-centru-za-socijalni-rad-gracanica-razgovarano-o-smjestaju-djece-s-poremecajima-u-ponasanju\/\" \/>\n<meta property=\"og:site_name\" content=\"TuzlaInfo.ba\" \/>\n<meta property=\"article:publisher\" content=\"https:\/\/www.facebook.com\/tuzlainfo.ba\/\" \/>\n<meta property=\"article:published_time\" content=\"2024-08-08T19:04:50+00:00\" \/>\n<meta property=\"article:modified_time\" content=\"2024-08-08T15:31:29+00:00\" \/>\n<meta property=\"og:image\" content=\"https:\/\/tuzlainfo.ba\/wp-content\/uploads\/2024\/08\/thumbnail_sos-gracanica.jpg\" \/>\n\t<meta property=\"og:image:width\" content=\"1620\" \/>\n\t<meta property=\"og:image:height\" content=\"1080\" \/>\n\t<meta property=\"og:image:type\" content=\"image\/jpeg\" \/>\n<meta name=\"author\" content=\"Tuzla Info\" \/>\n<meta name=\"twitter:card\" content=\"summary_large_image\" \/>\n<meta name=\"twitter:label1\" content=\"Written by\" \/>\n\t<meta name=\"twitter:data1\" content=\"Tuzla Info\" \/>\n\t<meta name=\"twitter:label2\" content=\"Est. reading time\" \/>\n\t<meta name=\"twitter:data2\" content=\"2 minute\" \/>\n<script type=\"application\/ld+json\" class=\"yoast-schema-graph\">{\"@context\":\"https:\/\/schema.org\",\"@graph\":[{\"@type\":\"Article\",\"@id\":\"https:\/\/tuzlainfo.ba\/index.php\/uncategorized\/item\/246236-resorni-ministar-u-centru-za-socijalni-rad-gracanica-razgovarano-o-smjestaju-djece-s-poremecajima-u-ponasanju\/#article\",\"isPartOf\":{\"@id\":\"https:\/\/tuzlainfo.ba\/index.php\/uncategorized\/item\/246236-resorni-ministar-u-centru-za-socijalni-rad-gracanica-razgovarano-o-smjestaju-djece-s-poremecajima-u-ponasanju\/\"},\"author\":{\"name\":\"Tuzla Info\",\"@id\":\"https:\/\/tuzlainfo.ba\/#\/schema\/person\/46cad4c57790cbc50781edd14870825a\"},\"headline\":\"Resorni ministar u Centru za socijalni rad Gra\u010danica: Razgovarano o smje\u0161taju djece s poreme\u0107ajima u pona\u0161anju\",\"datePublished\":\"2024-08-08T19:04:50+00:00\",\"dateModified\":\"2024-08-08T15:31:29+00:00\",\"mainEntityOfPage\":{\"@id\":\"https:\/\/tuzlainfo.ba\/index.php\/uncategorized\/item\/246236-resorni-ministar-u-centru-za-socijalni-rad-gracanica-razgovarano-o-smjestaju-djece-s-poremecajima-u-ponasanju\/\"},\"wordCount\":291,\"publisher\":{\"@id\":\"https:\/\/tuzlainfo.ba\/#organization\"},\"image\":{\"@id\":\"https:\/\/tuzlainfo.ba\/index.php\/uncategorized\/item\/246236-resorni-ministar-u-centru-za-socijalni-rad-gracanica-razgovarano-o-smjestaju-djece-s-poremecajima-u-ponasanju\/#primaryimage\"},\"thumbnailUrl\":\"https:\/\/tuzlainfo.ba\/wp-content\/uploads\/2024\/08\/thumbnail_sos-gracanica.jpg\",\"keywords\":[\"ministarstvo za rad i socijalnu politiku tk\"],\"articleSection\":[\"Uncategorized\"],\"inLanguage\":\"bs-BA\"},{\"@type\":\"WebPage\",\"@id\":\"https:\/\/tuzlainfo.ba\/index.php\/uncategorized\/item\/246236-resorni-ministar-u-centru-za-socijalni-rad-gracanica-razgovarano-o-smjestaju-djece-s-poremecajima-u-ponasanju\/\",\"url\":\"https:\/\/tuzlainfo.ba\/index.php\/uncategorized\/item\/246236-resorni-ministar-u-centru-za-socijalni-rad-gracanica-razgovarano-o-smjestaju-djece-s-poremecajima-u-ponasanju\/\",\"name\":\"Resorni ministar u Centru za socijalni rad Gra\u010danica: Razgovarano o smje\u0161taju djece s poreme\u0107ajima u pona\u0161anju - TuzlaInfo.ba\",\"isPartOf\":{\"@id\":\"https:\/\/tuzlainfo.ba\/#website\"},\"primaryImageOfPage\":{\"@id\":\"https:\/\/tuzlainfo.ba\/index.php\/uncategorized\/item\/246236-resorni-ministar-u-centru-za-socijalni-rad-gracanica-razgovarano-o-smjestaju-djece-s-poremecajima-u-ponasanju\/#primaryimage\"},\"image\":{\"@id\":\"https:\/\/tuzlainfo.ba\/index.php\/uncategorized\/item\/246236-resorni-ministar-u-centru-za-socijalni-rad-gracanica-razgovarano-o-smjestaju-djece-s-poremecajima-u-ponasanju\/#primaryimage\"},\"thumbnailUrl\":\"https:\/\/tuzlainfo.ba\/wp-content\/uploads\/2024\/08\/thumbnail_sos-gracanica.jpg\",\"datePublished\":\"2024-08-08T19:04:50+00:00\",\"dateModified\":\"2024-08-08T15:31:29+00:00\",\"breadcrumb\":{\"@id\":\"https:\/\/tuzlainfo.ba\/index.php\/uncategorized\/item\/246236-resorni-ministar-u-centru-za-socijalni-rad-gracanica-razgovarano-o-smjestaju-djece-s-poremecajima-u-ponasanju\/#breadcrumb\"},\"inLanguage\":\"bs-BA\",\"potentialAction\":[{\"@type\":\"ReadAction\",\"target\":[\"https:\/\/tuzlainfo.ba\/index.php\/uncategorized\/item\/246236-resorni-ministar-u-centru-za-socijalni-rad-gracanica-razgovarano-o-smjestaju-djece-s-poremecajima-u-ponasanju\/\"]}]},{\"@type\":\"ImageObject\",\"inLanguage\":\"bs-BA\",\"@id\":\"https:\/\/tuzlainfo.ba\/index.php\/uncategorized\/item\/246236-resorni-ministar-u-centru-za-socijalni-rad-gracanica-razgovarano-o-smjestaju-djece-s-poremecajima-u-ponasanju\/#primaryimage\",\"url\":\"https:\/\/tuzlainfo.ba\/wp-content\/uploads\/2024\/08\/thumbnail_sos-gracanica.jpg\",\"contentUrl\":\"https:\/\/tuzlainfo.ba\/wp-content\/uploads\/2024\/08\/thumbnail_sos-gracanica.jpg\",\"width\":1620,\"height\":1080},{\"@type\":\"BreadcrumbList\",\"@id\":\"https:\/\/tuzlainfo.ba\/index.php\/uncategorized\/item\/246236-resorni-ministar-u-centru-za-socijalni-rad-gracanica-razgovarano-o-smjestaju-djece-s-poremecajima-u-ponasanju\/#breadcrumb\",\"itemListElement\":[{\"@type\":\"ListItem\",\"position\":1,\"name\":\"Home\",\"item\":\"https:\/\/tuzlainfo.ba\/\"},{\"@type\":\"ListItem\",\"position\":2,\"name\":\"Resorni ministar u Centru za socijalni rad Gra\u010danica: Razgovarano o smje\u0161taju djece s poreme\u0107ajima u pona\u0161anju\"}]},{\"@type\":\"WebSite\",\"@id\":\"https:\/\/tuzlainfo.ba\/#website\",\"url\":\"https:\/\/tuzlainfo.ba\/\",\"name\":\"TuzlaInfo.ba\",\"description\":\"Tuzla info, gradski informator - Tuzla na dlanu\",\"publisher\":{\"@id\":\"https:\/\/tuzlainfo.ba\/#organization\"},\"potentialAction\":[{\"@type\":\"SearchAction\",\"target\":{\"@type\":\"EntryPoint\",\"urlTemplate\":\"https:\/\/tuzlainfo.ba\/?s={search_term_string}\"},\"query-input\":{\"@type\":\"PropertyValueSpecification\",\"valueRequired\":true,\"valueName\":\"search_term_string\"}}],\"inLanguage\":\"bs-BA\"},{\"@type\":\"Organization\",\"@id\":\"https:\/\/tuzlainfo.ba\/#organization\",\"name\":\"TuzlaInfo.ba\",\"url\":\"https:\/\/tuzlainfo.ba\/\",\"logo\":{\"@type\":\"ImageObject\",\"inLanguage\":\"bs-BA\",\"@id\":\"https:\/\/tuzlainfo.ba\/#\/schema\/logo\/image\/\",\"url\":\"https:\/\/tuzlainfo.ba\/wp-content\/uploads\/2021\/03\/logo-ver-3-1.png\",\"contentUrl\":\"https:\/\/tuzlainfo.ba\/wp-content\/uploads\/2021\/03\/logo-ver-3-1.png\",\"width\":350,\"height\":95,\"caption\":\"TuzlaInfo.ba\"},\"image\":{\"@id\":\"https:\/\/tuzlainfo.ba\/#\/schema\/logo\/image\/\"},\"sameAs\":[\"https:\/\/www.facebook.com\/tuzlainfo.ba\/\"]},{\"@type\":\"Person\",\"@id\":\"https:\/\/tuzlainfo.ba\/#\/schema\/person\/46cad4c57790cbc50781edd14870825a\",\"name\":\"Tuzla Info\",\"image\":{\"@type\":\"ImageObject\",\"inLanguage\":\"bs-BA\",\"@id\":\"https:\/\/tuzlainfo.ba\/#\/schema\/person\/image\/\",\"url\":\"https:\/\/tuzlainfo.ba\/wp-content\/litespeed\/avatar\/b6c453a6c38e3654f2e4416c643fc25c.jpg?ver=1777051911\",\"contentUrl\":\"https:\/\/tuzlainfo.ba\/wp-content\/litespeed\/avatar\/b6c453a6c38e3654f2e4416c643fc25c.jpg?ver=1777051911\",\"caption\":\"Tuzla Info\"}}]}<\/script>\n<!-- \/ Yoast SEO plugin. -->","yoast_head_json":{"title":"Resorni ministar u Centru za socijalni rad Gra\u010danica: Razgovarano o smje\u0161taju djece s poreme\u0107ajima u pona\u0161anju - TuzlaInfo.ba","robots":{"index":"index","follow":"follow","max-snippet":"max-snippet:-1","max-image-preview":"max-image-preview:large","max-video-preview":"max-video-preview:-1"},"canonical":"https:\/\/tuzlainfo.ba\/index.php\/uncategorized\/item\/246236-resorni-ministar-u-centru-za-socijalni-rad-gracanica-razgovarano-o-smjestaju-djece-s-poremecajima-u-ponasanju\/","og_locale":"bs_BA","og_type":"article","og_title":"Resorni ministar u Centru za socijalni rad Gra\u010danica: Razgovarano o smje\u0161taju djece s poreme\u0107ajima u pona\u0161anju - TuzlaInfo.ba","og_description":"Kako bi napravio uvid u tehni\u010dke i kadrovske kapacitete Centra za socijalni rad Gra\u010danica danas&hellip;","og_url":"https:\/\/tuzlainfo.ba\/index.php\/uncategorized\/item\/246236-resorni-ministar-u-centru-za-socijalni-rad-gracanica-razgovarano-o-smjestaju-djece-s-poremecajima-u-ponasanju\/","og_site_name":"TuzlaInfo.ba","article_publisher":"https:\/\/www.facebook.com\/tuzlainfo.ba\/","article_published_time":"2024-08-08T19:04:50+00:00","article_modified_time":"2024-08-08T15:31:29+00:00","og_image":[{"width":1620,"height":1080,"url":"https:\/\/tuzlainfo.ba\/wp-content\/uploads\/2024\/08\/thumbnail_sos-gracanica.jpg","type":"image\/jpeg"}],"author":"Tuzla Info","twitter_card":"summary_large_image","twitter_misc":{"Written by":"Tuzla Info","Est. reading time":"2 minute"},"schema":{"@context":"https:\/\/schema.org","@graph":[{"@type":"Article","@id":"https:\/\/tuzlainfo.ba\/index.php\/uncategorized\/item\/246236-resorni-ministar-u-centru-za-socijalni-rad-gracanica-razgovarano-o-smjestaju-djece-s-poremecajima-u-ponasanju\/#article","isPartOf":{"@id":"https:\/\/tuzlainfo.ba\/index.php\/uncategorized\/item\/246236-resorni-ministar-u-centru-za-socijalni-rad-gracanica-razgovarano-o-smjestaju-djece-s-poremecajima-u-ponasanju\/"},"author":{"name":"Tuzla Info","@id":"https:\/\/tuzlainfo.ba\/#\/schema\/person\/46cad4c57790cbc50781edd14870825a"},"headline":"Resorni ministar u Centru za socijalni rad Gra\u010danica: Razgovarano o smje\u0161taju djece s poreme\u0107ajima u pona\u0161anju","datePublished":"2024-08-08T19:04:50+00:00","dateModified":"2024-08-08T15:31:29+00:00","mainEntityOfPage":{"@id":"https:\/\/tuzlainfo.ba\/index.php\/uncategorized\/item\/246236-resorni-ministar-u-centru-za-socijalni-rad-gracanica-razgovarano-o-smjestaju-djece-s-poremecajima-u-ponasanju\/"},"wordCount":291,"publisher":{"@id":"https:\/\/tuzlainfo.ba\/#organization"},"image":{"@id":"https:\/\/tuzlainfo.ba\/index.php\/uncategorized\/item\/246236-resorni-ministar-u-centru-za-socijalni-rad-gracanica-razgovarano-o-smjestaju-djece-s-poremecajima-u-ponasanju\/#primaryimage"},"thumbnailUrl":"https:\/\/tuzlainfo.ba\/wp-content\/uploads\/2024\/08\/thumbnail_sos-gracanica.jpg","keywords":["ministarstvo za rad i socijalnu politiku tk"],"articleSection":["Uncategorized"],"inLanguage":"bs-BA"},{"@type":"WebPage","@id":"https:\/\/tuzlainfo.ba\/index.php\/uncategorized\/item\/246236-resorni-ministar-u-centru-za-socijalni-rad-gracanica-razgovarano-o-smjestaju-djece-s-poremecajima-u-ponasanju\/","url":"https:\/\/tuzlainfo.ba\/index.php\/uncategorized\/item\/246236-resorni-ministar-u-centru-za-socijalni-rad-gracanica-razgovarano-o-smjestaju-djece-s-poremecajima-u-ponasanju\/","name":"Resorni ministar u Centru za socijalni rad Gra\u010danica: Razgovarano o smje\u0161taju djece s poreme\u0107ajima u pona\u0161anju - TuzlaInfo.ba","isPartOf":{"@id":"https:\/\/tuzlainfo.ba\/#website"},"primaryImageOfPage":{"@id":"https:\/\/tuzlainfo.ba\/index.php\/uncategorized\/item\/246236-resorni-ministar-u-centru-za-socijalni-rad-gracanica-razgovarano-o-smjestaju-djece-s-poremecajima-u-ponasanju\/#primaryimage"},"image":{"@id":"https:\/\/tuzlainfo.ba\/index.php\/uncategorized\/item\/246236-resorni-ministar-u-centru-za-socijalni-rad-gracanica-razgovarano-o-smjestaju-djece-s-poremecajima-u-ponasanju\/#primaryimage"},"thumbnailUrl":"https:\/\/tuzlainfo.ba\/wp-content\/uploads\/2024\/08\/thumbnail_sos-gracanica.jpg","datePublished":"2024-08-08T19:04:50+00:00","dateModified":"2024-08-08T15:31:29+00:00","breadcrumb":{"@id":"https:\/\/tuzlainfo.ba\/index.php\/uncategorized\/item\/246236-resorni-ministar-u-centru-za-socijalni-rad-gracanica-razgovarano-o-smjestaju-djece-s-poremecajima-u-ponasanju\/#breadcrumb"},"inLanguage":"bs-BA","potentialAction":[{"@type":"ReadAction","target":["https:\/\/tuzlainfo.ba\/index.php\/uncategorized\/item\/246236-resorni-ministar-u-centru-za-socijalni-rad-gracanica-razgovarano-o-smjestaju-djece-s-poremecajima-u-ponasanju\/"]}]},{"@type":"ImageObject","inLanguage":"bs-BA","@id":"https:\/\/tuzlainfo.ba\/index.php\/uncategorized\/item\/246236-resorni-ministar-u-centru-za-socijalni-rad-gracanica-razgovarano-o-smjestaju-djece-s-poremecajima-u-ponasanju\/#primaryimage","url":"https:\/\/tuzlainfo.ba\/wp-content\/uploads\/2024\/08\/thumbnail_sos-gracanica.jpg","contentUrl":"https:\/\/tuzlainfo.ba\/wp-content\/uploads\/2024\/08\/thumbnail_sos-gracanica.jpg","width":1620,"height":1080},{"@type":"BreadcrumbList","@id":"https:\/\/tuzlainfo.ba\/index.php\/uncategorized\/item\/246236-resorni-ministar-u-centru-za-socijalni-rad-gracanica-razgovarano-o-smjestaju-djece-s-poremecajima-u-ponasanju\/#breadcrumb","itemListElement":[{"@type":"ListItem","position":1,"name":"Home","item":"https:\/\/tuzlainfo.ba\/"},{"@type":"ListItem","position":2,"name":"Resorni ministar u Centru za socijalni rad Gra\u010danica: Razgovarano o smje\u0161taju djece s poreme\u0107ajima u pona\u0161anju"}]},{"@type":"WebSite","@id":"https:\/\/tuzlainfo.ba\/#website","url":"https:\/\/tuzlainfo.ba\/","name":"TuzlaInfo.ba","description":"Tuzla info, gradski informator - Tuzla na dlanu","publisher":{"@id":"https:\/\/tuzlainfo.ba\/#organization"},"potentialAction":[{"@type":"SearchAction","target":{"@type":"EntryPoint","urlTemplate":"https:\/\/tuzlainfo.ba\/?s={search_term_string}"},"query-input":{"@type":"PropertyValueSpecification","valueRequired":true,"valueName":"search_term_string"}}],"inLanguage":"bs-BA"},{"@type":"Organization","@id":"https:\/\/tuzlainfo.ba\/#organization","name":"TuzlaInfo.ba","url":"https:\/\/tuzlainfo.ba\/","logo":{"@type":"ImageObject","inLanguage":"bs-BA","@id":"https:\/\/tuzlainfo.ba\/#\/schema\/logo\/image\/","url":"https:\/\/tuzlainfo.ba\/wp-content\/uploads\/2021\/03\/logo-ver-3-1.png","contentUrl":"https:\/\/tuzlainfo.ba\/wp-content\/uploads\/2021\/03\/logo-ver-3-1.png","width":350,"height":95,"caption":"TuzlaInfo.ba"},"image":{"@id":"https:\/\/tuzlainfo.ba\/#\/schema\/logo\/image\/"},"sameAs":["https:\/\/www.facebook.com\/tuzlainfo.ba\/"]},{"@type":"Person","@id":"https:\/\/tuzlainfo.ba\/#\/schema\/person\/46cad4c57790cbc50781edd14870825a","name":"Tuzla Info","image":{"@type":"ImageObject","inLanguage":"bs-BA","@id":"https:\/\/tuzlainfo.ba\/#\/schema\/person\/image\/","url":"https:\/\/tuzlainfo.ba\/wp-content\/litespeed\/avatar\/b6c453a6c38e3654f2e4416c643fc25c.jpg?ver=1777051911","contentUrl":"https:\/\/tuzlainfo.ba\/wp-content\/litespeed\/avatar\/b6c453a6c38e3654f2e4416c643fc25c.jpg?ver=1777051911","caption":"Tuzla Info"}}]}},"_links":{"self":[{"href":"https:\/\/tuzlainfo.ba\/index.php\/wp-json\/wp\/v2\/posts\/246236"}],"collection":[{"href":"https:\/\/tuzlainfo.ba\/index.php\/wp-json\/wp\/v2\/posts"}],"about":[{"href":"https:\/\/tuzlainfo.ba\/index.php\/wp-json\/wp\/v2\/types\/post"}],"author":[{"embeddable":true,"href":"https:\/\/tuzlainfo.ba\/index.php\/wp-json\/wp\/v2\/users\/4"}],"replies":[{"embeddable":true,"href":"https:\/\/tuzlainfo.ba\/index.php\/wp-json\/wp\/v2\/comments?post=246236"}],"version-history":[{"count":1,"href":"https:\/\/tuzlainfo.ba\/index.php\/wp-json\/wp\/v2\/posts\/246236\/revisions"}],"predecessor-version":[{"id":246238,"href":"https:\/\/tuzlainfo.ba\/index.php\/wp-json\/wp\/v2\/posts\/246236\/revisions\/246238"}],"wp:featuredmedia":[{"embeddable":true,"href":"https:\/\/tuzlainfo.ba\/index.php\/wp-json\/wp\/v2\/media\/246237"}],"wp:attachment":[{"href":"https:\/\/tuzlainfo.ba\/index.php\/wp-json\/wp\/v2\/media?parent=246236"}],"wp:term":[{"taxonomy":"category","embeddable":true,"href":"https:\/\/tuzlainfo.ba\/index.php\/wp-json\/wp\/v2\/categories?post=246236"},{"taxonomy":"post_tag","embeddable":true,"href":"https:\/\/tuzlainfo.ba\/index.php\/wp-json\/wp\/v2\/tags?post=246236"}],"curies":[{"name":"wp","href":"https:\/\/api.w.org\/{rel}","templated":true}]}}