{"id":246041,"date":"2024-08-06T20:39:15","date_gmt":"2024-08-06T18:39:15","guid":{"rendered":"https:\/\/tuzlainfo.ba\/?p=246041"},"modified":"2024-08-06T20:39:15","modified_gmt":"2024-08-06T18:39:15","slug":"lendo-odgovorio-hdz-ovcima-nema-balansa-izmedju-svih-strana-zna-se-ko-je-alagic-a-ko-kordic","status":"publish","type":"post","link":"https:\/\/tuzlainfo.ba\/index.php\/bosna-i-hercegovina\/item\/246041-lendo-odgovorio-hdz-ovcima-nema-balansa-izmedju-svih-strana-zna-se-ko-je-alagic-a-ko-kordic\/","title":{"rendered":"Lendo odgovorio HDZ-ovcima: Nema balansa &#8220;izme\u0111u svih strana&#8221;, zna se ko je Alagi\u0107 a ko Kordi\u0107"},"content":{"rendered":"<p>Potpredsjednik Federacije Bosne i Hercegovine\u00a0<strong>Refik Lendo<\/strong>\u00a0smatra da je saop\u0107enje HDZ-ovih delegata u Klubu Hrvata Doma naroda Parlamenta FBiH, kojim poku\u0161avaju problematizirati postavljanje spomenika generalu<strong>\u00a0Mehmedu Alagi\u0107u,<\/strong>\u00a0vrlo \u00a0lo\u0161 poku\u0161aj da se neistinama i historijskim revizionizmom izjedna\u010di odgovornost za ratne zlo\u010dine po\u010dinjene tokom agresije na BiH.<\/p>\n<p>&#8211; General Mehmed Alagi\u0107 svojim je li\u010dnim primjerom, vojni\u010dkim znanjem i uz po\u0161tivanje svih pravila i obi\u010daja ratovanja, predvodio \u010dasnu borbu Armije Republike Bosne i Hercegovine u odbrani dr\u017eave od agresije i udru\u017eenog zlo\u010dina\u010dkog poduhvata. Spomenik na Vla\u0161i\u0107u ostaje kao trajno svjedo\u010denje o njegovoj herojskoj i \u010dasnoj historijskoj ulozi &#8211; saop\u0107eno je iz Kabineta potpredsjednika FBiH Refika Lende.<\/p>\n<p>U saop\u0107enju se navodi da, &#8220;za razliku od generala Alagi\u0107a, zbog odgovornosti za po\u010dinjene ratne zlo\u010dine pred Ha\u0161kim tribunalom presu\u0111eno je cjelokupno politi\u010dko i vojno rukovodstvo tzv. Herceg-Bosne, me\u0111u kojima je i\u00a0<strong>Dario Kordi\u0107,<\/strong>\u00a0ratni zlo\u010dinac kojem je aktuelno rukovodstvo HDZ-a BiH prire\u0111ivalo sve\u010dani do\u010dek po izlasku iz zatvora&#8221;.<\/p>\n<p>&#8211; Ako im je ve\u0107 stalo do po\u0161tivanja \u017ertava, HDZ-ovi delegati su imali priliku to po\u0161tovanje pokazati osudom Kordi\u0107evih zlo\u010dina, onih koji su mu prire\u0111ivali do\u010dek i onih koji su branili njegovu skandaloznu izjavu da bi \u201esve ponovio\u201c.<\/p>\n<p>Na kriminaliziranje Armije Republike BiH i njenih \u010dasnih pripadnika zarad poku\u0161aja stvaranja balansa izme\u0111u svih strana u odgovornosti za ratne zlo\u010dine nikada ne\u0107emo pristati. Nije bilo balansa u zlo\u010dinima pa ga nema ni u odgovornosti, \u0161to jasno pokazuju i presude najrelevantnijih me\u0111unarodnih sudova &#8211; isti\u010de Lendo.<\/p>\n<p>Dodaje da la\u017enim optu\u017eivanjem generala Alagi\u0107a i slavljenjem ratnih zlo\u010dinaca HDZ-ovi delegati pokazuju da ne po\u0161tuju presude Ha\u0161kog tribunala, a uvredama na ra\u010dun \u010dlana Predsjedni\u0161tva BiH \u017deljka Kom\u0161i\u0107a i da ne po\u0161tuju Ustav na\u0161e zemlje, po kojem je Kom\u0161i\u0107 izabran na tu poziciju.<\/p>\n<p>-Pozivam HDZ-ove delegate da se, umjesto historijskim revizionizmom, po\u010dnu baviti stvarnim procesom pomirenja, a mogu po\u010deti jasnim distanciranjem od politika koju je Ha\u0161ki tribunal ozna\u010dio kao \u201eudru\u017eeni zlo\u010dina\u010dki poduhvat\u201c &#8211; navodi Lendo.<\/p>\n","protected":false},"excerpt":{"rendered":"<p>Potpredsjednik Federacije Bosne i Hercegovine\u00a0Refik Lendo\u00a0smatra da je saop\u0107enje HDZ-ovih delegata u Klubu Hrvata Doma&hellip;<\/p>\n","protected":false},"author":2,"featured_media":204531,"comment_status":"closed","ping_status":"closed","sticky":false,"template":"","format":"standard","meta":{"_acf_changed":false,"footnotes":""},"categories":[291],"tags":[6049],"acf":[],"yoast_head":"<!-- This site is optimized with the Yoast SEO plugin v23.5 - https:\/\/yoast.com\/wordpress\/plugins\/seo\/ -->\n<title>Lendo odgovorio HDZ-ovcima: Nema balansa &quot;izme\u0111u svih strana&quot;, zna se ko je Alagi\u0107 a ko Kordi\u0107 - TuzlaInfo.ba<\/title>\n<meta name=\"robots\" content=\"index, follow, max-snippet:-1, max-image-preview:large, max-video-preview:-1\" \/>\n<link rel=\"canonical\" href=\"https:\/\/tuzlainfo.ba\/index.php\/bosna-i-hercegovina\/item\/246041-lendo-odgovorio-hdz-ovcima-nema-balansa-izmedju-svih-strana-zna-se-ko-je-alagic-a-ko-kordic\/\" \/>\n<meta property=\"og:locale\" content=\"bs_BA\" \/>\n<meta property=\"og:type\" content=\"article\" \/>\n<meta property=\"og:title\" content=\"Lendo odgovorio HDZ-ovcima: Nema balansa &quot;izme\u0111u svih strana&quot;, zna se ko je Alagi\u0107 a ko Kordi\u0107 - TuzlaInfo.ba\" \/>\n<meta property=\"og:description\" content=\"Potpredsjednik Federacije Bosne i Hercegovine\u00a0Refik Lendo\u00a0smatra da je saop\u0107enje HDZ-ovih delegata u Klubu Hrvata Doma&hellip;\" \/>\n<meta property=\"og:url\" content=\"https:\/\/tuzlainfo.ba\/index.php\/bosna-i-hercegovina\/item\/246041-lendo-odgovorio-hdz-ovcima-nema-balansa-izmedju-svih-strana-zna-se-ko-je-alagic-a-ko-kordic\/\" \/>\n<meta property=\"og:site_name\" content=\"TuzlaInfo.ba\" \/>\n<meta property=\"article:publisher\" content=\"https:\/\/www.facebook.com\/tuzlainfo.ba\/\" \/>\n<meta property=\"article:published_time\" content=\"2024-08-06T18:39:15+00:00\" \/>\n<meta property=\"og:image\" content=\"https:\/\/tuzlainfo.ba\/wp-content\/uploads\/2023\/05\/refik_lendo.jpg\" \/>\n\t<meta property=\"og:image:width\" content=\"1141\" \/>\n\t<meta property=\"og:image:height\" content=\"723\" \/>\n\t<meta property=\"og:image:type\" content=\"image\/jpeg\" \/>\n<meta name=\"author\" content=\"nedim\" \/>\n<meta name=\"twitter:card\" content=\"summary_large_image\" \/>\n<meta name=\"twitter:label1\" content=\"Written by\" \/>\n\t<meta name=\"twitter:data1\" content=\"nedim\" \/>\n\t<meta name=\"twitter:label2\" content=\"Est. reading time\" \/>\n\t<meta name=\"twitter:data2\" content=\"2 minute\" \/>\n<script type=\"application\/ld+json\" class=\"yoast-schema-graph\">{\"@context\":\"https:\/\/schema.org\",\"@graph\":[{\"@type\":\"Article\",\"@id\":\"https:\/\/tuzlainfo.ba\/index.php\/bosna-i-hercegovina\/item\/246041-lendo-odgovorio-hdz-ovcima-nema-balansa-izmedju-svih-strana-zna-se-ko-je-alagic-a-ko-kordic\/#article\",\"isPartOf\":{\"@id\":\"https:\/\/tuzlainfo.ba\/index.php\/bosna-i-hercegovina\/item\/246041-lendo-odgovorio-hdz-ovcima-nema-balansa-izmedju-svih-strana-zna-se-ko-je-alagic-a-ko-kordic\/\"},\"author\":{\"name\":\"nedim\",\"@id\":\"https:\/\/tuzlainfo.ba\/#\/schema\/person\/f434e20dc27ea133923aab08451b7f7f\"},\"headline\":\"Lendo odgovorio HDZ-ovcima: Nema balansa &#8220;izme\u0111u svih strana&#8221;, zna se ko je Alagi\u0107 a ko Kordi\u0107\",\"datePublished\":\"2024-08-06T18:39:15+00:00\",\"dateModified\":\"2024-08-06T18:39:15+00:00\",\"mainEntityOfPage\":{\"@id\":\"https:\/\/tuzlainfo.ba\/index.php\/bosna-i-hercegovina\/item\/246041-lendo-odgovorio-hdz-ovcima-nema-balansa-izmedju-svih-strana-zna-se-ko-je-alagic-a-ko-kordic\/\"},\"wordCount\":394,\"publisher\":{\"@id\":\"https:\/\/tuzlainfo.ba\/#organization\"},\"image\":{\"@id\":\"https:\/\/tuzlainfo.ba\/index.php\/bosna-i-hercegovina\/item\/246041-lendo-odgovorio-hdz-ovcima-nema-balansa-izmedju-svih-strana-zna-se-ko-je-alagic-a-ko-kordic\/#primaryimage\"},\"thumbnailUrl\":\"https:\/\/tuzlainfo.ba\/wp-content\/uploads\/2023\/05\/refik_lendo.jpg\",\"keywords\":[\"refik lendo\"],\"articleSection\":[\"Bosna i Hercegovina\"],\"inLanguage\":\"bs-BA\"},{\"@type\":\"WebPage\",\"@id\":\"https:\/\/tuzlainfo.ba\/index.php\/bosna-i-hercegovina\/item\/246041-lendo-odgovorio-hdz-ovcima-nema-balansa-izmedju-svih-strana-zna-se-ko-je-alagic-a-ko-kordic\/\",\"url\":\"https:\/\/tuzlainfo.ba\/index.php\/bosna-i-hercegovina\/item\/246041-lendo-odgovorio-hdz-ovcima-nema-balansa-izmedju-svih-strana-zna-se-ko-je-alagic-a-ko-kordic\/\",\"name\":\"Lendo odgovorio HDZ-ovcima: Nema balansa \\\"izme\u0111u svih strana\\\", zna se ko je Alagi\u0107 a ko Kordi\u0107 - TuzlaInfo.ba\",\"isPartOf\":{\"@id\":\"https:\/\/tuzlainfo.ba\/#website\"},\"primaryImageOfPage\":{\"@id\":\"https:\/\/tuzlainfo.ba\/index.php\/bosna-i-hercegovina\/item\/246041-lendo-odgovorio-hdz-ovcima-nema-balansa-izmedju-svih-strana-zna-se-ko-je-alagic-a-ko-kordic\/#primaryimage\"},\"image\":{\"@id\":\"https:\/\/tuzlainfo.ba\/index.php\/bosna-i-hercegovina\/item\/246041-lendo-odgovorio-hdz-ovcima-nema-balansa-izmedju-svih-strana-zna-se-ko-je-alagic-a-ko-kordic\/#primaryimage\"},\"thumbnailUrl\":\"https:\/\/tuzlainfo.ba\/wp-content\/uploads\/2023\/05\/refik_lendo.jpg\",\"datePublished\":\"2024-08-06T18:39:15+00:00\",\"dateModified\":\"2024-08-06T18:39:15+00:00\",\"breadcrumb\":{\"@id\":\"https:\/\/tuzlainfo.ba\/index.php\/bosna-i-hercegovina\/item\/246041-lendo-odgovorio-hdz-ovcima-nema-balansa-izmedju-svih-strana-zna-se-ko-je-alagic-a-ko-kordic\/#breadcrumb\"},\"inLanguage\":\"bs-BA\",\"potentialAction\":[{\"@type\":\"ReadAction\",\"target\":[\"https:\/\/tuzlainfo.ba\/index.php\/bosna-i-hercegovina\/item\/246041-lendo-odgovorio-hdz-ovcima-nema-balansa-izmedju-svih-strana-zna-se-ko-je-alagic-a-ko-kordic\/\"]}]},{\"@type\":\"ImageObject\",\"inLanguage\":\"bs-BA\",\"@id\":\"https:\/\/tuzlainfo.ba\/index.php\/bosna-i-hercegovina\/item\/246041-lendo-odgovorio-hdz-ovcima-nema-balansa-izmedju-svih-strana-zna-se-ko-je-alagic-a-ko-kordic\/#primaryimage\",\"url\":\"https:\/\/tuzlainfo.ba\/wp-content\/uploads\/2023\/05\/refik_lendo.jpg\",\"contentUrl\":\"https:\/\/tuzlainfo.ba\/wp-content\/uploads\/2023\/05\/refik_lendo.jpg\",\"width\":1141,\"height\":723},{\"@type\":\"BreadcrumbList\",\"@id\":\"https:\/\/tuzlainfo.ba\/index.php\/bosna-i-hercegovina\/item\/246041-lendo-odgovorio-hdz-ovcima-nema-balansa-izmedju-svih-strana-zna-se-ko-je-alagic-a-ko-kordic\/#breadcrumb\",\"itemListElement\":[{\"@type\":\"ListItem\",\"position\":1,\"name\":\"Home\",\"item\":\"https:\/\/tuzlainfo.ba\/\"},{\"@type\":\"ListItem\",\"position\":2,\"name\":\"Lendo odgovorio HDZ-ovcima: Nema balansa &#8220;izme\u0111u svih strana&#8221;, zna se ko je Alagi\u0107 a ko Kordi\u0107\"}]},{\"@type\":\"WebSite\",\"@id\":\"https:\/\/tuzlainfo.ba\/#website\",\"url\":\"https:\/\/tuzlainfo.ba\/\",\"name\":\"TuzlaInfo.ba\",\"description\":\"Tuzla info, gradski informator - Tuzla na dlanu\",\"publisher\":{\"@id\":\"https:\/\/tuzlainfo.ba\/#organization\"},\"potentialAction\":[{\"@type\":\"SearchAction\",\"target\":{\"@type\":\"EntryPoint\",\"urlTemplate\":\"https:\/\/tuzlainfo.ba\/?s={search_term_string}\"},\"query-input\":{\"@type\":\"PropertyValueSpecification\",\"valueRequired\":true,\"valueName\":\"search_term_string\"}}],\"inLanguage\":\"bs-BA\"},{\"@type\":\"Organization\",\"@id\":\"https:\/\/tuzlainfo.ba\/#organization\",\"name\":\"TuzlaInfo.ba\",\"url\":\"https:\/\/tuzlainfo.ba\/\",\"logo\":{\"@type\":\"ImageObject\",\"inLanguage\":\"bs-BA\",\"@id\":\"https:\/\/tuzlainfo.ba\/#\/schema\/logo\/image\/\",\"url\":\"https:\/\/tuzlainfo.ba\/wp-content\/uploads\/2021\/03\/logo-ver-3-1.png\",\"contentUrl\":\"https:\/\/tuzlainfo.ba\/wp-content\/uploads\/2021\/03\/logo-ver-3-1.png\",\"width\":350,\"height\":95,\"caption\":\"TuzlaInfo.ba\"},\"image\":{\"@id\":\"https:\/\/tuzlainfo.ba\/#\/schema\/logo\/image\/\"},\"sameAs\":[\"https:\/\/www.facebook.com\/tuzlainfo.ba\/\"]},{\"@type\":\"Person\",\"@id\":\"https:\/\/tuzlainfo.ba\/#\/schema\/person\/f434e20dc27ea133923aab08451b7f7f\",\"name\":\"nedim\",\"image\":{\"@type\":\"ImageObject\",\"inLanguage\":\"bs-BA\",\"@id\":\"https:\/\/tuzlainfo.ba\/#\/schema\/person\/image\/\",\"url\":\"https:\/\/tuzlainfo.ba\/wp-content\/litespeed\/avatar\/aabad687af24844af817603ac1cbdc4f.jpg?ver=1777306975\",\"contentUrl\":\"https:\/\/tuzlainfo.ba\/wp-content\/litespeed\/avatar\/aabad687af24844af817603ac1cbdc4f.jpg?ver=1777306975\",\"caption\":\"nedim\"},\"description\":\"Tuzlainfo.ba pratite na dru\u0161tvenim mre\u017eama: Facebook, Instagram i Youtube. Svoje pri\u010de, upite i fotografije \u0161aljite na na\u0161u e-mail adresu.\"}]}<\/script>\n<!-- \/ Yoast SEO plugin. -->","yoast_head_json":{"title":"Lendo odgovorio HDZ-ovcima: Nema balansa \"izme\u0111u svih strana\", zna se ko je Alagi\u0107 a ko Kordi\u0107 - TuzlaInfo.ba","robots":{"index":"index","follow":"follow","max-snippet":"max-snippet:-1","max-image-preview":"max-image-preview:large","max-video-preview":"max-video-preview:-1"},"canonical":"https:\/\/tuzlainfo.ba\/index.php\/bosna-i-hercegovina\/item\/246041-lendo-odgovorio-hdz-ovcima-nema-balansa-izmedju-svih-strana-zna-se-ko-je-alagic-a-ko-kordic\/","og_locale":"bs_BA","og_type":"article","og_title":"Lendo odgovorio HDZ-ovcima: Nema balansa \"izme\u0111u svih strana\", zna se ko je Alagi\u0107 a ko Kordi\u0107 - TuzlaInfo.ba","og_description":"Potpredsjednik Federacije Bosne i Hercegovine\u00a0Refik Lendo\u00a0smatra da je saop\u0107enje HDZ-ovih delegata u Klubu Hrvata Doma&hellip;","og_url":"https:\/\/tuzlainfo.ba\/index.php\/bosna-i-hercegovina\/item\/246041-lendo-odgovorio-hdz-ovcima-nema-balansa-izmedju-svih-strana-zna-se-ko-je-alagic-a-ko-kordic\/","og_site_name":"TuzlaInfo.ba","article_publisher":"https:\/\/www.facebook.com\/tuzlainfo.ba\/","article_published_time":"2024-08-06T18:39:15+00:00","og_image":[{"width":1141,"height":723,"url":"https:\/\/tuzlainfo.ba\/wp-content\/uploads\/2023\/05\/refik_lendo.jpg","type":"image\/jpeg"}],"author":"nedim","twitter_card":"summary_large_image","twitter_misc":{"Written by":"nedim","Est. reading time":"2 minute"},"schema":{"@context":"https:\/\/schema.org","@graph":[{"@type":"Article","@id":"https:\/\/tuzlainfo.ba\/index.php\/bosna-i-hercegovina\/item\/246041-lendo-odgovorio-hdz-ovcima-nema-balansa-izmedju-svih-strana-zna-se-ko-je-alagic-a-ko-kordic\/#article","isPartOf":{"@id":"https:\/\/tuzlainfo.ba\/index.php\/bosna-i-hercegovina\/item\/246041-lendo-odgovorio-hdz-ovcima-nema-balansa-izmedju-svih-strana-zna-se-ko-je-alagic-a-ko-kordic\/"},"author":{"name":"nedim","@id":"https:\/\/tuzlainfo.ba\/#\/schema\/person\/f434e20dc27ea133923aab08451b7f7f"},"headline":"Lendo odgovorio HDZ-ovcima: Nema balansa &#8220;izme\u0111u svih strana&#8221;, zna se ko je Alagi\u0107 a ko Kordi\u0107","datePublished":"2024-08-06T18:39:15+00:00","dateModified":"2024-08-06T18:39:15+00:00","mainEntityOfPage":{"@id":"https:\/\/tuzlainfo.ba\/index.php\/bosna-i-hercegovina\/item\/246041-lendo-odgovorio-hdz-ovcima-nema-balansa-izmedju-svih-strana-zna-se-ko-je-alagic-a-ko-kordic\/"},"wordCount":394,"publisher":{"@id":"https:\/\/tuzlainfo.ba\/#organization"},"image":{"@id":"https:\/\/tuzlainfo.ba\/index.php\/bosna-i-hercegovina\/item\/246041-lendo-odgovorio-hdz-ovcima-nema-balansa-izmedju-svih-strana-zna-se-ko-je-alagic-a-ko-kordic\/#primaryimage"},"thumbnailUrl":"https:\/\/tuzlainfo.ba\/wp-content\/uploads\/2023\/05\/refik_lendo.jpg","keywords":["refik lendo"],"articleSection":["Bosna i Hercegovina"],"inLanguage":"bs-BA"},{"@type":"WebPage","@id":"https:\/\/tuzlainfo.ba\/index.php\/bosna-i-hercegovina\/item\/246041-lendo-odgovorio-hdz-ovcima-nema-balansa-izmedju-svih-strana-zna-se-ko-je-alagic-a-ko-kordic\/","url":"https:\/\/tuzlainfo.ba\/index.php\/bosna-i-hercegovina\/item\/246041-lendo-odgovorio-hdz-ovcima-nema-balansa-izmedju-svih-strana-zna-se-ko-je-alagic-a-ko-kordic\/","name":"Lendo odgovorio HDZ-ovcima: Nema balansa \"izme\u0111u svih strana\", zna se ko je Alagi\u0107 a ko Kordi\u0107 - TuzlaInfo.ba","isPartOf":{"@id":"https:\/\/tuzlainfo.ba\/#website"},"primaryImageOfPage":{"@id":"https:\/\/tuzlainfo.ba\/index.php\/bosna-i-hercegovina\/item\/246041-lendo-odgovorio-hdz-ovcima-nema-balansa-izmedju-svih-strana-zna-se-ko-je-alagic-a-ko-kordic\/#primaryimage"},"image":{"@id":"https:\/\/tuzlainfo.ba\/index.php\/bosna-i-hercegovina\/item\/246041-lendo-odgovorio-hdz-ovcima-nema-balansa-izmedju-svih-strana-zna-se-ko-je-alagic-a-ko-kordic\/#primaryimage"},"thumbnailUrl":"https:\/\/tuzlainfo.ba\/wp-content\/uploads\/2023\/05\/refik_lendo.jpg","datePublished":"2024-08-06T18:39:15+00:00","dateModified":"2024-08-06T18:39:15+00:00","breadcrumb":{"@id":"https:\/\/tuzlainfo.ba\/index.php\/bosna-i-hercegovina\/item\/246041-lendo-odgovorio-hdz-ovcima-nema-balansa-izmedju-svih-strana-zna-se-ko-je-alagic-a-ko-kordic\/#breadcrumb"},"inLanguage":"bs-BA","potentialAction":[{"@type":"ReadAction","target":["https:\/\/tuzlainfo.ba\/index.php\/bosna-i-hercegovina\/item\/246041-lendo-odgovorio-hdz-ovcima-nema-balansa-izmedju-svih-strana-zna-se-ko-je-alagic-a-ko-kordic\/"]}]},{"@type":"ImageObject","inLanguage":"bs-BA","@id":"https:\/\/tuzlainfo.ba\/index.php\/bosna-i-hercegovina\/item\/246041-lendo-odgovorio-hdz-ovcima-nema-balansa-izmedju-svih-strana-zna-se-ko-je-alagic-a-ko-kordic\/#primaryimage","url":"https:\/\/tuzlainfo.ba\/wp-content\/uploads\/2023\/05\/refik_lendo.jpg","contentUrl":"https:\/\/tuzlainfo.ba\/wp-content\/uploads\/2023\/05\/refik_lendo.jpg","width":1141,"height":723},{"@type":"BreadcrumbList","@id":"https:\/\/tuzlainfo.ba\/index.php\/bosna-i-hercegovina\/item\/246041-lendo-odgovorio-hdz-ovcima-nema-balansa-izmedju-svih-strana-zna-se-ko-je-alagic-a-ko-kordic\/#breadcrumb","itemListElement":[{"@type":"ListItem","position":1,"name":"Home","item":"https:\/\/tuzlainfo.ba\/"},{"@type":"ListItem","position":2,"name":"Lendo odgovorio HDZ-ovcima: Nema balansa &#8220;izme\u0111u svih strana&#8221;, zna se ko je Alagi\u0107 a ko Kordi\u0107"}]},{"@type":"WebSite","@id":"https:\/\/tuzlainfo.ba\/#website","url":"https:\/\/tuzlainfo.ba\/","name":"TuzlaInfo.ba","description":"Tuzla info, gradski informator - Tuzla na dlanu","publisher":{"@id":"https:\/\/tuzlainfo.ba\/#organization"},"potentialAction":[{"@type":"SearchAction","target":{"@type":"EntryPoint","urlTemplate":"https:\/\/tuzlainfo.ba\/?s={search_term_string}"},"query-input":{"@type":"PropertyValueSpecification","valueRequired":true,"valueName":"search_term_string"}}],"inLanguage":"bs-BA"},{"@type":"Organization","@id":"https:\/\/tuzlainfo.ba\/#organization","name":"TuzlaInfo.ba","url":"https:\/\/tuzlainfo.ba\/","logo":{"@type":"ImageObject","inLanguage":"bs-BA","@id":"https:\/\/tuzlainfo.ba\/#\/schema\/logo\/image\/","url":"https:\/\/tuzlainfo.ba\/wp-content\/uploads\/2021\/03\/logo-ver-3-1.png","contentUrl":"https:\/\/tuzlainfo.ba\/wp-content\/uploads\/2021\/03\/logo-ver-3-1.png","width":350,"height":95,"caption":"TuzlaInfo.ba"},"image":{"@id":"https:\/\/tuzlainfo.ba\/#\/schema\/logo\/image\/"},"sameAs":["https:\/\/www.facebook.com\/tuzlainfo.ba\/"]},{"@type":"Person","@id":"https:\/\/tuzlainfo.ba\/#\/schema\/person\/f434e20dc27ea133923aab08451b7f7f","name":"nedim","image":{"@type":"ImageObject","inLanguage":"bs-BA","@id":"https:\/\/tuzlainfo.ba\/#\/schema\/person\/image\/","url":"https:\/\/tuzlainfo.ba\/wp-content\/litespeed\/avatar\/aabad687af24844af817603ac1cbdc4f.jpg?ver=1777306975","contentUrl":"https:\/\/tuzlainfo.ba\/wp-content\/litespeed\/avatar\/aabad687af24844af817603ac1cbdc4f.jpg?ver=1777306975","caption":"nedim"},"description":"Tuzlainfo.ba pratite na dru\u0161tvenim mre\u017eama: Facebook, Instagram i Youtube. Svoje pri\u010de, upite i fotografije \u0161aljite na na\u0161u e-mail adresu."}]}},"_links":{"self":[{"href":"https:\/\/tuzlainfo.ba\/index.php\/wp-json\/wp\/v2\/posts\/246041"}],"collection":[{"href":"https:\/\/tuzlainfo.ba\/index.php\/wp-json\/wp\/v2\/posts"}],"about":[{"href":"https:\/\/tuzlainfo.ba\/index.php\/wp-json\/wp\/v2\/types\/post"}],"author":[{"embeddable":true,"href":"https:\/\/tuzlainfo.ba\/index.php\/wp-json\/wp\/v2\/users\/2"}],"replies":[{"embeddable":true,"href":"https:\/\/tuzlainfo.ba\/index.php\/wp-json\/wp\/v2\/comments?post=246041"}],"version-history":[{"count":1,"href":"https:\/\/tuzlainfo.ba\/index.php\/wp-json\/wp\/v2\/posts\/246041\/revisions"}],"predecessor-version":[{"id":246042,"href":"https:\/\/tuzlainfo.ba\/index.php\/wp-json\/wp\/v2\/posts\/246041\/revisions\/246042"}],"wp:featuredmedia":[{"embeddable":true,"href":"https:\/\/tuzlainfo.ba\/index.php\/wp-json\/wp\/v2\/media\/204531"}],"wp:attachment":[{"href":"https:\/\/tuzlainfo.ba\/index.php\/wp-json\/wp\/v2\/media?parent=246041"}],"wp:term":[{"taxonomy":"category","embeddable":true,"href":"https:\/\/tuzlainfo.ba\/index.php\/wp-json\/wp\/v2\/categories?post=246041"},{"taxonomy":"post_tag","embeddable":true,"href":"https:\/\/tuzlainfo.ba\/index.php\/wp-json\/wp\/v2\/tags?post=246041"}],"curies":[{"name":"wp","href":"https:\/\/api.w.org\/{rel}","templated":true}]}}