{"id":246016,"date":"2024-08-06T15:06:37","date_gmt":"2024-08-06T13:06:37","guid":{"rendered":"https:\/\/tuzlainfo.ba\/?p=246016"},"modified":"2024-08-06T14:16:47","modified_gmt":"2024-08-06T12:16:47","slug":"potpisan-ugovor-omogucen-prijenos-sredstava-za-isplatu-pomoci-penzionerima-sa-tk","status":"publish","type":"post","link":"https:\/\/tuzlainfo.ba\/index.php\/novosti\/item\/246016-potpisan-ugovor-omogucen-prijenos-sredstava-za-isplatu-pomoci-penzionerima-sa-tk\/","title":{"rendered":"Potpisan ugovor: Omogu\u0107en prijenos sredstava za isplatu pomo\u0107i penzionerima sa TK"},"content":{"rendered":"<p>Ministar za rad, socijalnu politiku i povratak Tuzlanskog kantona Fadil Ali\u0107 potpisao je danas sa direktorom Federalnog zavoda za penzijsko\/mirovinsko i invalidsko osiguranje Halilom Suba\u0161i\u0107em Sporazum o na\u010dinu isplate jednokratne pomo\u0107i u visini od 100 KM donatorskih sredstava krajnjim korisnicima donacije \u2013 penzionerima sa prebivali\u0161tem na podru\u010dju Tuzlanskog kantona.<\/p>\n<p>Prijenosom 3.776.900 KM Federalnom zavodu PIO\/MIO Mostar bit \u0107e omogu\u0107ena pomo\u0107 uz avgustovsku penziju za penzionere sa najni\u017eom penzijom sa podru\u010dja Tuzlanskog kantona.<\/p>\n<p>Uz napomenu da je ovo ve\u0107 ustaljena praksa Vlade Tuzlanskog kantona ministar Fadil Ali\u0107 je kazao da je to jednokratna pomo\u0107 penzionerima sa najni\u017eom penzijom i onima koji imaju tzv. srazmjernu penziju.<\/p>\n<p>\u201eOve godine, prema podacima iz jula, broj penzionera je 37.769\u00a0 i mi \u0107emo, prema ovom danas potpisanom sporazumu, u narednim danima izvr\u0161iti transfer novca prema Federalnom zavodu PIO\/MIO. O\u010dekujemo da \u0107e na\u0161i penzioneri uz\u00a0 avgustovsku penziju po\u010detkom narednog mjeseca septembra imati ispla\u0107enu i ovu jednokratnu pomo\u0107\u201c, rekao je ministar Ali\u0107.<\/p>\n<p>Federalni zavod PIO\/MIO Mostar \u0107e nakon prijenosa sredstava realizovati isplatu jednokratne pomo\u0107i penzionerima sa prebivali\u0161tem na podru\u010dju Tuzlanskog kantona.<\/p>\n<p>\u201eNama je uvijek zadovoljstvo da u\u010destvujemo u aktivnosti koju je Vlada TK prepoznala kao redovnu. I pro\u0161le godine smo potpisali jedan ovakav sporazum tako da se nadam da \u0107e to biti i ubudu\u0107e. Sigurno na\u0161im penzionerima 100 KM \u0107e mnogo zna\u010diti. Mi smo ovdje kao tehni\u010dka podr\u0161ka i preko nas \u0107e biti izvr\u0161ena isplata tih nov\u010danih sredstava. Pozdravljam ovakvu odluku i nadam se da \u0107e ih biti jo\u0161 vi\u0161e u budu\u0107nosti\u201c, kazao je direktor Suba\u0161i\u0107.<\/p>\n<p>Pravo na jednokratnu nov\u010danu pomo\u0107 Vlade TK u iznosu od 100 KM imaju penzioneri sa prebivali\u0161tem na podru\u010dju Tuzlanskog kantona koji primaju iznos najni\u017ee penzije koja se ispla\u0107uje u Federaciji BiH od 573,53 KM.<\/p>\n<p>Jednokratna pomo\u0107 pripada korisnicima penzije koji su zate\u010deni u isplati penzija za juli 2024. godine, osim korisnika penzije kojima \u0107e pravo na isplatu penzije prestati do obrade penzije za avgust 2024. godine, zbog zakonom propisanih razloga. Pravo na ovu naknadu nemaju korisnici penzije koji se nalaze u radnom odnosu.<\/p>\n","protected":false},"excerpt":{"rendered":"<p>Ministar za rad, socijalnu politiku i povratak Tuzlanskog kantona Fadil Ali\u0107 potpisao je danas sa&hellip;<\/p>\n","protected":false},"author":2,"featured_media":246017,"comment_status":"closed","ping_status":"closed","sticky":false,"template":"","format":"standard","meta":{"_acf_changed":false,"footnotes":""},"categories":[304,12],"tags":[8341,10675,336],"acf":[],"yoast_head":"<!-- This site is optimized with the Yoast SEO plugin v23.5 - https:\/\/yoast.com\/wordpress\/plugins\/seo\/ -->\n<title>Potpisan ugovor: Omogu\u0107en prijenos sredstava za isplatu pomo\u0107i penzionerima sa TK - TuzlaInfo.ba<\/title>\n<meta name=\"robots\" content=\"index, follow, max-snippet:-1, max-image-preview:large, max-video-preview:-1\" \/>\n<link rel=\"canonical\" href=\"https:\/\/tuzlainfo.ba\/index.php\/novosti\/item\/246016-potpisan-ugovor-omogucen-prijenos-sredstava-za-isplatu-pomoci-penzionerima-sa-tk\/\" \/>\n<meta property=\"og:locale\" content=\"bs_BA\" \/>\n<meta property=\"og:type\" content=\"article\" \/>\n<meta property=\"og:title\" content=\"Potpisan ugovor: Omogu\u0107en prijenos sredstava za isplatu pomo\u0107i penzionerima sa TK - TuzlaInfo.ba\" \/>\n<meta property=\"og:description\" content=\"Ministar za rad, socijalnu politiku i povratak Tuzlanskog kantona Fadil Ali\u0107 potpisao je danas sa&hellip;\" \/>\n<meta property=\"og:url\" content=\"https:\/\/tuzlainfo.ba\/index.php\/novosti\/item\/246016-potpisan-ugovor-omogucen-prijenos-sredstava-za-isplatu-pomoci-penzionerima-sa-tk\/\" \/>\n<meta property=\"og:site_name\" content=\"TuzlaInfo.ba\" \/>\n<meta property=\"article:publisher\" content=\"https:\/\/www.facebook.com\/tuzlainfo.ba\/\" \/>\n<meta property=\"article:published_time\" content=\"2024-08-06T13:06:37+00:00\" \/>\n<meta property=\"article:modified_time\" content=\"2024-08-06T12:16:47+00:00\" \/>\n<meta property=\"og:image\" content=\"https:\/\/tuzlainfo.ba\/wp-content\/uploads\/2024\/08\/0608_ugovor_alic.jpg\" \/>\n\t<meta property=\"og:image:width\" content=\"1000\" \/>\n\t<meta property=\"og:image:height\" content=\"634\" \/>\n\t<meta property=\"og:image:type\" content=\"image\/jpeg\" \/>\n<meta name=\"author\" content=\"nedim\" \/>\n<meta name=\"twitter:card\" content=\"summary_large_image\" \/>\n<meta name=\"twitter:label1\" content=\"Written by\" \/>\n\t<meta name=\"twitter:data1\" content=\"nedim\" \/>\n\t<meta name=\"twitter:label2\" content=\"Est. reading time\" \/>\n\t<meta name=\"twitter:data2\" content=\"3 minute\" \/>\n<script type=\"application\/ld+json\" class=\"yoast-schema-graph\">{\"@context\":\"https:\/\/schema.org\",\"@graph\":[{\"@type\":\"Article\",\"@id\":\"https:\/\/tuzlainfo.ba\/index.php\/novosti\/item\/246016-potpisan-ugovor-omogucen-prijenos-sredstava-za-isplatu-pomoci-penzionerima-sa-tk\/#article\",\"isPartOf\":{\"@id\":\"https:\/\/tuzlainfo.ba\/index.php\/novosti\/item\/246016-potpisan-ugovor-omogucen-prijenos-sredstava-za-isplatu-pomoci-penzionerima-sa-tk\/\"},\"author\":{\"name\":\"nedim\",\"@id\":\"https:\/\/tuzlainfo.ba\/#\/schema\/person\/f434e20dc27ea133923aab08451b7f7f\"},\"headline\":\"Potpisan ugovor: Omogu\u0107en prijenos sredstava za isplatu pomo\u0107i penzionerima sa TK\",\"datePublished\":\"2024-08-06T13:06:37+00:00\",\"dateModified\":\"2024-08-06T12:16:47+00:00\",\"mainEntityOfPage\":{\"@id\":\"https:\/\/tuzlainfo.ba\/index.php\/novosti\/item\/246016-potpisan-ugovor-omogucen-prijenos-sredstava-za-isplatu-pomoci-penzionerima-sa-tk\/\"},\"wordCount\":375,\"publisher\":{\"@id\":\"https:\/\/tuzlainfo.ba\/#organization\"},\"image\":{\"@id\":\"https:\/\/tuzlainfo.ba\/index.php\/novosti\/item\/246016-potpisan-ugovor-omogucen-prijenos-sredstava-za-isplatu-pomoci-penzionerima-sa-tk\/#primaryimage\"},\"thumbnailUrl\":\"https:\/\/tuzlainfo.ba\/wp-content\/uploads\/2024\/08\/0608_ugovor_alic.jpg\",\"keywords\":[\"fadil ali\u0107\",\"Federalni zavod PIO\/MIO\",\"vlada tk\"],\"articleSection\":[\"Istaknuto\",\"Novosti\"],\"inLanguage\":\"bs-BA\"},{\"@type\":\"WebPage\",\"@id\":\"https:\/\/tuzlainfo.ba\/index.php\/novosti\/item\/246016-potpisan-ugovor-omogucen-prijenos-sredstava-za-isplatu-pomoci-penzionerima-sa-tk\/\",\"url\":\"https:\/\/tuzlainfo.ba\/index.php\/novosti\/item\/246016-potpisan-ugovor-omogucen-prijenos-sredstava-za-isplatu-pomoci-penzionerima-sa-tk\/\",\"name\":\"Potpisan ugovor: Omogu\u0107en prijenos sredstava za isplatu pomo\u0107i penzionerima sa TK - TuzlaInfo.ba\",\"isPartOf\":{\"@id\":\"https:\/\/tuzlainfo.ba\/#website\"},\"primaryImageOfPage\":{\"@id\":\"https:\/\/tuzlainfo.ba\/index.php\/novosti\/item\/246016-potpisan-ugovor-omogucen-prijenos-sredstava-za-isplatu-pomoci-penzionerima-sa-tk\/#primaryimage\"},\"image\":{\"@id\":\"https:\/\/tuzlainfo.ba\/index.php\/novosti\/item\/246016-potpisan-ugovor-omogucen-prijenos-sredstava-za-isplatu-pomoci-penzionerima-sa-tk\/#primaryimage\"},\"thumbnailUrl\":\"https:\/\/tuzlainfo.ba\/wp-content\/uploads\/2024\/08\/0608_ugovor_alic.jpg\",\"datePublished\":\"2024-08-06T13:06:37+00:00\",\"dateModified\":\"2024-08-06T12:16:47+00:00\",\"breadcrumb\":{\"@id\":\"https:\/\/tuzlainfo.ba\/index.php\/novosti\/item\/246016-potpisan-ugovor-omogucen-prijenos-sredstava-za-isplatu-pomoci-penzionerima-sa-tk\/#breadcrumb\"},\"inLanguage\":\"bs-BA\",\"potentialAction\":[{\"@type\":\"ReadAction\",\"target\":[\"https:\/\/tuzlainfo.ba\/index.php\/novosti\/item\/246016-potpisan-ugovor-omogucen-prijenos-sredstava-za-isplatu-pomoci-penzionerima-sa-tk\/\"]}]},{\"@type\":\"ImageObject\",\"inLanguage\":\"bs-BA\",\"@id\":\"https:\/\/tuzlainfo.ba\/index.php\/novosti\/item\/246016-potpisan-ugovor-omogucen-prijenos-sredstava-za-isplatu-pomoci-penzionerima-sa-tk\/#primaryimage\",\"url\":\"https:\/\/tuzlainfo.ba\/wp-content\/uploads\/2024\/08\/0608_ugovor_alic.jpg\",\"contentUrl\":\"https:\/\/tuzlainfo.ba\/wp-content\/uploads\/2024\/08\/0608_ugovor_alic.jpg\",\"width\":1000,\"height\":634},{\"@type\":\"BreadcrumbList\",\"@id\":\"https:\/\/tuzlainfo.ba\/index.php\/novosti\/item\/246016-potpisan-ugovor-omogucen-prijenos-sredstava-za-isplatu-pomoci-penzionerima-sa-tk\/#breadcrumb\",\"itemListElement\":[{\"@type\":\"ListItem\",\"position\":1,\"name\":\"Home\",\"item\":\"https:\/\/tuzlainfo.ba\/\"},{\"@type\":\"ListItem\",\"position\":2,\"name\":\"Potpisan ugovor: Omogu\u0107en prijenos sredstava za isplatu pomo\u0107i penzionerima sa TK\"}]},{\"@type\":\"WebSite\",\"@id\":\"https:\/\/tuzlainfo.ba\/#website\",\"url\":\"https:\/\/tuzlainfo.ba\/\",\"name\":\"TuzlaInfo.ba\",\"description\":\"Tuzla info, gradski informator - Tuzla na dlanu\",\"publisher\":{\"@id\":\"https:\/\/tuzlainfo.ba\/#organization\"},\"potentialAction\":[{\"@type\":\"SearchAction\",\"target\":{\"@type\":\"EntryPoint\",\"urlTemplate\":\"https:\/\/tuzlainfo.ba\/?s={search_term_string}\"},\"query-input\":{\"@type\":\"PropertyValueSpecification\",\"valueRequired\":true,\"valueName\":\"search_term_string\"}}],\"inLanguage\":\"bs-BA\"},{\"@type\":\"Organization\",\"@id\":\"https:\/\/tuzlainfo.ba\/#organization\",\"name\":\"TuzlaInfo.ba\",\"url\":\"https:\/\/tuzlainfo.ba\/\",\"logo\":{\"@type\":\"ImageObject\",\"inLanguage\":\"bs-BA\",\"@id\":\"https:\/\/tuzlainfo.ba\/#\/schema\/logo\/image\/\",\"url\":\"https:\/\/tuzlainfo.ba\/wp-content\/uploads\/2021\/03\/logo-ver-3-1.png\",\"contentUrl\":\"https:\/\/tuzlainfo.ba\/wp-content\/uploads\/2021\/03\/logo-ver-3-1.png\",\"width\":350,\"height\":95,\"caption\":\"TuzlaInfo.ba\"},\"image\":{\"@id\":\"https:\/\/tuzlainfo.ba\/#\/schema\/logo\/image\/\"},\"sameAs\":[\"https:\/\/www.facebook.com\/tuzlainfo.ba\/\"]},{\"@type\":\"Person\",\"@id\":\"https:\/\/tuzlainfo.ba\/#\/schema\/person\/f434e20dc27ea133923aab08451b7f7f\",\"name\":\"nedim\",\"image\":{\"@type\":\"ImageObject\",\"inLanguage\":\"bs-BA\",\"@id\":\"https:\/\/tuzlainfo.ba\/#\/schema\/person\/image\/\",\"url\":\"https:\/\/tuzlainfo.ba\/wp-content\/litespeed\/avatar\/aabad687af24844af817603ac1cbdc4f.jpg?ver=1776702173\",\"contentUrl\":\"https:\/\/tuzlainfo.ba\/wp-content\/litespeed\/avatar\/aabad687af24844af817603ac1cbdc4f.jpg?ver=1776702173\",\"caption\":\"nedim\"},\"description\":\"Tuzlainfo.ba pratite na dru\u0161tvenim mre\u017eama: Facebook, Instagram i Youtube. Svoje pri\u010de, upite i fotografije \u0161aljite na na\u0161u e-mail adresu.\"}]}<\/script>\n<!-- \/ Yoast SEO plugin. -->","yoast_head_json":{"title":"Potpisan ugovor: Omogu\u0107en prijenos sredstava za isplatu pomo\u0107i penzionerima sa TK - TuzlaInfo.ba","robots":{"index":"index","follow":"follow","max-snippet":"max-snippet:-1","max-image-preview":"max-image-preview:large","max-video-preview":"max-video-preview:-1"},"canonical":"https:\/\/tuzlainfo.ba\/index.php\/novosti\/item\/246016-potpisan-ugovor-omogucen-prijenos-sredstava-za-isplatu-pomoci-penzionerima-sa-tk\/","og_locale":"bs_BA","og_type":"article","og_title":"Potpisan ugovor: Omogu\u0107en prijenos sredstava za isplatu pomo\u0107i penzionerima sa TK - TuzlaInfo.ba","og_description":"Ministar za rad, socijalnu politiku i povratak Tuzlanskog kantona Fadil Ali\u0107 potpisao je danas sa&hellip;","og_url":"https:\/\/tuzlainfo.ba\/index.php\/novosti\/item\/246016-potpisan-ugovor-omogucen-prijenos-sredstava-za-isplatu-pomoci-penzionerima-sa-tk\/","og_site_name":"TuzlaInfo.ba","article_publisher":"https:\/\/www.facebook.com\/tuzlainfo.ba\/","article_published_time":"2024-08-06T13:06:37+00:00","article_modified_time":"2024-08-06T12:16:47+00:00","og_image":[{"width":1000,"height":634,"url":"https:\/\/tuzlainfo.ba\/wp-content\/uploads\/2024\/08\/0608_ugovor_alic.jpg","type":"image\/jpeg"}],"author":"nedim","twitter_card":"summary_large_image","twitter_misc":{"Written by":"nedim","Est. reading time":"3 minute"},"schema":{"@context":"https:\/\/schema.org","@graph":[{"@type":"Article","@id":"https:\/\/tuzlainfo.ba\/index.php\/novosti\/item\/246016-potpisan-ugovor-omogucen-prijenos-sredstava-za-isplatu-pomoci-penzionerima-sa-tk\/#article","isPartOf":{"@id":"https:\/\/tuzlainfo.ba\/index.php\/novosti\/item\/246016-potpisan-ugovor-omogucen-prijenos-sredstava-za-isplatu-pomoci-penzionerima-sa-tk\/"},"author":{"name":"nedim","@id":"https:\/\/tuzlainfo.ba\/#\/schema\/person\/f434e20dc27ea133923aab08451b7f7f"},"headline":"Potpisan ugovor: Omogu\u0107en prijenos sredstava za isplatu pomo\u0107i penzionerima sa TK","datePublished":"2024-08-06T13:06:37+00:00","dateModified":"2024-08-06T12:16:47+00:00","mainEntityOfPage":{"@id":"https:\/\/tuzlainfo.ba\/index.php\/novosti\/item\/246016-potpisan-ugovor-omogucen-prijenos-sredstava-za-isplatu-pomoci-penzionerima-sa-tk\/"},"wordCount":375,"publisher":{"@id":"https:\/\/tuzlainfo.ba\/#organization"},"image":{"@id":"https:\/\/tuzlainfo.ba\/index.php\/novosti\/item\/246016-potpisan-ugovor-omogucen-prijenos-sredstava-za-isplatu-pomoci-penzionerima-sa-tk\/#primaryimage"},"thumbnailUrl":"https:\/\/tuzlainfo.ba\/wp-content\/uploads\/2024\/08\/0608_ugovor_alic.jpg","keywords":["fadil ali\u0107","Federalni zavod PIO\/MIO","vlada tk"],"articleSection":["Istaknuto","Novosti"],"inLanguage":"bs-BA"},{"@type":"WebPage","@id":"https:\/\/tuzlainfo.ba\/index.php\/novosti\/item\/246016-potpisan-ugovor-omogucen-prijenos-sredstava-za-isplatu-pomoci-penzionerima-sa-tk\/","url":"https:\/\/tuzlainfo.ba\/index.php\/novosti\/item\/246016-potpisan-ugovor-omogucen-prijenos-sredstava-za-isplatu-pomoci-penzionerima-sa-tk\/","name":"Potpisan ugovor: Omogu\u0107en prijenos sredstava za isplatu pomo\u0107i penzionerima sa TK - TuzlaInfo.ba","isPartOf":{"@id":"https:\/\/tuzlainfo.ba\/#website"},"primaryImageOfPage":{"@id":"https:\/\/tuzlainfo.ba\/index.php\/novosti\/item\/246016-potpisan-ugovor-omogucen-prijenos-sredstava-za-isplatu-pomoci-penzionerima-sa-tk\/#primaryimage"},"image":{"@id":"https:\/\/tuzlainfo.ba\/index.php\/novosti\/item\/246016-potpisan-ugovor-omogucen-prijenos-sredstava-za-isplatu-pomoci-penzionerima-sa-tk\/#primaryimage"},"thumbnailUrl":"https:\/\/tuzlainfo.ba\/wp-content\/uploads\/2024\/08\/0608_ugovor_alic.jpg","datePublished":"2024-08-06T13:06:37+00:00","dateModified":"2024-08-06T12:16:47+00:00","breadcrumb":{"@id":"https:\/\/tuzlainfo.ba\/index.php\/novosti\/item\/246016-potpisan-ugovor-omogucen-prijenos-sredstava-za-isplatu-pomoci-penzionerima-sa-tk\/#breadcrumb"},"inLanguage":"bs-BA","potentialAction":[{"@type":"ReadAction","target":["https:\/\/tuzlainfo.ba\/index.php\/novosti\/item\/246016-potpisan-ugovor-omogucen-prijenos-sredstava-za-isplatu-pomoci-penzionerima-sa-tk\/"]}]},{"@type":"ImageObject","inLanguage":"bs-BA","@id":"https:\/\/tuzlainfo.ba\/index.php\/novosti\/item\/246016-potpisan-ugovor-omogucen-prijenos-sredstava-za-isplatu-pomoci-penzionerima-sa-tk\/#primaryimage","url":"https:\/\/tuzlainfo.ba\/wp-content\/uploads\/2024\/08\/0608_ugovor_alic.jpg","contentUrl":"https:\/\/tuzlainfo.ba\/wp-content\/uploads\/2024\/08\/0608_ugovor_alic.jpg","width":1000,"height":634},{"@type":"BreadcrumbList","@id":"https:\/\/tuzlainfo.ba\/index.php\/novosti\/item\/246016-potpisan-ugovor-omogucen-prijenos-sredstava-za-isplatu-pomoci-penzionerima-sa-tk\/#breadcrumb","itemListElement":[{"@type":"ListItem","position":1,"name":"Home","item":"https:\/\/tuzlainfo.ba\/"},{"@type":"ListItem","position":2,"name":"Potpisan ugovor: Omogu\u0107en prijenos sredstava za isplatu pomo\u0107i penzionerima sa TK"}]},{"@type":"WebSite","@id":"https:\/\/tuzlainfo.ba\/#website","url":"https:\/\/tuzlainfo.ba\/","name":"TuzlaInfo.ba","description":"Tuzla info, gradski informator - Tuzla na dlanu","publisher":{"@id":"https:\/\/tuzlainfo.ba\/#organization"},"potentialAction":[{"@type":"SearchAction","target":{"@type":"EntryPoint","urlTemplate":"https:\/\/tuzlainfo.ba\/?s={search_term_string}"},"query-input":{"@type":"PropertyValueSpecification","valueRequired":true,"valueName":"search_term_string"}}],"inLanguage":"bs-BA"},{"@type":"Organization","@id":"https:\/\/tuzlainfo.ba\/#organization","name":"TuzlaInfo.ba","url":"https:\/\/tuzlainfo.ba\/","logo":{"@type":"ImageObject","inLanguage":"bs-BA","@id":"https:\/\/tuzlainfo.ba\/#\/schema\/logo\/image\/","url":"https:\/\/tuzlainfo.ba\/wp-content\/uploads\/2021\/03\/logo-ver-3-1.png","contentUrl":"https:\/\/tuzlainfo.ba\/wp-content\/uploads\/2021\/03\/logo-ver-3-1.png","width":350,"height":95,"caption":"TuzlaInfo.ba"},"image":{"@id":"https:\/\/tuzlainfo.ba\/#\/schema\/logo\/image\/"},"sameAs":["https:\/\/www.facebook.com\/tuzlainfo.ba\/"]},{"@type":"Person","@id":"https:\/\/tuzlainfo.ba\/#\/schema\/person\/f434e20dc27ea133923aab08451b7f7f","name":"nedim","image":{"@type":"ImageObject","inLanguage":"bs-BA","@id":"https:\/\/tuzlainfo.ba\/#\/schema\/person\/image\/","url":"https:\/\/tuzlainfo.ba\/wp-content\/litespeed\/avatar\/aabad687af24844af817603ac1cbdc4f.jpg?ver=1776702173","contentUrl":"https:\/\/tuzlainfo.ba\/wp-content\/litespeed\/avatar\/aabad687af24844af817603ac1cbdc4f.jpg?ver=1776702173","caption":"nedim"},"description":"Tuzlainfo.ba pratite na dru\u0161tvenim mre\u017eama: Facebook, Instagram i Youtube. Svoje pri\u010de, upite i fotografije \u0161aljite na na\u0161u e-mail adresu."}]}},"_links":{"self":[{"href":"https:\/\/tuzlainfo.ba\/index.php\/wp-json\/wp\/v2\/posts\/246016"}],"collection":[{"href":"https:\/\/tuzlainfo.ba\/index.php\/wp-json\/wp\/v2\/posts"}],"about":[{"href":"https:\/\/tuzlainfo.ba\/index.php\/wp-json\/wp\/v2\/types\/post"}],"author":[{"embeddable":true,"href":"https:\/\/tuzlainfo.ba\/index.php\/wp-json\/wp\/v2\/users\/2"}],"replies":[{"embeddable":true,"href":"https:\/\/tuzlainfo.ba\/index.php\/wp-json\/wp\/v2\/comments?post=246016"}],"version-history":[{"count":1,"href":"https:\/\/tuzlainfo.ba\/index.php\/wp-json\/wp\/v2\/posts\/246016\/revisions"}],"predecessor-version":[{"id":246019,"href":"https:\/\/tuzlainfo.ba\/index.php\/wp-json\/wp\/v2\/posts\/246016\/revisions\/246019"}],"wp:featuredmedia":[{"embeddable":true,"href":"https:\/\/tuzlainfo.ba\/index.php\/wp-json\/wp\/v2\/media\/246017"}],"wp:attachment":[{"href":"https:\/\/tuzlainfo.ba\/index.php\/wp-json\/wp\/v2\/media?parent=246016"}],"wp:term":[{"taxonomy":"category","embeddable":true,"href":"https:\/\/tuzlainfo.ba\/index.php\/wp-json\/wp\/v2\/categories?post=246016"},{"taxonomy":"post_tag","embeddable":true,"href":"https:\/\/tuzlainfo.ba\/index.php\/wp-json\/wp\/v2\/tags?post=246016"}],"curies":[{"name":"wp","href":"https:\/\/api.w.org\/{rel}","templated":true}]}}