{"id":245908,"date":"2024-08-05T14:04:34","date_gmt":"2024-08-05T12:04:34","guid":{"rendered":"https:\/\/tuzlainfo.ba\/?p=245908"},"modified":"2024-08-05T13:11:06","modified_gmt":"2024-08-05T11:11:06","slug":"iz-grada-tuzla-se-oglasili-povodom-obiljezavanja-romskog-praznika-alidjun","status":"publish","type":"post","link":"https:\/\/tuzlainfo.ba\/index.php\/novosti\/item\/245908-iz-grada-tuzla-se-oglasili-povodom-obiljezavanja-romskog-praznika-alidjun\/","title":{"rendered":"Iz Grada Tuzla se oglasili povodom obilje\u017eavanja Romskog praznika \u201cAli\u0111un\u201d"},"content":{"rendered":"<p>Iz Grada Tuzla je stiglo saop\u0107enje za javnost u vezi sa obilje\u017eavanjem Romskog praznika Ali\u0111un.<\/p>\n<p>Saop\u0107enje prenosimo u cjelosti:<\/p>\n<p>&#8220;Grad Tuzla je oduvijek bio grad jednakosti, grad koji sve svoje razli\u010ditosti prihvata kao bogatstvo i veliku vrijednost. Zajedni\u010dko njegovanje kulturnog naslije\u0111a, tradicije i obi\u010daja svih naroda i nacionalnih manjina koje \u017eive u Tuzli je ne\u0161to \u0161to posebno krasi na\u0161 grad. Ve\u0107 godinama na na\u0161em Trgu slobode zajedni\u010dki obilje\u017eavamo sve najve\u0107e vjerske i nacionalne praznike, nove godine i sve posebno va\u017ene datume iz na\u0161e bogate historije i tradicije.<\/p>\n<p>Posebnu pa\u017enju posve\u0107ujemo kulturno-historijskom naslije\u0111u svih naroda i manjina koje su zastupljene u na\u0161em gradu. Pored zajedni\u010dkih obilje\u017eavanja pravoslavnih, katoli\u010dkih i islamskih praznika, zajedno smo obilje\u017eavali i manifestacije na\u0161ih sugra\u0111ana Italijana, Makedonaca, Slovenaca, Jevreja i dr. Stoga, ne mo\u017eemo prihvatiti negativan stav bilo kojeg pojedinca koji smatra da je neprihvatljiv na\u010din obilje\u017eavanja Ali\u0111una, velikog praznika na\u0161ih sugra\u0111ana Roma, te kako na\u010din obilje\u017eavanja ovog praznika nije prihvatljiv za Trg slobode. Romi imaju veoma bogatu kulturu i tradiciju, koja oplemenjuje na\u0161e kulturno naslije\u0111e i na\u0161 zajedni\u010dki \u017eivot.<\/p>\n<p>Na\u010din na koji oni tradicionalno obilje\u017eavaju ili \u017eele da obilje\u017eavaju svoj veliki praznik nikome od nas ne bi trebao biti sporan ili biti neprihvatljiv. Trg slobode je trg svih nas i otvoren je za sve dobronamjerne manifestacije, posebno one koje se obilje\u017eavaju igrom i veseljem, koje slave na\u0161e bogatstvo razli\u010ditosti i koje su otvorene za sve na\u0161e sugra\u0111ane i posjetioce. Iz ovog razloga, Grad Tuzla je i dijelom sufinansirao proslavu Ali\u0111una na Trgu slobode, u okviru manifestacije \u201eLjeto u Tuzli\u201c. Podsje\u0107amo da je veliki broj na\u0161ih sugra\u0111ana svojim prisustvom i u\u010de\u0161\u0107em podr\u017eao obilje\u017eavanje Ali\u0111una na Trgu slobode i mi im se na tome zahvaljujemo.<\/p>\n<p>Tuzla je uvijek bila i osta\u0107e grad jednakosti, a Trg slobode trg jednako otvoren za sve manifestacije koje slave na\u0161e bogatstvo razli\u010ditosti&#8221; &#8211; saop\u0107eno je iz Grada Tuzla.<\/p>\n","protected":false},"excerpt":{"rendered":"<p>Iz Grada Tuzla je stiglo saop\u0107enje za javnost u vezi sa obilje\u017eavanjem Romskog praznika Ali\u0111un.&hellip;<\/p>\n","protected":false},"author":4,"featured_media":212604,"comment_status":"closed","ping_status":"closed","sticky":false,"template":"","format":"standard","meta":{"_acf_changed":false,"footnotes":""},"categories":[12],"tags":[7808,331],"acf":[],"yoast_head":"<!-- This site is optimized with the Yoast SEO plugin v23.5 - https:\/\/yoast.com\/wordpress\/plugins\/seo\/ -->\n<title>Iz Grada Tuzla se oglasili povodom obilje\u017eavanja Romskog praznika \u201cAli\u0111un\u201d - TuzlaInfo.ba<\/title>\n<meta name=\"robots\" content=\"index, follow, max-snippet:-1, max-image-preview:large, max-video-preview:-1\" \/>\n<link rel=\"canonical\" href=\"https:\/\/tuzlainfo.ba\/index.php\/novosti\/item\/245908-iz-grada-tuzla-se-oglasili-povodom-obiljezavanja-romskog-praznika-alidjun\/\" \/>\n<meta property=\"og:locale\" content=\"bs_BA\" \/>\n<meta property=\"og:type\" content=\"article\" \/>\n<meta property=\"og:title\" content=\"Iz Grada Tuzla se oglasili povodom obilje\u017eavanja Romskog praznika \u201cAli\u0111un\u201d - TuzlaInfo.ba\" \/>\n<meta property=\"og:description\" content=\"Iz Grada Tuzla je stiglo saop\u0107enje za javnost u vezi sa obilje\u017eavanjem Romskog praznika Ali\u0111un.&hellip;\" \/>\n<meta property=\"og:url\" content=\"https:\/\/tuzlainfo.ba\/index.php\/novosti\/item\/245908-iz-grada-tuzla-se-oglasili-povodom-obiljezavanja-romskog-praznika-alidjun\/\" \/>\n<meta property=\"og:site_name\" content=\"TuzlaInfo.ba\" \/>\n<meta property=\"article:publisher\" content=\"https:\/\/www.facebook.com\/tuzlainfo.ba\/\" \/>\n<meta property=\"article:published_time\" content=\"2024-08-05T12:04:34+00:00\" \/>\n<meta property=\"article:modified_time\" content=\"2024-08-05T11:11:06+00:00\" \/>\n<meta property=\"og:image\" content=\"https:\/\/tuzlainfo.ba\/wp-content\/uploads\/2023\/08\/0308_alidjun.jpg\" \/>\n\t<meta property=\"og:image:width\" content=\"2000\" \/>\n\t<meta property=\"og:image:height\" content=\"1333\" \/>\n\t<meta property=\"og:image:type\" content=\"image\/jpeg\" \/>\n<meta name=\"author\" content=\"Tuzla Info\" \/>\n<meta name=\"twitter:card\" content=\"summary_large_image\" \/>\n<meta name=\"twitter:label1\" content=\"Written by\" \/>\n\t<meta name=\"twitter:data1\" content=\"Tuzla Info\" \/>\n\t<meta name=\"twitter:label2\" content=\"Est. reading time\" \/>\n\t<meta name=\"twitter:data2\" content=\"2 minute\" \/>\n<script type=\"application\/ld+json\" class=\"yoast-schema-graph\">{\"@context\":\"https:\/\/schema.org\",\"@graph\":[{\"@type\":\"Article\",\"@id\":\"https:\/\/tuzlainfo.ba\/index.php\/novosti\/item\/245908-iz-grada-tuzla-se-oglasili-povodom-obiljezavanja-romskog-praznika-alidjun\/#article\",\"isPartOf\":{\"@id\":\"https:\/\/tuzlainfo.ba\/index.php\/novosti\/item\/245908-iz-grada-tuzla-se-oglasili-povodom-obiljezavanja-romskog-praznika-alidjun\/\"},\"author\":{\"name\":\"Tuzla Info\",\"@id\":\"https:\/\/tuzlainfo.ba\/#\/schema\/person\/46cad4c57790cbc50781edd14870825a\"},\"headline\":\"Iz Grada Tuzla se oglasili povodom obilje\u017eavanja Romskog praznika \u201cAli\u0111un\u201d\",\"datePublished\":\"2024-08-05T12:04:34+00:00\",\"dateModified\":\"2024-08-05T11:11:06+00:00\",\"mainEntityOfPage\":{\"@id\":\"https:\/\/tuzlainfo.ba\/index.php\/novosti\/item\/245908-iz-grada-tuzla-se-oglasili-povodom-obiljezavanja-romskog-praznika-alidjun\/\"},\"wordCount\":373,\"publisher\":{\"@id\":\"https:\/\/tuzlainfo.ba\/#organization\"},\"image\":{\"@id\":\"https:\/\/tuzlainfo.ba\/index.php\/novosti\/item\/245908-iz-grada-tuzla-se-oglasili-povodom-obiljezavanja-romskog-praznika-alidjun\/#primaryimage\"},\"thumbnailUrl\":\"https:\/\/tuzlainfo.ba\/wp-content\/uploads\/2023\/08\/0308_alidjun.jpg\",\"keywords\":[\"ali\u0111un\",\"grad tuzla\"],\"articleSection\":[\"Novosti\"],\"inLanguage\":\"bs-BA\"},{\"@type\":\"WebPage\",\"@id\":\"https:\/\/tuzlainfo.ba\/index.php\/novosti\/item\/245908-iz-grada-tuzla-se-oglasili-povodom-obiljezavanja-romskog-praznika-alidjun\/\",\"url\":\"https:\/\/tuzlainfo.ba\/index.php\/novosti\/item\/245908-iz-grada-tuzla-se-oglasili-povodom-obiljezavanja-romskog-praznika-alidjun\/\",\"name\":\"Iz Grada Tuzla se oglasili povodom obilje\u017eavanja Romskog praznika \u201cAli\u0111un\u201d - TuzlaInfo.ba\",\"isPartOf\":{\"@id\":\"https:\/\/tuzlainfo.ba\/#website\"},\"primaryImageOfPage\":{\"@id\":\"https:\/\/tuzlainfo.ba\/index.php\/novosti\/item\/245908-iz-grada-tuzla-se-oglasili-povodom-obiljezavanja-romskog-praznika-alidjun\/#primaryimage\"},\"image\":{\"@id\":\"https:\/\/tuzlainfo.ba\/index.php\/novosti\/item\/245908-iz-grada-tuzla-se-oglasili-povodom-obiljezavanja-romskog-praznika-alidjun\/#primaryimage\"},\"thumbnailUrl\":\"https:\/\/tuzlainfo.ba\/wp-content\/uploads\/2023\/08\/0308_alidjun.jpg\",\"datePublished\":\"2024-08-05T12:04:34+00:00\",\"dateModified\":\"2024-08-05T11:11:06+00:00\",\"breadcrumb\":{\"@id\":\"https:\/\/tuzlainfo.ba\/index.php\/novosti\/item\/245908-iz-grada-tuzla-se-oglasili-povodom-obiljezavanja-romskog-praznika-alidjun\/#breadcrumb\"},\"inLanguage\":\"bs-BA\",\"potentialAction\":[{\"@type\":\"ReadAction\",\"target\":[\"https:\/\/tuzlainfo.ba\/index.php\/novosti\/item\/245908-iz-grada-tuzla-se-oglasili-povodom-obiljezavanja-romskog-praznika-alidjun\/\"]}]},{\"@type\":\"ImageObject\",\"inLanguage\":\"bs-BA\",\"@id\":\"https:\/\/tuzlainfo.ba\/index.php\/novosti\/item\/245908-iz-grada-tuzla-se-oglasili-povodom-obiljezavanja-romskog-praznika-alidjun\/#primaryimage\",\"url\":\"https:\/\/tuzlainfo.ba\/wp-content\/uploads\/2023\/08\/0308_alidjun.jpg\",\"contentUrl\":\"https:\/\/tuzlainfo.ba\/wp-content\/uploads\/2023\/08\/0308_alidjun.jpg\",\"width\":2000,\"height\":1333,\"caption\":\"Foto: BH Reporter\/Arhiva\"},{\"@type\":\"BreadcrumbList\",\"@id\":\"https:\/\/tuzlainfo.ba\/index.php\/novosti\/item\/245908-iz-grada-tuzla-se-oglasili-povodom-obiljezavanja-romskog-praznika-alidjun\/#breadcrumb\",\"itemListElement\":[{\"@type\":\"ListItem\",\"position\":1,\"name\":\"Home\",\"item\":\"https:\/\/tuzlainfo.ba\/\"},{\"@type\":\"ListItem\",\"position\":2,\"name\":\"Iz Grada Tuzla se oglasili povodom obilje\u017eavanja Romskog praznika \u201cAli\u0111un\u201d\"}]},{\"@type\":\"WebSite\",\"@id\":\"https:\/\/tuzlainfo.ba\/#website\",\"url\":\"https:\/\/tuzlainfo.ba\/\",\"name\":\"TuzlaInfo.ba\",\"description\":\"Tuzla info, gradski informator - Tuzla na dlanu\",\"publisher\":{\"@id\":\"https:\/\/tuzlainfo.ba\/#organization\"},\"potentialAction\":[{\"@type\":\"SearchAction\",\"target\":{\"@type\":\"EntryPoint\",\"urlTemplate\":\"https:\/\/tuzlainfo.ba\/?s={search_term_string}\"},\"query-input\":{\"@type\":\"PropertyValueSpecification\",\"valueRequired\":true,\"valueName\":\"search_term_string\"}}],\"inLanguage\":\"bs-BA\"},{\"@type\":\"Organization\",\"@id\":\"https:\/\/tuzlainfo.ba\/#organization\",\"name\":\"TuzlaInfo.ba\",\"url\":\"https:\/\/tuzlainfo.ba\/\",\"logo\":{\"@type\":\"ImageObject\",\"inLanguage\":\"bs-BA\",\"@id\":\"https:\/\/tuzlainfo.ba\/#\/schema\/logo\/image\/\",\"url\":\"https:\/\/tuzlainfo.ba\/wp-content\/uploads\/2021\/03\/logo-ver-3-1.png\",\"contentUrl\":\"https:\/\/tuzlainfo.ba\/wp-content\/uploads\/2021\/03\/logo-ver-3-1.png\",\"width\":350,\"height\":95,\"caption\":\"TuzlaInfo.ba\"},\"image\":{\"@id\":\"https:\/\/tuzlainfo.ba\/#\/schema\/logo\/image\/\"},\"sameAs\":[\"https:\/\/www.facebook.com\/tuzlainfo.ba\/\"]},{\"@type\":\"Person\",\"@id\":\"https:\/\/tuzlainfo.ba\/#\/schema\/person\/46cad4c57790cbc50781edd14870825a\",\"name\":\"Tuzla Info\",\"image\":{\"@type\":\"ImageObject\",\"inLanguage\":\"bs-BA\",\"@id\":\"https:\/\/tuzlainfo.ba\/#\/schema\/person\/image\/\",\"url\":\"https:\/\/tuzlainfo.ba\/wp-content\/litespeed\/avatar\/b6c453a6c38e3654f2e4416c643fc25c.jpg?ver=1777051911\",\"contentUrl\":\"https:\/\/tuzlainfo.ba\/wp-content\/litespeed\/avatar\/b6c453a6c38e3654f2e4416c643fc25c.jpg?ver=1777051911\",\"caption\":\"Tuzla Info\"}}]}<\/script>\n<!-- \/ Yoast SEO plugin. -->","yoast_head_json":{"title":"Iz Grada Tuzla se oglasili povodom obilje\u017eavanja Romskog praznika \u201cAli\u0111un\u201d - TuzlaInfo.ba","robots":{"index":"index","follow":"follow","max-snippet":"max-snippet:-1","max-image-preview":"max-image-preview:large","max-video-preview":"max-video-preview:-1"},"canonical":"https:\/\/tuzlainfo.ba\/index.php\/novosti\/item\/245908-iz-grada-tuzla-se-oglasili-povodom-obiljezavanja-romskog-praznika-alidjun\/","og_locale":"bs_BA","og_type":"article","og_title":"Iz Grada Tuzla se oglasili povodom obilje\u017eavanja Romskog praznika \u201cAli\u0111un\u201d - TuzlaInfo.ba","og_description":"Iz Grada Tuzla je stiglo saop\u0107enje za javnost u vezi sa obilje\u017eavanjem Romskog praznika Ali\u0111un.&hellip;","og_url":"https:\/\/tuzlainfo.ba\/index.php\/novosti\/item\/245908-iz-grada-tuzla-se-oglasili-povodom-obiljezavanja-romskog-praznika-alidjun\/","og_site_name":"TuzlaInfo.ba","article_publisher":"https:\/\/www.facebook.com\/tuzlainfo.ba\/","article_published_time":"2024-08-05T12:04:34+00:00","article_modified_time":"2024-08-05T11:11:06+00:00","og_image":[{"width":2000,"height":1333,"url":"https:\/\/tuzlainfo.ba\/wp-content\/uploads\/2023\/08\/0308_alidjun.jpg","type":"image\/jpeg"}],"author":"Tuzla Info","twitter_card":"summary_large_image","twitter_misc":{"Written by":"Tuzla Info","Est. reading time":"2 minute"},"schema":{"@context":"https:\/\/schema.org","@graph":[{"@type":"Article","@id":"https:\/\/tuzlainfo.ba\/index.php\/novosti\/item\/245908-iz-grada-tuzla-se-oglasili-povodom-obiljezavanja-romskog-praznika-alidjun\/#article","isPartOf":{"@id":"https:\/\/tuzlainfo.ba\/index.php\/novosti\/item\/245908-iz-grada-tuzla-se-oglasili-povodom-obiljezavanja-romskog-praznika-alidjun\/"},"author":{"name":"Tuzla Info","@id":"https:\/\/tuzlainfo.ba\/#\/schema\/person\/46cad4c57790cbc50781edd14870825a"},"headline":"Iz Grada Tuzla se oglasili povodom obilje\u017eavanja Romskog praznika \u201cAli\u0111un\u201d","datePublished":"2024-08-05T12:04:34+00:00","dateModified":"2024-08-05T11:11:06+00:00","mainEntityOfPage":{"@id":"https:\/\/tuzlainfo.ba\/index.php\/novosti\/item\/245908-iz-grada-tuzla-se-oglasili-povodom-obiljezavanja-romskog-praznika-alidjun\/"},"wordCount":373,"publisher":{"@id":"https:\/\/tuzlainfo.ba\/#organization"},"image":{"@id":"https:\/\/tuzlainfo.ba\/index.php\/novosti\/item\/245908-iz-grada-tuzla-se-oglasili-povodom-obiljezavanja-romskog-praznika-alidjun\/#primaryimage"},"thumbnailUrl":"https:\/\/tuzlainfo.ba\/wp-content\/uploads\/2023\/08\/0308_alidjun.jpg","keywords":["ali\u0111un","grad tuzla"],"articleSection":["Novosti"],"inLanguage":"bs-BA"},{"@type":"WebPage","@id":"https:\/\/tuzlainfo.ba\/index.php\/novosti\/item\/245908-iz-grada-tuzla-se-oglasili-povodom-obiljezavanja-romskog-praznika-alidjun\/","url":"https:\/\/tuzlainfo.ba\/index.php\/novosti\/item\/245908-iz-grada-tuzla-se-oglasili-povodom-obiljezavanja-romskog-praznika-alidjun\/","name":"Iz Grada Tuzla se oglasili povodom obilje\u017eavanja Romskog praznika \u201cAli\u0111un\u201d - TuzlaInfo.ba","isPartOf":{"@id":"https:\/\/tuzlainfo.ba\/#website"},"primaryImageOfPage":{"@id":"https:\/\/tuzlainfo.ba\/index.php\/novosti\/item\/245908-iz-grada-tuzla-se-oglasili-povodom-obiljezavanja-romskog-praznika-alidjun\/#primaryimage"},"image":{"@id":"https:\/\/tuzlainfo.ba\/index.php\/novosti\/item\/245908-iz-grada-tuzla-se-oglasili-povodom-obiljezavanja-romskog-praznika-alidjun\/#primaryimage"},"thumbnailUrl":"https:\/\/tuzlainfo.ba\/wp-content\/uploads\/2023\/08\/0308_alidjun.jpg","datePublished":"2024-08-05T12:04:34+00:00","dateModified":"2024-08-05T11:11:06+00:00","breadcrumb":{"@id":"https:\/\/tuzlainfo.ba\/index.php\/novosti\/item\/245908-iz-grada-tuzla-se-oglasili-povodom-obiljezavanja-romskog-praznika-alidjun\/#breadcrumb"},"inLanguage":"bs-BA","potentialAction":[{"@type":"ReadAction","target":["https:\/\/tuzlainfo.ba\/index.php\/novosti\/item\/245908-iz-grada-tuzla-se-oglasili-povodom-obiljezavanja-romskog-praznika-alidjun\/"]}]},{"@type":"ImageObject","inLanguage":"bs-BA","@id":"https:\/\/tuzlainfo.ba\/index.php\/novosti\/item\/245908-iz-grada-tuzla-se-oglasili-povodom-obiljezavanja-romskog-praznika-alidjun\/#primaryimage","url":"https:\/\/tuzlainfo.ba\/wp-content\/uploads\/2023\/08\/0308_alidjun.jpg","contentUrl":"https:\/\/tuzlainfo.ba\/wp-content\/uploads\/2023\/08\/0308_alidjun.jpg","width":2000,"height":1333,"caption":"Foto: BH Reporter\/Arhiva"},{"@type":"BreadcrumbList","@id":"https:\/\/tuzlainfo.ba\/index.php\/novosti\/item\/245908-iz-grada-tuzla-se-oglasili-povodom-obiljezavanja-romskog-praznika-alidjun\/#breadcrumb","itemListElement":[{"@type":"ListItem","position":1,"name":"Home","item":"https:\/\/tuzlainfo.ba\/"},{"@type":"ListItem","position":2,"name":"Iz Grada Tuzla se oglasili povodom obilje\u017eavanja Romskog praznika \u201cAli\u0111un\u201d"}]},{"@type":"WebSite","@id":"https:\/\/tuzlainfo.ba\/#website","url":"https:\/\/tuzlainfo.ba\/","name":"TuzlaInfo.ba","description":"Tuzla info, gradski informator - Tuzla na dlanu","publisher":{"@id":"https:\/\/tuzlainfo.ba\/#organization"},"potentialAction":[{"@type":"SearchAction","target":{"@type":"EntryPoint","urlTemplate":"https:\/\/tuzlainfo.ba\/?s={search_term_string}"},"query-input":{"@type":"PropertyValueSpecification","valueRequired":true,"valueName":"search_term_string"}}],"inLanguage":"bs-BA"},{"@type":"Organization","@id":"https:\/\/tuzlainfo.ba\/#organization","name":"TuzlaInfo.ba","url":"https:\/\/tuzlainfo.ba\/","logo":{"@type":"ImageObject","inLanguage":"bs-BA","@id":"https:\/\/tuzlainfo.ba\/#\/schema\/logo\/image\/","url":"https:\/\/tuzlainfo.ba\/wp-content\/uploads\/2021\/03\/logo-ver-3-1.png","contentUrl":"https:\/\/tuzlainfo.ba\/wp-content\/uploads\/2021\/03\/logo-ver-3-1.png","width":350,"height":95,"caption":"TuzlaInfo.ba"},"image":{"@id":"https:\/\/tuzlainfo.ba\/#\/schema\/logo\/image\/"},"sameAs":["https:\/\/www.facebook.com\/tuzlainfo.ba\/"]},{"@type":"Person","@id":"https:\/\/tuzlainfo.ba\/#\/schema\/person\/46cad4c57790cbc50781edd14870825a","name":"Tuzla Info","image":{"@type":"ImageObject","inLanguage":"bs-BA","@id":"https:\/\/tuzlainfo.ba\/#\/schema\/person\/image\/","url":"https:\/\/tuzlainfo.ba\/wp-content\/litespeed\/avatar\/b6c453a6c38e3654f2e4416c643fc25c.jpg?ver=1777051911","contentUrl":"https:\/\/tuzlainfo.ba\/wp-content\/litespeed\/avatar\/b6c453a6c38e3654f2e4416c643fc25c.jpg?ver=1777051911","caption":"Tuzla Info"}}]}},"_links":{"self":[{"href":"https:\/\/tuzlainfo.ba\/index.php\/wp-json\/wp\/v2\/posts\/245908"}],"collection":[{"href":"https:\/\/tuzlainfo.ba\/index.php\/wp-json\/wp\/v2\/posts"}],"about":[{"href":"https:\/\/tuzlainfo.ba\/index.php\/wp-json\/wp\/v2\/types\/post"}],"author":[{"embeddable":true,"href":"https:\/\/tuzlainfo.ba\/index.php\/wp-json\/wp\/v2\/users\/4"}],"replies":[{"embeddable":true,"href":"https:\/\/tuzlainfo.ba\/index.php\/wp-json\/wp\/v2\/comments?post=245908"}],"version-history":[{"count":1,"href":"https:\/\/tuzlainfo.ba\/index.php\/wp-json\/wp\/v2\/posts\/245908\/revisions"}],"predecessor-version":[{"id":245909,"href":"https:\/\/tuzlainfo.ba\/index.php\/wp-json\/wp\/v2\/posts\/245908\/revisions\/245909"}],"wp:featuredmedia":[{"embeddable":true,"href":"https:\/\/tuzlainfo.ba\/index.php\/wp-json\/wp\/v2\/media\/212604"}],"wp:attachment":[{"href":"https:\/\/tuzlainfo.ba\/index.php\/wp-json\/wp\/v2\/media?parent=245908"}],"wp:term":[{"taxonomy":"category","embeddable":true,"href":"https:\/\/tuzlainfo.ba\/index.php\/wp-json\/wp\/v2\/categories?post=245908"},{"taxonomy":"post_tag","embeddable":true,"href":"https:\/\/tuzlainfo.ba\/index.php\/wp-json\/wp\/v2\/tags?post=245908"}],"curies":[{"name":"wp","href":"https:\/\/api.w.org\/{rel}","templated":true}]}}