{"id":245768,"date":"2024-08-03T10:01:39","date_gmt":"2024-08-03T08:01:39","guid":{"rendered":"https:\/\/tuzlainfo.ba\/?p=245768"},"modified":"2024-08-03T10:01:39","modified_gmt":"2024-08-03T08:01:39","slug":"larisa-ceric-nakon-nastupa-na-olimpijadi-sedmo-mjesto-nije-mala-stvar-hvala-na-podrsci","status":"publish","type":"post","link":"https:\/\/tuzlainfo.ba\/index.php\/bosna-i-hercegovina\/item\/245768-larisa-ceric-nakon-nastupa-na-olimpijadi-sedmo-mjesto-nije-mala-stvar-hvala-na-podrsci\/","title":{"rendered":"Larisa Ceri\u0107 nakon nastupa na Olimpijadi: Sedmo mjesto nije mala stvar, hvala na podr\u0161ci"},"content":{"rendered":"<p>Bosanskohercegova\u010dka d\u017eudistkinja Larisa Ceri\u0107 zavr\u0161ila je ju\u010der svoj nastup na Olimpijskim igrama u Parizu. Ceri\u0107 se oglasila na dru\u0161tvenim mre\u017eama, poru\u010dila da je zadovoljna te zahvalila na podr\u0161ci.<\/p>\n<p><strong>&#8220;Mogu re\u0107i da sam zadovoljna, dvije pobjede i dva poraza. Izgubila sam u \u010detvrtfinalu od Romane Dicko i u repasa\u017eu od predstavnice Ju\u017ene Koreje, imali ste priliku da gledate tu borbu. Zadovoljna sam. O\u010dekivala sam vi\u0161e, ali na kraju sedmo mjesto ipak nije mala stvar, zadovoljna sam i nadam se da \u0107u u budu\u0107nosti uspjeti mo\u017eda da se kvalifikujem za Olimpijske igre u Los An\u0111elesu i da tamo poku\u0161am da ostvarim taj svoj san. Hvala puno svima na velikoj podr\u0161ci, bili ste mi veliki vjetar u le\u0111a. Hvala&#8221;, poru\u010dila je Larisa Ceri\u0107.<\/strong><\/p>\n<p>Podsjetimo, Ceri\u0107 je pora\u017eena u repasa\u017eu od Kim Ha-yun iz Ju\u017ene Koreje i nije se uspjela plasirati u me\u010d u kojem bi se borila za bronzanu medalju.<\/p>\n<p>Prethodno je bez ve\u0107ih problema savladala d\u017eudistkinju Sydnee Andrews iz Novog Zelanda, nakon ipona.<\/p>\n<p>Bh. d\u017eudistkinja se tako plasirala u drugo kolo gdje je imala me\u010d protiv Rochele Nunes iz Portugala koja je na kraju zbog povrede predala me\u010d, te je Ceri\u0107 uspjela da se plasira u tre\u0107e kolo.<\/p>\n<p>U me\u010du \u010detvrtfinala na\u0161a predstavnica je dobila te\u017eak zadatak jer ju je \u010dekao okr\u0161aj protiv doma\u0107e takmi\u010darke Romane Dicko koja je uspjela za svega desetak sekundi da savlada Ceri\u0107.<\/p>\n","protected":false},"excerpt":{"rendered":"<p>Bosanskohercegova\u010dka d\u017eudistkinja Larisa Ceri\u0107 zavr\u0161ila je ju\u010der svoj nastup na Olimpijskim igrama u Parizu. Ceri\u0107 se oglasila na dru\u0161tvenim mre\u017eama, poru\u010dila da je zadovoljna te zahvalila na podr\u0161ci. &#8220;Mogu re\u0107i da sam zadovoljna, dvije pobjede i dva poraza. Izgubila sam u \u010detvrtfinalu od Romane Dicko i u repasa\u017eu od predstavnice Ju\u017ene Koreje, imali ste priliku [&hellip;]<\/p>\n","protected":false},"author":2,"featured_media":245769,"comment_status":"closed","ping_status":"closed","sticky":false,"template":"","format":"standard","meta":{"footnotes":""},"categories":[291,304],"tags":[10648,1082,915],"class_list":["post-245768","post","type-post","status-publish","format-standard","has-post-thumbnail","hentry","category-bosna-i-hercegovina","category-istaknuto","tag-larisa-ceric","tag-olimpijske-igre","tag-sport"],"yoast_head":"<!-- This site is optimized with the Yoast SEO plugin v28.3 - https:\/\/yoast.com\/product\/yoast-seo-wordpress\/ -->\n<title>Larisa Ceri\u0107 nakon nastupa na Olimpijadi: Sedmo mjesto nije mala stvar, hvala na podr\u0161ci<\/title>\n<meta name=\"robots\" content=\"index, follow, max-snippet:-1, max-image-preview:large, max-video-preview:-1\" \/>\n<link rel=\"canonical\" href=\"https:\/\/tuzlainfo.ba\/index.php\/bosna-i-hercegovina\/item\/245768-larisa-ceric-nakon-nastupa-na-olimpijadi-sedmo-mjesto-nije-mala-stvar-hvala-na-podrsci\/\" \/>\n<meta property=\"og:locale\" content=\"bs_BA\" \/>\n<meta property=\"og:type\" content=\"article\" \/>\n<meta property=\"og:title\" content=\"Larisa Ceri\u0107 nakon nastupa na Olimpijadi: Sedmo mjesto nije mala stvar, hvala na podr\u0161ci\" \/>\n<meta property=\"og:description\" content=\"Bosanskohercegova\u010dka d\u017eudistkinja Larisa Ceri\u0107 zavr\u0161ila je ju\u010der svoj nastup na Olimpijskim igrama u Parizu. Ceri\u0107 se oglasila na dru\u0161tvenim mre\u017eama, poru\u010dila da je zadovoljna te zahvalila na podr\u0161ci. &#8220;Mogu re\u0107i da sam zadovoljna, dvije pobjede i dva poraza. Izgubila sam u \u010detvrtfinalu od Romane Dicko i u repasa\u017eu od predstavnice Ju\u017ene Koreje, imali ste priliku [&hellip;]\" \/>\n<meta property=\"og:url\" content=\"https:\/\/tuzlainfo.ba\/index.php\/bosna-i-hercegovina\/item\/245768-larisa-ceric-nakon-nastupa-na-olimpijadi-sedmo-mjesto-nije-mala-stvar-hvala-na-podrsci\/\" \/>\n<meta property=\"og:site_name\" content=\"TuzlaInfo.ba\" \/>\n<meta property=\"article:publisher\" content=\"https:\/\/www.facebook.com\/tuzlainfo.ba\/\" \/>\n<meta property=\"article:published_time\" content=\"2024-08-03T08:01:39+00:00\" \/>\n<meta property=\"og:image\" content=\"https:\/\/tuzlainfo.ba\/wp-content\/uploads\/2024\/08\/0308_larisa_ceric.jpg\" \/>\n\t<meta property=\"og:image:width\" content=\"800\" \/>\n\t<meta property=\"og:image:height\" content=\"434\" \/>\n\t<meta property=\"og:image:type\" content=\"image\/jpeg\" \/>\n<meta name=\"author\" content=\"nedim\" \/>\n<meta name=\"twitter:card\" content=\"summary_large_image\" \/>\n<meta name=\"twitter:label1\" content=\"Written by\" \/>\n\t<meta name=\"twitter:data1\" content=\"nedim\" \/>\n\t<meta name=\"twitter:label2\" content=\"Est. reading time\" \/>\n\t<meta name=\"twitter:data2\" content=\"2 minute\" \/>\n<script type=\"application\/ld+json\" class=\"yoast-schema-graph\">{\"@context\":\"https:\\\/\\\/schema.org\",\"@graph\":[{\"@type\":\"Article\",\"@id\":\"https:\\\/\\\/tuzlainfo.ba\\\/index.php\\\/bosna-i-hercegovina\\\/item\\\/245768-larisa-ceric-nakon-nastupa-na-olimpijadi-sedmo-mjesto-nije-mala-stvar-hvala-na-podrsci\\\/#article\",\"isPartOf\":{\"@id\":\"https:\\\/\\\/tuzlainfo.ba\\\/index.php\\\/bosna-i-hercegovina\\\/item\\\/245768-larisa-ceric-nakon-nastupa-na-olimpijadi-sedmo-mjesto-nije-mala-stvar-hvala-na-podrsci\\\/\"},\"author\":{\"name\":\"nedim\",\"@id\":\"https:\\\/\\\/tuzlainfo.ba\\\/#\\\/schema\\\/person\\\/f434e20dc27ea133923aab08451b7f7f\"},\"headline\":\"Larisa Ceri\u0107 nakon nastupa na Olimpijadi: Sedmo mjesto nije mala stvar, hvala na podr\u0161ci\",\"datePublished\":\"2024-08-03T08:01:39+00:00\",\"mainEntityOfPage\":{\"@id\":\"https:\\\/\\\/tuzlainfo.ba\\\/index.php\\\/bosna-i-hercegovina\\\/item\\\/245768-larisa-ceric-nakon-nastupa-na-olimpijadi-sedmo-mjesto-nije-mala-stvar-hvala-na-podrsci\\\/\"},\"wordCount\":273,\"publisher\":{\"@id\":\"https:\\\/\\\/tuzlainfo.ba\\\/#organization\"},\"image\":{\"@id\":\"https:\\\/\\\/tuzlainfo.ba\\\/index.php\\\/bosna-i-hercegovina\\\/item\\\/245768-larisa-ceric-nakon-nastupa-na-olimpijadi-sedmo-mjesto-nije-mala-stvar-hvala-na-podrsci\\\/#primaryimage\"},\"thumbnailUrl\":\"https:\\\/\\\/tuzlainfo.ba\\\/wp-content\\\/uploads\\\/2024\\\/08\\\/0308_larisa_ceric.jpg\",\"keywords\":[\"larisa ceri\u0107\",\"olimpijske igre\",\"sport\"],\"articleSection\":[\"Bosna i Hercegovina\",\"Istaknuto\"],\"inLanguage\":\"bs-BA\",\"copyrightYear\":\"2024\",\"copyrightHolder\":{\"@id\":\"https:\\\/\\\/tuzlainfo.ba\\\/#organization\"}},{\"@type\":\"WebPage\",\"@id\":\"https:\\\/\\\/tuzlainfo.ba\\\/index.php\\\/bosna-i-hercegovina\\\/item\\\/245768-larisa-ceric-nakon-nastupa-na-olimpijadi-sedmo-mjesto-nije-mala-stvar-hvala-na-podrsci\\\/\",\"url\":\"https:\\\/\\\/tuzlainfo.ba\\\/index.php\\\/bosna-i-hercegovina\\\/item\\\/245768-larisa-ceric-nakon-nastupa-na-olimpijadi-sedmo-mjesto-nije-mala-stvar-hvala-na-podrsci\\\/\",\"name\":\"Larisa Ceri\u0107 nakon nastupa na Olimpijadi: Sedmo mjesto nije mala stvar, hvala na podr\u0161ci\",\"isPartOf\":{\"@id\":\"https:\\\/\\\/tuzlainfo.ba\\\/#website\"},\"primaryImageOfPage\":{\"@id\":\"https:\\\/\\\/tuzlainfo.ba\\\/index.php\\\/bosna-i-hercegovina\\\/item\\\/245768-larisa-ceric-nakon-nastupa-na-olimpijadi-sedmo-mjesto-nije-mala-stvar-hvala-na-podrsci\\\/#primaryimage\"},\"image\":{\"@id\":\"https:\\\/\\\/tuzlainfo.ba\\\/index.php\\\/bosna-i-hercegovina\\\/item\\\/245768-larisa-ceric-nakon-nastupa-na-olimpijadi-sedmo-mjesto-nije-mala-stvar-hvala-na-podrsci\\\/#primaryimage\"},\"thumbnailUrl\":\"https:\\\/\\\/tuzlainfo.ba\\\/wp-content\\\/uploads\\\/2024\\\/08\\\/0308_larisa_ceric.jpg\",\"datePublished\":\"2024-08-03T08:01:39+00:00\",\"breadcrumb\":{\"@id\":\"https:\\\/\\\/tuzlainfo.ba\\\/index.php\\\/bosna-i-hercegovina\\\/item\\\/245768-larisa-ceric-nakon-nastupa-na-olimpijadi-sedmo-mjesto-nije-mala-stvar-hvala-na-podrsci\\\/#breadcrumb\"},\"inLanguage\":\"bs-BA\",\"potentialAction\":[{\"@type\":\"ReadAction\",\"target\":[\"https:\\\/\\\/tuzlainfo.ba\\\/index.php\\\/bosna-i-hercegovina\\\/item\\\/245768-larisa-ceric-nakon-nastupa-na-olimpijadi-sedmo-mjesto-nije-mala-stvar-hvala-na-podrsci\\\/\"]}]},{\"@type\":\"ImageObject\",\"inLanguage\":\"bs-BA\",\"@id\":\"https:\\\/\\\/tuzlainfo.ba\\\/index.php\\\/bosna-i-hercegovina\\\/item\\\/245768-larisa-ceric-nakon-nastupa-na-olimpijadi-sedmo-mjesto-nije-mala-stvar-hvala-na-podrsci\\\/#primaryimage\",\"url\":\"https:\\\/\\\/tuzlainfo.ba\\\/wp-content\\\/uploads\\\/2024\\\/08\\\/0308_larisa_ceric.jpg\",\"contentUrl\":\"https:\\\/\\\/tuzlainfo.ba\\\/wp-content\\\/uploads\\\/2024\\\/08\\\/0308_larisa_ceric.jpg\",\"width\":800,\"height\":434},{\"@type\":\"BreadcrumbList\",\"@id\":\"https:\\\/\\\/tuzlainfo.ba\\\/index.php\\\/bosna-i-hercegovina\\\/item\\\/245768-larisa-ceric-nakon-nastupa-na-olimpijadi-sedmo-mjesto-nije-mala-stvar-hvala-na-podrsci\\\/#breadcrumb\",\"itemListElement\":[{\"@type\":\"ListItem\",\"position\":1,\"name\":\"Home\",\"item\":\"https:\\\/\\\/tuzlainfo.ba\\\/\"},{\"@type\":\"ListItem\",\"position\":2,\"name\":\"Larisa Ceri\u0107 nakon nastupa na Olimpijadi: Sedmo mjesto nije mala stvar, hvala na podr\u0161ci\"}]},{\"@type\":\"WebSite\",\"@id\":\"https:\\\/\\\/tuzlainfo.ba\\\/#website\",\"url\":\"https:\\\/\\\/tuzlainfo.ba\\\/\",\"name\":\"TuzlaInfo.ba\",\"description\":\"Tuzla info, gradski informator - Tuzla na dlanu\",\"publisher\":{\"@id\":\"https:\\\/\\\/tuzlainfo.ba\\\/#organization\"},\"potentialAction\":[{\"@type\":\"SearchAction\",\"target\":{\"@type\":\"EntryPoint\",\"urlTemplate\":\"https:\\\/\\\/tuzlainfo.ba\\\/?s={search_term_string}\"},\"query-input\":{\"@type\":\"PropertyValueSpecification\",\"valueRequired\":true,\"valueName\":\"search_term_string\"}}],\"inLanguage\":\"bs-BA\"},{\"@type\":\"Organization\",\"@id\":\"https:\\\/\\\/tuzlainfo.ba\\\/#organization\",\"name\":\"TuzlaInfo.ba\",\"url\":\"https:\\\/\\\/tuzlainfo.ba\\\/\",\"logo\":{\"@type\":\"ImageObject\",\"inLanguage\":\"bs-BA\",\"@id\":\"https:\\\/\\\/tuzlainfo.ba\\\/#\\\/schema\\\/logo\\\/image\\\/\",\"url\":\"https:\\\/\\\/tuzlainfo.ba\\\/wp-content\\\/uploads\\\/2021\\\/03\\\/logo-ver-3-1.png\",\"contentUrl\":\"https:\\\/\\\/tuzlainfo.ba\\\/wp-content\\\/uploads\\\/2021\\\/03\\\/logo-ver-3-1.png\",\"width\":350,\"height\":95,\"caption\":\"TuzlaInfo.ba\"},\"image\":{\"@id\":\"https:\\\/\\\/tuzlainfo.ba\\\/#\\\/schema\\\/logo\\\/image\\\/\"},\"sameAs\":[\"https:\\\/\\\/www.facebook.com\\\/tuzlainfo.ba\\\/\"]},{\"@type\":\"Person\",\"@id\":\"https:\\\/\\\/tuzlainfo.ba\\\/#\\\/schema\\\/person\\\/f434e20dc27ea133923aab08451b7f7f\",\"name\":\"nedim\",\"image\":{\"@type\":\"ImageObject\",\"inLanguage\":\"bs-BA\",\"@id\":\"https:\\\/\\\/secure.gravatar.com\\\/avatar\\\/5b928a2e7e70a54208d2eb6c1edcb75a5350d6ae97d5f0a701203d456823f6f3?s=96&d=mm&r=g\",\"url\":\"https:\\\/\\\/secure.gravatar.com\\\/avatar\\\/5b928a2e7e70a54208d2eb6c1edcb75a5350d6ae97d5f0a701203d456823f6f3?s=96&d=mm&r=g\",\"contentUrl\":\"https:\\\/\\\/secure.gravatar.com\\\/avatar\\\/5b928a2e7e70a54208d2eb6c1edcb75a5350d6ae97d5f0a701203d456823f6f3?s=96&d=mm&r=g\",\"caption\":\"nedim\"},\"description\":\"Tuzlainfo.ba pratite na dru\u0161tvenim mre\u017eama: Facebook, Instagram i Youtube. Svoje pri\u010de, upite i fotografije \u0161aljite na na\u0161u e-mail adresu.\"}]}<\/script>\n<!-- \/ Yoast SEO plugin. -->","yoast_head_json":{"title":"Larisa Ceri\u0107 nakon nastupa na Olimpijadi: Sedmo mjesto nije mala stvar, hvala na podr\u0161ci","robots":{"index":"index","follow":"follow","max-snippet":"max-snippet:-1","max-image-preview":"max-image-preview:large","max-video-preview":"max-video-preview:-1"},"canonical":"https:\/\/tuzlainfo.ba\/index.php\/bosna-i-hercegovina\/item\/245768-larisa-ceric-nakon-nastupa-na-olimpijadi-sedmo-mjesto-nije-mala-stvar-hvala-na-podrsci\/","og_locale":"bs_BA","og_type":"article","og_title":"Larisa Ceri\u0107 nakon nastupa na Olimpijadi: Sedmo mjesto nije mala stvar, hvala na podr\u0161ci","og_description":"Bosanskohercegova\u010dka d\u017eudistkinja Larisa Ceri\u0107 zavr\u0161ila je ju\u010der svoj nastup na Olimpijskim igrama u Parizu. Ceri\u0107 se oglasila na dru\u0161tvenim mre\u017eama, poru\u010dila da je zadovoljna te zahvalila na podr\u0161ci. &#8220;Mogu re\u0107i da sam zadovoljna, dvije pobjede i dva poraza. Izgubila sam u \u010detvrtfinalu od Romane Dicko i u repasa\u017eu od predstavnice Ju\u017ene Koreje, imali ste priliku [&hellip;]","og_url":"https:\/\/tuzlainfo.ba\/index.php\/bosna-i-hercegovina\/item\/245768-larisa-ceric-nakon-nastupa-na-olimpijadi-sedmo-mjesto-nije-mala-stvar-hvala-na-podrsci\/","og_site_name":"TuzlaInfo.ba","article_publisher":"https:\/\/www.facebook.com\/tuzlainfo.ba\/","article_published_time":"2024-08-03T08:01:39+00:00","og_image":[{"width":800,"height":434,"url":"https:\/\/tuzlainfo.ba\/wp-content\/uploads\/2024\/08\/0308_larisa_ceric.jpg","type":"image\/jpeg"}],"author":"nedim","twitter_card":"summary_large_image","twitter_misc":{"Written by":"nedim","Est. reading time":"2 minute"},"schema":{"@context":"https:\/\/schema.org","@graph":[{"@type":"Article","@id":"https:\/\/tuzlainfo.ba\/index.php\/bosna-i-hercegovina\/item\/245768-larisa-ceric-nakon-nastupa-na-olimpijadi-sedmo-mjesto-nije-mala-stvar-hvala-na-podrsci\/#article","isPartOf":{"@id":"https:\/\/tuzlainfo.ba\/index.php\/bosna-i-hercegovina\/item\/245768-larisa-ceric-nakon-nastupa-na-olimpijadi-sedmo-mjesto-nije-mala-stvar-hvala-na-podrsci\/"},"author":{"name":"nedim","@id":"https:\/\/tuzlainfo.ba\/#\/schema\/person\/f434e20dc27ea133923aab08451b7f7f"},"headline":"Larisa Ceri\u0107 nakon nastupa na Olimpijadi: Sedmo mjesto nije mala stvar, hvala na podr\u0161ci","datePublished":"2024-08-03T08:01:39+00:00","mainEntityOfPage":{"@id":"https:\/\/tuzlainfo.ba\/index.php\/bosna-i-hercegovina\/item\/245768-larisa-ceric-nakon-nastupa-na-olimpijadi-sedmo-mjesto-nije-mala-stvar-hvala-na-podrsci\/"},"wordCount":273,"publisher":{"@id":"https:\/\/tuzlainfo.ba\/#organization"},"image":{"@id":"https:\/\/tuzlainfo.ba\/index.php\/bosna-i-hercegovina\/item\/245768-larisa-ceric-nakon-nastupa-na-olimpijadi-sedmo-mjesto-nije-mala-stvar-hvala-na-podrsci\/#primaryimage"},"thumbnailUrl":"https:\/\/tuzlainfo.ba\/wp-content\/uploads\/2024\/08\/0308_larisa_ceric.jpg","keywords":["larisa ceri\u0107","olimpijske igre","sport"],"articleSection":["Bosna i Hercegovina","Istaknuto"],"inLanguage":"bs-BA","copyrightYear":"2024","copyrightHolder":{"@id":"https:\/\/tuzlainfo.ba\/#organization"}},{"@type":"WebPage","@id":"https:\/\/tuzlainfo.ba\/index.php\/bosna-i-hercegovina\/item\/245768-larisa-ceric-nakon-nastupa-na-olimpijadi-sedmo-mjesto-nije-mala-stvar-hvala-na-podrsci\/","url":"https:\/\/tuzlainfo.ba\/index.php\/bosna-i-hercegovina\/item\/245768-larisa-ceric-nakon-nastupa-na-olimpijadi-sedmo-mjesto-nije-mala-stvar-hvala-na-podrsci\/","name":"Larisa Ceri\u0107 nakon nastupa na Olimpijadi: Sedmo mjesto nije mala stvar, hvala na podr\u0161ci","isPartOf":{"@id":"https:\/\/tuzlainfo.ba\/#website"},"primaryImageOfPage":{"@id":"https:\/\/tuzlainfo.ba\/index.php\/bosna-i-hercegovina\/item\/245768-larisa-ceric-nakon-nastupa-na-olimpijadi-sedmo-mjesto-nije-mala-stvar-hvala-na-podrsci\/#primaryimage"},"image":{"@id":"https:\/\/tuzlainfo.ba\/index.php\/bosna-i-hercegovina\/item\/245768-larisa-ceric-nakon-nastupa-na-olimpijadi-sedmo-mjesto-nije-mala-stvar-hvala-na-podrsci\/#primaryimage"},"thumbnailUrl":"https:\/\/tuzlainfo.ba\/wp-content\/uploads\/2024\/08\/0308_larisa_ceric.jpg","datePublished":"2024-08-03T08:01:39+00:00","breadcrumb":{"@id":"https:\/\/tuzlainfo.ba\/index.php\/bosna-i-hercegovina\/item\/245768-larisa-ceric-nakon-nastupa-na-olimpijadi-sedmo-mjesto-nije-mala-stvar-hvala-na-podrsci\/#breadcrumb"},"inLanguage":"bs-BA","potentialAction":[{"@type":"ReadAction","target":["https:\/\/tuzlainfo.ba\/index.php\/bosna-i-hercegovina\/item\/245768-larisa-ceric-nakon-nastupa-na-olimpijadi-sedmo-mjesto-nije-mala-stvar-hvala-na-podrsci\/"]}]},{"@type":"ImageObject","inLanguage":"bs-BA","@id":"https:\/\/tuzlainfo.ba\/index.php\/bosna-i-hercegovina\/item\/245768-larisa-ceric-nakon-nastupa-na-olimpijadi-sedmo-mjesto-nije-mala-stvar-hvala-na-podrsci\/#primaryimage","url":"https:\/\/tuzlainfo.ba\/wp-content\/uploads\/2024\/08\/0308_larisa_ceric.jpg","contentUrl":"https:\/\/tuzlainfo.ba\/wp-content\/uploads\/2024\/08\/0308_larisa_ceric.jpg","width":800,"height":434},{"@type":"BreadcrumbList","@id":"https:\/\/tuzlainfo.ba\/index.php\/bosna-i-hercegovina\/item\/245768-larisa-ceric-nakon-nastupa-na-olimpijadi-sedmo-mjesto-nije-mala-stvar-hvala-na-podrsci\/#breadcrumb","itemListElement":[{"@type":"ListItem","position":1,"name":"Home","item":"https:\/\/tuzlainfo.ba\/"},{"@type":"ListItem","position":2,"name":"Larisa Ceri\u0107 nakon nastupa na Olimpijadi: Sedmo mjesto nije mala stvar, hvala na podr\u0161ci"}]},{"@type":"WebSite","@id":"https:\/\/tuzlainfo.ba\/#website","url":"https:\/\/tuzlainfo.ba\/","name":"TuzlaInfo.ba","description":"Tuzla info, gradski informator - Tuzla na dlanu","publisher":{"@id":"https:\/\/tuzlainfo.ba\/#organization"},"potentialAction":[{"@type":"SearchAction","target":{"@type":"EntryPoint","urlTemplate":"https:\/\/tuzlainfo.ba\/?s={search_term_string}"},"query-input":{"@type":"PropertyValueSpecification","valueRequired":true,"valueName":"search_term_string"}}],"inLanguage":"bs-BA"},{"@type":"Organization","@id":"https:\/\/tuzlainfo.ba\/#organization","name":"TuzlaInfo.ba","url":"https:\/\/tuzlainfo.ba\/","logo":{"@type":"ImageObject","inLanguage":"bs-BA","@id":"https:\/\/tuzlainfo.ba\/#\/schema\/logo\/image\/","url":"https:\/\/tuzlainfo.ba\/wp-content\/uploads\/2021\/03\/logo-ver-3-1.png","contentUrl":"https:\/\/tuzlainfo.ba\/wp-content\/uploads\/2021\/03\/logo-ver-3-1.png","width":350,"height":95,"caption":"TuzlaInfo.ba"},"image":{"@id":"https:\/\/tuzlainfo.ba\/#\/schema\/logo\/image\/"},"sameAs":["https:\/\/www.facebook.com\/tuzlainfo.ba\/"]},{"@type":"Person","@id":"https:\/\/tuzlainfo.ba\/#\/schema\/person\/f434e20dc27ea133923aab08451b7f7f","name":"nedim","image":{"@type":"ImageObject","inLanguage":"bs-BA","@id":"https:\/\/secure.gravatar.com\/avatar\/5b928a2e7e70a54208d2eb6c1edcb75a5350d6ae97d5f0a701203d456823f6f3?s=96&d=mm&r=g","url":"https:\/\/secure.gravatar.com\/avatar\/5b928a2e7e70a54208d2eb6c1edcb75a5350d6ae97d5f0a701203d456823f6f3?s=96&d=mm&r=g","contentUrl":"https:\/\/secure.gravatar.com\/avatar\/5b928a2e7e70a54208d2eb6c1edcb75a5350d6ae97d5f0a701203d456823f6f3?s=96&d=mm&r=g","caption":"nedim"},"description":"Tuzlainfo.ba pratite na dru\u0161tvenim mre\u017eama: Facebook, Instagram i Youtube. Svoje pri\u010de, upite i fotografije \u0161aljite na na\u0161u e-mail adresu."}]}},"_links":{"self":[{"href":"https:\/\/tuzlainfo.ba\/index.php\/wp-json\/wp\/v2\/posts\/245768","targetHints":{"allow":["GET"]}}],"collection":[{"href":"https:\/\/tuzlainfo.ba\/index.php\/wp-json\/wp\/v2\/posts"}],"about":[{"href":"https:\/\/tuzlainfo.ba\/index.php\/wp-json\/wp\/v2\/types\/post"}],"author":[{"embeddable":true,"href":"https:\/\/tuzlainfo.ba\/index.php\/wp-json\/wp\/v2\/users\/2"}],"replies":[{"embeddable":true,"href":"https:\/\/tuzlainfo.ba\/index.php\/wp-json\/wp\/v2\/comments?post=245768"}],"version-history":[{"count":1,"href":"https:\/\/tuzlainfo.ba\/index.php\/wp-json\/wp\/v2\/posts\/245768\/revisions"}],"predecessor-version":[{"id":245770,"href":"https:\/\/tuzlainfo.ba\/index.php\/wp-json\/wp\/v2\/posts\/245768\/revisions\/245770"}],"wp:featuredmedia":[{"embeddable":true,"href":"https:\/\/tuzlainfo.ba\/index.php\/wp-json\/wp\/v2\/media\/245769"}],"wp:attachment":[{"href":"https:\/\/tuzlainfo.ba\/index.php\/wp-json\/wp\/v2\/media?parent=245768"}],"wp:term":[{"taxonomy":"category","embeddable":true,"href":"https:\/\/tuzlainfo.ba\/index.php\/wp-json\/wp\/v2\/categories?post=245768"},{"taxonomy":"post_tag","embeddable":true,"href":"https:\/\/tuzlainfo.ba\/index.php\/wp-json\/wp\/v2\/tags?post=245768"}],"curies":[{"name":"wp","href":"https:\/\/api.w.org\/{rel}","templated":true}]}}