{"id":245751,"date":"2024-08-02T18:00:59","date_gmt":"2024-08-02T16:00:59","guid":{"rendered":"https:\/\/tuzlainfo.ba\/?p=245751"},"modified":"2024-08-03T10:01:57","modified_gmt":"2024-08-03T08:01:57","slug":"larisa-ceric-izgubila-u-prvom-mecu-repasaza-i-zauzela-7-mjesto-oi","status":"publish","type":"post","link":"https:\/\/tuzlainfo.ba\/index.php\/bosna-i-hercegovina\/item\/245751-larisa-ceric-izgubila-u-prvom-mecu-repasaza-i-zauzela-7-mjesto-oi\/","title":{"rendered":"Larisa Ceri\u0107 izgubila u prvom me\u010du repasa\u017ea i zauzela 7. mjesto OI"},"content":{"rendered":"<div class=\"single-intro\">\n<p>Najbolja bh. d\u017eudistkinja Larisa Ceri\u0107 pora\u017eena je u prvom me\u010du repasa\u017ea od 24-godi\u0161nje Ju\u017enokorejke Kim Ha-yun.<\/p>\n<\/div>\n<div class=\"single-text\">\n<p>Takmi\u010darka iz Ju\u017ene Koreje slavila je rezultatom 1:0 i tako pro\u0161la dalje.<\/p>\n<p>Na taj na\u010din na\u0161a predstavnica je ostala bez svih \u0161ansi da se domogne bronzane medalje na Igrama u Parizu.<\/p>\n<p>Podsjetimo, Ceri\u0107 je do repasa\u017ea stigla pobjedama u prva dva kola nad Novozelan\u0111ankom Sydnee Andrews i Portugalkom Rochele Nunes, te porazom u \u010detvrtfinalu od najbolje d\u017eudistkinje svijeta, Francuskinje Romane Dicko.<\/p>\n<p>Tako je Bosna i Hercegovina sada ostala na samo jednom takmi\u010daru i to Mesudu Pezeru koji \u0107e se takmi\u010diti u bacanju kugle.<\/p>\n<\/div>\n","protected":false},"excerpt":{"rendered":"<p>Najbolja bh. d\u017eudistkinja Larisa Ceri\u0107 pora\u017eena je u prvom me\u010du repasa\u017ea od 24-godi\u0161nje Ju\u017enokorejke Kim Ha-yun. Takmi\u010darka iz Ju\u017ene Koreje slavila je rezultatom 1:0 i tako pro\u0161la dalje. Na taj na\u010din na\u0161a predstavnica je ostala bez svih \u0161ansi da se domogne bronzane medalje na Igrama u Parizu. Podsjetimo, Ceri\u0107 je do repasa\u017ea stigla pobjedama u [&hellip;]<\/p>\n","protected":false},"author":2,"featured_media":245705,"comment_status":"closed","ping_status":"closed","sticky":false,"template":"","format":"standard","meta":{"footnotes":""},"categories":[291],"tags":[10648,1082,915],"class_list":["post-245751","post","type-post","status-publish","format-standard","has-post-thumbnail","hentry","category-bosna-i-hercegovina","tag-larisa-ceric","tag-olimpijske-igre","tag-sport"],"yoast_head":"<!-- This site is optimized with the Yoast SEO plugin v28.4 - https:\/\/yoast.com\/product\/yoast-seo-wordpress\/ -->\n<title>Larisa Ceri\u0107 izgubila u prvom me\u010du repasa\u017ea i zauzela 7. mjesto OI<\/title>\n<meta name=\"robots\" content=\"index, follow, max-snippet:-1, max-image-preview:large, max-video-preview:-1\" \/>\n<link rel=\"canonical\" href=\"https:\/\/tuzlainfo.ba\/index.php\/bosna-i-hercegovina\/item\/245751-larisa-ceric-izgubila-u-prvom-mecu-repasaza-i-zauzela-7-mjesto-oi\/\" \/>\n<meta property=\"og:locale\" content=\"bs_BA\" \/>\n<meta property=\"og:type\" content=\"article\" \/>\n<meta property=\"og:title\" content=\"Larisa Ceri\u0107 izgubila u prvom me\u010du repasa\u017ea i zauzela 7. mjesto OI\" \/>\n<meta property=\"og:description\" content=\"Najbolja bh. d\u017eudistkinja Larisa Ceri\u0107 pora\u017eena je u prvom me\u010du repasa\u017ea od 24-godi\u0161nje Ju\u017enokorejke Kim Ha-yun. Takmi\u010darka iz Ju\u017ene Koreje slavila je rezultatom 1:0 i tako pro\u0161la dalje. Na taj na\u010din na\u0161a predstavnica je ostala bez svih \u0161ansi da se domogne bronzane medalje na Igrama u Parizu. Podsjetimo, Ceri\u0107 je do repasa\u017ea stigla pobjedama u [&hellip;]\" \/>\n<meta property=\"og:url\" content=\"https:\/\/tuzlainfo.ba\/index.php\/bosna-i-hercegovina\/item\/245751-larisa-ceric-izgubila-u-prvom-mecu-repasaza-i-zauzela-7-mjesto-oi\/\" \/>\n<meta property=\"og:site_name\" content=\"TuzlaInfo.ba\" \/>\n<meta property=\"article:publisher\" content=\"https:\/\/www.facebook.com\/tuzlainfo.ba\/\" \/>\n<meta property=\"article:published_time\" content=\"2024-08-02T16:00:59+00:00\" \/>\n<meta property=\"article:modified_time\" content=\"2024-08-03T08:01:57+00:00\" \/>\n<meta property=\"og:image\" content=\"https:\/\/tuzlainfo.ba\/wp-content\/uploads\/2024\/08\/02008_larisa_ceric_2.jpg\" \/>\n\t<meta property=\"og:image:width\" content=\"1000\" \/>\n\t<meta property=\"og:image:height\" content=\"666\" \/>\n\t<meta property=\"og:image:type\" content=\"image\/jpeg\" \/>\n<meta name=\"author\" content=\"nedim\" \/>\n<meta name=\"twitter:card\" content=\"summary_large_image\" \/>\n<meta name=\"twitter:label1\" content=\"Written by\" \/>\n\t<meta name=\"twitter:data1\" content=\"nedim\" \/>\n\t<meta name=\"twitter:label2\" content=\"Est. reading time\" \/>\n\t<meta name=\"twitter:data2\" content=\"1 minuta\" \/>\n<script type=\"application\/ld+json\" class=\"yoast-schema-graph\">{\"@context\":\"https:\\\/\\\/schema.org\",\"@graph\":[{\"@type\":\"Article\",\"@id\":\"https:\\\/\\\/tuzlainfo.ba\\\/index.php\\\/bosna-i-hercegovina\\\/item\\\/245751-larisa-ceric-izgubila-u-prvom-mecu-repasaza-i-zauzela-7-mjesto-oi\\\/#article\",\"isPartOf\":{\"@id\":\"https:\\\/\\\/tuzlainfo.ba\\\/index.php\\\/bosna-i-hercegovina\\\/item\\\/245751-larisa-ceric-izgubila-u-prvom-mecu-repasaza-i-zauzela-7-mjesto-oi\\\/\"},\"author\":{\"name\":\"nedim\",\"@id\":\"https:\\\/\\\/tuzlainfo.ba\\\/#\\\/schema\\\/person\\\/f434e20dc27ea133923aab08451b7f7f\"},\"headline\":\"Larisa Ceri\u0107 izgubila u prvom me\u010du repasa\u017ea i zauzela 7. mjesto OI\",\"datePublished\":\"2024-08-02T16:00:59+00:00\",\"dateModified\":\"2024-08-03T08:01:57+00:00\",\"mainEntityOfPage\":{\"@id\":\"https:\\\/\\\/tuzlainfo.ba\\\/index.php\\\/bosna-i-hercegovina\\\/item\\\/245751-larisa-ceric-izgubila-u-prvom-mecu-repasaza-i-zauzela-7-mjesto-oi\\\/\"},\"wordCount\":127,\"publisher\":{\"@id\":\"https:\\\/\\\/tuzlainfo.ba\\\/#organization\"},\"image\":{\"@id\":\"https:\\\/\\\/tuzlainfo.ba\\\/index.php\\\/bosna-i-hercegovina\\\/item\\\/245751-larisa-ceric-izgubila-u-prvom-mecu-repasaza-i-zauzela-7-mjesto-oi\\\/#primaryimage\"},\"thumbnailUrl\":\"https:\\\/\\\/tuzlainfo.ba\\\/wp-content\\\/uploads\\\/2024\\\/08\\\/02008_larisa_ceric_2.jpg\",\"keywords\":[\"larisa ceri\u0107\",\"olimpijske igre\",\"sport\"],\"articleSection\":[\"Bosna i Hercegovina\"],\"inLanguage\":\"bs-BA\",\"copyrightYear\":\"2024\",\"copyrightHolder\":{\"@id\":\"https:\\\/\\\/tuzlainfo.ba\\\/#organization\"}},{\"@type\":\"WebPage\",\"@id\":\"https:\\\/\\\/tuzlainfo.ba\\\/index.php\\\/bosna-i-hercegovina\\\/item\\\/245751-larisa-ceric-izgubila-u-prvom-mecu-repasaza-i-zauzela-7-mjesto-oi\\\/\",\"url\":\"https:\\\/\\\/tuzlainfo.ba\\\/index.php\\\/bosna-i-hercegovina\\\/item\\\/245751-larisa-ceric-izgubila-u-prvom-mecu-repasaza-i-zauzela-7-mjesto-oi\\\/\",\"name\":\"Larisa Ceri\u0107 izgubila u prvom me\u010du repasa\u017ea i zauzela 7. mjesto OI\",\"isPartOf\":{\"@id\":\"https:\\\/\\\/tuzlainfo.ba\\\/#website\"},\"primaryImageOfPage\":{\"@id\":\"https:\\\/\\\/tuzlainfo.ba\\\/index.php\\\/bosna-i-hercegovina\\\/item\\\/245751-larisa-ceric-izgubila-u-prvom-mecu-repasaza-i-zauzela-7-mjesto-oi\\\/#primaryimage\"},\"image\":{\"@id\":\"https:\\\/\\\/tuzlainfo.ba\\\/index.php\\\/bosna-i-hercegovina\\\/item\\\/245751-larisa-ceric-izgubila-u-prvom-mecu-repasaza-i-zauzela-7-mjesto-oi\\\/#primaryimage\"},\"thumbnailUrl\":\"https:\\\/\\\/tuzlainfo.ba\\\/wp-content\\\/uploads\\\/2024\\\/08\\\/02008_larisa_ceric_2.jpg\",\"datePublished\":\"2024-08-02T16:00:59+00:00\",\"dateModified\":\"2024-08-03T08:01:57+00:00\",\"breadcrumb\":{\"@id\":\"https:\\\/\\\/tuzlainfo.ba\\\/index.php\\\/bosna-i-hercegovina\\\/item\\\/245751-larisa-ceric-izgubila-u-prvom-mecu-repasaza-i-zauzela-7-mjesto-oi\\\/#breadcrumb\"},\"inLanguage\":\"bs-BA\",\"potentialAction\":[{\"@type\":\"ReadAction\",\"target\":[\"https:\\\/\\\/tuzlainfo.ba\\\/index.php\\\/bosna-i-hercegovina\\\/item\\\/245751-larisa-ceric-izgubila-u-prvom-mecu-repasaza-i-zauzela-7-mjesto-oi\\\/\"]}]},{\"@type\":\"ImageObject\",\"inLanguage\":\"bs-BA\",\"@id\":\"https:\\\/\\\/tuzlainfo.ba\\\/index.php\\\/bosna-i-hercegovina\\\/item\\\/245751-larisa-ceric-izgubila-u-prvom-mecu-repasaza-i-zauzela-7-mjesto-oi\\\/#primaryimage\",\"url\":\"https:\\\/\\\/tuzlainfo.ba\\\/wp-content\\\/uploads\\\/2024\\\/08\\\/02008_larisa_ceric_2.jpg\",\"contentUrl\":\"https:\\\/\\\/tuzlainfo.ba\\\/wp-content\\\/uploads\\\/2024\\\/08\\\/02008_larisa_ceric_2.jpg\",\"width\":1000,\"height\":666},{\"@type\":\"BreadcrumbList\",\"@id\":\"https:\\\/\\\/tuzlainfo.ba\\\/index.php\\\/bosna-i-hercegovina\\\/item\\\/245751-larisa-ceric-izgubila-u-prvom-mecu-repasaza-i-zauzela-7-mjesto-oi\\\/#breadcrumb\",\"itemListElement\":[{\"@type\":\"ListItem\",\"position\":1,\"name\":\"Home\",\"item\":\"https:\\\/\\\/tuzlainfo.ba\\\/\"},{\"@type\":\"ListItem\",\"position\":2,\"name\":\"Larisa Ceri\u0107 izgubila u prvom me\u010du repasa\u017ea i zauzela 7. mjesto OI\"}]},{\"@type\":\"WebSite\",\"@id\":\"https:\\\/\\\/tuzlainfo.ba\\\/#website\",\"url\":\"https:\\\/\\\/tuzlainfo.ba\\\/\",\"name\":\"TuzlaInfo.ba\",\"description\":\"Tuzla info, gradski informator - Tuzla na dlanu\",\"publisher\":{\"@id\":\"https:\\\/\\\/tuzlainfo.ba\\\/#organization\"},\"potentialAction\":[{\"@type\":\"SearchAction\",\"target\":{\"@type\":\"EntryPoint\",\"urlTemplate\":\"https:\\\/\\\/tuzlainfo.ba\\\/?s={search_term_string}\"},\"query-input\":{\"@type\":\"PropertyValueSpecification\",\"valueRequired\":true,\"valueName\":\"search_term_string\"}}],\"inLanguage\":\"bs-BA\"},{\"@type\":\"Organization\",\"@id\":\"https:\\\/\\\/tuzlainfo.ba\\\/#organization\",\"name\":\"TuzlaInfo.ba\",\"url\":\"https:\\\/\\\/tuzlainfo.ba\\\/\",\"logo\":{\"@type\":\"ImageObject\",\"inLanguage\":\"bs-BA\",\"@id\":\"https:\\\/\\\/tuzlainfo.ba\\\/#\\\/schema\\\/logo\\\/image\\\/\",\"url\":\"https:\\\/\\\/tuzlainfo.ba\\\/wp-content\\\/uploads\\\/2021\\\/03\\\/logo-ver-3-1.png\",\"contentUrl\":\"https:\\\/\\\/tuzlainfo.ba\\\/wp-content\\\/uploads\\\/2021\\\/03\\\/logo-ver-3-1.png\",\"width\":350,\"height\":95,\"caption\":\"TuzlaInfo.ba\"},\"image\":{\"@id\":\"https:\\\/\\\/tuzlainfo.ba\\\/#\\\/schema\\\/logo\\\/image\\\/\"},\"sameAs\":[\"https:\\\/\\\/www.facebook.com\\\/tuzlainfo.ba\\\/\"]},{\"@type\":\"Person\",\"@id\":\"https:\\\/\\\/tuzlainfo.ba\\\/#\\\/schema\\\/person\\\/f434e20dc27ea133923aab08451b7f7f\",\"name\":\"nedim\",\"image\":{\"@type\":\"ImageObject\",\"inLanguage\":\"bs-BA\",\"@id\":\"https:\\\/\\\/secure.gravatar.com\\\/avatar\\\/5b928a2e7e70a54208d2eb6c1edcb75a5350d6ae97d5f0a701203d456823f6f3?s=96&d=mm&r=g\",\"url\":\"https:\\\/\\\/secure.gravatar.com\\\/avatar\\\/5b928a2e7e70a54208d2eb6c1edcb75a5350d6ae97d5f0a701203d456823f6f3?s=96&d=mm&r=g\",\"contentUrl\":\"https:\\\/\\\/secure.gravatar.com\\\/avatar\\\/5b928a2e7e70a54208d2eb6c1edcb75a5350d6ae97d5f0a701203d456823f6f3?s=96&d=mm&r=g\",\"caption\":\"nedim\"},\"description\":\"Tuzlainfo.ba pratite na dru\u0161tvenim mre\u017eama: Facebook, Instagram i Youtube. Svoje pri\u010de, upite i fotografije \u0161aljite na na\u0161u e-mail adresu.\"}]}<\/script>\n<!-- \/ Yoast SEO plugin. -->","yoast_head_json":{"title":"Larisa Ceri\u0107 izgubila u prvom me\u010du repasa\u017ea i zauzela 7. mjesto OI","robots":{"index":"index","follow":"follow","max-snippet":"max-snippet:-1","max-image-preview":"max-image-preview:large","max-video-preview":"max-video-preview:-1"},"canonical":"https:\/\/tuzlainfo.ba\/index.php\/bosna-i-hercegovina\/item\/245751-larisa-ceric-izgubila-u-prvom-mecu-repasaza-i-zauzela-7-mjesto-oi\/","og_locale":"bs_BA","og_type":"article","og_title":"Larisa Ceri\u0107 izgubila u prvom me\u010du repasa\u017ea i zauzela 7. mjesto OI","og_description":"Najbolja bh. d\u017eudistkinja Larisa Ceri\u0107 pora\u017eena je u prvom me\u010du repasa\u017ea od 24-godi\u0161nje Ju\u017enokorejke Kim Ha-yun. Takmi\u010darka iz Ju\u017ene Koreje slavila je rezultatom 1:0 i tako pro\u0161la dalje. Na taj na\u010din na\u0161a predstavnica je ostala bez svih \u0161ansi da se domogne bronzane medalje na Igrama u Parizu. Podsjetimo, Ceri\u0107 je do repasa\u017ea stigla pobjedama u [&hellip;]","og_url":"https:\/\/tuzlainfo.ba\/index.php\/bosna-i-hercegovina\/item\/245751-larisa-ceric-izgubila-u-prvom-mecu-repasaza-i-zauzela-7-mjesto-oi\/","og_site_name":"TuzlaInfo.ba","article_publisher":"https:\/\/www.facebook.com\/tuzlainfo.ba\/","article_published_time":"2024-08-02T16:00:59+00:00","article_modified_time":"2024-08-03T08:01:57+00:00","og_image":[{"width":1000,"height":666,"url":"https:\/\/tuzlainfo.ba\/wp-content\/uploads\/2024\/08\/02008_larisa_ceric_2.jpg","type":"image\/jpeg"}],"author":"nedim","twitter_card":"summary_large_image","twitter_misc":{"Written by":"nedim","Est. reading time":"1 minuta"},"schema":{"@context":"https:\/\/schema.org","@graph":[{"@type":"Article","@id":"https:\/\/tuzlainfo.ba\/index.php\/bosna-i-hercegovina\/item\/245751-larisa-ceric-izgubila-u-prvom-mecu-repasaza-i-zauzela-7-mjesto-oi\/#article","isPartOf":{"@id":"https:\/\/tuzlainfo.ba\/index.php\/bosna-i-hercegovina\/item\/245751-larisa-ceric-izgubila-u-prvom-mecu-repasaza-i-zauzela-7-mjesto-oi\/"},"author":{"name":"nedim","@id":"https:\/\/tuzlainfo.ba\/#\/schema\/person\/f434e20dc27ea133923aab08451b7f7f"},"headline":"Larisa Ceri\u0107 izgubila u prvom me\u010du repasa\u017ea i zauzela 7. mjesto OI","datePublished":"2024-08-02T16:00:59+00:00","dateModified":"2024-08-03T08:01:57+00:00","mainEntityOfPage":{"@id":"https:\/\/tuzlainfo.ba\/index.php\/bosna-i-hercegovina\/item\/245751-larisa-ceric-izgubila-u-prvom-mecu-repasaza-i-zauzela-7-mjesto-oi\/"},"wordCount":127,"publisher":{"@id":"https:\/\/tuzlainfo.ba\/#organization"},"image":{"@id":"https:\/\/tuzlainfo.ba\/index.php\/bosna-i-hercegovina\/item\/245751-larisa-ceric-izgubila-u-prvom-mecu-repasaza-i-zauzela-7-mjesto-oi\/#primaryimage"},"thumbnailUrl":"https:\/\/tuzlainfo.ba\/wp-content\/uploads\/2024\/08\/02008_larisa_ceric_2.jpg","keywords":["larisa ceri\u0107","olimpijske igre","sport"],"articleSection":["Bosna i Hercegovina"],"inLanguage":"bs-BA","copyrightYear":"2024","copyrightHolder":{"@id":"https:\/\/tuzlainfo.ba\/#organization"}},{"@type":"WebPage","@id":"https:\/\/tuzlainfo.ba\/index.php\/bosna-i-hercegovina\/item\/245751-larisa-ceric-izgubila-u-prvom-mecu-repasaza-i-zauzela-7-mjesto-oi\/","url":"https:\/\/tuzlainfo.ba\/index.php\/bosna-i-hercegovina\/item\/245751-larisa-ceric-izgubila-u-prvom-mecu-repasaza-i-zauzela-7-mjesto-oi\/","name":"Larisa Ceri\u0107 izgubila u prvom me\u010du repasa\u017ea i zauzela 7. mjesto OI","isPartOf":{"@id":"https:\/\/tuzlainfo.ba\/#website"},"primaryImageOfPage":{"@id":"https:\/\/tuzlainfo.ba\/index.php\/bosna-i-hercegovina\/item\/245751-larisa-ceric-izgubila-u-prvom-mecu-repasaza-i-zauzela-7-mjesto-oi\/#primaryimage"},"image":{"@id":"https:\/\/tuzlainfo.ba\/index.php\/bosna-i-hercegovina\/item\/245751-larisa-ceric-izgubila-u-prvom-mecu-repasaza-i-zauzela-7-mjesto-oi\/#primaryimage"},"thumbnailUrl":"https:\/\/tuzlainfo.ba\/wp-content\/uploads\/2024\/08\/02008_larisa_ceric_2.jpg","datePublished":"2024-08-02T16:00:59+00:00","dateModified":"2024-08-03T08:01:57+00:00","breadcrumb":{"@id":"https:\/\/tuzlainfo.ba\/index.php\/bosna-i-hercegovina\/item\/245751-larisa-ceric-izgubila-u-prvom-mecu-repasaza-i-zauzela-7-mjesto-oi\/#breadcrumb"},"inLanguage":"bs-BA","potentialAction":[{"@type":"ReadAction","target":["https:\/\/tuzlainfo.ba\/index.php\/bosna-i-hercegovina\/item\/245751-larisa-ceric-izgubila-u-prvom-mecu-repasaza-i-zauzela-7-mjesto-oi\/"]}]},{"@type":"ImageObject","inLanguage":"bs-BA","@id":"https:\/\/tuzlainfo.ba\/index.php\/bosna-i-hercegovina\/item\/245751-larisa-ceric-izgubila-u-prvom-mecu-repasaza-i-zauzela-7-mjesto-oi\/#primaryimage","url":"https:\/\/tuzlainfo.ba\/wp-content\/uploads\/2024\/08\/02008_larisa_ceric_2.jpg","contentUrl":"https:\/\/tuzlainfo.ba\/wp-content\/uploads\/2024\/08\/02008_larisa_ceric_2.jpg","width":1000,"height":666},{"@type":"BreadcrumbList","@id":"https:\/\/tuzlainfo.ba\/index.php\/bosna-i-hercegovina\/item\/245751-larisa-ceric-izgubila-u-prvom-mecu-repasaza-i-zauzela-7-mjesto-oi\/#breadcrumb","itemListElement":[{"@type":"ListItem","position":1,"name":"Home","item":"https:\/\/tuzlainfo.ba\/"},{"@type":"ListItem","position":2,"name":"Larisa Ceri\u0107 izgubila u prvom me\u010du repasa\u017ea i zauzela 7. mjesto OI"}]},{"@type":"WebSite","@id":"https:\/\/tuzlainfo.ba\/#website","url":"https:\/\/tuzlainfo.ba\/","name":"TuzlaInfo.ba","description":"Tuzla info, gradski informator - Tuzla na dlanu","publisher":{"@id":"https:\/\/tuzlainfo.ba\/#organization"},"potentialAction":[{"@type":"SearchAction","target":{"@type":"EntryPoint","urlTemplate":"https:\/\/tuzlainfo.ba\/?s={search_term_string}"},"query-input":{"@type":"PropertyValueSpecification","valueRequired":true,"valueName":"search_term_string"}}],"inLanguage":"bs-BA"},{"@type":"Organization","@id":"https:\/\/tuzlainfo.ba\/#organization","name":"TuzlaInfo.ba","url":"https:\/\/tuzlainfo.ba\/","logo":{"@type":"ImageObject","inLanguage":"bs-BA","@id":"https:\/\/tuzlainfo.ba\/#\/schema\/logo\/image\/","url":"https:\/\/tuzlainfo.ba\/wp-content\/uploads\/2021\/03\/logo-ver-3-1.png","contentUrl":"https:\/\/tuzlainfo.ba\/wp-content\/uploads\/2021\/03\/logo-ver-3-1.png","width":350,"height":95,"caption":"TuzlaInfo.ba"},"image":{"@id":"https:\/\/tuzlainfo.ba\/#\/schema\/logo\/image\/"},"sameAs":["https:\/\/www.facebook.com\/tuzlainfo.ba\/"]},{"@type":"Person","@id":"https:\/\/tuzlainfo.ba\/#\/schema\/person\/f434e20dc27ea133923aab08451b7f7f","name":"nedim","image":{"@type":"ImageObject","inLanguage":"bs-BA","@id":"https:\/\/secure.gravatar.com\/avatar\/5b928a2e7e70a54208d2eb6c1edcb75a5350d6ae97d5f0a701203d456823f6f3?s=96&d=mm&r=g","url":"https:\/\/secure.gravatar.com\/avatar\/5b928a2e7e70a54208d2eb6c1edcb75a5350d6ae97d5f0a701203d456823f6f3?s=96&d=mm&r=g","contentUrl":"https:\/\/secure.gravatar.com\/avatar\/5b928a2e7e70a54208d2eb6c1edcb75a5350d6ae97d5f0a701203d456823f6f3?s=96&d=mm&r=g","caption":"nedim"},"description":"Tuzlainfo.ba pratite na dru\u0161tvenim mre\u017eama: Facebook, Instagram i Youtube. Svoje pri\u010de, upite i fotografije \u0161aljite na na\u0161u e-mail adresu."}]}},"_links":{"self":[{"href":"https:\/\/tuzlainfo.ba\/index.php\/wp-json\/wp\/v2\/posts\/245751","targetHints":{"allow":["GET"]}}],"collection":[{"href":"https:\/\/tuzlainfo.ba\/index.php\/wp-json\/wp\/v2\/posts"}],"about":[{"href":"https:\/\/tuzlainfo.ba\/index.php\/wp-json\/wp\/v2\/types\/post"}],"author":[{"embeddable":true,"href":"https:\/\/tuzlainfo.ba\/index.php\/wp-json\/wp\/v2\/users\/2"}],"replies":[{"embeddable":true,"href":"https:\/\/tuzlainfo.ba\/index.php\/wp-json\/wp\/v2\/comments?post=245751"}],"version-history":[{"count":1,"href":"https:\/\/tuzlainfo.ba\/index.php\/wp-json\/wp\/v2\/posts\/245751\/revisions"}],"predecessor-version":[{"id":245752,"href":"https:\/\/tuzlainfo.ba\/index.php\/wp-json\/wp\/v2\/posts\/245751\/revisions\/245752"}],"wp:featuredmedia":[{"embeddable":true,"href":"https:\/\/tuzlainfo.ba\/index.php\/wp-json\/wp\/v2\/media\/245705"}],"wp:attachment":[{"href":"https:\/\/tuzlainfo.ba\/index.php\/wp-json\/wp\/v2\/media?parent=245751"}],"wp:term":[{"taxonomy":"category","embeddable":true,"href":"https:\/\/tuzlainfo.ba\/index.php\/wp-json\/wp\/v2\/categories?post=245751"},{"taxonomy":"post_tag","embeddable":true,"href":"https:\/\/tuzlainfo.ba\/index.php\/wp-json\/wp\/v2\/tags?post=245751"}],"curies":[{"name":"wp","href":"https:\/\/api.w.org\/{rel}","templated":true}]}}