{"id":245697,"date":"2024-08-02T14:29:30","date_gmt":"2024-08-02T12:29:30","guid":{"rendered":"https:\/\/tuzlainfo.ba\/?p=245697"},"modified":"2024-08-02T11:30:27","modified_gmt":"2024-08-02T09:30:27","slug":"bajden-ubistvo-ismaila-hanijeha-nije-pomoglo-mogucnosti-prekida-vatre","status":"publish","type":"post","link":"https:\/\/tuzlainfo.ba\/index.php\/clanci\/sa-svih-strana\/item\/245697-bajden-ubistvo-ismaila-hanijeha-nije-pomoglo-mogucnosti-prekida-vatre\/","title":{"rendered":"Bajden: Ubistvo Ismaila Hanijeha nije pomoglo mogu\u0107nosti prekida vatre"},"content":{"rendered":"<p>Predsjednik Sjedinjenih Ameri\u010dkih Dr\u017eava (SAD) D\u017eo Bajden (Joe Biden) izjavio je da ubistvo \u0161efa Politi\u010dkog biroa Hamasa Ismaila Hanijeha ne poma\u017ee mogu\u0107nosti uspostave prekida vatre u pojasu Gaze, prenosi Anadolija.<\/p>\n<p>Bajden se obratio novinarima u zra\u010dnoj bazi Joint Base Andrews, gdje je oti\u0161ao da po\u017eeli dobrodo\u0161licu trojici gra\u0111anina koji su se vratili u svoju zemlju u operaciji zamjene zatvorenika pod koordinacijom Nacionalne obavje\u0161tajne agencije Turkiye (MIT).<\/p>\n<p>Odgovaraju\u0107i na pitanje da li je Hanijehovo ubistvo uticalo na mogu\u0107nost prekida vatre u Pojasu Gaze, Bajden je rekao da atentat nije pomogao toj mogu\u0107nosti.<\/p>\n<p>CNN javlja da je Biden dodao da je veoma zabrinut zbog eskalacije tenzija na Bliskom istoku. Dodao je i da je imao Biden je naveo da je imao &#8220;veoma jasan&#8221; sastanak sa izraelskim premijerom Benjaminom Netanyahuom.<\/p>\n<p>&#8211; Na sastanku sa izraelskim premijerom Benjaminom Netanjahuom (Netanyahuom) sam bio vrlo jasan po ovom pitanju. Imamo osnovu za prekid vatre. Trebao bi krenuti tim pravcem. Oni bi tako\u0111er trebali odmah krenuti\u201c, rekao je Biden..<\/p>\n<p>Bijela ku\u0107a je saop\u0107ila da je Biden imao telefonski razgovor sa Netanjahuom.<\/p>\n<p>U saop\u0107enju je navedeno da je Biden uvjeravao Netanjahua u sigurnost Izraela i naglasio svoju posve\u0107enost sigurnosti Izraela protiv svih prijetnji Irana i njegovih ogranaka kao \u0161to su Hamas, Hezbolah i Husi.<\/p>\n<p>U srijedu ujutro, Hamas i Iran su potvrdili Hanijehovo ubistvo u zra\u010dnom napadu izraelske vojske na njegovu rezidenciju u Teheranu, dan nakon \u0161to je prisustvovao inauguraciji novog iranskog predsjednika Masouda Pezeshkiana.<\/p>\n<p>Iako se zvani\u010dni Izrael nije ogla\u0161avao o atentatu, premijer Benjamin Netanjahu je nagovijestio umije\u0161anost Tel Aviva u ubistvo lidera Hamasa.<\/p>\n<p>U Dohi \u0107e danas biti sahranjen politi\u010dki lider Hamasa Haniyeh, a katarske snage sigurnosti su tim povodom poduzele intenzivne mjere sigurnosti u glavnom gradu te zaljevske zemlje.<\/p>\n<p>Mnoge ulice i avenije Dohe zatvorene su za saobra\u0107aj, a posebne mjere sigurnosti su poduzete oko d\u017eamije \u201cMohammed bin Abdulwahab\u201c, gdje \u0107e se odr\u017eati sahrana nakon d\u017euma-namaza.<\/p>\n<p>Doga\u0111aj prate i predstavnici brojnih doma\u0107ih i stranih medijskih ku\u0107a.<\/p>\n<p>&nbsp;<\/p>\n","protected":false},"excerpt":{"rendered":"<p>Predsjednik Sjedinjenih Ameri\u010dkih Dr\u017eava (SAD) D\u017eo Bajden (Joe Biden) izjavio je da ubistvo \u0161efa Politi\u010dkog&hellip;<\/p>\n","protected":false},"author":3,"featured_media":164667,"comment_status":"closed","ping_status":"closed","sticky":false,"template":"","format":"standard","meta":{"_acf_changed":false,"footnotes":""},"categories":[16],"tags":[10628,1533],"acf":[],"yoast_head":"<!-- This site is optimized with the Yoast SEO plugin v23.5 - https:\/\/yoast.com\/wordpress\/plugins\/seo\/ -->\n<title>Bajden: Ubistvo Ismaila Hanijeha nije pomoglo mogu\u0107nosti prekida vatre - TuzlaInfo.ba<\/title>\n<meta name=\"robots\" content=\"index, follow, max-snippet:-1, max-image-preview:large, max-video-preview:-1\" \/>\n<link rel=\"canonical\" href=\"https:\/\/tuzlainfo.ba\/index.php\/clanci\/sa-svih-strana\/item\/245697-bajden-ubistvo-ismaila-hanijeha-nije-pomoglo-mogucnosti-prekida-vatre\/\" \/>\n<meta property=\"og:locale\" content=\"bs_BA\" \/>\n<meta property=\"og:type\" content=\"article\" \/>\n<meta property=\"og:title\" content=\"Bajden: Ubistvo Ismaila Hanijeha nije pomoglo mogu\u0107nosti prekida vatre - TuzlaInfo.ba\" \/>\n<meta property=\"og:description\" content=\"Predsjednik Sjedinjenih Ameri\u010dkih Dr\u017eava (SAD) D\u017eo Bajden (Joe Biden) izjavio je da ubistvo \u0161efa Politi\u010dkog&hellip;\" \/>\n<meta property=\"og:url\" content=\"https:\/\/tuzlainfo.ba\/index.php\/clanci\/sa-svih-strana\/item\/245697-bajden-ubistvo-ismaila-hanijeha-nije-pomoglo-mogucnosti-prekida-vatre\/\" \/>\n<meta property=\"og:site_name\" content=\"TuzlaInfo.ba\" \/>\n<meta property=\"article:publisher\" content=\"https:\/\/www.facebook.com\/tuzlainfo.ba\/\" \/>\n<meta property=\"article:published_time\" content=\"2024-08-02T12:29:30+00:00\" \/>\n<meta property=\"article:modified_time\" content=\"2024-08-02T09:30:27+00:00\" \/>\n<meta property=\"og:image\" content=\"https:\/\/tuzlainfo.ba\/wp-content\/uploads\/2022\/02\/2202_biden.jpg\" \/>\n\t<meta property=\"og:image:width\" content=\"1125\" \/>\n\t<meta property=\"og:image:height\" content=\"750\" \/>\n\t<meta property=\"og:image:type\" content=\"image\/jpeg\" \/>\n<meta name=\"author\" content=\"admin2\" \/>\n<meta name=\"twitter:card\" content=\"summary_large_image\" \/>\n<meta name=\"twitter:label1\" content=\"Written by\" \/>\n\t<meta name=\"twitter:data1\" content=\"admin2\" \/>\n\t<meta name=\"twitter:label2\" content=\"Est. reading time\" \/>\n\t<meta name=\"twitter:data2\" content=\"2 minute\" \/>\n<script type=\"application\/ld+json\" class=\"yoast-schema-graph\">{\"@context\":\"https:\/\/schema.org\",\"@graph\":[{\"@type\":\"Article\",\"@id\":\"https:\/\/tuzlainfo.ba\/index.php\/clanci\/sa-svih-strana\/item\/245697-bajden-ubistvo-ismaila-hanijeha-nije-pomoglo-mogucnosti-prekida-vatre\/#article\",\"isPartOf\":{\"@id\":\"https:\/\/tuzlainfo.ba\/index.php\/clanci\/sa-svih-strana\/item\/245697-bajden-ubistvo-ismaila-hanijeha-nije-pomoglo-mogucnosti-prekida-vatre\/\"},\"author\":{\"name\":\"admin2\",\"@id\":\"https:\/\/tuzlainfo.ba\/#\/schema\/person\/f4ebe4fff27e68efb65fa7e18f8af372\"},\"headline\":\"Bajden: Ubistvo Ismaila Hanijeha nije pomoglo mogu\u0107nosti prekida vatre\",\"datePublished\":\"2024-08-02T12:29:30+00:00\",\"dateModified\":\"2024-08-02T09:30:27+00:00\",\"mainEntityOfPage\":{\"@id\":\"https:\/\/tuzlainfo.ba\/index.php\/clanci\/sa-svih-strana\/item\/245697-bajden-ubistvo-ismaila-hanijeha-nije-pomoglo-mogucnosti-prekida-vatre\/\"},\"wordCount\":364,\"publisher\":{\"@id\":\"https:\/\/tuzlainfo.ba\/#organization\"},\"image\":{\"@id\":\"https:\/\/tuzlainfo.ba\/index.php\/clanci\/sa-svih-strana\/item\/245697-bajden-ubistvo-ismaila-hanijeha-nije-pomoglo-mogucnosti-prekida-vatre\/#primaryimage\"},\"thumbnailUrl\":\"https:\/\/tuzlainfo.ba\/wp-content\/uploads\/2022\/02\/2202_biden.jpg\",\"keywords\":[\"Ismail Haniyeh\",\"joe biden\"],\"articleSection\":[\"Sa svih strana\"],\"inLanguage\":\"bs-BA\"},{\"@type\":\"WebPage\",\"@id\":\"https:\/\/tuzlainfo.ba\/index.php\/clanci\/sa-svih-strana\/item\/245697-bajden-ubistvo-ismaila-hanijeha-nije-pomoglo-mogucnosti-prekida-vatre\/\",\"url\":\"https:\/\/tuzlainfo.ba\/index.php\/clanci\/sa-svih-strana\/item\/245697-bajden-ubistvo-ismaila-hanijeha-nije-pomoglo-mogucnosti-prekida-vatre\/\",\"name\":\"Bajden: Ubistvo Ismaila Hanijeha nije pomoglo mogu\u0107nosti prekida vatre - TuzlaInfo.ba\",\"isPartOf\":{\"@id\":\"https:\/\/tuzlainfo.ba\/#website\"},\"primaryImageOfPage\":{\"@id\":\"https:\/\/tuzlainfo.ba\/index.php\/clanci\/sa-svih-strana\/item\/245697-bajden-ubistvo-ismaila-hanijeha-nije-pomoglo-mogucnosti-prekida-vatre\/#primaryimage\"},\"image\":{\"@id\":\"https:\/\/tuzlainfo.ba\/index.php\/clanci\/sa-svih-strana\/item\/245697-bajden-ubistvo-ismaila-hanijeha-nije-pomoglo-mogucnosti-prekida-vatre\/#primaryimage\"},\"thumbnailUrl\":\"https:\/\/tuzlainfo.ba\/wp-content\/uploads\/2022\/02\/2202_biden.jpg\",\"datePublished\":\"2024-08-02T12:29:30+00:00\",\"dateModified\":\"2024-08-02T09:30:27+00:00\",\"breadcrumb\":{\"@id\":\"https:\/\/tuzlainfo.ba\/index.php\/clanci\/sa-svih-strana\/item\/245697-bajden-ubistvo-ismaila-hanijeha-nije-pomoglo-mogucnosti-prekida-vatre\/#breadcrumb\"},\"inLanguage\":\"bs-BA\",\"potentialAction\":[{\"@type\":\"ReadAction\",\"target\":[\"https:\/\/tuzlainfo.ba\/index.php\/clanci\/sa-svih-strana\/item\/245697-bajden-ubistvo-ismaila-hanijeha-nije-pomoglo-mogucnosti-prekida-vatre\/\"]}]},{\"@type\":\"ImageObject\",\"inLanguage\":\"bs-BA\",\"@id\":\"https:\/\/tuzlainfo.ba\/index.php\/clanci\/sa-svih-strana\/item\/245697-bajden-ubistvo-ismaila-hanijeha-nije-pomoglo-mogucnosti-prekida-vatre\/#primaryimage\",\"url\":\"https:\/\/tuzlainfo.ba\/wp-content\/uploads\/2022\/02\/2202_biden.jpg\",\"contentUrl\":\"https:\/\/tuzlainfo.ba\/wp-content\/uploads\/2022\/02\/2202_biden.jpg\",\"width\":1125,\"height\":750},{\"@type\":\"BreadcrumbList\",\"@id\":\"https:\/\/tuzlainfo.ba\/index.php\/clanci\/sa-svih-strana\/item\/245697-bajden-ubistvo-ismaila-hanijeha-nije-pomoglo-mogucnosti-prekida-vatre\/#breadcrumb\",\"itemListElement\":[{\"@type\":\"ListItem\",\"position\":1,\"name\":\"Home\",\"item\":\"https:\/\/tuzlainfo.ba\/\"},{\"@type\":\"ListItem\",\"position\":2,\"name\":\"Bajden: Ubistvo Ismaila Hanijeha nije pomoglo mogu\u0107nosti prekida vatre\"}]},{\"@type\":\"WebSite\",\"@id\":\"https:\/\/tuzlainfo.ba\/#website\",\"url\":\"https:\/\/tuzlainfo.ba\/\",\"name\":\"TuzlaInfo.ba\",\"description\":\"Tuzla info, gradski informator - Tuzla na dlanu\",\"publisher\":{\"@id\":\"https:\/\/tuzlainfo.ba\/#organization\"},\"potentialAction\":[{\"@type\":\"SearchAction\",\"target\":{\"@type\":\"EntryPoint\",\"urlTemplate\":\"https:\/\/tuzlainfo.ba\/?s={search_term_string}\"},\"query-input\":{\"@type\":\"PropertyValueSpecification\",\"valueRequired\":true,\"valueName\":\"search_term_string\"}}],\"inLanguage\":\"bs-BA\"},{\"@type\":\"Organization\",\"@id\":\"https:\/\/tuzlainfo.ba\/#organization\",\"name\":\"TuzlaInfo.ba\",\"url\":\"https:\/\/tuzlainfo.ba\/\",\"logo\":{\"@type\":\"ImageObject\",\"inLanguage\":\"bs-BA\",\"@id\":\"https:\/\/tuzlainfo.ba\/#\/schema\/logo\/image\/\",\"url\":\"https:\/\/tuzlainfo.ba\/wp-content\/uploads\/2021\/03\/logo-ver-3-1.png\",\"contentUrl\":\"https:\/\/tuzlainfo.ba\/wp-content\/uploads\/2021\/03\/logo-ver-3-1.png\",\"width\":350,\"height\":95,\"caption\":\"TuzlaInfo.ba\"},\"image\":{\"@id\":\"https:\/\/tuzlainfo.ba\/#\/schema\/logo\/image\/\"},\"sameAs\":[\"https:\/\/www.facebook.com\/tuzlainfo.ba\/\"]},{\"@type\":\"Person\",\"@id\":\"https:\/\/tuzlainfo.ba\/#\/schema\/person\/f4ebe4fff27e68efb65fa7e18f8af372\",\"name\":\"admin2\",\"image\":{\"@type\":\"ImageObject\",\"inLanguage\":\"bs-BA\",\"@id\":\"https:\/\/tuzlainfo.ba\/#\/schema\/person\/image\/\",\"url\":\"https:\/\/tuzlainfo.ba\/wp-content\/litespeed\/avatar\/8219eeb9a43cff2d096e773737736f62.jpg?ver=1777309398\",\"contentUrl\":\"https:\/\/tuzlainfo.ba\/wp-content\/litespeed\/avatar\/8219eeb9a43cff2d096e773737736f62.jpg?ver=1777309398\",\"caption\":\"admin2\"},\"description\":\"Tuzlainfo.ba pratite na dru\u0161tvenim mre\u017eama: Facebook, Instagram i Youtube. Svoje pri\u010de, upite i fotografije \u0161aljite na na\u0161u e-mail adresu.\",\"sameAs\":[\"admin\"]}]}<\/script>\n<!-- \/ Yoast SEO plugin. -->","yoast_head_json":{"title":"Bajden: Ubistvo Ismaila Hanijeha nije pomoglo mogu\u0107nosti prekida vatre - TuzlaInfo.ba","robots":{"index":"index","follow":"follow","max-snippet":"max-snippet:-1","max-image-preview":"max-image-preview:large","max-video-preview":"max-video-preview:-1"},"canonical":"https:\/\/tuzlainfo.ba\/index.php\/clanci\/sa-svih-strana\/item\/245697-bajden-ubistvo-ismaila-hanijeha-nije-pomoglo-mogucnosti-prekida-vatre\/","og_locale":"bs_BA","og_type":"article","og_title":"Bajden: Ubistvo Ismaila Hanijeha nije pomoglo mogu\u0107nosti prekida vatre - TuzlaInfo.ba","og_description":"Predsjednik Sjedinjenih Ameri\u010dkih Dr\u017eava (SAD) D\u017eo Bajden (Joe Biden) izjavio je da ubistvo \u0161efa Politi\u010dkog&hellip;","og_url":"https:\/\/tuzlainfo.ba\/index.php\/clanci\/sa-svih-strana\/item\/245697-bajden-ubistvo-ismaila-hanijeha-nije-pomoglo-mogucnosti-prekida-vatre\/","og_site_name":"TuzlaInfo.ba","article_publisher":"https:\/\/www.facebook.com\/tuzlainfo.ba\/","article_published_time":"2024-08-02T12:29:30+00:00","article_modified_time":"2024-08-02T09:30:27+00:00","og_image":[{"width":1125,"height":750,"url":"https:\/\/tuzlainfo.ba\/wp-content\/uploads\/2022\/02\/2202_biden.jpg","type":"image\/jpeg"}],"author":"admin2","twitter_card":"summary_large_image","twitter_misc":{"Written by":"admin2","Est. reading time":"2 minute"},"schema":{"@context":"https:\/\/schema.org","@graph":[{"@type":"Article","@id":"https:\/\/tuzlainfo.ba\/index.php\/clanci\/sa-svih-strana\/item\/245697-bajden-ubistvo-ismaila-hanijeha-nije-pomoglo-mogucnosti-prekida-vatre\/#article","isPartOf":{"@id":"https:\/\/tuzlainfo.ba\/index.php\/clanci\/sa-svih-strana\/item\/245697-bajden-ubistvo-ismaila-hanijeha-nije-pomoglo-mogucnosti-prekida-vatre\/"},"author":{"name":"admin2","@id":"https:\/\/tuzlainfo.ba\/#\/schema\/person\/f4ebe4fff27e68efb65fa7e18f8af372"},"headline":"Bajden: Ubistvo Ismaila Hanijeha nije pomoglo mogu\u0107nosti prekida vatre","datePublished":"2024-08-02T12:29:30+00:00","dateModified":"2024-08-02T09:30:27+00:00","mainEntityOfPage":{"@id":"https:\/\/tuzlainfo.ba\/index.php\/clanci\/sa-svih-strana\/item\/245697-bajden-ubistvo-ismaila-hanijeha-nije-pomoglo-mogucnosti-prekida-vatre\/"},"wordCount":364,"publisher":{"@id":"https:\/\/tuzlainfo.ba\/#organization"},"image":{"@id":"https:\/\/tuzlainfo.ba\/index.php\/clanci\/sa-svih-strana\/item\/245697-bajden-ubistvo-ismaila-hanijeha-nije-pomoglo-mogucnosti-prekida-vatre\/#primaryimage"},"thumbnailUrl":"https:\/\/tuzlainfo.ba\/wp-content\/uploads\/2022\/02\/2202_biden.jpg","keywords":["Ismail Haniyeh","joe biden"],"articleSection":["Sa svih strana"],"inLanguage":"bs-BA"},{"@type":"WebPage","@id":"https:\/\/tuzlainfo.ba\/index.php\/clanci\/sa-svih-strana\/item\/245697-bajden-ubistvo-ismaila-hanijeha-nije-pomoglo-mogucnosti-prekida-vatre\/","url":"https:\/\/tuzlainfo.ba\/index.php\/clanci\/sa-svih-strana\/item\/245697-bajden-ubistvo-ismaila-hanijeha-nije-pomoglo-mogucnosti-prekida-vatre\/","name":"Bajden: Ubistvo Ismaila Hanijeha nije pomoglo mogu\u0107nosti prekida vatre - TuzlaInfo.ba","isPartOf":{"@id":"https:\/\/tuzlainfo.ba\/#website"},"primaryImageOfPage":{"@id":"https:\/\/tuzlainfo.ba\/index.php\/clanci\/sa-svih-strana\/item\/245697-bajden-ubistvo-ismaila-hanijeha-nije-pomoglo-mogucnosti-prekida-vatre\/#primaryimage"},"image":{"@id":"https:\/\/tuzlainfo.ba\/index.php\/clanci\/sa-svih-strana\/item\/245697-bajden-ubistvo-ismaila-hanijeha-nije-pomoglo-mogucnosti-prekida-vatre\/#primaryimage"},"thumbnailUrl":"https:\/\/tuzlainfo.ba\/wp-content\/uploads\/2022\/02\/2202_biden.jpg","datePublished":"2024-08-02T12:29:30+00:00","dateModified":"2024-08-02T09:30:27+00:00","breadcrumb":{"@id":"https:\/\/tuzlainfo.ba\/index.php\/clanci\/sa-svih-strana\/item\/245697-bajden-ubistvo-ismaila-hanijeha-nije-pomoglo-mogucnosti-prekida-vatre\/#breadcrumb"},"inLanguage":"bs-BA","potentialAction":[{"@type":"ReadAction","target":["https:\/\/tuzlainfo.ba\/index.php\/clanci\/sa-svih-strana\/item\/245697-bajden-ubistvo-ismaila-hanijeha-nije-pomoglo-mogucnosti-prekida-vatre\/"]}]},{"@type":"ImageObject","inLanguage":"bs-BA","@id":"https:\/\/tuzlainfo.ba\/index.php\/clanci\/sa-svih-strana\/item\/245697-bajden-ubistvo-ismaila-hanijeha-nije-pomoglo-mogucnosti-prekida-vatre\/#primaryimage","url":"https:\/\/tuzlainfo.ba\/wp-content\/uploads\/2022\/02\/2202_biden.jpg","contentUrl":"https:\/\/tuzlainfo.ba\/wp-content\/uploads\/2022\/02\/2202_biden.jpg","width":1125,"height":750},{"@type":"BreadcrumbList","@id":"https:\/\/tuzlainfo.ba\/index.php\/clanci\/sa-svih-strana\/item\/245697-bajden-ubistvo-ismaila-hanijeha-nije-pomoglo-mogucnosti-prekida-vatre\/#breadcrumb","itemListElement":[{"@type":"ListItem","position":1,"name":"Home","item":"https:\/\/tuzlainfo.ba\/"},{"@type":"ListItem","position":2,"name":"Bajden: Ubistvo Ismaila Hanijeha nije pomoglo mogu\u0107nosti prekida vatre"}]},{"@type":"WebSite","@id":"https:\/\/tuzlainfo.ba\/#website","url":"https:\/\/tuzlainfo.ba\/","name":"TuzlaInfo.ba","description":"Tuzla info, gradski informator - Tuzla na dlanu","publisher":{"@id":"https:\/\/tuzlainfo.ba\/#organization"},"potentialAction":[{"@type":"SearchAction","target":{"@type":"EntryPoint","urlTemplate":"https:\/\/tuzlainfo.ba\/?s={search_term_string}"},"query-input":{"@type":"PropertyValueSpecification","valueRequired":true,"valueName":"search_term_string"}}],"inLanguage":"bs-BA"},{"@type":"Organization","@id":"https:\/\/tuzlainfo.ba\/#organization","name":"TuzlaInfo.ba","url":"https:\/\/tuzlainfo.ba\/","logo":{"@type":"ImageObject","inLanguage":"bs-BA","@id":"https:\/\/tuzlainfo.ba\/#\/schema\/logo\/image\/","url":"https:\/\/tuzlainfo.ba\/wp-content\/uploads\/2021\/03\/logo-ver-3-1.png","contentUrl":"https:\/\/tuzlainfo.ba\/wp-content\/uploads\/2021\/03\/logo-ver-3-1.png","width":350,"height":95,"caption":"TuzlaInfo.ba"},"image":{"@id":"https:\/\/tuzlainfo.ba\/#\/schema\/logo\/image\/"},"sameAs":["https:\/\/www.facebook.com\/tuzlainfo.ba\/"]},{"@type":"Person","@id":"https:\/\/tuzlainfo.ba\/#\/schema\/person\/f4ebe4fff27e68efb65fa7e18f8af372","name":"admin2","image":{"@type":"ImageObject","inLanguage":"bs-BA","@id":"https:\/\/tuzlainfo.ba\/#\/schema\/person\/image\/","url":"https:\/\/tuzlainfo.ba\/wp-content\/litespeed\/avatar\/8219eeb9a43cff2d096e773737736f62.jpg?ver=1777309398","contentUrl":"https:\/\/tuzlainfo.ba\/wp-content\/litespeed\/avatar\/8219eeb9a43cff2d096e773737736f62.jpg?ver=1777309398","caption":"admin2"},"description":"Tuzlainfo.ba pratite na dru\u0161tvenim mre\u017eama: Facebook, Instagram i Youtube. Svoje pri\u010de, upite i fotografije \u0161aljite na na\u0161u e-mail adresu.","sameAs":["admin"]}]}},"_links":{"self":[{"href":"https:\/\/tuzlainfo.ba\/index.php\/wp-json\/wp\/v2\/posts\/245697"}],"collection":[{"href":"https:\/\/tuzlainfo.ba\/index.php\/wp-json\/wp\/v2\/posts"}],"about":[{"href":"https:\/\/tuzlainfo.ba\/index.php\/wp-json\/wp\/v2\/types\/post"}],"author":[{"embeddable":true,"href":"https:\/\/tuzlainfo.ba\/index.php\/wp-json\/wp\/v2\/users\/3"}],"replies":[{"embeddable":true,"href":"https:\/\/tuzlainfo.ba\/index.php\/wp-json\/wp\/v2\/comments?post=245697"}],"version-history":[{"count":1,"href":"https:\/\/tuzlainfo.ba\/index.php\/wp-json\/wp\/v2\/posts\/245697\/revisions"}],"predecessor-version":[{"id":245698,"href":"https:\/\/tuzlainfo.ba\/index.php\/wp-json\/wp\/v2\/posts\/245697\/revisions\/245698"}],"wp:featuredmedia":[{"embeddable":true,"href":"https:\/\/tuzlainfo.ba\/index.php\/wp-json\/wp\/v2\/media\/164667"}],"wp:attachment":[{"href":"https:\/\/tuzlainfo.ba\/index.php\/wp-json\/wp\/v2\/media?parent=245697"}],"wp:term":[{"taxonomy":"category","embeddable":true,"href":"https:\/\/tuzlainfo.ba\/index.php\/wp-json\/wp\/v2\/categories?post=245697"},{"taxonomy":"post_tag","embeddable":true,"href":"https:\/\/tuzlainfo.ba\/index.php\/wp-json\/wp\/v2\/tags?post=245697"}],"curies":[{"name":"wp","href":"https:\/\/api.w.org\/{rel}","templated":true}]}}