{"id":245683,"date":"2024-08-02T10:31:22","date_gmt":"2024-08-02T08:31:22","guid":{"rendered":"https:\/\/tuzlainfo.ba\/?p=245683"},"modified":"2024-08-02T10:31:22","modified_gmt":"2024-08-02T08:31:22","slug":"olimpijske-igre-dzudasica-larisa-ceric-prosla-u-2-kolo","status":"publish","type":"post","link":"https:\/\/tuzlainfo.ba\/index.php\/bosna-i-hercegovina\/item\/245683-olimpijske-igre-dzudasica-larisa-ceric-prosla-u-2-kolo\/","title":{"rendered":"Olimpijske igre: D\u017euda\u0161ica Larisa Ceri\u0107 pro\u0161la u 2. kolo"},"content":{"rendered":"<div id=\"excerpt\" class=\"mt-5 md:mt-0 xl:mt-0 mb-5 font-sans font-semibold text-lg lg:text-xl leading-6 md:leading-7\"><span class=\"lead pt-0\">Bh. d\u017euda\u0161ica Larisa Ceri\u0107 pro\u0161la je u 2. kolo na Olimpijskim igrama u Parizu.<\/span><\/div>\n<div id=\"intext_container\" class=\"dark:bg-dark_light\"><\/div>\n<div id=\"text\" class=\"break-words mt-3 text-lg lg:text-xl space-y-4 mb-3 leading-6 md:leading-8 dark:text-gray-200\">Ona je u prvom kolu odmjerila snage sa Sydnee Andrews iz Novog Zelanda, te je opravdala ulogu favorita.Ceri\u0107 je u samom fini\u0161u me\u010da izvela sjajan potez i ipponom je do\u0161la do trijumfa.<\/p>\n<p>Larisa, 26. na svjetskoj rang-listi, \u0107e se u osmini finala boriti protiv Portugalke Rochele Nunes.<\/p>\n<p>Podsje\u0107amo da jei bosanskohercegova\u010dka d\u017euda\u0161ica u kategoriji do 70 kilograma Aleksandra Samard\u017ei\u0107 ranije okon\u010dala svoj nastup na Olimpijskim igrama u Parizu u drugom kolu.<\/p>\n<\/div>\n","protected":false},"excerpt":{"rendered":"<p>Bh. d\u017euda\u0161ica Larisa Ceri\u0107 pro\u0161la je u 2. kolo na Olimpijskim igrama u Parizu. Ona je u prvom kolu odmjerila snage sa Sydnee Andrews iz Novog Zelanda, te je opravdala ulogu favorita.Ceri\u0107 je u samom fini\u0161u me\u010da izvela sjajan potez i ipponom je do\u0161la do trijumfa. Larisa, 26. na svjetskoj rang-listi, \u0107e se u osmini [&hellip;]<\/p>\n","protected":false},"author":2,"featured_media":245685,"comment_status":"closed","ping_status":"closed","sticky":false,"template":"","format":"standard","meta":{"footnotes":""},"categories":[291],"tags":[10648,1082,915],"class_list":["post-245683","post","type-post","status-publish","format-standard","has-post-thumbnail","hentry","category-bosna-i-hercegovina","tag-larisa-ceric","tag-olimpijske-igre","tag-sport"],"yoast_head":"<!-- This site is optimized with the Yoast SEO plugin v28.3 - https:\/\/yoast.com\/product\/yoast-seo-wordpress\/ -->\n<title>Olimpijske igre: D\u017euda\u0161ica Larisa Ceri\u0107 pro\u0161la u 2. kolo<\/title>\n<meta name=\"robots\" content=\"index, follow, max-snippet:-1, max-image-preview:large, max-video-preview:-1\" \/>\n<link rel=\"canonical\" href=\"https:\/\/tuzlainfo.ba\/index.php\/bosna-i-hercegovina\/item\/245683-olimpijske-igre-dzudasica-larisa-ceric-prosla-u-2-kolo\/\" \/>\n<meta property=\"og:locale\" content=\"bs_BA\" \/>\n<meta property=\"og:type\" content=\"article\" \/>\n<meta property=\"og:title\" content=\"Olimpijske igre: D\u017euda\u0161ica Larisa Ceri\u0107 pro\u0161la u 2. kolo\" \/>\n<meta property=\"og:description\" content=\"Bh. d\u017euda\u0161ica Larisa Ceri\u0107 pro\u0161la je u 2. kolo na Olimpijskim igrama u Parizu. Ona je u prvom kolu odmjerila snage sa Sydnee Andrews iz Novog Zelanda, te je opravdala ulogu favorita.Ceri\u0107 je u samom fini\u0161u me\u010da izvela sjajan potez i ipponom je do\u0161la do trijumfa. Larisa, 26. na svjetskoj rang-listi, \u0107e se u osmini [&hellip;]\" \/>\n<meta property=\"og:url\" content=\"https:\/\/tuzlainfo.ba\/index.php\/bosna-i-hercegovina\/item\/245683-olimpijske-igre-dzudasica-larisa-ceric-prosla-u-2-kolo\/\" \/>\n<meta property=\"og:site_name\" content=\"TuzlaInfo.ba\" \/>\n<meta property=\"article:publisher\" content=\"https:\/\/www.facebook.com\/tuzlainfo.ba\/\" \/>\n<meta property=\"article:published_time\" content=\"2024-08-02T08:31:22+00:00\" \/>\n<meta property=\"og:image\" content=\"https:\/\/tuzlainfo.ba\/wp-content\/uploads\/2024\/08\/0208_larisa_ceric.jpg\" \/>\n\t<meta property=\"og:image:width\" content=\"800\" \/>\n\t<meta property=\"og:image:height\" content=\"520\" \/>\n\t<meta property=\"og:image:type\" content=\"image\/jpeg\" \/>\n<meta name=\"author\" content=\"nedim\" \/>\n<meta name=\"twitter:card\" content=\"summary_large_image\" \/>\n<meta name=\"twitter:label1\" content=\"Written by\" \/>\n\t<meta name=\"twitter:data1\" content=\"nedim\" \/>\n\t<meta name=\"twitter:label2\" content=\"Est. reading time\" \/>\n\t<meta name=\"twitter:data2\" content=\"1 minuta\" \/>\n<script type=\"application\/ld+json\" class=\"yoast-schema-graph\">{\"@context\":\"https:\\\/\\\/schema.org\",\"@graph\":[{\"@type\":\"Article\",\"@id\":\"https:\\\/\\\/tuzlainfo.ba\\\/index.php\\\/bosna-i-hercegovina\\\/item\\\/245683-olimpijske-igre-dzudasica-larisa-ceric-prosla-u-2-kolo\\\/#article\",\"isPartOf\":{\"@id\":\"https:\\\/\\\/tuzlainfo.ba\\\/index.php\\\/bosna-i-hercegovina\\\/item\\\/245683-olimpijske-igre-dzudasica-larisa-ceric-prosla-u-2-kolo\\\/\"},\"author\":{\"name\":\"nedim\",\"@id\":\"https:\\\/\\\/tuzlainfo.ba\\\/#\\\/schema\\\/person\\\/f434e20dc27ea133923aab08451b7f7f\"},\"headline\":\"Olimpijske igre: D\u017euda\u0161ica Larisa Ceri\u0107 pro\u0161la u 2. kolo\",\"datePublished\":\"2024-08-02T08:31:22+00:00\",\"mainEntityOfPage\":{\"@id\":\"https:\\\/\\\/tuzlainfo.ba\\\/index.php\\\/bosna-i-hercegovina\\\/item\\\/245683-olimpijske-igre-dzudasica-larisa-ceric-prosla-u-2-kolo\\\/\"},\"wordCount\":106,\"publisher\":{\"@id\":\"https:\\\/\\\/tuzlainfo.ba\\\/#organization\"},\"image\":{\"@id\":\"https:\\\/\\\/tuzlainfo.ba\\\/index.php\\\/bosna-i-hercegovina\\\/item\\\/245683-olimpijske-igre-dzudasica-larisa-ceric-prosla-u-2-kolo\\\/#primaryimage\"},\"thumbnailUrl\":\"https:\\\/\\\/tuzlainfo.ba\\\/wp-content\\\/uploads\\\/2024\\\/08\\\/0208_larisa_ceric.jpg\",\"keywords\":[\"larisa ceri\u0107\",\"olimpijske igre\",\"sport\"],\"articleSection\":[\"Bosna i Hercegovina\"],\"inLanguage\":\"bs-BA\",\"copyrightYear\":\"2024\",\"copyrightHolder\":{\"@id\":\"https:\\\/\\\/tuzlainfo.ba\\\/#organization\"}},{\"@type\":\"WebPage\",\"@id\":\"https:\\\/\\\/tuzlainfo.ba\\\/index.php\\\/bosna-i-hercegovina\\\/item\\\/245683-olimpijske-igre-dzudasica-larisa-ceric-prosla-u-2-kolo\\\/\",\"url\":\"https:\\\/\\\/tuzlainfo.ba\\\/index.php\\\/bosna-i-hercegovina\\\/item\\\/245683-olimpijske-igre-dzudasica-larisa-ceric-prosla-u-2-kolo\\\/\",\"name\":\"Olimpijske igre: D\u017euda\u0161ica Larisa Ceri\u0107 pro\u0161la u 2. kolo\",\"isPartOf\":{\"@id\":\"https:\\\/\\\/tuzlainfo.ba\\\/#website\"},\"primaryImageOfPage\":{\"@id\":\"https:\\\/\\\/tuzlainfo.ba\\\/index.php\\\/bosna-i-hercegovina\\\/item\\\/245683-olimpijske-igre-dzudasica-larisa-ceric-prosla-u-2-kolo\\\/#primaryimage\"},\"image\":{\"@id\":\"https:\\\/\\\/tuzlainfo.ba\\\/index.php\\\/bosna-i-hercegovina\\\/item\\\/245683-olimpijske-igre-dzudasica-larisa-ceric-prosla-u-2-kolo\\\/#primaryimage\"},\"thumbnailUrl\":\"https:\\\/\\\/tuzlainfo.ba\\\/wp-content\\\/uploads\\\/2024\\\/08\\\/0208_larisa_ceric.jpg\",\"datePublished\":\"2024-08-02T08:31:22+00:00\",\"breadcrumb\":{\"@id\":\"https:\\\/\\\/tuzlainfo.ba\\\/index.php\\\/bosna-i-hercegovina\\\/item\\\/245683-olimpijske-igre-dzudasica-larisa-ceric-prosla-u-2-kolo\\\/#breadcrumb\"},\"inLanguage\":\"bs-BA\",\"potentialAction\":[{\"@type\":\"ReadAction\",\"target\":[\"https:\\\/\\\/tuzlainfo.ba\\\/index.php\\\/bosna-i-hercegovina\\\/item\\\/245683-olimpijske-igre-dzudasica-larisa-ceric-prosla-u-2-kolo\\\/\"]}]},{\"@type\":\"ImageObject\",\"inLanguage\":\"bs-BA\",\"@id\":\"https:\\\/\\\/tuzlainfo.ba\\\/index.php\\\/bosna-i-hercegovina\\\/item\\\/245683-olimpijske-igre-dzudasica-larisa-ceric-prosla-u-2-kolo\\\/#primaryimage\",\"url\":\"https:\\\/\\\/tuzlainfo.ba\\\/wp-content\\\/uploads\\\/2024\\\/08\\\/0208_larisa_ceric.jpg\",\"contentUrl\":\"https:\\\/\\\/tuzlainfo.ba\\\/wp-content\\\/uploads\\\/2024\\\/08\\\/0208_larisa_ceric.jpg\",\"width\":800,\"height\":520},{\"@type\":\"BreadcrumbList\",\"@id\":\"https:\\\/\\\/tuzlainfo.ba\\\/index.php\\\/bosna-i-hercegovina\\\/item\\\/245683-olimpijske-igre-dzudasica-larisa-ceric-prosla-u-2-kolo\\\/#breadcrumb\",\"itemListElement\":[{\"@type\":\"ListItem\",\"position\":1,\"name\":\"Home\",\"item\":\"https:\\\/\\\/tuzlainfo.ba\\\/\"},{\"@type\":\"ListItem\",\"position\":2,\"name\":\"Olimpijske igre: D\u017euda\u0161ica Larisa Ceri\u0107 pro\u0161la u 2. kolo\"}]},{\"@type\":\"WebSite\",\"@id\":\"https:\\\/\\\/tuzlainfo.ba\\\/#website\",\"url\":\"https:\\\/\\\/tuzlainfo.ba\\\/\",\"name\":\"TuzlaInfo.ba\",\"description\":\"Tuzla info, gradski informator - Tuzla na dlanu\",\"publisher\":{\"@id\":\"https:\\\/\\\/tuzlainfo.ba\\\/#organization\"},\"potentialAction\":[{\"@type\":\"SearchAction\",\"target\":{\"@type\":\"EntryPoint\",\"urlTemplate\":\"https:\\\/\\\/tuzlainfo.ba\\\/?s={search_term_string}\"},\"query-input\":{\"@type\":\"PropertyValueSpecification\",\"valueRequired\":true,\"valueName\":\"search_term_string\"}}],\"inLanguage\":\"bs-BA\"},{\"@type\":\"Organization\",\"@id\":\"https:\\\/\\\/tuzlainfo.ba\\\/#organization\",\"name\":\"TuzlaInfo.ba\",\"url\":\"https:\\\/\\\/tuzlainfo.ba\\\/\",\"logo\":{\"@type\":\"ImageObject\",\"inLanguage\":\"bs-BA\",\"@id\":\"https:\\\/\\\/tuzlainfo.ba\\\/#\\\/schema\\\/logo\\\/image\\\/\",\"url\":\"https:\\\/\\\/tuzlainfo.ba\\\/wp-content\\\/uploads\\\/2021\\\/03\\\/logo-ver-3-1.png\",\"contentUrl\":\"https:\\\/\\\/tuzlainfo.ba\\\/wp-content\\\/uploads\\\/2021\\\/03\\\/logo-ver-3-1.png\",\"width\":350,\"height\":95,\"caption\":\"TuzlaInfo.ba\"},\"image\":{\"@id\":\"https:\\\/\\\/tuzlainfo.ba\\\/#\\\/schema\\\/logo\\\/image\\\/\"},\"sameAs\":[\"https:\\\/\\\/www.facebook.com\\\/tuzlainfo.ba\\\/\"]},{\"@type\":\"Person\",\"@id\":\"https:\\\/\\\/tuzlainfo.ba\\\/#\\\/schema\\\/person\\\/f434e20dc27ea133923aab08451b7f7f\",\"name\":\"nedim\",\"image\":{\"@type\":\"ImageObject\",\"inLanguage\":\"bs-BA\",\"@id\":\"https:\\\/\\\/secure.gravatar.com\\\/avatar\\\/5b928a2e7e70a54208d2eb6c1edcb75a5350d6ae97d5f0a701203d456823f6f3?s=96&d=mm&r=g\",\"url\":\"https:\\\/\\\/secure.gravatar.com\\\/avatar\\\/5b928a2e7e70a54208d2eb6c1edcb75a5350d6ae97d5f0a701203d456823f6f3?s=96&d=mm&r=g\",\"contentUrl\":\"https:\\\/\\\/secure.gravatar.com\\\/avatar\\\/5b928a2e7e70a54208d2eb6c1edcb75a5350d6ae97d5f0a701203d456823f6f3?s=96&d=mm&r=g\",\"caption\":\"nedim\"},\"description\":\"Tuzlainfo.ba pratite na dru\u0161tvenim mre\u017eama: Facebook, Instagram i Youtube. Svoje pri\u010de, upite i fotografije \u0161aljite na na\u0161u e-mail adresu.\"}]}<\/script>\n<!-- \/ Yoast SEO plugin. -->","yoast_head_json":{"title":"Olimpijske igre: D\u017euda\u0161ica Larisa Ceri\u0107 pro\u0161la u 2. kolo","robots":{"index":"index","follow":"follow","max-snippet":"max-snippet:-1","max-image-preview":"max-image-preview:large","max-video-preview":"max-video-preview:-1"},"canonical":"https:\/\/tuzlainfo.ba\/index.php\/bosna-i-hercegovina\/item\/245683-olimpijske-igre-dzudasica-larisa-ceric-prosla-u-2-kolo\/","og_locale":"bs_BA","og_type":"article","og_title":"Olimpijske igre: D\u017euda\u0161ica Larisa Ceri\u0107 pro\u0161la u 2. kolo","og_description":"Bh. d\u017euda\u0161ica Larisa Ceri\u0107 pro\u0161la je u 2. kolo na Olimpijskim igrama u Parizu. Ona je u prvom kolu odmjerila snage sa Sydnee Andrews iz Novog Zelanda, te je opravdala ulogu favorita.Ceri\u0107 je u samom fini\u0161u me\u010da izvela sjajan potez i ipponom je do\u0161la do trijumfa. Larisa, 26. na svjetskoj rang-listi, \u0107e se u osmini [&hellip;]","og_url":"https:\/\/tuzlainfo.ba\/index.php\/bosna-i-hercegovina\/item\/245683-olimpijske-igre-dzudasica-larisa-ceric-prosla-u-2-kolo\/","og_site_name":"TuzlaInfo.ba","article_publisher":"https:\/\/www.facebook.com\/tuzlainfo.ba\/","article_published_time":"2024-08-02T08:31:22+00:00","og_image":[{"width":800,"height":520,"url":"https:\/\/tuzlainfo.ba\/wp-content\/uploads\/2024\/08\/0208_larisa_ceric.jpg","type":"image\/jpeg"}],"author":"nedim","twitter_card":"summary_large_image","twitter_misc":{"Written by":"nedim","Est. reading time":"1 minuta"},"schema":{"@context":"https:\/\/schema.org","@graph":[{"@type":"Article","@id":"https:\/\/tuzlainfo.ba\/index.php\/bosna-i-hercegovina\/item\/245683-olimpijske-igre-dzudasica-larisa-ceric-prosla-u-2-kolo\/#article","isPartOf":{"@id":"https:\/\/tuzlainfo.ba\/index.php\/bosna-i-hercegovina\/item\/245683-olimpijske-igre-dzudasica-larisa-ceric-prosla-u-2-kolo\/"},"author":{"name":"nedim","@id":"https:\/\/tuzlainfo.ba\/#\/schema\/person\/f434e20dc27ea133923aab08451b7f7f"},"headline":"Olimpijske igre: D\u017euda\u0161ica Larisa Ceri\u0107 pro\u0161la u 2. kolo","datePublished":"2024-08-02T08:31:22+00:00","mainEntityOfPage":{"@id":"https:\/\/tuzlainfo.ba\/index.php\/bosna-i-hercegovina\/item\/245683-olimpijske-igre-dzudasica-larisa-ceric-prosla-u-2-kolo\/"},"wordCount":106,"publisher":{"@id":"https:\/\/tuzlainfo.ba\/#organization"},"image":{"@id":"https:\/\/tuzlainfo.ba\/index.php\/bosna-i-hercegovina\/item\/245683-olimpijske-igre-dzudasica-larisa-ceric-prosla-u-2-kolo\/#primaryimage"},"thumbnailUrl":"https:\/\/tuzlainfo.ba\/wp-content\/uploads\/2024\/08\/0208_larisa_ceric.jpg","keywords":["larisa ceri\u0107","olimpijske igre","sport"],"articleSection":["Bosna i Hercegovina"],"inLanguage":"bs-BA","copyrightYear":"2024","copyrightHolder":{"@id":"https:\/\/tuzlainfo.ba\/#organization"}},{"@type":"WebPage","@id":"https:\/\/tuzlainfo.ba\/index.php\/bosna-i-hercegovina\/item\/245683-olimpijske-igre-dzudasica-larisa-ceric-prosla-u-2-kolo\/","url":"https:\/\/tuzlainfo.ba\/index.php\/bosna-i-hercegovina\/item\/245683-olimpijske-igre-dzudasica-larisa-ceric-prosla-u-2-kolo\/","name":"Olimpijske igre: D\u017euda\u0161ica Larisa Ceri\u0107 pro\u0161la u 2. kolo","isPartOf":{"@id":"https:\/\/tuzlainfo.ba\/#website"},"primaryImageOfPage":{"@id":"https:\/\/tuzlainfo.ba\/index.php\/bosna-i-hercegovina\/item\/245683-olimpijske-igre-dzudasica-larisa-ceric-prosla-u-2-kolo\/#primaryimage"},"image":{"@id":"https:\/\/tuzlainfo.ba\/index.php\/bosna-i-hercegovina\/item\/245683-olimpijske-igre-dzudasica-larisa-ceric-prosla-u-2-kolo\/#primaryimage"},"thumbnailUrl":"https:\/\/tuzlainfo.ba\/wp-content\/uploads\/2024\/08\/0208_larisa_ceric.jpg","datePublished":"2024-08-02T08:31:22+00:00","breadcrumb":{"@id":"https:\/\/tuzlainfo.ba\/index.php\/bosna-i-hercegovina\/item\/245683-olimpijske-igre-dzudasica-larisa-ceric-prosla-u-2-kolo\/#breadcrumb"},"inLanguage":"bs-BA","potentialAction":[{"@type":"ReadAction","target":["https:\/\/tuzlainfo.ba\/index.php\/bosna-i-hercegovina\/item\/245683-olimpijske-igre-dzudasica-larisa-ceric-prosla-u-2-kolo\/"]}]},{"@type":"ImageObject","inLanguage":"bs-BA","@id":"https:\/\/tuzlainfo.ba\/index.php\/bosna-i-hercegovina\/item\/245683-olimpijske-igre-dzudasica-larisa-ceric-prosla-u-2-kolo\/#primaryimage","url":"https:\/\/tuzlainfo.ba\/wp-content\/uploads\/2024\/08\/0208_larisa_ceric.jpg","contentUrl":"https:\/\/tuzlainfo.ba\/wp-content\/uploads\/2024\/08\/0208_larisa_ceric.jpg","width":800,"height":520},{"@type":"BreadcrumbList","@id":"https:\/\/tuzlainfo.ba\/index.php\/bosna-i-hercegovina\/item\/245683-olimpijske-igre-dzudasica-larisa-ceric-prosla-u-2-kolo\/#breadcrumb","itemListElement":[{"@type":"ListItem","position":1,"name":"Home","item":"https:\/\/tuzlainfo.ba\/"},{"@type":"ListItem","position":2,"name":"Olimpijske igre: D\u017euda\u0161ica Larisa Ceri\u0107 pro\u0161la u 2. kolo"}]},{"@type":"WebSite","@id":"https:\/\/tuzlainfo.ba\/#website","url":"https:\/\/tuzlainfo.ba\/","name":"TuzlaInfo.ba","description":"Tuzla info, gradski informator - Tuzla na dlanu","publisher":{"@id":"https:\/\/tuzlainfo.ba\/#organization"},"potentialAction":[{"@type":"SearchAction","target":{"@type":"EntryPoint","urlTemplate":"https:\/\/tuzlainfo.ba\/?s={search_term_string}"},"query-input":{"@type":"PropertyValueSpecification","valueRequired":true,"valueName":"search_term_string"}}],"inLanguage":"bs-BA"},{"@type":"Organization","@id":"https:\/\/tuzlainfo.ba\/#organization","name":"TuzlaInfo.ba","url":"https:\/\/tuzlainfo.ba\/","logo":{"@type":"ImageObject","inLanguage":"bs-BA","@id":"https:\/\/tuzlainfo.ba\/#\/schema\/logo\/image\/","url":"https:\/\/tuzlainfo.ba\/wp-content\/uploads\/2021\/03\/logo-ver-3-1.png","contentUrl":"https:\/\/tuzlainfo.ba\/wp-content\/uploads\/2021\/03\/logo-ver-3-1.png","width":350,"height":95,"caption":"TuzlaInfo.ba"},"image":{"@id":"https:\/\/tuzlainfo.ba\/#\/schema\/logo\/image\/"},"sameAs":["https:\/\/www.facebook.com\/tuzlainfo.ba\/"]},{"@type":"Person","@id":"https:\/\/tuzlainfo.ba\/#\/schema\/person\/f434e20dc27ea133923aab08451b7f7f","name":"nedim","image":{"@type":"ImageObject","inLanguage":"bs-BA","@id":"https:\/\/secure.gravatar.com\/avatar\/5b928a2e7e70a54208d2eb6c1edcb75a5350d6ae97d5f0a701203d456823f6f3?s=96&d=mm&r=g","url":"https:\/\/secure.gravatar.com\/avatar\/5b928a2e7e70a54208d2eb6c1edcb75a5350d6ae97d5f0a701203d456823f6f3?s=96&d=mm&r=g","contentUrl":"https:\/\/secure.gravatar.com\/avatar\/5b928a2e7e70a54208d2eb6c1edcb75a5350d6ae97d5f0a701203d456823f6f3?s=96&d=mm&r=g","caption":"nedim"},"description":"Tuzlainfo.ba pratite na dru\u0161tvenim mre\u017eama: Facebook, Instagram i Youtube. Svoje pri\u010de, upite i fotografije \u0161aljite na na\u0161u e-mail adresu."}]}},"_links":{"self":[{"href":"https:\/\/tuzlainfo.ba\/index.php\/wp-json\/wp\/v2\/posts\/245683","targetHints":{"allow":["GET"]}}],"collection":[{"href":"https:\/\/tuzlainfo.ba\/index.php\/wp-json\/wp\/v2\/posts"}],"about":[{"href":"https:\/\/tuzlainfo.ba\/index.php\/wp-json\/wp\/v2\/types\/post"}],"author":[{"embeddable":true,"href":"https:\/\/tuzlainfo.ba\/index.php\/wp-json\/wp\/v2\/users\/2"}],"replies":[{"embeddable":true,"href":"https:\/\/tuzlainfo.ba\/index.php\/wp-json\/wp\/v2\/comments?post=245683"}],"version-history":[{"count":1,"href":"https:\/\/tuzlainfo.ba\/index.php\/wp-json\/wp\/v2\/posts\/245683\/revisions"}],"predecessor-version":[{"id":245686,"href":"https:\/\/tuzlainfo.ba\/index.php\/wp-json\/wp\/v2\/posts\/245683\/revisions\/245686"}],"wp:featuredmedia":[{"embeddable":true,"href":"https:\/\/tuzlainfo.ba\/index.php\/wp-json\/wp\/v2\/media\/245685"}],"wp:attachment":[{"href":"https:\/\/tuzlainfo.ba\/index.php\/wp-json\/wp\/v2\/media?parent=245683"}],"wp:term":[{"taxonomy":"category","embeddable":true,"href":"https:\/\/tuzlainfo.ba\/index.php\/wp-json\/wp\/v2\/categories?post=245683"},{"taxonomy":"post_tag","embeddable":true,"href":"https:\/\/tuzlainfo.ba\/index.php\/wp-json\/wp\/v2\/tags?post=245683"}],"curies":[{"name":"wp","href":"https:\/\/api.w.org\/{rel}","templated":true}]}}