{"id":245620,"date":"2024-08-01T20:05:11","date_gmt":"2024-08-01T18:05:11","guid":{"rendered":"https:\/\/tuzlainfo.ba\/?p=245620"},"modified":"2024-08-01T17:14:13","modified_gmt":"2024-08-01T15:14:13","slug":"klub-potrosaca-tk-o-poskupljenju-struje-penzioneri-u-najtezoj-situaciji","status":"publish","type":"post","link":"https:\/\/tuzlainfo.ba\/index.php\/istaknuto\/item\/245620-klub-potrosaca-tk-o-poskupljenju-struje-penzioneri-u-najtezoj-situaciji\/","title":{"rendered":"Klub potro\u0161a\u010da TK o poskupljenju struje: Penzioneri u najte\u017eoj situaciji"},"content":{"rendered":"<div>\n<p>Predsjednica &#8220;Kluba potro\u0161a\u010da TK&#8221; Tuzla Gordana Buli\u0107 izjavila je da \u0107e se pove\u0107anje cijena elektri\u010dne energije za doma\u0107instva sasvim sigurno odraziti na bud\u017eet svake porodice.<\/p>\n<\/div>\n<p>&#8211; U najte\u017eoj situaciji su penzioneri, odnosno stariji ljudi koji su najve\u0107i dio dana u ku\u0107i i u zimskom periodu sasvim sigurno tro\u0161e vi\u0161e struje nego u ovim ljetnim mjesecima. Poskupljenje \u0107e osjetiti i mla\u0111e porodice, posebno one koje imaju vi\u0161e djece, kao i sve druge porodice. Na\u017ealost, u BiH nemamo socijalne programe, socijalne karte, a za ono malo socijalne pomo\u0107i i davanja koje imamo, nije sigurno da do\u0111u do ljudi &#8216;koji su u potrebi&#8217; &#8211; navela je Buli\u0107 za Fenu.<\/p>\n<p>Dodala je da Udru\u017eenje potro\u0161a\u010da \u201eKluba potro\u0161a\u010da TK\u201c ve\u0107 godinama upozorava da bi trebali imati socijalne karte, kao i odre\u0111ene \u00a0programe socijalne pomo\u0107i, ali da nema dovoljno pomaka u praksi. U toku je akcija \u201ezaklju\u010davanja cijena\u201c ali to, navela je Buli\u0107, nije socijalni program nego &#8216;mjera dobre volje&#8217; da se neke namirnice u\u010dine pristupa\u010dnije gra\u0111anima i da im se olak\u0161a \u017eivot u situaciji kada cijene rastu.<\/p>\n<p>&#8211; Elektroprivreda je ranije imala akcije vezano za cijene, odnosno za tro\u0161kove elektri\u010dne energije u doma\u0107instvu tako \u0161to su davali stimulacije onim doma\u0107instvima koja tro\u0161e manje elektri\u010dne energije i mi se nadamo da \u0107e se na federalnom nivou dogovoriti sli\u010dne mjere, gdje \u0107e se diferencirati cijene za one potro\u0161a\u010de koji poku\u0161avaju da budu racionalni u potro\u0161nji elektri\u010dne energije od onih koji tro\u0161e vi\u0161e. To je na neki na\u010din i socijalna, ali i mjera za za\u0161titu \u017eivotne okoline koja bi, po mom mi\u0161ljenju, bila sasvim prihvatljiva \u2013 navela je Buli\u0107.<\/p>\n<p>Privreda nije direktno na udaru tog poskupljenja, ali to istovremeno ne zna\u010di da ne\u0107e do\u0107i do novog talasa poskupljenja \u0161to pokazuju iskustva iz ranijih godina. Buli\u0107 je rekla da rast cijena elektri\u010dne energije za doma\u0107instva ne bi trebalo da izazove rast cijena ostalih proizvoda jer se odnosi na kategoriju doma\u0107instava. Me\u0111utim, napomenula je, mnoga doma\u0107instva, posebno seoska imaju i vlastitu proizvodnju, plastenike, mini farme&#8230; Svaki rast cijena struje za doma\u0107instva pove\u0107ava i njihove tro\u0161kove porodi\u010dne proizvodnje.<\/p>\n<p>&#8211; Rast cijena elektri\u010dne energije u doma\u0107instvu u principu ne bi trebalo da izazove lan\u010dani rast cijena za prehrambenu i ostale industrije, ali sasvim sigurno \u0107e poskupiti proizvodnju za vlastite potrebe u doma\u0107instvu &#8211; dodala je Buli\u0107.<\/p>\n<p>Danas je stupila na snagu odluka\u00a0Regulatorne komisije za energiju u Federaciji BiH (FERK) o poskupljenju elektri\u010dne energije za doma\u0107instva koja se snabdijevaju kod JP Elektroprivreda BiH. Prosje\u010dno poskupljenje elektri\u010dne energije za doma\u0107instva iznosi 10,04 posto, a za kategoriju ostala potro\u0161nja 7,29 posto.<\/p>\n","protected":false},"excerpt":{"rendered":"<p>Predsjednica &#8220;Kluba potro\u0161a\u010da TK&#8221; Tuzla Gordana Buli\u0107 izjavila je da \u0107e se pove\u0107anje cijena elektri\u010dne&hellip;<\/p>\n","protected":false},"author":4,"featured_media":145488,"comment_status":"closed","ping_status":"closed","sticky":false,"template":"","format":"standard","meta":{"_acf_changed":false,"footnotes":""},"categories":[304,12],"tags":[706,6199,1866,1880],"acf":[],"yoast_head":"<!-- This site is optimized with the Yoast SEO plugin v23.5 - https:\/\/yoast.com\/wordpress\/plugins\/seo\/ -->\n<title>Klub potro\u0161a\u010da TK o poskupljenju struje: Penzioneri u najte\u017eoj situaciji - TuzlaInfo.ba<\/title>\n<meta name=\"robots\" content=\"index, follow, max-snippet:-1, max-image-preview:large, max-video-preview:-1\" \/>\n<link rel=\"canonical\" href=\"https:\/\/tuzlainfo.ba\/index.php\/istaknuto\/item\/245620-klub-potrosaca-tk-o-poskupljenju-struje-penzioneri-u-najtezoj-situaciji\/\" \/>\n<meta property=\"og:locale\" content=\"bs_BA\" \/>\n<meta property=\"og:type\" content=\"article\" \/>\n<meta property=\"og:title\" content=\"Klub potro\u0161a\u010da TK o poskupljenju struje: Penzioneri u najte\u017eoj situaciji - TuzlaInfo.ba\" \/>\n<meta property=\"og:description\" content=\"Predsjednica &#8220;Kluba potro\u0161a\u010da TK&#8221; Tuzla Gordana Buli\u0107 izjavila je da \u0107e se pove\u0107anje cijena elektri\u010dne&hellip;\" \/>\n<meta property=\"og:url\" content=\"https:\/\/tuzlainfo.ba\/index.php\/istaknuto\/item\/245620-klub-potrosaca-tk-o-poskupljenju-struje-penzioneri-u-najtezoj-situaciji\/\" \/>\n<meta property=\"og:site_name\" content=\"TuzlaInfo.ba\" \/>\n<meta property=\"article:publisher\" content=\"https:\/\/www.facebook.com\/tuzlainfo.ba\/\" \/>\n<meta property=\"article:published_time\" content=\"2024-08-01T18:05:11+00:00\" \/>\n<meta property=\"article:modified_time\" content=\"2024-08-01T15:14:13+00:00\" \/>\n<meta property=\"og:image\" content=\"https:\/\/tuzlainfo.ba\/wp-content\/uploads\/2021\/08\/2008_Elektroprivreda_BiH.jpg\" \/>\n\t<meta property=\"og:image:width\" content=\"1024\" \/>\n\t<meta property=\"og:image:height\" content=\"672\" \/>\n\t<meta property=\"og:image:type\" content=\"image\/jpeg\" \/>\n<meta name=\"author\" content=\"Tuzla Info\" \/>\n<meta name=\"twitter:card\" content=\"summary_large_image\" \/>\n<meta name=\"twitter:label1\" content=\"Written by\" \/>\n\t<meta name=\"twitter:data1\" content=\"Tuzla Info\" \/>\n\t<meta name=\"twitter:label2\" content=\"Est. reading time\" \/>\n\t<meta name=\"twitter:data2\" content=\"3 minute\" \/>\n<script type=\"application\/ld+json\" class=\"yoast-schema-graph\">{\"@context\":\"https:\/\/schema.org\",\"@graph\":[{\"@type\":\"Article\",\"@id\":\"https:\/\/tuzlainfo.ba\/index.php\/istaknuto\/item\/245620-klub-potrosaca-tk-o-poskupljenju-struje-penzioneri-u-najtezoj-situaciji\/#article\",\"isPartOf\":{\"@id\":\"https:\/\/tuzlainfo.ba\/index.php\/istaknuto\/item\/245620-klub-potrosaca-tk-o-poskupljenju-struje-penzioneri-u-najtezoj-situaciji\/\"},\"author\":{\"name\":\"Tuzla Info\",\"@id\":\"https:\/\/tuzlainfo.ba\/#\/schema\/person\/46cad4c57790cbc50781edd14870825a\"},\"headline\":\"Klub potro\u0161a\u010da TK o poskupljenju struje: Penzioneri u najte\u017eoj situaciji\",\"datePublished\":\"2024-08-01T18:05:11+00:00\",\"dateModified\":\"2024-08-01T15:14:13+00:00\",\"mainEntityOfPage\":{\"@id\":\"https:\/\/tuzlainfo.ba\/index.php\/istaknuto\/item\/245620-klub-potrosaca-tk-o-poskupljenju-struje-penzioneri-u-najtezoj-situaciji\/\"},\"wordCount\":494,\"publisher\":{\"@id\":\"https:\/\/tuzlainfo.ba\/#organization\"},\"image\":{\"@id\":\"https:\/\/tuzlainfo.ba\/index.php\/istaknuto\/item\/245620-klub-potrosaca-tk-o-poskupljenju-struje-penzioneri-u-najtezoj-situaciji\/#primaryimage\"},\"thumbnailUrl\":\"https:\/\/tuzlainfo.ba\/wp-content\/uploads\/2021\/08\/2008_Elektroprivreda_BiH.jpg\",\"keywords\":[\"bih\",\"Klub potro\u0161a\u010da tk\",\"poskupljenje\",\"struja\"],\"articleSection\":[\"Istaknuto\",\"Novosti\"],\"inLanguage\":\"bs-BA\"},{\"@type\":\"WebPage\",\"@id\":\"https:\/\/tuzlainfo.ba\/index.php\/istaknuto\/item\/245620-klub-potrosaca-tk-o-poskupljenju-struje-penzioneri-u-najtezoj-situaciji\/\",\"url\":\"https:\/\/tuzlainfo.ba\/index.php\/istaknuto\/item\/245620-klub-potrosaca-tk-o-poskupljenju-struje-penzioneri-u-najtezoj-situaciji\/\",\"name\":\"Klub potro\u0161a\u010da TK o poskupljenju struje: Penzioneri u najte\u017eoj situaciji - TuzlaInfo.ba\",\"isPartOf\":{\"@id\":\"https:\/\/tuzlainfo.ba\/#website\"},\"primaryImageOfPage\":{\"@id\":\"https:\/\/tuzlainfo.ba\/index.php\/istaknuto\/item\/245620-klub-potrosaca-tk-o-poskupljenju-struje-penzioneri-u-najtezoj-situaciji\/#primaryimage\"},\"image\":{\"@id\":\"https:\/\/tuzlainfo.ba\/index.php\/istaknuto\/item\/245620-klub-potrosaca-tk-o-poskupljenju-struje-penzioneri-u-najtezoj-situaciji\/#primaryimage\"},\"thumbnailUrl\":\"https:\/\/tuzlainfo.ba\/wp-content\/uploads\/2021\/08\/2008_Elektroprivreda_BiH.jpg\",\"datePublished\":\"2024-08-01T18:05:11+00:00\",\"dateModified\":\"2024-08-01T15:14:13+00:00\",\"breadcrumb\":{\"@id\":\"https:\/\/tuzlainfo.ba\/index.php\/istaknuto\/item\/245620-klub-potrosaca-tk-o-poskupljenju-struje-penzioneri-u-najtezoj-situaciji\/#breadcrumb\"},\"inLanguage\":\"bs-BA\",\"potentialAction\":[{\"@type\":\"ReadAction\",\"target\":[\"https:\/\/tuzlainfo.ba\/index.php\/istaknuto\/item\/245620-klub-potrosaca-tk-o-poskupljenju-struje-penzioneri-u-najtezoj-situaciji\/\"]}]},{\"@type\":\"ImageObject\",\"inLanguage\":\"bs-BA\",\"@id\":\"https:\/\/tuzlainfo.ba\/index.php\/istaknuto\/item\/245620-klub-potrosaca-tk-o-poskupljenju-struje-penzioneri-u-najtezoj-situaciji\/#primaryimage\",\"url\":\"https:\/\/tuzlainfo.ba\/wp-content\/uploads\/2021\/08\/2008_Elektroprivreda_BiH.jpg\",\"contentUrl\":\"https:\/\/tuzlainfo.ba\/wp-content\/uploads\/2021\/08\/2008_Elektroprivreda_BiH.jpg\",\"width\":1024,\"height\":672},{\"@type\":\"BreadcrumbList\",\"@id\":\"https:\/\/tuzlainfo.ba\/index.php\/istaknuto\/item\/245620-klub-potrosaca-tk-o-poskupljenju-struje-penzioneri-u-najtezoj-situaciji\/#breadcrumb\",\"itemListElement\":[{\"@type\":\"ListItem\",\"position\":1,\"name\":\"Home\",\"item\":\"https:\/\/tuzlainfo.ba\/\"},{\"@type\":\"ListItem\",\"position\":2,\"name\":\"Klub potro\u0161a\u010da TK o poskupljenju struje: Penzioneri u najte\u017eoj situaciji\"}]},{\"@type\":\"WebSite\",\"@id\":\"https:\/\/tuzlainfo.ba\/#website\",\"url\":\"https:\/\/tuzlainfo.ba\/\",\"name\":\"TuzlaInfo.ba\",\"description\":\"Tuzla info, gradski informator - Tuzla na dlanu\",\"publisher\":{\"@id\":\"https:\/\/tuzlainfo.ba\/#organization\"},\"potentialAction\":[{\"@type\":\"SearchAction\",\"target\":{\"@type\":\"EntryPoint\",\"urlTemplate\":\"https:\/\/tuzlainfo.ba\/?s={search_term_string}\"},\"query-input\":{\"@type\":\"PropertyValueSpecification\",\"valueRequired\":true,\"valueName\":\"search_term_string\"}}],\"inLanguage\":\"bs-BA\"},{\"@type\":\"Organization\",\"@id\":\"https:\/\/tuzlainfo.ba\/#organization\",\"name\":\"TuzlaInfo.ba\",\"url\":\"https:\/\/tuzlainfo.ba\/\",\"logo\":{\"@type\":\"ImageObject\",\"inLanguage\":\"bs-BA\",\"@id\":\"https:\/\/tuzlainfo.ba\/#\/schema\/logo\/image\/\",\"url\":\"https:\/\/tuzlainfo.ba\/wp-content\/uploads\/2021\/03\/logo-ver-3-1.png\",\"contentUrl\":\"https:\/\/tuzlainfo.ba\/wp-content\/uploads\/2021\/03\/logo-ver-3-1.png\",\"width\":350,\"height\":95,\"caption\":\"TuzlaInfo.ba\"},\"image\":{\"@id\":\"https:\/\/tuzlainfo.ba\/#\/schema\/logo\/image\/\"},\"sameAs\":[\"https:\/\/www.facebook.com\/tuzlainfo.ba\/\"]},{\"@type\":\"Person\",\"@id\":\"https:\/\/tuzlainfo.ba\/#\/schema\/person\/46cad4c57790cbc50781edd14870825a\",\"name\":\"Tuzla Info\",\"image\":{\"@type\":\"ImageObject\",\"inLanguage\":\"bs-BA\",\"@id\":\"https:\/\/tuzlainfo.ba\/#\/schema\/person\/image\/\",\"url\":\"https:\/\/tuzlainfo.ba\/wp-content\/litespeed\/avatar\/b6c453a6c38e3654f2e4416c643fc25c.jpg?ver=1777051911\",\"contentUrl\":\"https:\/\/tuzlainfo.ba\/wp-content\/litespeed\/avatar\/b6c453a6c38e3654f2e4416c643fc25c.jpg?ver=1777051911\",\"caption\":\"Tuzla Info\"}}]}<\/script>\n<!-- \/ Yoast SEO plugin. -->","yoast_head_json":{"title":"Klub potro\u0161a\u010da TK o poskupljenju struje: Penzioneri u najte\u017eoj situaciji - TuzlaInfo.ba","robots":{"index":"index","follow":"follow","max-snippet":"max-snippet:-1","max-image-preview":"max-image-preview:large","max-video-preview":"max-video-preview:-1"},"canonical":"https:\/\/tuzlainfo.ba\/index.php\/istaknuto\/item\/245620-klub-potrosaca-tk-o-poskupljenju-struje-penzioneri-u-najtezoj-situaciji\/","og_locale":"bs_BA","og_type":"article","og_title":"Klub potro\u0161a\u010da TK o poskupljenju struje: Penzioneri u najte\u017eoj situaciji - TuzlaInfo.ba","og_description":"Predsjednica &#8220;Kluba potro\u0161a\u010da TK&#8221; Tuzla Gordana Buli\u0107 izjavila je da \u0107e se pove\u0107anje cijena elektri\u010dne&hellip;","og_url":"https:\/\/tuzlainfo.ba\/index.php\/istaknuto\/item\/245620-klub-potrosaca-tk-o-poskupljenju-struje-penzioneri-u-najtezoj-situaciji\/","og_site_name":"TuzlaInfo.ba","article_publisher":"https:\/\/www.facebook.com\/tuzlainfo.ba\/","article_published_time":"2024-08-01T18:05:11+00:00","article_modified_time":"2024-08-01T15:14:13+00:00","og_image":[{"width":1024,"height":672,"url":"https:\/\/tuzlainfo.ba\/wp-content\/uploads\/2021\/08\/2008_Elektroprivreda_BiH.jpg","type":"image\/jpeg"}],"author":"Tuzla Info","twitter_card":"summary_large_image","twitter_misc":{"Written by":"Tuzla Info","Est. reading time":"3 minute"},"schema":{"@context":"https:\/\/schema.org","@graph":[{"@type":"Article","@id":"https:\/\/tuzlainfo.ba\/index.php\/istaknuto\/item\/245620-klub-potrosaca-tk-o-poskupljenju-struje-penzioneri-u-najtezoj-situaciji\/#article","isPartOf":{"@id":"https:\/\/tuzlainfo.ba\/index.php\/istaknuto\/item\/245620-klub-potrosaca-tk-o-poskupljenju-struje-penzioneri-u-najtezoj-situaciji\/"},"author":{"name":"Tuzla Info","@id":"https:\/\/tuzlainfo.ba\/#\/schema\/person\/46cad4c57790cbc50781edd14870825a"},"headline":"Klub potro\u0161a\u010da TK o poskupljenju struje: Penzioneri u najte\u017eoj situaciji","datePublished":"2024-08-01T18:05:11+00:00","dateModified":"2024-08-01T15:14:13+00:00","mainEntityOfPage":{"@id":"https:\/\/tuzlainfo.ba\/index.php\/istaknuto\/item\/245620-klub-potrosaca-tk-o-poskupljenju-struje-penzioneri-u-najtezoj-situaciji\/"},"wordCount":494,"publisher":{"@id":"https:\/\/tuzlainfo.ba\/#organization"},"image":{"@id":"https:\/\/tuzlainfo.ba\/index.php\/istaknuto\/item\/245620-klub-potrosaca-tk-o-poskupljenju-struje-penzioneri-u-najtezoj-situaciji\/#primaryimage"},"thumbnailUrl":"https:\/\/tuzlainfo.ba\/wp-content\/uploads\/2021\/08\/2008_Elektroprivreda_BiH.jpg","keywords":["bih","Klub potro\u0161a\u010da tk","poskupljenje","struja"],"articleSection":["Istaknuto","Novosti"],"inLanguage":"bs-BA"},{"@type":"WebPage","@id":"https:\/\/tuzlainfo.ba\/index.php\/istaknuto\/item\/245620-klub-potrosaca-tk-o-poskupljenju-struje-penzioneri-u-najtezoj-situaciji\/","url":"https:\/\/tuzlainfo.ba\/index.php\/istaknuto\/item\/245620-klub-potrosaca-tk-o-poskupljenju-struje-penzioneri-u-najtezoj-situaciji\/","name":"Klub potro\u0161a\u010da TK o poskupljenju struje: Penzioneri u najte\u017eoj situaciji - TuzlaInfo.ba","isPartOf":{"@id":"https:\/\/tuzlainfo.ba\/#website"},"primaryImageOfPage":{"@id":"https:\/\/tuzlainfo.ba\/index.php\/istaknuto\/item\/245620-klub-potrosaca-tk-o-poskupljenju-struje-penzioneri-u-najtezoj-situaciji\/#primaryimage"},"image":{"@id":"https:\/\/tuzlainfo.ba\/index.php\/istaknuto\/item\/245620-klub-potrosaca-tk-o-poskupljenju-struje-penzioneri-u-najtezoj-situaciji\/#primaryimage"},"thumbnailUrl":"https:\/\/tuzlainfo.ba\/wp-content\/uploads\/2021\/08\/2008_Elektroprivreda_BiH.jpg","datePublished":"2024-08-01T18:05:11+00:00","dateModified":"2024-08-01T15:14:13+00:00","breadcrumb":{"@id":"https:\/\/tuzlainfo.ba\/index.php\/istaknuto\/item\/245620-klub-potrosaca-tk-o-poskupljenju-struje-penzioneri-u-najtezoj-situaciji\/#breadcrumb"},"inLanguage":"bs-BA","potentialAction":[{"@type":"ReadAction","target":["https:\/\/tuzlainfo.ba\/index.php\/istaknuto\/item\/245620-klub-potrosaca-tk-o-poskupljenju-struje-penzioneri-u-najtezoj-situaciji\/"]}]},{"@type":"ImageObject","inLanguage":"bs-BA","@id":"https:\/\/tuzlainfo.ba\/index.php\/istaknuto\/item\/245620-klub-potrosaca-tk-o-poskupljenju-struje-penzioneri-u-najtezoj-situaciji\/#primaryimage","url":"https:\/\/tuzlainfo.ba\/wp-content\/uploads\/2021\/08\/2008_Elektroprivreda_BiH.jpg","contentUrl":"https:\/\/tuzlainfo.ba\/wp-content\/uploads\/2021\/08\/2008_Elektroprivreda_BiH.jpg","width":1024,"height":672},{"@type":"BreadcrumbList","@id":"https:\/\/tuzlainfo.ba\/index.php\/istaknuto\/item\/245620-klub-potrosaca-tk-o-poskupljenju-struje-penzioneri-u-najtezoj-situaciji\/#breadcrumb","itemListElement":[{"@type":"ListItem","position":1,"name":"Home","item":"https:\/\/tuzlainfo.ba\/"},{"@type":"ListItem","position":2,"name":"Klub potro\u0161a\u010da TK o poskupljenju struje: Penzioneri u najte\u017eoj situaciji"}]},{"@type":"WebSite","@id":"https:\/\/tuzlainfo.ba\/#website","url":"https:\/\/tuzlainfo.ba\/","name":"TuzlaInfo.ba","description":"Tuzla info, gradski informator - Tuzla na dlanu","publisher":{"@id":"https:\/\/tuzlainfo.ba\/#organization"},"potentialAction":[{"@type":"SearchAction","target":{"@type":"EntryPoint","urlTemplate":"https:\/\/tuzlainfo.ba\/?s={search_term_string}"},"query-input":{"@type":"PropertyValueSpecification","valueRequired":true,"valueName":"search_term_string"}}],"inLanguage":"bs-BA"},{"@type":"Organization","@id":"https:\/\/tuzlainfo.ba\/#organization","name":"TuzlaInfo.ba","url":"https:\/\/tuzlainfo.ba\/","logo":{"@type":"ImageObject","inLanguage":"bs-BA","@id":"https:\/\/tuzlainfo.ba\/#\/schema\/logo\/image\/","url":"https:\/\/tuzlainfo.ba\/wp-content\/uploads\/2021\/03\/logo-ver-3-1.png","contentUrl":"https:\/\/tuzlainfo.ba\/wp-content\/uploads\/2021\/03\/logo-ver-3-1.png","width":350,"height":95,"caption":"TuzlaInfo.ba"},"image":{"@id":"https:\/\/tuzlainfo.ba\/#\/schema\/logo\/image\/"},"sameAs":["https:\/\/www.facebook.com\/tuzlainfo.ba\/"]},{"@type":"Person","@id":"https:\/\/tuzlainfo.ba\/#\/schema\/person\/46cad4c57790cbc50781edd14870825a","name":"Tuzla Info","image":{"@type":"ImageObject","inLanguage":"bs-BA","@id":"https:\/\/tuzlainfo.ba\/#\/schema\/person\/image\/","url":"https:\/\/tuzlainfo.ba\/wp-content\/litespeed\/avatar\/b6c453a6c38e3654f2e4416c643fc25c.jpg?ver=1777051911","contentUrl":"https:\/\/tuzlainfo.ba\/wp-content\/litespeed\/avatar\/b6c453a6c38e3654f2e4416c643fc25c.jpg?ver=1777051911","caption":"Tuzla Info"}}]}},"_links":{"self":[{"href":"https:\/\/tuzlainfo.ba\/index.php\/wp-json\/wp\/v2\/posts\/245620"}],"collection":[{"href":"https:\/\/tuzlainfo.ba\/index.php\/wp-json\/wp\/v2\/posts"}],"about":[{"href":"https:\/\/tuzlainfo.ba\/index.php\/wp-json\/wp\/v2\/types\/post"}],"author":[{"embeddable":true,"href":"https:\/\/tuzlainfo.ba\/index.php\/wp-json\/wp\/v2\/users\/4"}],"replies":[{"embeddable":true,"href":"https:\/\/tuzlainfo.ba\/index.php\/wp-json\/wp\/v2\/comments?post=245620"}],"version-history":[{"count":1,"href":"https:\/\/tuzlainfo.ba\/index.php\/wp-json\/wp\/v2\/posts\/245620\/revisions"}],"predecessor-version":[{"id":245621,"href":"https:\/\/tuzlainfo.ba\/index.php\/wp-json\/wp\/v2\/posts\/245620\/revisions\/245621"}],"wp:featuredmedia":[{"embeddable":true,"href":"https:\/\/tuzlainfo.ba\/index.php\/wp-json\/wp\/v2\/media\/145488"}],"wp:attachment":[{"href":"https:\/\/tuzlainfo.ba\/index.php\/wp-json\/wp\/v2\/media?parent=245620"}],"wp:term":[{"taxonomy":"category","embeddable":true,"href":"https:\/\/tuzlainfo.ba\/index.php\/wp-json\/wp\/v2\/categories?post=245620"},{"taxonomy":"post_tag","embeddable":true,"href":"https:\/\/tuzlainfo.ba\/index.php\/wp-json\/wp\/v2\/tags?post=245620"}],"curies":[{"name":"wp","href":"https:\/\/api.w.org\/{rel}","templated":true}]}}