{"id":245470,"date":"2024-07-31T12:01:08","date_gmt":"2024-07-31T10:01:08","guid":{"rendered":"https:\/\/tuzlainfo.ba\/?p=245470"},"modified":"2024-07-31T11:22:24","modified_gmt":"2024-07-31T09:22:24","slug":"ko-je-bio-ismail-hanijeh-vodja-hamasa-koji-je-ubijen-u-teheranu","status":"publish","type":"post","link":"https:\/\/tuzlainfo.ba\/index.php\/clanci\/sa-svih-strana\/item\/245470-ko-je-bio-ismail-hanijeh-vodja-hamasa-koji-je-ubijen-u-teheranu\/","title":{"rendered":"Ko je bio Ismail Hanijeh, vo\u0111a Hamasa koji je ubijen u Teheranu"},"content":{"rendered":"<p>Politi\u010dki lider Hamasa Ismail Hanijeh, koji je ubijen u svojoj rezidenciji u Teheranu, ro\u0111en je u izbjegli\u010dkom kampu \u0160ati u Gazi 1962. godine, nakon \u0161to su njegovi roditelji pobjegli iz grada Askalana poslije stvaranja dr\u017eave Izrael 1948. godine.<\/p>\n<p>Hanijeh je studirao na institutu Al-A\u017ear u Gazi, a kasnije na Islamskom univerzitetu u Gazi, gdje je diplomirao arapsku knji\u017eevnost, pi\u0161e Al Jazeera.<\/p>\n<p>Dok je bio na univerzitetu 1983. pridru\u017eio se Islamskom studentskom bloku, prete\u010di Hamasa.<\/p>\n<p>U grupi je blisko sara\u0111ivao sa suosniva\u010dem Hamasa, \u0161eikom Ahmedom Jasinom, a na funkciju politi\u010dkog lidera izrabran je 2017, zamijeniv\u0161i Haleda Me\u0161ala.<\/p>\n<p>Izraelske vlasti nekoliko puta su zatvarale Hanijeha, a on je napustio Pojas Gaze 2019, nakon nekoliko atentata i od tada \u017eivio u egzilu u Kataru.<\/p>\n<p>U izraelskom napadu na sjevernu Gazu u aprilu, ubijena su njegova tri sina i najmanje troje unuka.<\/p>\n<p>Iranska Revolucionarna garda saop\u0107ila je jutros da su Hanijeh i njegov tjelohranitelj ubijeni u Teheranu, gdje je lider Hamasa prisustvovao inauguraciji iranskog predsjednika Masuda Peze\u0161kijana.<\/p>\n<p>Niko nije preuzeo odgovornost, ali se sumnja da iza ubistva stoji Izrael, koji je prethodno obe\u0107ao da \u0107e ubiti vo\u0111e Hamasa zbog napada te grupe 7. oktobra, navodi AP.<\/p>\n<p>Hamas je ubistvo nazvao &#8221;ozbiljnom eskalacijom&#8221; i zaprijetio &#8221;ratom za oslobo\u0111enje Jeruzalema&#8221;.<\/p>\n<p>Izrael nije izdao saop\u0107enje povodom ubistva, \u0161to je \u010desto slu\u010daja kada se radi o atentatima koje izvr\u0161i izraelska obavje\u0161tajna slu\u017eba Mosad, navodi ameri\u010dka agencija.<\/p>\n<p>&nbsp;<\/p>\n","protected":false},"excerpt":{"rendered":"<p>Politi\u010dki lider Hamasa Ismail Hanijeh, koji je ubijen u svojoj rezidenciji u Teheranu, ro\u0111en je&hellip;<\/p>\n","protected":false},"author":3,"featured_media":245455,"comment_status":"closed","ping_status":"closed","sticky":false,"template":"","format":"standard","meta":{"_acf_changed":false,"footnotes":""},"categories":[16],"tags":[10628],"acf":[],"yoast_head":"<!-- This site is optimized with the Yoast SEO plugin v23.5 - https:\/\/yoast.com\/wordpress\/plugins\/seo\/ -->\n<title>Ko je bio Ismail Hanijeh, vo\u0111a Hamasa koji je ubijen u Teheranu - TuzlaInfo.ba<\/title>\n<meta name=\"robots\" content=\"index, follow, max-snippet:-1, max-image-preview:large, max-video-preview:-1\" \/>\n<link rel=\"canonical\" href=\"https:\/\/tuzlainfo.ba\/index.php\/clanci\/sa-svih-strana\/item\/245470-ko-je-bio-ismail-hanijeh-vodja-hamasa-koji-je-ubijen-u-teheranu\/\" \/>\n<meta property=\"og:locale\" content=\"bs_BA\" \/>\n<meta property=\"og:type\" content=\"article\" \/>\n<meta property=\"og:title\" content=\"Ko je bio Ismail Hanijeh, vo\u0111a Hamasa koji je ubijen u Teheranu - TuzlaInfo.ba\" \/>\n<meta property=\"og:description\" content=\"Politi\u010dki lider Hamasa Ismail Hanijeh, koji je ubijen u svojoj rezidenciji u Teheranu, ro\u0111en je&hellip;\" \/>\n<meta property=\"og:url\" content=\"https:\/\/tuzlainfo.ba\/index.php\/clanci\/sa-svih-strana\/item\/245470-ko-je-bio-ismail-hanijeh-vodja-hamasa-koji-je-ubijen-u-teheranu\/\" \/>\n<meta property=\"og:site_name\" content=\"TuzlaInfo.ba\" \/>\n<meta property=\"article:publisher\" content=\"https:\/\/www.facebook.com\/tuzlainfo.ba\/\" \/>\n<meta property=\"article:published_time\" content=\"2024-07-31T10:01:08+00:00\" \/>\n<meta property=\"article:modified_time\" content=\"2024-07-31T09:22:24+00:00\" \/>\n<meta property=\"og:image\" content=\"https:\/\/tuzlainfo.ba\/wp-content\/uploads\/2024\/07\/3107_haniyeh.jpg\" \/>\n\t<meta property=\"og:image:width\" content=\"800\" \/>\n\t<meta property=\"og:image:height\" content=\"480\" \/>\n\t<meta property=\"og:image:type\" content=\"image\/jpeg\" \/>\n<meta name=\"author\" content=\"admin2\" \/>\n<meta name=\"twitter:card\" content=\"summary_large_image\" \/>\n<meta name=\"twitter:label1\" content=\"Written by\" \/>\n\t<meta name=\"twitter:data1\" content=\"admin2\" \/>\n\t<meta name=\"twitter:label2\" content=\"Est. reading time\" \/>\n\t<meta name=\"twitter:data2\" content=\"2 minute\" \/>\n<script type=\"application\/ld+json\" class=\"yoast-schema-graph\">{\"@context\":\"https:\/\/schema.org\",\"@graph\":[{\"@type\":\"Article\",\"@id\":\"https:\/\/tuzlainfo.ba\/index.php\/clanci\/sa-svih-strana\/item\/245470-ko-je-bio-ismail-hanijeh-vodja-hamasa-koji-je-ubijen-u-teheranu\/#article\",\"isPartOf\":{\"@id\":\"https:\/\/tuzlainfo.ba\/index.php\/clanci\/sa-svih-strana\/item\/245470-ko-je-bio-ismail-hanijeh-vodja-hamasa-koji-je-ubijen-u-teheranu\/\"},\"author\":{\"name\":\"admin2\",\"@id\":\"https:\/\/tuzlainfo.ba\/#\/schema\/person\/f4ebe4fff27e68efb65fa7e18f8af372\"},\"headline\":\"Ko je bio Ismail Hanijeh, vo\u0111a Hamasa koji je ubijen u Teheranu\",\"datePublished\":\"2024-07-31T10:01:08+00:00\",\"dateModified\":\"2024-07-31T09:22:24+00:00\",\"mainEntityOfPage\":{\"@id\":\"https:\/\/tuzlainfo.ba\/index.php\/clanci\/sa-svih-strana\/item\/245470-ko-je-bio-ismail-hanijeh-vodja-hamasa-koji-je-ubijen-u-teheranu\/\"},\"wordCount\":261,\"publisher\":{\"@id\":\"https:\/\/tuzlainfo.ba\/#organization\"},\"image\":{\"@id\":\"https:\/\/tuzlainfo.ba\/index.php\/clanci\/sa-svih-strana\/item\/245470-ko-je-bio-ismail-hanijeh-vodja-hamasa-koji-je-ubijen-u-teheranu\/#primaryimage\"},\"thumbnailUrl\":\"https:\/\/tuzlainfo.ba\/wp-content\/uploads\/2024\/07\/3107_haniyeh.jpg\",\"keywords\":[\"Ismail Haniyeh\"],\"articleSection\":[\"Sa svih strana\"],\"inLanguage\":\"bs-BA\"},{\"@type\":\"WebPage\",\"@id\":\"https:\/\/tuzlainfo.ba\/index.php\/clanci\/sa-svih-strana\/item\/245470-ko-je-bio-ismail-hanijeh-vodja-hamasa-koji-je-ubijen-u-teheranu\/\",\"url\":\"https:\/\/tuzlainfo.ba\/index.php\/clanci\/sa-svih-strana\/item\/245470-ko-je-bio-ismail-hanijeh-vodja-hamasa-koji-je-ubijen-u-teheranu\/\",\"name\":\"Ko je bio Ismail Hanijeh, vo\u0111a Hamasa koji je ubijen u Teheranu - TuzlaInfo.ba\",\"isPartOf\":{\"@id\":\"https:\/\/tuzlainfo.ba\/#website\"},\"primaryImageOfPage\":{\"@id\":\"https:\/\/tuzlainfo.ba\/index.php\/clanci\/sa-svih-strana\/item\/245470-ko-je-bio-ismail-hanijeh-vodja-hamasa-koji-je-ubijen-u-teheranu\/#primaryimage\"},\"image\":{\"@id\":\"https:\/\/tuzlainfo.ba\/index.php\/clanci\/sa-svih-strana\/item\/245470-ko-je-bio-ismail-hanijeh-vodja-hamasa-koji-je-ubijen-u-teheranu\/#primaryimage\"},\"thumbnailUrl\":\"https:\/\/tuzlainfo.ba\/wp-content\/uploads\/2024\/07\/3107_haniyeh.jpg\",\"datePublished\":\"2024-07-31T10:01:08+00:00\",\"dateModified\":\"2024-07-31T09:22:24+00:00\",\"breadcrumb\":{\"@id\":\"https:\/\/tuzlainfo.ba\/index.php\/clanci\/sa-svih-strana\/item\/245470-ko-je-bio-ismail-hanijeh-vodja-hamasa-koji-je-ubijen-u-teheranu\/#breadcrumb\"},\"inLanguage\":\"bs-BA\",\"potentialAction\":[{\"@type\":\"ReadAction\",\"target\":[\"https:\/\/tuzlainfo.ba\/index.php\/clanci\/sa-svih-strana\/item\/245470-ko-je-bio-ismail-hanijeh-vodja-hamasa-koji-je-ubijen-u-teheranu\/\"]}]},{\"@type\":\"ImageObject\",\"inLanguage\":\"bs-BA\",\"@id\":\"https:\/\/tuzlainfo.ba\/index.php\/clanci\/sa-svih-strana\/item\/245470-ko-je-bio-ismail-hanijeh-vodja-hamasa-koji-je-ubijen-u-teheranu\/#primaryimage\",\"url\":\"https:\/\/tuzlainfo.ba\/wp-content\/uploads\/2024\/07\/3107_haniyeh.jpg\",\"contentUrl\":\"https:\/\/tuzlainfo.ba\/wp-content\/uploads\/2024\/07\/3107_haniyeh.jpg\",\"width\":800,\"height\":480},{\"@type\":\"BreadcrumbList\",\"@id\":\"https:\/\/tuzlainfo.ba\/index.php\/clanci\/sa-svih-strana\/item\/245470-ko-je-bio-ismail-hanijeh-vodja-hamasa-koji-je-ubijen-u-teheranu\/#breadcrumb\",\"itemListElement\":[{\"@type\":\"ListItem\",\"position\":1,\"name\":\"Home\",\"item\":\"https:\/\/tuzlainfo.ba\/\"},{\"@type\":\"ListItem\",\"position\":2,\"name\":\"Ko je bio Ismail Hanijeh, vo\u0111a Hamasa koji je ubijen u Teheranu\"}]},{\"@type\":\"WebSite\",\"@id\":\"https:\/\/tuzlainfo.ba\/#website\",\"url\":\"https:\/\/tuzlainfo.ba\/\",\"name\":\"TuzlaInfo.ba\",\"description\":\"Tuzla info, gradski informator - Tuzla na dlanu\",\"publisher\":{\"@id\":\"https:\/\/tuzlainfo.ba\/#organization\"},\"potentialAction\":[{\"@type\":\"SearchAction\",\"target\":{\"@type\":\"EntryPoint\",\"urlTemplate\":\"https:\/\/tuzlainfo.ba\/?s={search_term_string}\"},\"query-input\":{\"@type\":\"PropertyValueSpecification\",\"valueRequired\":true,\"valueName\":\"search_term_string\"}}],\"inLanguage\":\"bs-BA\"},{\"@type\":\"Organization\",\"@id\":\"https:\/\/tuzlainfo.ba\/#organization\",\"name\":\"TuzlaInfo.ba\",\"url\":\"https:\/\/tuzlainfo.ba\/\",\"logo\":{\"@type\":\"ImageObject\",\"inLanguage\":\"bs-BA\",\"@id\":\"https:\/\/tuzlainfo.ba\/#\/schema\/logo\/image\/\",\"url\":\"https:\/\/tuzlainfo.ba\/wp-content\/uploads\/2021\/03\/logo-ver-3-1.png\",\"contentUrl\":\"https:\/\/tuzlainfo.ba\/wp-content\/uploads\/2021\/03\/logo-ver-3-1.png\",\"width\":350,\"height\":95,\"caption\":\"TuzlaInfo.ba\"},\"image\":{\"@id\":\"https:\/\/tuzlainfo.ba\/#\/schema\/logo\/image\/\"},\"sameAs\":[\"https:\/\/www.facebook.com\/tuzlainfo.ba\/\"]},{\"@type\":\"Person\",\"@id\":\"https:\/\/tuzlainfo.ba\/#\/schema\/person\/f4ebe4fff27e68efb65fa7e18f8af372\",\"name\":\"admin2\",\"image\":{\"@type\":\"ImageObject\",\"inLanguage\":\"bs-BA\",\"@id\":\"https:\/\/tuzlainfo.ba\/#\/schema\/person\/image\/\",\"url\":\"https:\/\/tuzlainfo.ba\/wp-content\/litespeed\/avatar\/8219eeb9a43cff2d096e773737736f62.jpg?ver=1777309398\",\"contentUrl\":\"https:\/\/tuzlainfo.ba\/wp-content\/litespeed\/avatar\/8219eeb9a43cff2d096e773737736f62.jpg?ver=1777309398\",\"caption\":\"admin2\"},\"description\":\"Tuzlainfo.ba pratite na dru\u0161tvenim mre\u017eama: Facebook, Instagram i Youtube. Svoje pri\u010de, upite i fotografije \u0161aljite na na\u0161u e-mail adresu.\",\"sameAs\":[\"admin\"]}]}<\/script>\n<!-- \/ Yoast SEO plugin. -->","yoast_head_json":{"title":"Ko je bio Ismail Hanijeh, vo\u0111a Hamasa koji je ubijen u Teheranu - TuzlaInfo.ba","robots":{"index":"index","follow":"follow","max-snippet":"max-snippet:-1","max-image-preview":"max-image-preview:large","max-video-preview":"max-video-preview:-1"},"canonical":"https:\/\/tuzlainfo.ba\/index.php\/clanci\/sa-svih-strana\/item\/245470-ko-je-bio-ismail-hanijeh-vodja-hamasa-koji-je-ubijen-u-teheranu\/","og_locale":"bs_BA","og_type":"article","og_title":"Ko je bio Ismail Hanijeh, vo\u0111a Hamasa koji je ubijen u Teheranu - TuzlaInfo.ba","og_description":"Politi\u010dki lider Hamasa Ismail Hanijeh, koji je ubijen u svojoj rezidenciji u Teheranu, ro\u0111en je&hellip;","og_url":"https:\/\/tuzlainfo.ba\/index.php\/clanci\/sa-svih-strana\/item\/245470-ko-je-bio-ismail-hanijeh-vodja-hamasa-koji-je-ubijen-u-teheranu\/","og_site_name":"TuzlaInfo.ba","article_publisher":"https:\/\/www.facebook.com\/tuzlainfo.ba\/","article_published_time":"2024-07-31T10:01:08+00:00","article_modified_time":"2024-07-31T09:22:24+00:00","og_image":[{"width":800,"height":480,"url":"https:\/\/tuzlainfo.ba\/wp-content\/uploads\/2024\/07\/3107_haniyeh.jpg","type":"image\/jpeg"}],"author":"admin2","twitter_card":"summary_large_image","twitter_misc":{"Written by":"admin2","Est. reading time":"2 minute"},"schema":{"@context":"https:\/\/schema.org","@graph":[{"@type":"Article","@id":"https:\/\/tuzlainfo.ba\/index.php\/clanci\/sa-svih-strana\/item\/245470-ko-je-bio-ismail-hanijeh-vodja-hamasa-koji-je-ubijen-u-teheranu\/#article","isPartOf":{"@id":"https:\/\/tuzlainfo.ba\/index.php\/clanci\/sa-svih-strana\/item\/245470-ko-je-bio-ismail-hanijeh-vodja-hamasa-koji-je-ubijen-u-teheranu\/"},"author":{"name":"admin2","@id":"https:\/\/tuzlainfo.ba\/#\/schema\/person\/f4ebe4fff27e68efb65fa7e18f8af372"},"headline":"Ko je bio Ismail Hanijeh, vo\u0111a Hamasa koji je ubijen u Teheranu","datePublished":"2024-07-31T10:01:08+00:00","dateModified":"2024-07-31T09:22:24+00:00","mainEntityOfPage":{"@id":"https:\/\/tuzlainfo.ba\/index.php\/clanci\/sa-svih-strana\/item\/245470-ko-je-bio-ismail-hanijeh-vodja-hamasa-koji-je-ubijen-u-teheranu\/"},"wordCount":261,"publisher":{"@id":"https:\/\/tuzlainfo.ba\/#organization"},"image":{"@id":"https:\/\/tuzlainfo.ba\/index.php\/clanci\/sa-svih-strana\/item\/245470-ko-je-bio-ismail-hanijeh-vodja-hamasa-koji-je-ubijen-u-teheranu\/#primaryimage"},"thumbnailUrl":"https:\/\/tuzlainfo.ba\/wp-content\/uploads\/2024\/07\/3107_haniyeh.jpg","keywords":["Ismail Haniyeh"],"articleSection":["Sa svih strana"],"inLanguage":"bs-BA"},{"@type":"WebPage","@id":"https:\/\/tuzlainfo.ba\/index.php\/clanci\/sa-svih-strana\/item\/245470-ko-je-bio-ismail-hanijeh-vodja-hamasa-koji-je-ubijen-u-teheranu\/","url":"https:\/\/tuzlainfo.ba\/index.php\/clanci\/sa-svih-strana\/item\/245470-ko-je-bio-ismail-hanijeh-vodja-hamasa-koji-je-ubijen-u-teheranu\/","name":"Ko je bio Ismail Hanijeh, vo\u0111a Hamasa koji je ubijen u Teheranu - TuzlaInfo.ba","isPartOf":{"@id":"https:\/\/tuzlainfo.ba\/#website"},"primaryImageOfPage":{"@id":"https:\/\/tuzlainfo.ba\/index.php\/clanci\/sa-svih-strana\/item\/245470-ko-je-bio-ismail-hanijeh-vodja-hamasa-koji-je-ubijen-u-teheranu\/#primaryimage"},"image":{"@id":"https:\/\/tuzlainfo.ba\/index.php\/clanci\/sa-svih-strana\/item\/245470-ko-je-bio-ismail-hanijeh-vodja-hamasa-koji-je-ubijen-u-teheranu\/#primaryimage"},"thumbnailUrl":"https:\/\/tuzlainfo.ba\/wp-content\/uploads\/2024\/07\/3107_haniyeh.jpg","datePublished":"2024-07-31T10:01:08+00:00","dateModified":"2024-07-31T09:22:24+00:00","breadcrumb":{"@id":"https:\/\/tuzlainfo.ba\/index.php\/clanci\/sa-svih-strana\/item\/245470-ko-je-bio-ismail-hanijeh-vodja-hamasa-koji-je-ubijen-u-teheranu\/#breadcrumb"},"inLanguage":"bs-BA","potentialAction":[{"@type":"ReadAction","target":["https:\/\/tuzlainfo.ba\/index.php\/clanci\/sa-svih-strana\/item\/245470-ko-je-bio-ismail-hanijeh-vodja-hamasa-koji-je-ubijen-u-teheranu\/"]}]},{"@type":"ImageObject","inLanguage":"bs-BA","@id":"https:\/\/tuzlainfo.ba\/index.php\/clanci\/sa-svih-strana\/item\/245470-ko-je-bio-ismail-hanijeh-vodja-hamasa-koji-je-ubijen-u-teheranu\/#primaryimage","url":"https:\/\/tuzlainfo.ba\/wp-content\/uploads\/2024\/07\/3107_haniyeh.jpg","contentUrl":"https:\/\/tuzlainfo.ba\/wp-content\/uploads\/2024\/07\/3107_haniyeh.jpg","width":800,"height":480},{"@type":"BreadcrumbList","@id":"https:\/\/tuzlainfo.ba\/index.php\/clanci\/sa-svih-strana\/item\/245470-ko-je-bio-ismail-hanijeh-vodja-hamasa-koji-je-ubijen-u-teheranu\/#breadcrumb","itemListElement":[{"@type":"ListItem","position":1,"name":"Home","item":"https:\/\/tuzlainfo.ba\/"},{"@type":"ListItem","position":2,"name":"Ko je bio Ismail Hanijeh, vo\u0111a Hamasa koji je ubijen u Teheranu"}]},{"@type":"WebSite","@id":"https:\/\/tuzlainfo.ba\/#website","url":"https:\/\/tuzlainfo.ba\/","name":"TuzlaInfo.ba","description":"Tuzla info, gradski informator - Tuzla na dlanu","publisher":{"@id":"https:\/\/tuzlainfo.ba\/#organization"},"potentialAction":[{"@type":"SearchAction","target":{"@type":"EntryPoint","urlTemplate":"https:\/\/tuzlainfo.ba\/?s={search_term_string}"},"query-input":{"@type":"PropertyValueSpecification","valueRequired":true,"valueName":"search_term_string"}}],"inLanguage":"bs-BA"},{"@type":"Organization","@id":"https:\/\/tuzlainfo.ba\/#organization","name":"TuzlaInfo.ba","url":"https:\/\/tuzlainfo.ba\/","logo":{"@type":"ImageObject","inLanguage":"bs-BA","@id":"https:\/\/tuzlainfo.ba\/#\/schema\/logo\/image\/","url":"https:\/\/tuzlainfo.ba\/wp-content\/uploads\/2021\/03\/logo-ver-3-1.png","contentUrl":"https:\/\/tuzlainfo.ba\/wp-content\/uploads\/2021\/03\/logo-ver-3-1.png","width":350,"height":95,"caption":"TuzlaInfo.ba"},"image":{"@id":"https:\/\/tuzlainfo.ba\/#\/schema\/logo\/image\/"},"sameAs":["https:\/\/www.facebook.com\/tuzlainfo.ba\/"]},{"@type":"Person","@id":"https:\/\/tuzlainfo.ba\/#\/schema\/person\/f4ebe4fff27e68efb65fa7e18f8af372","name":"admin2","image":{"@type":"ImageObject","inLanguage":"bs-BA","@id":"https:\/\/tuzlainfo.ba\/#\/schema\/person\/image\/","url":"https:\/\/tuzlainfo.ba\/wp-content\/litespeed\/avatar\/8219eeb9a43cff2d096e773737736f62.jpg?ver=1777309398","contentUrl":"https:\/\/tuzlainfo.ba\/wp-content\/litespeed\/avatar\/8219eeb9a43cff2d096e773737736f62.jpg?ver=1777309398","caption":"admin2"},"description":"Tuzlainfo.ba pratite na dru\u0161tvenim mre\u017eama: Facebook, Instagram i Youtube. Svoje pri\u010de, upite i fotografije \u0161aljite na na\u0161u e-mail adresu.","sameAs":["admin"]}]}},"_links":{"self":[{"href":"https:\/\/tuzlainfo.ba\/index.php\/wp-json\/wp\/v2\/posts\/245470"}],"collection":[{"href":"https:\/\/tuzlainfo.ba\/index.php\/wp-json\/wp\/v2\/posts"}],"about":[{"href":"https:\/\/tuzlainfo.ba\/index.php\/wp-json\/wp\/v2\/types\/post"}],"author":[{"embeddable":true,"href":"https:\/\/tuzlainfo.ba\/index.php\/wp-json\/wp\/v2\/users\/3"}],"replies":[{"embeddable":true,"href":"https:\/\/tuzlainfo.ba\/index.php\/wp-json\/wp\/v2\/comments?post=245470"}],"version-history":[{"count":1,"href":"https:\/\/tuzlainfo.ba\/index.php\/wp-json\/wp\/v2\/posts\/245470\/revisions"}],"predecessor-version":[{"id":245471,"href":"https:\/\/tuzlainfo.ba\/index.php\/wp-json\/wp\/v2\/posts\/245470\/revisions\/245471"}],"wp:featuredmedia":[{"embeddable":true,"href":"https:\/\/tuzlainfo.ba\/index.php\/wp-json\/wp\/v2\/media\/245455"}],"wp:attachment":[{"href":"https:\/\/tuzlainfo.ba\/index.php\/wp-json\/wp\/v2\/media?parent=245470"}],"wp:term":[{"taxonomy":"category","embeddable":true,"href":"https:\/\/tuzlainfo.ba\/index.php\/wp-json\/wp\/v2\/categories?post=245470"},{"taxonomy":"post_tag","embeddable":true,"href":"https:\/\/tuzlainfo.ba\/index.php\/wp-json\/wp\/v2\/tags?post=245470"}],"curies":[{"name":"wp","href":"https:\/\/api.w.org\/{rel}","templated":true}]}}