{"id":245462,"date":"2024-07-31T09:08:46","date_gmt":"2024-07-31T07:08:46","guid":{"rendered":"https:\/\/tuzlainfo.ba\/?p=245462"},"modified":"2024-07-31T08:35:47","modified_gmt":"2024-07-31T06:35:47","slug":"dok-cekamo-povratak-vozova-ovako-izgleda-pruga-kod-zeljeznicke-stanice-u-tuzli","status":"publish","type":"post","link":"https:\/\/tuzlainfo.ba\/index.php\/novosti\/item\/245462-dok-cekamo-povratak-vozova-ovako-izgleda-pruga-kod-zeljeznicke-stanice-u-tuzli\/","title":{"rendered":"Dok \u010dekamo povratak vozova: Ovako izgleda pruga  kod \u017deljezni\u010dke stanice u Tuzli"},"content":{"rendered":"<p>\u017deljezni\u010dka stanica u Tuzli i saobra\u0107ajne linije vozova ve\u0107 godinama nisu u funkciji u ovom dijelu Bosne i Hecergovine, ostavljaju\u0107i za sobom prizor koji evocira sje\u0107anja na pro\u0161la vremena.<\/p>\n<p>Pru\u017eni prilaz nekada\u0161njoj \u017eeljezni\u010dkoj stanici danas je zarastao u travu, a pruga, nekada vitalna veza izme\u0111u Tuzle i ostatka zemlje, prekrivena je vegetacijom.<\/p>\n<p>Ovaj zapu\u0161teni dio grada svjedo\u010di o promjenama koje su se desile kroz godine, ali i o neiskori\u0161tenom potencijalu koji jo\u0161 uvijek postoji. Stanica, koja je nekada bila centar aktivnosti i susreta, danas je napu\u0161tena i zaboravljena.<\/p>\n<p>Iako je prizor tu\u017ean, on tako\u0111er podsje\u0107a na va\u017enost \u017eeljeznice za grad i njegovu historiju. O\u017eivljavanje \u017eeljezni\u010dkog saobra\u0107aja moglo bi donijeti mnoge benefite, uklju\u010duju\u0107i bolju povezanost, smanjenje saobra\u0107ajnih gu\u017evi i razvoj lokalne ekonomije.<\/p>\n<p>Budu\u0107nost \u017eeljeznice u Tuzli ostaje neizvjesna, ali slike napu\u0161tene stanice i pruge prekrivene travom podsje\u0107aju nas na vrijeme kada je \u017eeljeznica bila \u017eila kucavica grada. Mo\u017eda \u0107e jednog dana ponovno o\u017eivjeti, donose\u0107i novi \u017eivot i energiju u ovaj zaboravljeni kutak Tuzle.<\/p>\n<p>Podsje\u0107amo, od 14. decembra 2019. godine Tuzlanskim kantonom i ovom dionicom ne prometuju putni\u010dki vozovi i to nakon \u0161to su \u017deljeznice RS-a skratile trasu saobra\u0107anja putni\u010dkog voza Doboj-Tuzla na relaciju Doboj-Petrovo. Me\u0111utim, kada je u pitanju putni\u010dki saobra\u0107aj, \u017deljeznice Federacije BiH su Tuzlanski kanton napustile jo\u0161 2012. godine kada je ukinut voz Tuzla-Br\u010dko-Tuzla.<strong>\/S.P.\/<\/strong><\/p>\n","protected":false},"excerpt":{"rendered":"<p>\u017deljezni\u010dka stanica u Tuzli i saobra\u0107ajne linije vozova ve\u0107 godinama nisu u funkciji u ovom&hellip;<\/p>\n","protected":false},"author":2,"featured_media":245463,"comment_status":"closed","ping_status":"closed","sticky":false,"template":"","format":"standard","meta":{"_acf_changed":false,"footnotes":""},"categories":[304,12],"tags":[42,3660],"acf":[],"yoast_head":"<!-- This site is optimized with the Yoast SEO plugin v23.5 - https:\/\/yoast.com\/wordpress\/plugins\/seo\/ -->\n<title>Dok \u010dekamo povratak vozova: Ovako izgleda pruga kod \u017deljezni\u010dke stanice u Tuzli - TuzlaInfo.ba<\/title>\n<meta name=\"robots\" content=\"index, follow, max-snippet:-1, max-image-preview:large, max-video-preview:-1\" \/>\n<link rel=\"canonical\" href=\"https:\/\/tuzlainfo.ba\/index.php\/novosti\/item\/245462-dok-cekamo-povratak-vozova-ovako-izgleda-pruga-kod-zeljeznicke-stanice-u-tuzli\/\" \/>\n<meta property=\"og:locale\" content=\"bs_BA\" \/>\n<meta property=\"og:type\" content=\"article\" \/>\n<meta property=\"og:title\" content=\"Dok \u010dekamo povratak vozova: Ovako izgleda pruga kod \u017deljezni\u010dke stanice u Tuzli - TuzlaInfo.ba\" \/>\n<meta property=\"og:description\" content=\"\u017deljezni\u010dka stanica u Tuzli i saobra\u0107ajne linije vozova ve\u0107 godinama nisu u funkciji u ovom&hellip;\" \/>\n<meta property=\"og:url\" content=\"https:\/\/tuzlainfo.ba\/index.php\/novosti\/item\/245462-dok-cekamo-povratak-vozova-ovako-izgleda-pruga-kod-zeljeznicke-stanice-u-tuzli\/\" \/>\n<meta property=\"og:site_name\" content=\"TuzlaInfo.ba\" \/>\n<meta property=\"article:publisher\" content=\"https:\/\/www.facebook.com\/tuzlainfo.ba\/\" \/>\n<meta property=\"article:published_time\" content=\"2024-07-31T07:08:46+00:00\" \/>\n<meta property=\"article:modified_time\" content=\"2024-07-31T06:35:47+00:00\" \/>\n<meta property=\"og:image\" content=\"https:\/\/tuzlainfo.ba\/wp-content\/uploads\/2024\/07\/3107_pruga.jpg\" \/>\n\t<meta property=\"og:image:width\" content=\"1000\" \/>\n\t<meta property=\"og:image:height\" content=\"744\" \/>\n\t<meta property=\"og:image:type\" content=\"image\/jpeg\" \/>\n<meta name=\"author\" content=\"nedim\" \/>\n<meta name=\"twitter:card\" content=\"summary_large_image\" \/>\n<meta name=\"twitter:label1\" content=\"Written by\" \/>\n\t<meta name=\"twitter:data1\" content=\"nedim\" \/>\n\t<meta name=\"twitter:label2\" content=\"Est. reading time\" \/>\n\t<meta name=\"twitter:data2\" content=\"2 minute\" \/>\n<script type=\"application\/ld+json\" class=\"yoast-schema-graph\">{\"@context\":\"https:\/\/schema.org\",\"@graph\":[{\"@type\":\"Article\",\"@id\":\"https:\/\/tuzlainfo.ba\/index.php\/novosti\/item\/245462-dok-cekamo-povratak-vozova-ovako-izgleda-pruga-kod-zeljeznicke-stanice-u-tuzli\/#article\",\"isPartOf\":{\"@id\":\"https:\/\/tuzlainfo.ba\/index.php\/novosti\/item\/245462-dok-cekamo-povratak-vozova-ovako-izgleda-pruga-kod-zeljeznicke-stanice-u-tuzli\/\"},\"author\":{\"name\":\"nedim\",\"@id\":\"https:\/\/tuzlainfo.ba\/#\/schema\/person\/f434e20dc27ea133923aab08451b7f7f\"},\"headline\":\"Dok \u010dekamo povratak vozova: Ovako izgleda pruga kod \u017deljezni\u010dke stanice u Tuzli\",\"datePublished\":\"2024-07-31T07:08:46+00:00\",\"dateModified\":\"2024-07-31T06:35:47+00:00\",\"mainEntityOfPage\":{\"@id\":\"https:\/\/tuzlainfo.ba\/index.php\/novosti\/item\/245462-dok-cekamo-povratak-vozova-ovako-izgleda-pruga-kod-zeljeznicke-stanice-u-tuzli\/\"},\"wordCount\":265,\"publisher\":{\"@id\":\"https:\/\/tuzlainfo.ba\/#organization\"},\"image\":{\"@id\":\"https:\/\/tuzlainfo.ba\/index.php\/novosti\/item\/245462-dok-cekamo-povratak-vozova-ovako-izgleda-pruga-kod-zeljeznicke-stanice-u-tuzli\/#primaryimage\"},\"thumbnailUrl\":\"https:\/\/tuzlainfo.ba\/wp-content\/uploads\/2024\/07\/3107_pruga.jpg\",\"keywords\":[\"tuzla\",\"\u017eeljezni\u010dka stanica\"],\"articleSection\":[\"Istaknuto\",\"Novosti\"],\"inLanguage\":\"bs-BA\"},{\"@type\":\"WebPage\",\"@id\":\"https:\/\/tuzlainfo.ba\/index.php\/novosti\/item\/245462-dok-cekamo-povratak-vozova-ovako-izgleda-pruga-kod-zeljeznicke-stanice-u-tuzli\/\",\"url\":\"https:\/\/tuzlainfo.ba\/index.php\/novosti\/item\/245462-dok-cekamo-povratak-vozova-ovako-izgleda-pruga-kod-zeljeznicke-stanice-u-tuzli\/\",\"name\":\"Dok \u010dekamo povratak vozova: Ovako izgleda pruga kod \u017deljezni\u010dke stanice u Tuzli - TuzlaInfo.ba\",\"isPartOf\":{\"@id\":\"https:\/\/tuzlainfo.ba\/#website\"},\"primaryImageOfPage\":{\"@id\":\"https:\/\/tuzlainfo.ba\/index.php\/novosti\/item\/245462-dok-cekamo-povratak-vozova-ovako-izgleda-pruga-kod-zeljeznicke-stanice-u-tuzli\/#primaryimage\"},\"image\":{\"@id\":\"https:\/\/tuzlainfo.ba\/index.php\/novosti\/item\/245462-dok-cekamo-povratak-vozova-ovako-izgleda-pruga-kod-zeljeznicke-stanice-u-tuzli\/#primaryimage\"},\"thumbnailUrl\":\"https:\/\/tuzlainfo.ba\/wp-content\/uploads\/2024\/07\/3107_pruga.jpg\",\"datePublished\":\"2024-07-31T07:08:46+00:00\",\"dateModified\":\"2024-07-31T06:35:47+00:00\",\"breadcrumb\":{\"@id\":\"https:\/\/tuzlainfo.ba\/index.php\/novosti\/item\/245462-dok-cekamo-povratak-vozova-ovako-izgleda-pruga-kod-zeljeznicke-stanice-u-tuzli\/#breadcrumb\"},\"inLanguage\":\"bs-BA\",\"potentialAction\":[{\"@type\":\"ReadAction\",\"target\":[\"https:\/\/tuzlainfo.ba\/index.php\/novosti\/item\/245462-dok-cekamo-povratak-vozova-ovako-izgleda-pruga-kod-zeljeznicke-stanice-u-tuzli\/\"]}]},{\"@type\":\"ImageObject\",\"inLanguage\":\"bs-BA\",\"@id\":\"https:\/\/tuzlainfo.ba\/index.php\/novosti\/item\/245462-dok-cekamo-povratak-vozova-ovako-izgleda-pruga-kod-zeljeznicke-stanice-u-tuzli\/#primaryimage\",\"url\":\"https:\/\/tuzlainfo.ba\/wp-content\/uploads\/2024\/07\/3107_pruga.jpg\",\"contentUrl\":\"https:\/\/tuzlainfo.ba\/wp-content\/uploads\/2024\/07\/3107_pruga.jpg\",\"width\":1000,\"height\":744},{\"@type\":\"BreadcrumbList\",\"@id\":\"https:\/\/tuzlainfo.ba\/index.php\/novosti\/item\/245462-dok-cekamo-povratak-vozova-ovako-izgleda-pruga-kod-zeljeznicke-stanice-u-tuzli\/#breadcrumb\",\"itemListElement\":[{\"@type\":\"ListItem\",\"position\":1,\"name\":\"Home\",\"item\":\"https:\/\/tuzlainfo.ba\/\"},{\"@type\":\"ListItem\",\"position\":2,\"name\":\"Dok \u010dekamo povratak vozova: Ovako izgleda pruga kod \u017deljezni\u010dke stanice u Tuzli\"}]},{\"@type\":\"WebSite\",\"@id\":\"https:\/\/tuzlainfo.ba\/#website\",\"url\":\"https:\/\/tuzlainfo.ba\/\",\"name\":\"TuzlaInfo.ba\",\"description\":\"Tuzla info, gradski informator - Tuzla na dlanu\",\"publisher\":{\"@id\":\"https:\/\/tuzlainfo.ba\/#organization\"},\"potentialAction\":[{\"@type\":\"SearchAction\",\"target\":{\"@type\":\"EntryPoint\",\"urlTemplate\":\"https:\/\/tuzlainfo.ba\/?s={search_term_string}\"},\"query-input\":{\"@type\":\"PropertyValueSpecification\",\"valueRequired\":true,\"valueName\":\"search_term_string\"}}],\"inLanguage\":\"bs-BA\"},{\"@type\":\"Organization\",\"@id\":\"https:\/\/tuzlainfo.ba\/#organization\",\"name\":\"TuzlaInfo.ba\",\"url\":\"https:\/\/tuzlainfo.ba\/\",\"logo\":{\"@type\":\"ImageObject\",\"inLanguage\":\"bs-BA\",\"@id\":\"https:\/\/tuzlainfo.ba\/#\/schema\/logo\/image\/\",\"url\":\"https:\/\/tuzlainfo.ba\/wp-content\/uploads\/2021\/03\/logo-ver-3-1.png\",\"contentUrl\":\"https:\/\/tuzlainfo.ba\/wp-content\/uploads\/2021\/03\/logo-ver-3-1.png\",\"width\":350,\"height\":95,\"caption\":\"TuzlaInfo.ba\"},\"image\":{\"@id\":\"https:\/\/tuzlainfo.ba\/#\/schema\/logo\/image\/\"},\"sameAs\":[\"https:\/\/www.facebook.com\/tuzlainfo.ba\/\"]},{\"@type\":\"Person\",\"@id\":\"https:\/\/tuzlainfo.ba\/#\/schema\/person\/f434e20dc27ea133923aab08451b7f7f\",\"name\":\"nedim\",\"image\":{\"@type\":\"ImageObject\",\"inLanguage\":\"bs-BA\",\"@id\":\"https:\/\/tuzlainfo.ba\/#\/schema\/person\/image\/\",\"url\":\"https:\/\/tuzlainfo.ba\/wp-content\/litespeed\/avatar\/aabad687af24844af817603ac1cbdc4f.jpg?ver=1777306975\",\"contentUrl\":\"https:\/\/tuzlainfo.ba\/wp-content\/litespeed\/avatar\/aabad687af24844af817603ac1cbdc4f.jpg?ver=1777306975\",\"caption\":\"nedim\"},\"description\":\"Tuzlainfo.ba pratite na dru\u0161tvenim mre\u017eama: Facebook, Instagram i Youtube. Svoje pri\u010de, upite i fotografije \u0161aljite na na\u0161u e-mail adresu.\"}]}<\/script>\n<!-- \/ Yoast SEO plugin. -->","yoast_head_json":{"title":"Dok \u010dekamo povratak vozova: Ovako izgleda pruga kod \u017deljezni\u010dke stanice u Tuzli - TuzlaInfo.ba","robots":{"index":"index","follow":"follow","max-snippet":"max-snippet:-1","max-image-preview":"max-image-preview:large","max-video-preview":"max-video-preview:-1"},"canonical":"https:\/\/tuzlainfo.ba\/index.php\/novosti\/item\/245462-dok-cekamo-povratak-vozova-ovako-izgleda-pruga-kod-zeljeznicke-stanice-u-tuzli\/","og_locale":"bs_BA","og_type":"article","og_title":"Dok \u010dekamo povratak vozova: Ovako izgleda pruga kod \u017deljezni\u010dke stanice u Tuzli - TuzlaInfo.ba","og_description":"\u017deljezni\u010dka stanica u Tuzli i saobra\u0107ajne linije vozova ve\u0107 godinama nisu u funkciji u ovom&hellip;","og_url":"https:\/\/tuzlainfo.ba\/index.php\/novosti\/item\/245462-dok-cekamo-povratak-vozova-ovako-izgleda-pruga-kod-zeljeznicke-stanice-u-tuzli\/","og_site_name":"TuzlaInfo.ba","article_publisher":"https:\/\/www.facebook.com\/tuzlainfo.ba\/","article_published_time":"2024-07-31T07:08:46+00:00","article_modified_time":"2024-07-31T06:35:47+00:00","og_image":[{"width":1000,"height":744,"url":"https:\/\/tuzlainfo.ba\/wp-content\/uploads\/2024\/07\/3107_pruga.jpg","type":"image\/jpeg"}],"author":"nedim","twitter_card":"summary_large_image","twitter_misc":{"Written by":"nedim","Est. reading time":"2 minute"},"schema":{"@context":"https:\/\/schema.org","@graph":[{"@type":"Article","@id":"https:\/\/tuzlainfo.ba\/index.php\/novosti\/item\/245462-dok-cekamo-povratak-vozova-ovako-izgleda-pruga-kod-zeljeznicke-stanice-u-tuzli\/#article","isPartOf":{"@id":"https:\/\/tuzlainfo.ba\/index.php\/novosti\/item\/245462-dok-cekamo-povratak-vozova-ovako-izgleda-pruga-kod-zeljeznicke-stanice-u-tuzli\/"},"author":{"name":"nedim","@id":"https:\/\/tuzlainfo.ba\/#\/schema\/person\/f434e20dc27ea133923aab08451b7f7f"},"headline":"Dok \u010dekamo povratak vozova: Ovako izgleda pruga kod \u017deljezni\u010dke stanice u Tuzli","datePublished":"2024-07-31T07:08:46+00:00","dateModified":"2024-07-31T06:35:47+00:00","mainEntityOfPage":{"@id":"https:\/\/tuzlainfo.ba\/index.php\/novosti\/item\/245462-dok-cekamo-povratak-vozova-ovako-izgleda-pruga-kod-zeljeznicke-stanice-u-tuzli\/"},"wordCount":265,"publisher":{"@id":"https:\/\/tuzlainfo.ba\/#organization"},"image":{"@id":"https:\/\/tuzlainfo.ba\/index.php\/novosti\/item\/245462-dok-cekamo-povratak-vozova-ovako-izgleda-pruga-kod-zeljeznicke-stanice-u-tuzli\/#primaryimage"},"thumbnailUrl":"https:\/\/tuzlainfo.ba\/wp-content\/uploads\/2024\/07\/3107_pruga.jpg","keywords":["tuzla","\u017eeljezni\u010dka stanica"],"articleSection":["Istaknuto","Novosti"],"inLanguage":"bs-BA"},{"@type":"WebPage","@id":"https:\/\/tuzlainfo.ba\/index.php\/novosti\/item\/245462-dok-cekamo-povratak-vozova-ovako-izgleda-pruga-kod-zeljeznicke-stanice-u-tuzli\/","url":"https:\/\/tuzlainfo.ba\/index.php\/novosti\/item\/245462-dok-cekamo-povratak-vozova-ovako-izgleda-pruga-kod-zeljeznicke-stanice-u-tuzli\/","name":"Dok \u010dekamo povratak vozova: Ovako izgleda pruga kod \u017deljezni\u010dke stanice u Tuzli - TuzlaInfo.ba","isPartOf":{"@id":"https:\/\/tuzlainfo.ba\/#website"},"primaryImageOfPage":{"@id":"https:\/\/tuzlainfo.ba\/index.php\/novosti\/item\/245462-dok-cekamo-povratak-vozova-ovako-izgleda-pruga-kod-zeljeznicke-stanice-u-tuzli\/#primaryimage"},"image":{"@id":"https:\/\/tuzlainfo.ba\/index.php\/novosti\/item\/245462-dok-cekamo-povratak-vozova-ovako-izgleda-pruga-kod-zeljeznicke-stanice-u-tuzli\/#primaryimage"},"thumbnailUrl":"https:\/\/tuzlainfo.ba\/wp-content\/uploads\/2024\/07\/3107_pruga.jpg","datePublished":"2024-07-31T07:08:46+00:00","dateModified":"2024-07-31T06:35:47+00:00","breadcrumb":{"@id":"https:\/\/tuzlainfo.ba\/index.php\/novosti\/item\/245462-dok-cekamo-povratak-vozova-ovako-izgleda-pruga-kod-zeljeznicke-stanice-u-tuzli\/#breadcrumb"},"inLanguage":"bs-BA","potentialAction":[{"@type":"ReadAction","target":["https:\/\/tuzlainfo.ba\/index.php\/novosti\/item\/245462-dok-cekamo-povratak-vozova-ovako-izgleda-pruga-kod-zeljeznicke-stanice-u-tuzli\/"]}]},{"@type":"ImageObject","inLanguage":"bs-BA","@id":"https:\/\/tuzlainfo.ba\/index.php\/novosti\/item\/245462-dok-cekamo-povratak-vozova-ovako-izgleda-pruga-kod-zeljeznicke-stanice-u-tuzli\/#primaryimage","url":"https:\/\/tuzlainfo.ba\/wp-content\/uploads\/2024\/07\/3107_pruga.jpg","contentUrl":"https:\/\/tuzlainfo.ba\/wp-content\/uploads\/2024\/07\/3107_pruga.jpg","width":1000,"height":744},{"@type":"BreadcrumbList","@id":"https:\/\/tuzlainfo.ba\/index.php\/novosti\/item\/245462-dok-cekamo-povratak-vozova-ovako-izgleda-pruga-kod-zeljeznicke-stanice-u-tuzli\/#breadcrumb","itemListElement":[{"@type":"ListItem","position":1,"name":"Home","item":"https:\/\/tuzlainfo.ba\/"},{"@type":"ListItem","position":2,"name":"Dok \u010dekamo povratak vozova: Ovako izgleda pruga kod \u017deljezni\u010dke stanice u Tuzli"}]},{"@type":"WebSite","@id":"https:\/\/tuzlainfo.ba\/#website","url":"https:\/\/tuzlainfo.ba\/","name":"TuzlaInfo.ba","description":"Tuzla info, gradski informator - Tuzla na dlanu","publisher":{"@id":"https:\/\/tuzlainfo.ba\/#organization"},"potentialAction":[{"@type":"SearchAction","target":{"@type":"EntryPoint","urlTemplate":"https:\/\/tuzlainfo.ba\/?s={search_term_string}"},"query-input":{"@type":"PropertyValueSpecification","valueRequired":true,"valueName":"search_term_string"}}],"inLanguage":"bs-BA"},{"@type":"Organization","@id":"https:\/\/tuzlainfo.ba\/#organization","name":"TuzlaInfo.ba","url":"https:\/\/tuzlainfo.ba\/","logo":{"@type":"ImageObject","inLanguage":"bs-BA","@id":"https:\/\/tuzlainfo.ba\/#\/schema\/logo\/image\/","url":"https:\/\/tuzlainfo.ba\/wp-content\/uploads\/2021\/03\/logo-ver-3-1.png","contentUrl":"https:\/\/tuzlainfo.ba\/wp-content\/uploads\/2021\/03\/logo-ver-3-1.png","width":350,"height":95,"caption":"TuzlaInfo.ba"},"image":{"@id":"https:\/\/tuzlainfo.ba\/#\/schema\/logo\/image\/"},"sameAs":["https:\/\/www.facebook.com\/tuzlainfo.ba\/"]},{"@type":"Person","@id":"https:\/\/tuzlainfo.ba\/#\/schema\/person\/f434e20dc27ea133923aab08451b7f7f","name":"nedim","image":{"@type":"ImageObject","inLanguage":"bs-BA","@id":"https:\/\/tuzlainfo.ba\/#\/schema\/person\/image\/","url":"https:\/\/tuzlainfo.ba\/wp-content\/litespeed\/avatar\/aabad687af24844af817603ac1cbdc4f.jpg?ver=1777306975","contentUrl":"https:\/\/tuzlainfo.ba\/wp-content\/litespeed\/avatar\/aabad687af24844af817603ac1cbdc4f.jpg?ver=1777306975","caption":"nedim"},"description":"Tuzlainfo.ba pratite na dru\u0161tvenim mre\u017eama: Facebook, Instagram i Youtube. Svoje pri\u010de, upite i fotografije \u0161aljite na na\u0161u e-mail adresu."}]}},"_links":{"self":[{"href":"https:\/\/tuzlainfo.ba\/index.php\/wp-json\/wp\/v2\/posts\/245462"}],"collection":[{"href":"https:\/\/tuzlainfo.ba\/index.php\/wp-json\/wp\/v2\/posts"}],"about":[{"href":"https:\/\/tuzlainfo.ba\/index.php\/wp-json\/wp\/v2\/types\/post"}],"author":[{"embeddable":true,"href":"https:\/\/tuzlainfo.ba\/index.php\/wp-json\/wp\/v2\/users\/2"}],"replies":[{"embeddable":true,"href":"https:\/\/tuzlainfo.ba\/index.php\/wp-json\/wp\/v2\/comments?post=245462"}],"version-history":[{"count":1,"href":"https:\/\/tuzlainfo.ba\/index.php\/wp-json\/wp\/v2\/posts\/245462\/revisions"}],"predecessor-version":[{"id":245464,"href":"https:\/\/tuzlainfo.ba\/index.php\/wp-json\/wp\/v2\/posts\/245462\/revisions\/245464"}],"wp:featuredmedia":[{"embeddable":true,"href":"https:\/\/tuzlainfo.ba\/index.php\/wp-json\/wp\/v2\/media\/245463"}],"wp:attachment":[{"href":"https:\/\/tuzlainfo.ba\/index.php\/wp-json\/wp\/v2\/media?parent=245462"}],"wp:term":[{"taxonomy":"category","embeddable":true,"href":"https:\/\/tuzlainfo.ba\/index.php\/wp-json\/wp\/v2\/categories?post=245462"},{"taxonomy":"post_tag","embeddable":true,"href":"https:\/\/tuzlainfo.ba\/index.php\/wp-json\/wp\/v2\/tags?post=245462"}],"curies":[{"name":"wp","href":"https:\/\/api.w.org\/{rel}","templated":true}]}}