{"id":245454,"date":"2024-07-31T08:03:45","date_gmt":"2024-07-31T06:03:45","guid":{"rendered":"https:\/\/tuzlainfo.ba\/?p=245454"},"modified":"2024-07-31T08:03:45","modified_gmt":"2024-07-31T06:03:45","slug":"lider-hamasa-ismail-haniyeh-ubijen-u-iranu","status":"publish","type":"post","link":"https:\/\/tuzlainfo.ba\/index.php\/clanci\/sa-svih-strana\/item\/245454-lider-hamasa-ismail-haniyeh-ubijen-u-iranu\/","title":{"rendered":"Lider Hamasa Ismail Haniyeh ubijen u Iranu"},"content":{"rendered":"<div id=\"excerpt\" class=\"mt-5 md:mt-0 xl:mt-0 mb-5 font-sans font-semibold text-lg lg:text-xl leading-6 md:leading-7\"><span class=\"lead pt-0\">Lider Hamasa Ismail Haniyeh ubijen je u Teheranu, objavila je Iranska revolucionarna garda (IRGC).<\/span><\/div>\n<div id=\"intext_container\" class=\"dark:bg-dark_light\"><\/div>\n<div id=\"text\" class=\"break-words mt-3 text-lg lg:text-xl space-y-4 mb-3 leading-6 md:leading-8 dark:text-gray-200\">Kako prenosi Daily Sabah, ubijen je i njegov tjeohranitelj.&#8221;Rezidencija Ismaila Haniyeha, \u0161efa politi\u010dke kancelarije Islamskog otpora Hamasa, pogo\u0111ena je u Teheranu, a kao rezultat ovog incidenta, on i jedan od njegovih tjelohranitelja su ubijeni&#8221;, navodi se u saop\u0107enju.<\/p>\n<p>Hamas je objavio da je Haniyeh ubijen nakon \u0161to je u\u010destvovao u inauguraciji novog iranskog predsjednika.<\/p>\n<p>U saop\u0107enju se navodi da \u0107e se Hamas zbog ovog ubistva osvetiti Izraelu.<\/p>\n<p>Iako niko jo\u0161 nije preuzeo odgovornost za ubistvo Haniyeha, sumnja je odmah pala na Izrael koji je obe\u0107ao da \u0107e ubiti njega i druge vo\u0111e Hamasa zbog napada na Izrael 7. oktobra 2023. godine.<\/p>\n<p>Pro\u0161li mjesec najmanje 10 \u010dlanova porodice Ismaila Haniyeha ubijeno je u izraelskom zra\u010dnom napadu koji je pogodio zapadni dio grada Gaze.<\/p>\n<p>Ve\u0107ina lidera Hamasa dr\u017ei se prikriveno u javnosti, dok su drugi proveli ve\u0107i dio \u017eivota izbjegavaju\u0107i poku\u0161aje atentata od strane Izraela.<\/p>\n<p>Glasnogovornik iranskog ministarstva vanjskih poslova rekao je da \u201ckrv Ismaela Haniyeha ne\u0107e biti uzaludno prolivena\u201d, nakon \u0161to je vo\u0111a Hamasa ubijen u Teheranu.<\/p>\n<p>\u201cHaniyehovo mu\u010deni\u0161tvo u Teheranu oja\u010dat \u0107e duboku i neraskidivu vezu izme\u0111u Teherana, Palestine i otpora\u201d, rekao je Nasser Kanaani, prema iranskim dr\u017eavnim medijima.<\/p>\n<\/div>\n","protected":false},"excerpt":{"rendered":"<p>Lider Hamasa Ismail Haniyeh ubijen je u Teheranu, objavila je Iranska revolucionarna garda (IRGC). Kako&hellip;<\/p>\n","protected":false},"author":2,"featured_media":245455,"comment_status":"closed","ping_status":"closed","sticky":false,"template":"","format":"standard","meta":{"_acf_changed":false,"footnotes":""},"categories":[16],"tags":[1160,1201,10628],"acf":[],"yoast_head":"<!-- This site is optimized with the Yoast SEO plugin v23.5 - https:\/\/yoast.com\/wordpress\/plugins\/seo\/ -->\n<title>Lider Hamasa Ismail Haniyeh ubijen u Iranu - TuzlaInfo.ba<\/title>\n<meta name=\"robots\" content=\"index, follow, max-snippet:-1, max-image-preview:large, max-video-preview:-1\" \/>\n<link rel=\"canonical\" href=\"https:\/\/tuzlainfo.ba\/index.php\/clanci\/sa-svih-strana\/item\/245454-lider-hamasa-ismail-haniyeh-ubijen-u-iranu\/\" \/>\n<meta property=\"og:locale\" content=\"bs_BA\" \/>\n<meta property=\"og:type\" content=\"article\" \/>\n<meta property=\"og:title\" content=\"Lider Hamasa Ismail Haniyeh ubijen u Iranu - TuzlaInfo.ba\" \/>\n<meta property=\"og:description\" content=\"Lider Hamasa Ismail Haniyeh ubijen je u Teheranu, objavila je Iranska revolucionarna garda (IRGC). Kako&hellip;\" \/>\n<meta property=\"og:url\" content=\"https:\/\/tuzlainfo.ba\/index.php\/clanci\/sa-svih-strana\/item\/245454-lider-hamasa-ismail-haniyeh-ubijen-u-iranu\/\" \/>\n<meta property=\"og:site_name\" content=\"TuzlaInfo.ba\" \/>\n<meta property=\"article:publisher\" content=\"https:\/\/www.facebook.com\/tuzlainfo.ba\/\" \/>\n<meta property=\"article:published_time\" content=\"2024-07-31T06:03:45+00:00\" \/>\n<meta property=\"og:image\" content=\"https:\/\/tuzlainfo.ba\/wp-content\/uploads\/2024\/07\/3107_haniyeh.jpg\" \/>\n\t<meta property=\"og:image:width\" content=\"800\" \/>\n\t<meta property=\"og:image:height\" content=\"480\" \/>\n\t<meta property=\"og:image:type\" content=\"image\/jpeg\" \/>\n<meta name=\"author\" content=\"nedim\" \/>\n<meta name=\"twitter:card\" content=\"summary_large_image\" \/>\n<meta name=\"twitter:label1\" content=\"Written by\" \/>\n\t<meta name=\"twitter:data1\" content=\"nedim\" \/>\n\t<meta name=\"twitter:label2\" content=\"Est. reading time\" \/>\n\t<meta name=\"twitter:data2\" content=\"2 minute\" \/>\n<script type=\"application\/ld+json\" class=\"yoast-schema-graph\">{\"@context\":\"https:\/\/schema.org\",\"@graph\":[{\"@type\":\"Article\",\"@id\":\"https:\/\/tuzlainfo.ba\/index.php\/clanci\/sa-svih-strana\/item\/245454-lider-hamasa-ismail-haniyeh-ubijen-u-iranu\/#article\",\"isPartOf\":{\"@id\":\"https:\/\/tuzlainfo.ba\/index.php\/clanci\/sa-svih-strana\/item\/245454-lider-hamasa-ismail-haniyeh-ubijen-u-iranu\/\"},\"author\":{\"name\":\"nedim\",\"@id\":\"https:\/\/tuzlainfo.ba\/#\/schema\/person\/f434e20dc27ea133923aab08451b7f7f\"},\"headline\":\"Lider Hamasa Ismail Haniyeh ubijen u Iranu\",\"datePublished\":\"2024-07-31T06:03:45+00:00\",\"dateModified\":\"2024-07-31T06:03:45+00:00\",\"mainEntityOfPage\":{\"@id\":\"https:\/\/tuzlainfo.ba\/index.php\/clanci\/sa-svih-strana\/item\/245454-lider-hamasa-ismail-haniyeh-ubijen-u-iranu\/\"},\"wordCount\":229,\"publisher\":{\"@id\":\"https:\/\/tuzlainfo.ba\/#organization\"},\"image\":{\"@id\":\"https:\/\/tuzlainfo.ba\/index.php\/clanci\/sa-svih-strana\/item\/245454-lider-hamasa-ismail-haniyeh-ubijen-u-iranu\/#primaryimage\"},\"thumbnailUrl\":\"https:\/\/tuzlainfo.ba\/wp-content\/uploads\/2024\/07\/3107_haniyeh.jpg\",\"keywords\":[\"hamas\",\"iran\",\"Ismail Haniyeh\"],\"articleSection\":[\"Sa svih strana\"],\"inLanguage\":\"bs-BA\"},{\"@type\":\"WebPage\",\"@id\":\"https:\/\/tuzlainfo.ba\/index.php\/clanci\/sa-svih-strana\/item\/245454-lider-hamasa-ismail-haniyeh-ubijen-u-iranu\/\",\"url\":\"https:\/\/tuzlainfo.ba\/index.php\/clanci\/sa-svih-strana\/item\/245454-lider-hamasa-ismail-haniyeh-ubijen-u-iranu\/\",\"name\":\"Lider Hamasa Ismail Haniyeh ubijen u Iranu - TuzlaInfo.ba\",\"isPartOf\":{\"@id\":\"https:\/\/tuzlainfo.ba\/#website\"},\"primaryImageOfPage\":{\"@id\":\"https:\/\/tuzlainfo.ba\/index.php\/clanci\/sa-svih-strana\/item\/245454-lider-hamasa-ismail-haniyeh-ubijen-u-iranu\/#primaryimage\"},\"image\":{\"@id\":\"https:\/\/tuzlainfo.ba\/index.php\/clanci\/sa-svih-strana\/item\/245454-lider-hamasa-ismail-haniyeh-ubijen-u-iranu\/#primaryimage\"},\"thumbnailUrl\":\"https:\/\/tuzlainfo.ba\/wp-content\/uploads\/2024\/07\/3107_haniyeh.jpg\",\"datePublished\":\"2024-07-31T06:03:45+00:00\",\"dateModified\":\"2024-07-31T06:03:45+00:00\",\"breadcrumb\":{\"@id\":\"https:\/\/tuzlainfo.ba\/index.php\/clanci\/sa-svih-strana\/item\/245454-lider-hamasa-ismail-haniyeh-ubijen-u-iranu\/#breadcrumb\"},\"inLanguage\":\"bs-BA\",\"potentialAction\":[{\"@type\":\"ReadAction\",\"target\":[\"https:\/\/tuzlainfo.ba\/index.php\/clanci\/sa-svih-strana\/item\/245454-lider-hamasa-ismail-haniyeh-ubijen-u-iranu\/\"]}]},{\"@type\":\"ImageObject\",\"inLanguage\":\"bs-BA\",\"@id\":\"https:\/\/tuzlainfo.ba\/index.php\/clanci\/sa-svih-strana\/item\/245454-lider-hamasa-ismail-haniyeh-ubijen-u-iranu\/#primaryimage\",\"url\":\"https:\/\/tuzlainfo.ba\/wp-content\/uploads\/2024\/07\/3107_haniyeh.jpg\",\"contentUrl\":\"https:\/\/tuzlainfo.ba\/wp-content\/uploads\/2024\/07\/3107_haniyeh.jpg\",\"width\":800,\"height\":480},{\"@type\":\"BreadcrumbList\",\"@id\":\"https:\/\/tuzlainfo.ba\/index.php\/clanci\/sa-svih-strana\/item\/245454-lider-hamasa-ismail-haniyeh-ubijen-u-iranu\/#breadcrumb\",\"itemListElement\":[{\"@type\":\"ListItem\",\"position\":1,\"name\":\"Home\",\"item\":\"https:\/\/tuzlainfo.ba\/\"},{\"@type\":\"ListItem\",\"position\":2,\"name\":\"Lider Hamasa Ismail Haniyeh ubijen u Iranu\"}]},{\"@type\":\"WebSite\",\"@id\":\"https:\/\/tuzlainfo.ba\/#website\",\"url\":\"https:\/\/tuzlainfo.ba\/\",\"name\":\"TuzlaInfo.ba\",\"description\":\"Tuzla info, gradski informator - Tuzla na dlanu\",\"publisher\":{\"@id\":\"https:\/\/tuzlainfo.ba\/#organization\"},\"potentialAction\":[{\"@type\":\"SearchAction\",\"target\":{\"@type\":\"EntryPoint\",\"urlTemplate\":\"https:\/\/tuzlainfo.ba\/?s={search_term_string}\"},\"query-input\":{\"@type\":\"PropertyValueSpecification\",\"valueRequired\":true,\"valueName\":\"search_term_string\"}}],\"inLanguage\":\"bs-BA\"},{\"@type\":\"Organization\",\"@id\":\"https:\/\/tuzlainfo.ba\/#organization\",\"name\":\"TuzlaInfo.ba\",\"url\":\"https:\/\/tuzlainfo.ba\/\",\"logo\":{\"@type\":\"ImageObject\",\"inLanguage\":\"bs-BA\",\"@id\":\"https:\/\/tuzlainfo.ba\/#\/schema\/logo\/image\/\",\"url\":\"https:\/\/tuzlainfo.ba\/wp-content\/uploads\/2021\/03\/logo-ver-3-1.png\",\"contentUrl\":\"https:\/\/tuzlainfo.ba\/wp-content\/uploads\/2021\/03\/logo-ver-3-1.png\",\"width\":350,\"height\":95,\"caption\":\"TuzlaInfo.ba\"},\"image\":{\"@id\":\"https:\/\/tuzlainfo.ba\/#\/schema\/logo\/image\/\"},\"sameAs\":[\"https:\/\/www.facebook.com\/tuzlainfo.ba\/\"]},{\"@type\":\"Person\",\"@id\":\"https:\/\/tuzlainfo.ba\/#\/schema\/person\/f434e20dc27ea133923aab08451b7f7f\",\"name\":\"nedim\",\"image\":{\"@type\":\"ImageObject\",\"inLanguage\":\"bs-BA\",\"@id\":\"https:\/\/tuzlainfo.ba\/#\/schema\/person\/image\/\",\"url\":\"https:\/\/tuzlainfo.ba\/wp-content\/litespeed\/avatar\/aabad687af24844af817603ac1cbdc4f.jpg?ver=1777306975\",\"contentUrl\":\"https:\/\/tuzlainfo.ba\/wp-content\/litespeed\/avatar\/aabad687af24844af817603ac1cbdc4f.jpg?ver=1777306975\",\"caption\":\"nedim\"},\"description\":\"Tuzlainfo.ba pratite na dru\u0161tvenim mre\u017eama: Facebook, Instagram i Youtube. Svoje pri\u010de, upite i fotografije \u0161aljite na na\u0161u e-mail adresu.\"}]}<\/script>\n<!-- \/ Yoast SEO plugin. -->","yoast_head_json":{"title":"Lider Hamasa Ismail Haniyeh ubijen u Iranu - TuzlaInfo.ba","robots":{"index":"index","follow":"follow","max-snippet":"max-snippet:-1","max-image-preview":"max-image-preview:large","max-video-preview":"max-video-preview:-1"},"canonical":"https:\/\/tuzlainfo.ba\/index.php\/clanci\/sa-svih-strana\/item\/245454-lider-hamasa-ismail-haniyeh-ubijen-u-iranu\/","og_locale":"bs_BA","og_type":"article","og_title":"Lider Hamasa Ismail Haniyeh ubijen u Iranu - TuzlaInfo.ba","og_description":"Lider Hamasa Ismail Haniyeh ubijen je u Teheranu, objavila je Iranska revolucionarna garda (IRGC). Kako&hellip;","og_url":"https:\/\/tuzlainfo.ba\/index.php\/clanci\/sa-svih-strana\/item\/245454-lider-hamasa-ismail-haniyeh-ubijen-u-iranu\/","og_site_name":"TuzlaInfo.ba","article_publisher":"https:\/\/www.facebook.com\/tuzlainfo.ba\/","article_published_time":"2024-07-31T06:03:45+00:00","og_image":[{"width":800,"height":480,"url":"https:\/\/tuzlainfo.ba\/wp-content\/uploads\/2024\/07\/3107_haniyeh.jpg","type":"image\/jpeg"}],"author":"nedim","twitter_card":"summary_large_image","twitter_misc":{"Written by":"nedim","Est. reading time":"2 minute"},"schema":{"@context":"https:\/\/schema.org","@graph":[{"@type":"Article","@id":"https:\/\/tuzlainfo.ba\/index.php\/clanci\/sa-svih-strana\/item\/245454-lider-hamasa-ismail-haniyeh-ubijen-u-iranu\/#article","isPartOf":{"@id":"https:\/\/tuzlainfo.ba\/index.php\/clanci\/sa-svih-strana\/item\/245454-lider-hamasa-ismail-haniyeh-ubijen-u-iranu\/"},"author":{"name":"nedim","@id":"https:\/\/tuzlainfo.ba\/#\/schema\/person\/f434e20dc27ea133923aab08451b7f7f"},"headline":"Lider Hamasa Ismail Haniyeh ubijen u Iranu","datePublished":"2024-07-31T06:03:45+00:00","dateModified":"2024-07-31T06:03:45+00:00","mainEntityOfPage":{"@id":"https:\/\/tuzlainfo.ba\/index.php\/clanci\/sa-svih-strana\/item\/245454-lider-hamasa-ismail-haniyeh-ubijen-u-iranu\/"},"wordCount":229,"publisher":{"@id":"https:\/\/tuzlainfo.ba\/#organization"},"image":{"@id":"https:\/\/tuzlainfo.ba\/index.php\/clanci\/sa-svih-strana\/item\/245454-lider-hamasa-ismail-haniyeh-ubijen-u-iranu\/#primaryimage"},"thumbnailUrl":"https:\/\/tuzlainfo.ba\/wp-content\/uploads\/2024\/07\/3107_haniyeh.jpg","keywords":["hamas","iran","Ismail Haniyeh"],"articleSection":["Sa svih strana"],"inLanguage":"bs-BA"},{"@type":"WebPage","@id":"https:\/\/tuzlainfo.ba\/index.php\/clanci\/sa-svih-strana\/item\/245454-lider-hamasa-ismail-haniyeh-ubijen-u-iranu\/","url":"https:\/\/tuzlainfo.ba\/index.php\/clanci\/sa-svih-strana\/item\/245454-lider-hamasa-ismail-haniyeh-ubijen-u-iranu\/","name":"Lider Hamasa Ismail Haniyeh ubijen u Iranu - TuzlaInfo.ba","isPartOf":{"@id":"https:\/\/tuzlainfo.ba\/#website"},"primaryImageOfPage":{"@id":"https:\/\/tuzlainfo.ba\/index.php\/clanci\/sa-svih-strana\/item\/245454-lider-hamasa-ismail-haniyeh-ubijen-u-iranu\/#primaryimage"},"image":{"@id":"https:\/\/tuzlainfo.ba\/index.php\/clanci\/sa-svih-strana\/item\/245454-lider-hamasa-ismail-haniyeh-ubijen-u-iranu\/#primaryimage"},"thumbnailUrl":"https:\/\/tuzlainfo.ba\/wp-content\/uploads\/2024\/07\/3107_haniyeh.jpg","datePublished":"2024-07-31T06:03:45+00:00","dateModified":"2024-07-31T06:03:45+00:00","breadcrumb":{"@id":"https:\/\/tuzlainfo.ba\/index.php\/clanci\/sa-svih-strana\/item\/245454-lider-hamasa-ismail-haniyeh-ubijen-u-iranu\/#breadcrumb"},"inLanguage":"bs-BA","potentialAction":[{"@type":"ReadAction","target":["https:\/\/tuzlainfo.ba\/index.php\/clanci\/sa-svih-strana\/item\/245454-lider-hamasa-ismail-haniyeh-ubijen-u-iranu\/"]}]},{"@type":"ImageObject","inLanguage":"bs-BA","@id":"https:\/\/tuzlainfo.ba\/index.php\/clanci\/sa-svih-strana\/item\/245454-lider-hamasa-ismail-haniyeh-ubijen-u-iranu\/#primaryimage","url":"https:\/\/tuzlainfo.ba\/wp-content\/uploads\/2024\/07\/3107_haniyeh.jpg","contentUrl":"https:\/\/tuzlainfo.ba\/wp-content\/uploads\/2024\/07\/3107_haniyeh.jpg","width":800,"height":480},{"@type":"BreadcrumbList","@id":"https:\/\/tuzlainfo.ba\/index.php\/clanci\/sa-svih-strana\/item\/245454-lider-hamasa-ismail-haniyeh-ubijen-u-iranu\/#breadcrumb","itemListElement":[{"@type":"ListItem","position":1,"name":"Home","item":"https:\/\/tuzlainfo.ba\/"},{"@type":"ListItem","position":2,"name":"Lider Hamasa Ismail Haniyeh ubijen u Iranu"}]},{"@type":"WebSite","@id":"https:\/\/tuzlainfo.ba\/#website","url":"https:\/\/tuzlainfo.ba\/","name":"TuzlaInfo.ba","description":"Tuzla info, gradski informator - Tuzla na dlanu","publisher":{"@id":"https:\/\/tuzlainfo.ba\/#organization"},"potentialAction":[{"@type":"SearchAction","target":{"@type":"EntryPoint","urlTemplate":"https:\/\/tuzlainfo.ba\/?s={search_term_string}"},"query-input":{"@type":"PropertyValueSpecification","valueRequired":true,"valueName":"search_term_string"}}],"inLanguage":"bs-BA"},{"@type":"Organization","@id":"https:\/\/tuzlainfo.ba\/#organization","name":"TuzlaInfo.ba","url":"https:\/\/tuzlainfo.ba\/","logo":{"@type":"ImageObject","inLanguage":"bs-BA","@id":"https:\/\/tuzlainfo.ba\/#\/schema\/logo\/image\/","url":"https:\/\/tuzlainfo.ba\/wp-content\/uploads\/2021\/03\/logo-ver-3-1.png","contentUrl":"https:\/\/tuzlainfo.ba\/wp-content\/uploads\/2021\/03\/logo-ver-3-1.png","width":350,"height":95,"caption":"TuzlaInfo.ba"},"image":{"@id":"https:\/\/tuzlainfo.ba\/#\/schema\/logo\/image\/"},"sameAs":["https:\/\/www.facebook.com\/tuzlainfo.ba\/"]},{"@type":"Person","@id":"https:\/\/tuzlainfo.ba\/#\/schema\/person\/f434e20dc27ea133923aab08451b7f7f","name":"nedim","image":{"@type":"ImageObject","inLanguage":"bs-BA","@id":"https:\/\/tuzlainfo.ba\/#\/schema\/person\/image\/","url":"https:\/\/tuzlainfo.ba\/wp-content\/litespeed\/avatar\/aabad687af24844af817603ac1cbdc4f.jpg?ver=1777306975","contentUrl":"https:\/\/tuzlainfo.ba\/wp-content\/litespeed\/avatar\/aabad687af24844af817603ac1cbdc4f.jpg?ver=1777306975","caption":"nedim"},"description":"Tuzlainfo.ba pratite na dru\u0161tvenim mre\u017eama: Facebook, Instagram i Youtube. Svoje pri\u010de, upite i fotografije \u0161aljite na na\u0161u e-mail adresu."}]}},"_links":{"self":[{"href":"https:\/\/tuzlainfo.ba\/index.php\/wp-json\/wp\/v2\/posts\/245454"}],"collection":[{"href":"https:\/\/tuzlainfo.ba\/index.php\/wp-json\/wp\/v2\/posts"}],"about":[{"href":"https:\/\/tuzlainfo.ba\/index.php\/wp-json\/wp\/v2\/types\/post"}],"author":[{"embeddable":true,"href":"https:\/\/tuzlainfo.ba\/index.php\/wp-json\/wp\/v2\/users\/2"}],"replies":[{"embeddable":true,"href":"https:\/\/tuzlainfo.ba\/index.php\/wp-json\/wp\/v2\/comments?post=245454"}],"version-history":[{"count":1,"href":"https:\/\/tuzlainfo.ba\/index.php\/wp-json\/wp\/v2\/posts\/245454\/revisions"}],"predecessor-version":[{"id":245456,"href":"https:\/\/tuzlainfo.ba\/index.php\/wp-json\/wp\/v2\/posts\/245454\/revisions\/245456"}],"wp:featuredmedia":[{"embeddable":true,"href":"https:\/\/tuzlainfo.ba\/index.php\/wp-json\/wp\/v2\/media\/245455"}],"wp:attachment":[{"href":"https:\/\/tuzlainfo.ba\/index.php\/wp-json\/wp\/v2\/media?parent=245454"}],"wp:term":[{"taxonomy":"category","embeddable":true,"href":"https:\/\/tuzlainfo.ba\/index.php\/wp-json\/wp\/v2\/categories?post=245454"},{"taxonomy":"post_tag","embeddable":true,"href":"https:\/\/tuzlainfo.ba\/index.php\/wp-json\/wp\/v2\/tags?post=245454"}],"curies":[{"name":"wp","href":"https:\/\/api.w.org\/{rel}","templated":true}]}}