{"id":245230,"date":"2024-07-28T22:23:36","date_gmt":"2024-07-28T20:23:36","guid":{"rendered":"https:\/\/tuzlainfo.ba\/?p=245230"},"modified":"2024-07-29T07:52:47","modified_gmt":"2024-07-29T05:52:47","slug":"2x-posao-vrijedan-330-miliona-km-azmir-husic-investira-u-mega-projekat-u-brckom","status":"publish","type":"post","link":"https:\/\/tuzlainfo.ba\/index.php\/bosna-i-hercegovina\/item\/245230-2x-posao-vrijedan-330-miliona-km-azmir-husic-investira-u-mega-projekat-u-brckom\/","title":{"rendered":"Posao vrijedan 330 miliona KM: Azmir Husi\u0107 investira u mega projekat u Br\u010dkom"},"content":{"rendered":"<p>Gradona\u010delnik Br\u010dko distrikta Zijad Ni\u0161i\u0107 i drugi zvani\u010dnici obi\u0161li su kompaniju \u201cHEEZ Aluminium\u201d Br\u010dko.<\/p>\n<p>Vlasnik kompanije je poznati tuzlanski biznismen Azmir Husi\u0107. Husi\u0107 posljednjih godina investira u gradnji nekoliko zgrada u Tuzli, a njegove kompanije ostvaruju zna\u010dajne prihode, podsje\u0107a BiznisInfo.ba.<\/p>\n<p>Kompanija \u201cHEEZ Aluminium\u201d bavi se proizvodnjom aluminijskih profila od gotove sirovine koja \u0107e se nabavljati putem berze iz zemalja okru\u017eenja.<\/p>\n<p>Gradona\u010delnik Ni\u0161i\u0107 kazao je da se radi o jednoj od najve\u0107ih investicija u Br\u010dko distriktu BiH gdje \u0107e se po otvaranju pogona, koji se planira sredinom septembra, zaposliti od 60 do 70 radnika u punom kapacitetu. On je istakao da \u0107e prema projekcijama ova firma u 2034. godini u kona\u010dnici imati 280 radnika sa podru\u010dja Distrikta i da \u0107e dosti\u0107i vrijednost investicije od 330 miliona KM.<\/p>\n<p>\u2013 U dogovoru sa menad\u017ementom ove kompanije prezicirano je da radna snaga bude dominantno anga\u017eovana sa podru\u010dja Br\u010dko distrikta BiH. S obzirom na to da proizvodnja ove kompanije zahtijeva velike koli\u010dine sirovina i isporu\u010duje gotove proizvode u velikom obimu treba ra\u010dunati na usluge me\u0111unarodne rije\u010dne luke koja \u0107e ove godine transporte u\u010diniti efikasnijim i br\u017eim. Treba ra\u010dunati i na kapacitete \u017eeljezni\u010dkog saobra\u0107aja koji se planira unaprijediti i modernizirati \u2013 istakao je gradona\u010delnik.<\/p>\n<p>Kazao je da \u0107e ova investicija biti podsticaj i drugim investitorima da ula\u017eu u Distrikt. Naglasio je da Vlada Br\u010dko distrikta BiH daje zna\u010dajnu podr\u0161ku za investitore koja podrazumijeva umanjenje poreza, stimulaciju za zapo\u0161ljavanja, ali i druge podsticajne mjere.<\/p>\n<p>\u2013 O\u010dekujem da Heez Aluminium svojim proizvodima unaprijedi imid\u017e na\u0161eg grada te da u skorijoj budu\u0107nosti pro\u0161iri saradnju sa Vladom Br\u010dko distrita BiH i svoje proizvodne kapacitete. Skoro ukupna energija koja \u0107e biti kori\u0161tena za rad ovog pogona bit \u0107e kori\u0161tena iz solarnih panela, \u0161to prati evropske i svjetske standarde. Imamo visoke garancije da \u0107e ovo biti ekolo\u0161ki prihvatljiva proizvodnja \u2013 zaklju\u010dio je gradona\u010delnik.<\/p>\n<p>Vlasnik \u201cHEEZ Aluminiuma\u201d Azmir Husi\u0107 naveo je da se radi o najsavremenijoj opremi \u010dija vrijednost iznosi oko 16 miliona eura. Detaljnije je objasnio \u010dime se zapravo ova kompanija bavi.<\/p>\n<p>\u2013 Proizvodimo sve od aluminija \u0161to mo\u017ee da pro\u0111e kroz alat od sedam in\u010di, koliki je kapacitet na\u0161e ma\u0161ine. Proizvodit \u0107emo profile za fasade, ograde, prozore, vrata \u2013 kazao je Husi\u0107 isti\u010du\u0107i da kapacitet prese iznosi 1950 tona.<\/p>\n<p>Dodao je da je ova kompanija u cijelosti ispunila sve obaveze iz ugovora koji je potpisala sa Vladom Distrikta, s tim \u0161to je ostalo jo\u0161 to da se sa podru\u010dja Distrikta zaposle nedostaju\u0107i radnici.<\/p>\n<p>\u2013 U roku od tri mjeseca postajemo dio ekonomije i marketinga Br\u010dko distrikta BiH jer \u0107e se na\u0161i proizvodi plasirati od Turske pa do skandinavskih zemalja. O\u010dekujemo da rastemo br\u017ee nego \u0161to smo i o\u010dekivali \u2013 kazao je Husi\u0107.<\/p>\n<p>Izrazio je zahvalnost aktualnoj Vladi Br\u010dko distrikta BiH koja je ispunila 90% ugovorenih obaveza.<\/p>\n<p>\u2013 Ostalo je jo\u0161 samo da rije\u0161imo pitanje odvodnje, \u0161to je i dogovoreno na pro\u0161lom sastanku sa gradona\u010delnikom i nadle\u017enim odjeljenjima. Istakli su da \u0107e ovo pitanje biti rije\u0161eno po\u010detkom proizvodnje, \u0161to se o\u010dekuje polovinom septembra \u2013 zaklju\u010dio je Husi\u0107.<\/p>\n<p>Azmir Husi\u0107 je poznato ime u Podrinju i Tuzli.\u00a0Azmira Husi\u0107a \u0161ira javnost u BiH upoznala je putem sporta. Bio je tri godine prvi \u010dovjek tuzlanskog nogometnog kluba Sloboda (od 2013. do 2016. godine), a onda je osnovao klub Tuzla City.<\/p>\n<p>&#8220;Iz Isto\u010dne sam Bosne, jednog mjesta koje je sedam kilometara od Bratunca. Zove se Glogova. S obzirom na de\u0161avanja tokom agresije, pomjeranja stanovni\u0161tva, nakon Srebrenice sam oti\u0161ao u Tuzlu. Pre\u017eivio sam Srebrenicu, bio sam pripadnik Armije Bosne i Hercegovine i po zavr\u0161etku rata u Sarajevu sam obavljao neke poslove gdje smo radili kao jedna specijalna jedinica. Meni je bilo svega dosta, pogotovo jer sam izgubio i ognji\u0161te i \u017eelio sam oti\u0107i negdje gdje mogu ne\u0161to posti\u0107i u budu\u0107nosti. Imao sam pravo aplicirati za &#8216;tre\u0107e zemlje&#8217;, odlu\u010dio sam se za SAD. Nakon dva razgovora dobio sam dozvolu i 21. januara 1998. godine sam oti\u0161ao u SAD&#8221;, izjavio je Husi\u0107 u jednom sportskom podcastu.<\/p>\n<p>Azmir Husi\u0107 je \u010dlan Stranke demokratske akcije (SDA). Vlasnik je fudbalskog kluba Tuzla City te kompanija Heez transport i Heez gradnja.<\/p>\n","protected":false},"excerpt":{"rendered":"<p>Gradona\u010delnik Br\u010dko distrikta Zijad Ni\u0161i\u0107 i drugi zvani\u010dnici obi\u0161li su kompaniju \u201cHEEZ Aluminium\u201d Br\u010dko. Vlasnik&hellip;<\/p>\n","protected":false},"author":2,"featured_media":245235,"comment_status":"closed","ping_status":"closed","sticky":false,"template":"","format":"standard","meta":{"_acf_changed":false,"footnotes":""},"categories":[291,304,306],"tags":[4807,2568],"acf":[],"yoast_head":"<!-- This site is optimized with the Yoast SEO plugin v23.5 - https:\/\/yoast.com\/wordpress\/plugins\/seo\/ -->\n<title>Posao vrijedan 330 miliona KM: Azmir Husi\u0107 investira u mega projekat u Br\u010dkom - TuzlaInfo.ba<\/title>\n<meta name=\"robots\" content=\"index, follow, max-snippet:-1, max-image-preview:large, max-video-preview:-1\" \/>\n<link rel=\"canonical\" href=\"https:\/\/tuzlainfo.ba\/index.php\/bosna-i-hercegovina\/item\/245230-2x-posao-vrijedan-330-miliona-km-azmir-husic-investira-u-mega-projekat-u-brckom\/\" \/>\n<meta property=\"og:locale\" content=\"bs_BA\" \/>\n<meta property=\"og:type\" content=\"article\" \/>\n<meta property=\"og:title\" content=\"Posao vrijedan 330 miliona KM: Azmir Husi\u0107 investira u mega projekat u Br\u010dkom - TuzlaInfo.ba\" \/>\n<meta property=\"og:description\" content=\"Gradona\u010delnik Br\u010dko distrikta Zijad Ni\u0161i\u0107 i drugi zvani\u010dnici obi\u0161li su kompaniju \u201cHEEZ Aluminium\u201d Br\u010dko. Vlasnik&hellip;\" \/>\n<meta property=\"og:url\" content=\"https:\/\/tuzlainfo.ba\/index.php\/bosna-i-hercegovina\/item\/245230-2x-posao-vrijedan-330-miliona-km-azmir-husic-investira-u-mega-projekat-u-brckom\/\" \/>\n<meta property=\"og:site_name\" content=\"TuzlaInfo.ba\" \/>\n<meta property=\"article:publisher\" content=\"https:\/\/www.facebook.com\/tuzlainfo.ba\/\" \/>\n<meta property=\"article:published_time\" content=\"2024-07-28T20:23:36+00:00\" \/>\n<meta property=\"article:modified_time\" content=\"2024-07-29T05:52:47+00:00\" \/>\n<meta property=\"og:image\" content=\"https:\/\/tuzlainfo.ba\/wp-content\/uploads\/2024\/07\/2807_hezz_brcko.jpg\" \/>\n\t<meta property=\"og:image:width\" content=\"800\" \/>\n\t<meta property=\"og:image:height\" content=\"376\" \/>\n\t<meta property=\"og:image:type\" content=\"image\/jpeg\" \/>\n<meta name=\"author\" content=\"nedim\" \/>\n<meta name=\"twitter:card\" content=\"summary_large_image\" \/>\n<meta name=\"twitter:label1\" content=\"Written by\" \/>\n\t<meta name=\"twitter:data1\" content=\"nedim\" \/>\n\t<meta name=\"twitter:label2\" content=\"Est. reading time\" \/>\n\t<meta name=\"twitter:data2\" content=\"4 minute\" \/>\n<script type=\"application\/ld+json\" class=\"yoast-schema-graph\">{\"@context\":\"https:\/\/schema.org\",\"@graph\":[{\"@type\":\"Article\",\"@id\":\"https:\/\/tuzlainfo.ba\/index.php\/bosna-i-hercegovina\/item\/245230-2x-posao-vrijedan-330-miliona-km-azmir-husic-investira-u-mega-projekat-u-brckom\/#article\",\"isPartOf\":{\"@id\":\"https:\/\/tuzlainfo.ba\/index.php\/bosna-i-hercegovina\/item\/245230-2x-posao-vrijedan-330-miliona-km-azmir-husic-investira-u-mega-projekat-u-brckom\/\"},\"author\":{\"name\":\"nedim\",\"@id\":\"https:\/\/tuzlainfo.ba\/#\/schema\/person\/f434e20dc27ea133923aab08451b7f7f\"},\"headline\":\"Posao vrijedan 330 miliona KM: Azmir Husi\u0107 investira u mega projekat u Br\u010dkom\",\"datePublished\":\"2024-07-28T20:23:36+00:00\",\"dateModified\":\"2024-07-29T05:52:47+00:00\",\"mainEntityOfPage\":{\"@id\":\"https:\/\/tuzlainfo.ba\/index.php\/bosna-i-hercegovina\/item\/245230-2x-posao-vrijedan-330-miliona-km-azmir-husic-investira-u-mega-projekat-u-brckom\/\"},\"wordCount\":745,\"publisher\":{\"@id\":\"https:\/\/tuzlainfo.ba\/#organization\"},\"image\":{\"@id\":\"https:\/\/tuzlainfo.ba\/index.php\/bosna-i-hercegovina\/item\/245230-2x-posao-vrijedan-330-miliona-km-azmir-husic-investira-u-mega-projekat-u-brckom\/#primaryimage\"},\"thumbnailUrl\":\"https:\/\/tuzlainfo.ba\/wp-content\/uploads\/2024\/07\/2807_hezz_brcko.jpg\",\"keywords\":[\"azmir husic\",\"heez\"],\"articleSection\":[\"Bosna i Hercegovina\",\"Istaknuto\",\"Preporu\u010dujemo\"],\"inLanguage\":\"bs-BA\"},{\"@type\":\"WebPage\",\"@id\":\"https:\/\/tuzlainfo.ba\/index.php\/bosna-i-hercegovina\/item\/245230-2x-posao-vrijedan-330-miliona-km-azmir-husic-investira-u-mega-projekat-u-brckom\/\",\"url\":\"https:\/\/tuzlainfo.ba\/index.php\/bosna-i-hercegovina\/item\/245230-2x-posao-vrijedan-330-miliona-km-azmir-husic-investira-u-mega-projekat-u-brckom\/\",\"name\":\"Posao vrijedan 330 miliona KM: Azmir Husi\u0107 investira u mega projekat u Br\u010dkom - TuzlaInfo.ba\",\"isPartOf\":{\"@id\":\"https:\/\/tuzlainfo.ba\/#website\"},\"primaryImageOfPage\":{\"@id\":\"https:\/\/tuzlainfo.ba\/index.php\/bosna-i-hercegovina\/item\/245230-2x-posao-vrijedan-330-miliona-km-azmir-husic-investira-u-mega-projekat-u-brckom\/#primaryimage\"},\"image\":{\"@id\":\"https:\/\/tuzlainfo.ba\/index.php\/bosna-i-hercegovina\/item\/245230-2x-posao-vrijedan-330-miliona-km-azmir-husic-investira-u-mega-projekat-u-brckom\/#primaryimage\"},\"thumbnailUrl\":\"https:\/\/tuzlainfo.ba\/wp-content\/uploads\/2024\/07\/2807_hezz_brcko.jpg\",\"datePublished\":\"2024-07-28T20:23:36+00:00\",\"dateModified\":\"2024-07-29T05:52:47+00:00\",\"breadcrumb\":{\"@id\":\"https:\/\/tuzlainfo.ba\/index.php\/bosna-i-hercegovina\/item\/245230-2x-posao-vrijedan-330-miliona-km-azmir-husic-investira-u-mega-projekat-u-brckom\/#breadcrumb\"},\"inLanguage\":\"bs-BA\",\"potentialAction\":[{\"@type\":\"ReadAction\",\"target\":[\"https:\/\/tuzlainfo.ba\/index.php\/bosna-i-hercegovina\/item\/245230-2x-posao-vrijedan-330-miliona-km-azmir-husic-investira-u-mega-projekat-u-brckom\/\"]}]},{\"@type\":\"ImageObject\",\"inLanguage\":\"bs-BA\",\"@id\":\"https:\/\/tuzlainfo.ba\/index.php\/bosna-i-hercegovina\/item\/245230-2x-posao-vrijedan-330-miliona-km-azmir-husic-investira-u-mega-projekat-u-brckom\/#primaryimage\",\"url\":\"https:\/\/tuzlainfo.ba\/wp-content\/uploads\/2024\/07\/2807_hezz_brcko.jpg\",\"contentUrl\":\"https:\/\/tuzlainfo.ba\/wp-content\/uploads\/2024\/07\/2807_hezz_brcko.jpg\",\"width\":800,\"height\":376},{\"@type\":\"BreadcrumbList\",\"@id\":\"https:\/\/tuzlainfo.ba\/index.php\/bosna-i-hercegovina\/item\/245230-2x-posao-vrijedan-330-miliona-km-azmir-husic-investira-u-mega-projekat-u-brckom\/#breadcrumb\",\"itemListElement\":[{\"@type\":\"ListItem\",\"position\":1,\"name\":\"Home\",\"item\":\"https:\/\/tuzlainfo.ba\/\"},{\"@type\":\"ListItem\",\"position\":2,\"name\":\"Posao vrijedan 330 miliona KM: Azmir Husi\u0107 investira u mega projekat u Br\u010dkom\"}]},{\"@type\":\"WebSite\",\"@id\":\"https:\/\/tuzlainfo.ba\/#website\",\"url\":\"https:\/\/tuzlainfo.ba\/\",\"name\":\"TuzlaInfo.ba\",\"description\":\"Tuzla info, gradski informator - Tuzla na dlanu\",\"publisher\":{\"@id\":\"https:\/\/tuzlainfo.ba\/#organization\"},\"potentialAction\":[{\"@type\":\"SearchAction\",\"target\":{\"@type\":\"EntryPoint\",\"urlTemplate\":\"https:\/\/tuzlainfo.ba\/?s={search_term_string}\"},\"query-input\":{\"@type\":\"PropertyValueSpecification\",\"valueRequired\":true,\"valueName\":\"search_term_string\"}}],\"inLanguage\":\"bs-BA\"},{\"@type\":\"Organization\",\"@id\":\"https:\/\/tuzlainfo.ba\/#organization\",\"name\":\"TuzlaInfo.ba\",\"url\":\"https:\/\/tuzlainfo.ba\/\",\"logo\":{\"@type\":\"ImageObject\",\"inLanguage\":\"bs-BA\",\"@id\":\"https:\/\/tuzlainfo.ba\/#\/schema\/logo\/image\/\",\"url\":\"https:\/\/tuzlainfo.ba\/wp-content\/uploads\/2021\/03\/logo-ver-3-1.png\",\"contentUrl\":\"https:\/\/tuzlainfo.ba\/wp-content\/uploads\/2021\/03\/logo-ver-3-1.png\",\"width\":350,\"height\":95,\"caption\":\"TuzlaInfo.ba\"},\"image\":{\"@id\":\"https:\/\/tuzlainfo.ba\/#\/schema\/logo\/image\/\"},\"sameAs\":[\"https:\/\/www.facebook.com\/tuzlainfo.ba\/\"]},{\"@type\":\"Person\",\"@id\":\"https:\/\/tuzlainfo.ba\/#\/schema\/person\/f434e20dc27ea133923aab08451b7f7f\",\"name\":\"nedim\",\"image\":{\"@type\":\"ImageObject\",\"inLanguage\":\"bs-BA\",\"@id\":\"https:\/\/tuzlainfo.ba\/#\/schema\/person\/image\/\",\"url\":\"https:\/\/tuzlainfo.ba\/wp-content\/litespeed\/avatar\/aabad687af24844af817603ac1cbdc4f.jpg?ver=1776702173\",\"contentUrl\":\"https:\/\/tuzlainfo.ba\/wp-content\/litespeed\/avatar\/aabad687af24844af817603ac1cbdc4f.jpg?ver=1776702173\",\"caption\":\"nedim\"},\"description\":\"Tuzlainfo.ba pratite na dru\u0161tvenim mre\u017eama: Facebook, Instagram i Youtube. Svoje pri\u010de, upite i fotografije \u0161aljite na na\u0161u e-mail adresu.\"}]}<\/script>\n<!-- \/ Yoast SEO plugin. -->","yoast_head_json":{"title":"Posao vrijedan 330 miliona KM: Azmir Husi\u0107 investira u mega projekat u Br\u010dkom - TuzlaInfo.ba","robots":{"index":"index","follow":"follow","max-snippet":"max-snippet:-1","max-image-preview":"max-image-preview:large","max-video-preview":"max-video-preview:-1"},"canonical":"https:\/\/tuzlainfo.ba\/index.php\/bosna-i-hercegovina\/item\/245230-2x-posao-vrijedan-330-miliona-km-azmir-husic-investira-u-mega-projekat-u-brckom\/","og_locale":"bs_BA","og_type":"article","og_title":"Posao vrijedan 330 miliona KM: Azmir Husi\u0107 investira u mega projekat u Br\u010dkom - TuzlaInfo.ba","og_description":"Gradona\u010delnik Br\u010dko distrikta Zijad Ni\u0161i\u0107 i drugi zvani\u010dnici obi\u0161li su kompaniju \u201cHEEZ Aluminium\u201d Br\u010dko. Vlasnik&hellip;","og_url":"https:\/\/tuzlainfo.ba\/index.php\/bosna-i-hercegovina\/item\/245230-2x-posao-vrijedan-330-miliona-km-azmir-husic-investira-u-mega-projekat-u-brckom\/","og_site_name":"TuzlaInfo.ba","article_publisher":"https:\/\/www.facebook.com\/tuzlainfo.ba\/","article_published_time":"2024-07-28T20:23:36+00:00","article_modified_time":"2024-07-29T05:52:47+00:00","og_image":[{"width":800,"height":376,"url":"https:\/\/tuzlainfo.ba\/wp-content\/uploads\/2024\/07\/2807_hezz_brcko.jpg","type":"image\/jpeg"}],"author":"nedim","twitter_card":"summary_large_image","twitter_misc":{"Written by":"nedim","Est. reading time":"4 minute"},"schema":{"@context":"https:\/\/schema.org","@graph":[{"@type":"Article","@id":"https:\/\/tuzlainfo.ba\/index.php\/bosna-i-hercegovina\/item\/245230-2x-posao-vrijedan-330-miliona-km-azmir-husic-investira-u-mega-projekat-u-brckom\/#article","isPartOf":{"@id":"https:\/\/tuzlainfo.ba\/index.php\/bosna-i-hercegovina\/item\/245230-2x-posao-vrijedan-330-miliona-km-azmir-husic-investira-u-mega-projekat-u-brckom\/"},"author":{"name":"nedim","@id":"https:\/\/tuzlainfo.ba\/#\/schema\/person\/f434e20dc27ea133923aab08451b7f7f"},"headline":"Posao vrijedan 330 miliona KM: Azmir Husi\u0107 investira u mega projekat u Br\u010dkom","datePublished":"2024-07-28T20:23:36+00:00","dateModified":"2024-07-29T05:52:47+00:00","mainEntityOfPage":{"@id":"https:\/\/tuzlainfo.ba\/index.php\/bosna-i-hercegovina\/item\/245230-2x-posao-vrijedan-330-miliona-km-azmir-husic-investira-u-mega-projekat-u-brckom\/"},"wordCount":745,"publisher":{"@id":"https:\/\/tuzlainfo.ba\/#organization"},"image":{"@id":"https:\/\/tuzlainfo.ba\/index.php\/bosna-i-hercegovina\/item\/245230-2x-posao-vrijedan-330-miliona-km-azmir-husic-investira-u-mega-projekat-u-brckom\/#primaryimage"},"thumbnailUrl":"https:\/\/tuzlainfo.ba\/wp-content\/uploads\/2024\/07\/2807_hezz_brcko.jpg","keywords":["azmir husic","heez"],"articleSection":["Bosna i Hercegovina","Istaknuto","Preporu\u010dujemo"],"inLanguage":"bs-BA"},{"@type":"WebPage","@id":"https:\/\/tuzlainfo.ba\/index.php\/bosna-i-hercegovina\/item\/245230-2x-posao-vrijedan-330-miliona-km-azmir-husic-investira-u-mega-projekat-u-brckom\/","url":"https:\/\/tuzlainfo.ba\/index.php\/bosna-i-hercegovina\/item\/245230-2x-posao-vrijedan-330-miliona-km-azmir-husic-investira-u-mega-projekat-u-brckom\/","name":"Posao vrijedan 330 miliona KM: Azmir Husi\u0107 investira u mega projekat u Br\u010dkom - TuzlaInfo.ba","isPartOf":{"@id":"https:\/\/tuzlainfo.ba\/#website"},"primaryImageOfPage":{"@id":"https:\/\/tuzlainfo.ba\/index.php\/bosna-i-hercegovina\/item\/245230-2x-posao-vrijedan-330-miliona-km-azmir-husic-investira-u-mega-projekat-u-brckom\/#primaryimage"},"image":{"@id":"https:\/\/tuzlainfo.ba\/index.php\/bosna-i-hercegovina\/item\/245230-2x-posao-vrijedan-330-miliona-km-azmir-husic-investira-u-mega-projekat-u-brckom\/#primaryimage"},"thumbnailUrl":"https:\/\/tuzlainfo.ba\/wp-content\/uploads\/2024\/07\/2807_hezz_brcko.jpg","datePublished":"2024-07-28T20:23:36+00:00","dateModified":"2024-07-29T05:52:47+00:00","breadcrumb":{"@id":"https:\/\/tuzlainfo.ba\/index.php\/bosna-i-hercegovina\/item\/245230-2x-posao-vrijedan-330-miliona-km-azmir-husic-investira-u-mega-projekat-u-brckom\/#breadcrumb"},"inLanguage":"bs-BA","potentialAction":[{"@type":"ReadAction","target":["https:\/\/tuzlainfo.ba\/index.php\/bosna-i-hercegovina\/item\/245230-2x-posao-vrijedan-330-miliona-km-azmir-husic-investira-u-mega-projekat-u-brckom\/"]}]},{"@type":"ImageObject","inLanguage":"bs-BA","@id":"https:\/\/tuzlainfo.ba\/index.php\/bosna-i-hercegovina\/item\/245230-2x-posao-vrijedan-330-miliona-km-azmir-husic-investira-u-mega-projekat-u-brckom\/#primaryimage","url":"https:\/\/tuzlainfo.ba\/wp-content\/uploads\/2024\/07\/2807_hezz_brcko.jpg","contentUrl":"https:\/\/tuzlainfo.ba\/wp-content\/uploads\/2024\/07\/2807_hezz_brcko.jpg","width":800,"height":376},{"@type":"BreadcrumbList","@id":"https:\/\/tuzlainfo.ba\/index.php\/bosna-i-hercegovina\/item\/245230-2x-posao-vrijedan-330-miliona-km-azmir-husic-investira-u-mega-projekat-u-brckom\/#breadcrumb","itemListElement":[{"@type":"ListItem","position":1,"name":"Home","item":"https:\/\/tuzlainfo.ba\/"},{"@type":"ListItem","position":2,"name":"Posao vrijedan 330 miliona KM: Azmir Husi\u0107 investira u mega projekat u Br\u010dkom"}]},{"@type":"WebSite","@id":"https:\/\/tuzlainfo.ba\/#website","url":"https:\/\/tuzlainfo.ba\/","name":"TuzlaInfo.ba","description":"Tuzla info, gradski informator - Tuzla na dlanu","publisher":{"@id":"https:\/\/tuzlainfo.ba\/#organization"},"potentialAction":[{"@type":"SearchAction","target":{"@type":"EntryPoint","urlTemplate":"https:\/\/tuzlainfo.ba\/?s={search_term_string}"},"query-input":{"@type":"PropertyValueSpecification","valueRequired":true,"valueName":"search_term_string"}}],"inLanguage":"bs-BA"},{"@type":"Organization","@id":"https:\/\/tuzlainfo.ba\/#organization","name":"TuzlaInfo.ba","url":"https:\/\/tuzlainfo.ba\/","logo":{"@type":"ImageObject","inLanguage":"bs-BA","@id":"https:\/\/tuzlainfo.ba\/#\/schema\/logo\/image\/","url":"https:\/\/tuzlainfo.ba\/wp-content\/uploads\/2021\/03\/logo-ver-3-1.png","contentUrl":"https:\/\/tuzlainfo.ba\/wp-content\/uploads\/2021\/03\/logo-ver-3-1.png","width":350,"height":95,"caption":"TuzlaInfo.ba"},"image":{"@id":"https:\/\/tuzlainfo.ba\/#\/schema\/logo\/image\/"},"sameAs":["https:\/\/www.facebook.com\/tuzlainfo.ba\/"]},{"@type":"Person","@id":"https:\/\/tuzlainfo.ba\/#\/schema\/person\/f434e20dc27ea133923aab08451b7f7f","name":"nedim","image":{"@type":"ImageObject","inLanguage":"bs-BA","@id":"https:\/\/tuzlainfo.ba\/#\/schema\/person\/image\/","url":"https:\/\/tuzlainfo.ba\/wp-content\/litespeed\/avatar\/aabad687af24844af817603ac1cbdc4f.jpg?ver=1776702173","contentUrl":"https:\/\/tuzlainfo.ba\/wp-content\/litespeed\/avatar\/aabad687af24844af817603ac1cbdc4f.jpg?ver=1776702173","caption":"nedim"},"description":"Tuzlainfo.ba pratite na dru\u0161tvenim mre\u017eama: Facebook, Instagram i Youtube. Svoje pri\u010de, upite i fotografije \u0161aljite na na\u0161u e-mail adresu."}]}},"_links":{"self":[{"href":"https:\/\/tuzlainfo.ba\/index.php\/wp-json\/wp\/v2\/posts\/245230"}],"collection":[{"href":"https:\/\/tuzlainfo.ba\/index.php\/wp-json\/wp\/v2\/posts"}],"about":[{"href":"https:\/\/tuzlainfo.ba\/index.php\/wp-json\/wp\/v2\/types\/post"}],"author":[{"embeddable":true,"href":"https:\/\/tuzlainfo.ba\/index.php\/wp-json\/wp\/v2\/users\/2"}],"replies":[{"embeddable":true,"href":"https:\/\/tuzlainfo.ba\/index.php\/wp-json\/wp\/v2\/comments?post=245230"}],"version-history":[{"count":1,"href":"https:\/\/tuzlainfo.ba\/index.php\/wp-json\/wp\/v2\/posts\/245230\/revisions"}],"predecessor-version":[{"id":245236,"href":"https:\/\/tuzlainfo.ba\/index.php\/wp-json\/wp\/v2\/posts\/245230\/revisions\/245236"}],"wp:featuredmedia":[{"embeddable":true,"href":"https:\/\/tuzlainfo.ba\/index.php\/wp-json\/wp\/v2\/media\/245235"}],"wp:attachment":[{"href":"https:\/\/tuzlainfo.ba\/index.php\/wp-json\/wp\/v2\/media?parent=245230"}],"wp:term":[{"taxonomy":"category","embeddable":true,"href":"https:\/\/tuzlainfo.ba\/index.php\/wp-json\/wp\/v2\/categories?post=245230"},{"taxonomy":"post_tag","embeddable":true,"href":"https:\/\/tuzlainfo.ba\/index.php\/wp-json\/wp\/v2\/tags?post=245230"}],"curies":[{"name":"wp","href":"https:\/\/api.w.org\/{rel}","templated":true}]}}